{"id":11611,"date":"2020-03-24T19:40:25","date_gmt":"2020-03-24T18:40:25","guid":{"rendered":"https:\/\/www.ethikos.es\/?p=11611"},"modified":"2020-03-24T19:40:25","modified_gmt":"2020-03-24T18:40:25","slug":"12-dias-de-teletrabajo","status":"publish","type":"post","link":"https:\/\/www.ethikos.es\/en\/12-dias-de-teletrabajo\/","title":{"rendered":"12 d\u00edas de teletrabajo"},"content":{"rendered":"<p>Tras 12 d\u00edas muy, muy intensos emocional y profesionalmente podemos decir que ya nos hemos habituado a vernos a trav\u00e9s de una pantalla y a los escenarios caseros de cada uno de nuestros compa\u00f1eros.<!--more--><\/p>\n<p>Hemos conocido mejor el h\u00e1bitat de cada uno de nosotros, desde el despacho tranquilo en el que trabaja una, hasta el sal\u00f3n con ni\u00f1os y tiendas de campa\u00f1a donde trabaja otro. Otro compa\u00f1ero se pasa el d\u00eda en la ventana respirando el aire y preparando su moreno facial para cuando llegue el verano, cuando no habr\u00e1 ni Covid-19 ni un aire tan limpio en Barcelona. Ya no hay reuni\u00f3n sin el repicar de martillo en casa de una compa\u00f1era, ni tampoco sin los show-ups de la novia de otro. Ya no hay reuni\u00f3n sin an\u00e9cdota que no nos haga re\u00edr un poco \u00a1y casi nos da por pensar que las reuniones en vivo eran m\u00e1s aburridas!<\/p>\n<p>Parece parad\u00f3jico afirmar que desde el otro lado de la c\u00e1mara sentimos habernos conocido mejor entre nosotros. No nos vemos cada d\u00eda pero nos preguntamos m\u00e1s veces c\u00f3mo estamos y prestamos m\u00e1s atenci\u00f3n a cualquier signo de fatiga o de des\u00e1nimo. Adem\u00e1s compartimos entre todos lo que vamos a hacer una vez termine el confinamiento y no hay ma\u00f1ana en que no compartamos una an\u00e9cdota que nos haga re\u00edr a todos. Aunque solo puedan ser virtuales, nos mandamos abrazos diariamente.<\/p>\n<p>Estas circunstancias han puesto todav\u00eda m\u00e1s de relieve en que a parte de colaboradores de una misma organizaci\u00f3n <strong>somos padres, madres, hermanos, hij@s, niet@s, amig@s y en definitiva personas con circunstancias particulares<\/strong> en un momento hist\u00f3rico tambi\u00e9n singular.<\/p>\n<p>Algunos pensar\u00e1n que todo esto puedo sonar poco profesional o que no debemos lograr concentrarnos, pero no, creemos que es lo m\u00e1s humanamente profesional que se est\u00e1 viviendo en cualquier empresa que haga teletrabajo. \u00bfO es que alguien ten\u00eda una oficina-b\u00fanker insonorizada en su casa por si alg\u00fan d\u00eda le mandaban hacer teletrebajo? Supongo que no. Las casas son familias, ni\u00f1os, salones que se han convertido en un parque y balcones que son el nuevo espacio social. Los espacios cambian y las rutinas se adaptan a esta nueva realidad que sin duda saca a relucir momentos m\u00e1s personales de cada uno, que al final, aportan y mucho como el equipo que cada organizaci\u00f3n deber\u00eda ser.<\/p>\n<p>Desde el primer momento, en Ethikos 3.0 hemos querido tomarnos estas circunstancias <strong>como una catapulta hacia nuevas oportunidades.<\/strong> Nos hemos visto obligados, como casi todas las empresas, a cambiar los m\u00e9todos de trabajo interno y, a nivel externo hemos potenciado nuestros servicios al canal online. Es algo que a larga hubi\u00e9ramos hecho, pero estas circunstancias lo han convertido en una realidad inmediata.<\/p>\n<p>D\u00eda 12: hoy, como los d\u00edas previos, ha habido reuni\u00f3n matutina a las 9:00h, todos estamos bien y nos ponemos a nuestras tareas en equipo o individualmente. Hoy habr\u00e1 m\u00e1s noticias y volver\u00e1 a tocar reaccionar a cualquiera que sea el nuevo reto.<!--more--><\/p>","protected":false},"excerpt":{"rendered":"<p>Tras 12 d\u00edas muy, muy intensos emocional y profesionalmente podemos decir que ya nos hemos habituado a vernos a trav\u00e9s de una pantalla y a los escenarios caseros de cada uno de nuestros compa\u00f1eros.<\/p>","protected":false},"author":7,"featured_media":11612,"comment_status":"open","ping_status":"closed","sticky":false,"template":"","format":"standard","meta":{"_exactmetrics_skip_tracking":false,"_exactmetrics_sitenote_active":false,"_exactmetrics_sitenote_note":"","_exactmetrics_sitenote_category":0,"footnotes":""},"categories":[151],"tags":[],"class_list":["post-11611","post","type-post","status-publish","format-standard","has-post-thumbnail","hentry","category-blog"],"yoast_head":"<!-- This site is optimized with the Yoast SEO plugin v27.5 - https:\/\/yoast.com\/product\/yoast-seo-wordpress\/ -->\n<title>T\u00edtulo P\u00e1gina | Consultora de talento y selecci\u00f3n de personal | Ethikos &#8212; Ethikos<\/title>\n<meta name=\"description\" content=\"Art\u00edculos sobre selecci\u00f3n de personal, consultor\u00eda de talento, headhunting y liderazgo consciente. Insights y herramientas de Ethikos para atraer y seleccionar talento alineado con los valores de la empresa.\" \/>\n<meta name=\"robots\" content=\"index, follow, max-snippet:-1, max-image-preview:large, max-video-preview:-1\" \/>\n<link rel=\"canonical\" href=\"https:\/\/www.ethikos.es\/en\/12-dias-de-teletrabajo\/\" \/>\n<meta property=\"og:locale\" content=\"en_US\" \/>\n<meta property=\"og:type\" content=\"article\" \/>\n<meta property=\"og:title\" content=\"T\u00edtulo P\u00e1gina | Consultora de talento y selecci\u00f3n de personal | Ethikos &#8212; Ethikos\" \/>\n<meta property=\"og:description\" content=\"Art\u00edculos sobre selecci\u00f3n de personal, consultor\u00eda de talento, headhunting y liderazgo consciente. Insights y herramientas de Ethikos para atraer y seleccionar talento alineado con los valores de la empresa.\" \/>\n<meta property=\"og:url\" content=\"https:\/\/www.ethikos.es\/en\/12-dias-de-teletrabajo\/\" \/>\n<meta property=\"og:site_name\" content=\"Ethikos\" \/>\n<meta property=\"article:publisher\" content=\"http:\/\/www.facebook.com\/ethikos.es\/\" \/>\n<meta property=\"article:published_time\" content=\"2020-03-24T18:40:25+00:00\" \/>\n<meta property=\"og:image\" content=\"https:\/\/www.ethikos.es\/wp-content\/uploads\/2020\/03\/person-using-macbook-laptop-3584969-1030x687.jpg\" \/>\n\t<meta property=\"og:image:width\" content=\"1030\" \/>\n\t<meta property=\"og:image:height\" content=\"687\" \/>\n\t<meta property=\"og:image:type\" content=\"image\/jpeg\" \/>\n<meta name=\"author\" content=\"Anna Gascon\" \/>\n<meta name=\"twitter:card\" content=\"summary_large_image\" \/>\n<meta name=\"twitter:creator\" content=\"@Ethikos30\" \/>\n<meta name=\"twitter:site\" content=\"@Ethikos30\" \/>\n<meta name=\"twitter:label1\" content=\"Written by\" \/>\n\t<meta name=\"twitter:data1\" content=\"Anna Gascon\" \/>\n\t<meta name=\"twitter:label2\" content=\"Est. reading time\" \/>\n\t<meta name=\"twitter:data2\" content=\"3 minutes\" \/>\n<script type=\"application\/ld+json\" class=\"yoast-schema-graph\">{\"@context\":\"https:\\\/\\\/schema.org\",\"@graph\":[{\"@type\":\"Article\",\"@id\":\"https:\\\/\\\/www.ethikos.es\\\/en\\\/12-dias-de-teletrabajo\\\/#article\",\"isPartOf\":{\"@id\":\"https:\\\/\\\/www.ethikos.es\\\/en\\\/12-dias-de-teletrabajo\\\/\"},\"author\":{\"name\":\"Anna Gascon\",\"@id\":\"https:\\\/\\\/www.ethikos.es\\\/en\\\/#\\\/schema\\\/person\\\/c5274d315fb5f26a8d779d0573958460\"},\"headline\":\"12 d\u00edas de teletrabajo\",\"datePublished\":\"2020-03-24T18:40:25+00:00\",\"mainEntityOfPage\":{\"@id\":\"https:\\\/\\\/www.ethikos.es\\\/en\\\/12-dias-de-teletrabajo\\\/\"},\"wordCount\":540,\"commentCount\":0,\"publisher\":{\"@id\":\"https:\\\/\\\/www.ethikos.es\\\/en\\\/#organization\"},\"image\":{\"@id\":\"https:\\\/\\\/www.ethikos.es\\\/en\\\/12-dias-de-teletrabajo\\\/#primaryimage\"},\"thumbnailUrl\":\"https:\\\/\\\/www.ethikos.es\\\/wp-content\\\/uploads\\\/2020\\\/03\\\/person-using-macbook-laptop-3584969.jpg\",\"articleSection\":[\"Blog\"],\"inLanguage\":\"en-US\",\"potentialAction\":[{\"@type\":\"CommentAction\",\"name\":\"Comment\",\"target\":[\"https:\\\/\\\/www.ethikos.es\\\/en\\\/12-dias-de-teletrabajo\\\/#respond\"]}]},{\"@type\":\"WebPage\",\"@id\":\"https:\\\/\\\/www.ethikos.es\\\/en\\\/12-dias-de-teletrabajo\\\/\",\"url\":\"https:\\\/\\\/www.ethikos.es\\\/en\\\/12-dias-de-teletrabajo\\\/\",\"name\":\"T\u00edtulo P\u00e1gina | Consultora de talento y selecci\u00f3n de personal | Ethikos &#8212; Ethikos\",\"isPartOf\":{\"@id\":\"https:\\\/\\\/www.ethikos.es\\\/en\\\/#website\"},\"primaryImageOfPage\":{\"@id\":\"https:\\\/\\\/www.ethikos.es\\\/en\\\/12-dias-de-teletrabajo\\\/#primaryimage\"},\"image\":{\"@id\":\"https:\\\/\\\/www.ethikos.es\\\/en\\\/12-dias-de-teletrabajo\\\/#primaryimage\"},\"thumbnailUrl\":\"https:\\\/\\\/www.ethikos.es\\\/wp-content\\\/uploads\\\/2020\\\/03\\\/person-using-macbook-laptop-3584969.jpg\",\"datePublished\":\"2020-03-24T18:40:25+00:00\",\"description\":\"Art\u00edculos sobre selecci\u00f3n de personal, consultor\u00eda de talento, headhunting y liderazgo consciente. Insights y herramientas de Ethikos para atraer y seleccionar talento alineado con los valores de la empresa.\",\"breadcrumb\":{\"@id\":\"https:\\\/\\\/www.ethikos.es\\\/en\\\/12-dias-de-teletrabajo\\\/#breadcrumb\"},\"inLanguage\":\"en-US\",\"potentialAction\":[{\"@type\":\"ReadAction\",\"target\":[\"https:\\\/\\\/www.ethikos.es\\\/en\\\/12-dias-de-teletrabajo\\\/\"]}]},{\"@type\":\"ImageObject\",\"inLanguage\":\"en-US\",\"@id\":\"https:\\\/\\\/www.ethikos.es\\\/en\\\/12-dias-de-teletrabajo\\\/#primaryimage\",\"url\":\"https:\\\/\\\/www.ethikos.es\\\/wp-content\\\/uploads\\\/2020\\\/03\\\/person-using-macbook-laptop-3584969.jpg\",\"contentUrl\":\"https:\\\/\\\/www.ethikos.es\\\/wp-content\\\/uploads\\\/2020\\\/03\\\/person-using-macbook-laptop-3584969.jpg\",\"width\":5760,\"height\":3840},{\"@type\":\"BreadcrumbList\",\"@id\":\"https:\\\/\\\/www.ethikos.es\\\/en\\\/12-dias-de-teletrabajo\\\/#breadcrumb\",\"itemListElement\":[{\"@type\":\"ListItem\",\"position\":1,\"name\":\"Portada\",\"item\":\"https:\\\/\\\/www.ethikos.es\\\/\"},{\"@type\":\"ListItem\",\"position\":2,\"name\":\"12 d\u00edas de teletrabajo\"}]},{\"@type\":\"WebSite\",\"@id\":\"https:\\\/\\\/www.ethikos.es\\\/en\\\/#website\",\"url\":\"https:\\\/\\\/www.ethikos.es\\\/en\\\/\",\"name\":\"Ethikos 3.0\",\"description\":\"Ethikos es una consultora de transformaci\u00f3n organizacional especializada en cultura empresarial, liderazgo consciente y selecci\u00f3n por valores.\",\"publisher\":{\"@id\":\"https:\\\/\\\/www.ethikos.es\\\/en\\\/#organization\"},\"alternateName\":\"Ethikos Consultor\u00eda\",\"potentialAction\":[{\"@type\":\"SearchAction\",\"target\":{\"@type\":\"EntryPoint\",\"urlTemplate\":\"https:\\\/\\\/www.ethikos.es\\\/en\\\/?s={search_term_string}\"},\"query-input\":{\"@type\":\"PropertyValueSpecification\",\"valueRequired\":true,\"valueName\":\"search_term_string\"}}],\"inLanguage\":\"en-US\"},{\"@type\":\"Organization\",\"@id\":\"https:\\\/\\\/www.ethikos.es\\\/en\\\/#organization\",\"name\":\"Ethikos 3.0\",\"url\":\"https:\\\/\\\/www.ethikos.es\\\/en\\\/\",\"logo\":{\"@type\":\"ImageObject\",\"inLanguage\":\"en-US\",\"@id\":\"https:\\\/\\\/www.ethikos.es\\\/en\\\/#\\\/schema\\\/logo\\\/image\\\/\",\"url\":\"https:\\\/\\\/www.ethikos.es\\\/wp-content\\\/uploads\\\/2019\\\/01\\\/43606559961_5f343a820a_o.png\",\"contentUrl\":\"https:\\\/\\\/www.ethikos.es\\\/wp-content\\\/uploads\\\/2019\\\/01\\\/43606559961_5f343a820a_o.png\",\"width\":646,\"height\":218,\"caption\":\"Ethikos 3.0\"},\"image\":{\"@id\":\"https:\\\/\\\/www.ethikos.es\\\/en\\\/#\\\/schema\\\/logo\\\/image\\\/\"},\"sameAs\":[\"http:\\\/\\\/www.facebook.com\\\/ethikos.es\\\/\",\"https:\\\/\\\/x.com\\\/Ethikos30\",\"https:\\\/\\\/www.instagram.com\\\/ethikos_3.0\\\/\",\"https:\\\/\\\/www.linkedin.com\\\/company\\\/ethikos-3-0\\\/\"]},{\"@type\":\"Person\",\"@id\":\"https:\\\/\\\/www.ethikos.es\\\/en\\\/#\\\/schema\\\/person\\\/c5274d315fb5f26a8d779d0573958460\",\"name\":\"Anna Gascon\",\"image\":{\"@type\":\"ImageObject\",\"inLanguage\":\"en-US\",\"@id\":\"https:\\\/\\\/secure.gravatar.com\\\/avatar\\\/8480cd2f7709dc671e23dc7ca90c702498e86b4d9011e8ad1ae6f70903dc410c?s=96&d=mm&r=g\",\"url\":\"https:\\\/\\\/secure.gravatar.com\\\/avatar\\\/8480cd2f7709dc671e23dc7ca90c702498e86b4d9011e8ad1ae6f70903dc410c?s=96&d=mm&r=g\",\"contentUrl\":\"https:\\\/\\\/secure.gravatar.com\\\/avatar\\\/8480cd2f7709dc671e23dc7ca90c702498e86b4d9011e8ad1ae6f70903dc410c?s=96&d=mm&r=g\",\"caption\":\"Anna Gascon\"}}]}<\/script>\n<!-- \/ Yoast SEO plugin. -->","yoast_head_json":{"title":"T\u00edtulo P\u00e1gina | Consultora de talento y selecci\u00f3n de personal | Ethikos &#8212; Ethikos","description":"Art\u00edculos sobre selecci\u00f3n de personal, consultor\u00eda de talento, headhunting y liderazgo consciente. Insights y herramientas de Ethikos para atraer y seleccionar talento alineado con los valores de la empresa.","robots":{"index":"index","follow":"follow","max-snippet":"max-snippet:-1","max-image-preview":"max-image-preview:large","max-video-preview":"max-video-preview:-1"},"canonical":"https:\/\/www.ethikos.es\/en\/12-dias-de-teletrabajo\/","og_locale":"en_US","og_type":"article","og_title":"T\u00edtulo P\u00e1gina | Consultora de talento y selecci\u00f3n de personal | Ethikos &#8212; Ethikos","og_description":"Art\u00edculos sobre selecci\u00f3n de personal, consultor\u00eda de talento, headhunting y liderazgo consciente. Insights y herramientas de Ethikos para atraer y seleccionar talento alineado con los valores de la empresa.","og_url":"https:\/\/www.ethikos.es\/en\/12-dias-de-teletrabajo\/","og_site_name":"Ethikos","article_publisher":"http:\/\/www.facebook.com\/ethikos.es\/","article_published_time":"2020-03-24T18:40:25+00:00","og_image":[{"width":1030,"height":687,"url":"https:\/\/www.ethikos.es\/wp-content\/uploads\/2020\/03\/person-using-macbook-laptop-3584969-1030x687.jpg","type":"image\/jpeg"}],"author":"Anna Gascon","twitter_card":"summary_large_image","twitter_creator":"@Ethikos30","twitter_site":"@Ethikos30","twitter_misc":{"Written by":"Anna Gascon","Est. reading time":"3 minutes"},"schema":{"@context":"https:\/\/schema.org","@graph":[{"@type":"Article","@id":"https:\/\/www.ethikos.es\/en\/12-dias-de-teletrabajo\/#article","isPartOf":{"@id":"https:\/\/www.ethikos.es\/en\/12-dias-de-teletrabajo\/"},"author":{"name":"Anna Gascon","@id":"https:\/\/www.ethikos.es\/en\/#\/schema\/person\/c5274d315fb5f26a8d779d0573958460"},"headline":"12 d\u00edas de teletrabajo","datePublished":"2020-03-24T18:40:25+00:00","mainEntityOfPage":{"@id":"https:\/\/www.ethikos.es\/en\/12-dias-de-teletrabajo\/"},"wordCount":540,"commentCount":0,"publisher":{"@id":"https:\/\/www.ethikos.es\/en\/#organization"},"image":{"@id":"https:\/\/www.ethikos.es\/en\/12-dias-de-teletrabajo\/#primaryimage"},"thumbnailUrl":"https:\/\/www.ethikos.es\/wp-content\/uploads\/2020\/03\/person-using-macbook-laptop-3584969.jpg","articleSection":["Blog"],"inLanguage":"en-US","potentialAction":[{"@type":"CommentAction","name":"Comment","target":["https:\/\/www.ethikos.es\/en\/12-dias-de-teletrabajo\/#respond"]}]},{"@type":"WebPage","@id":"https:\/\/www.ethikos.es\/en\/12-dias-de-teletrabajo\/","url":"https:\/\/www.ethikos.es\/en\/12-dias-de-teletrabajo\/","name":"T\u00edtulo P\u00e1gina | Consultora de talento y selecci\u00f3n de personal | Ethikos &#8212; Ethikos","isPartOf":{"@id":"https:\/\/www.ethikos.es\/en\/#website"},"primaryImageOfPage":{"@id":"https:\/\/www.ethikos.es\/en\/12-dias-de-teletrabajo\/#primaryimage"},"image":{"@id":"https:\/\/www.ethikos.es\/en\/12-dias-de-teletrabajo\/#primaryimage"},"thumbnailUrl":"https:\/\/www.ethikos.es\/wp-content\/uploads\/2020\/03\/person-using-macbook-laptop-3584969.jpg","datePublished":"2020-03-24T18:40:25+00:00","description":"Art\u00edculos sobre selecci\u00f3n de personal, consultor\u00eda de talento, headhunting y liderazgo consciente. Insights y herramientas de Ethikos para atraer y seleccionar talento alineado con los valores de la empresa.","breadcrumb":{"@id":"https:\/\/www.ethikos.es\/en\/12-dias-de-teletrabajo\/#breadcrumb"},"inLanguage":"en-US","potentialAction":[{"@type":"ReadAction","target":["https:\/\/www.ethikos.es\/en\/12-dias-de-teletrabajo\/"]}]},{"@type":"ImageObject","inLanguage":"en-US","@id":"https:\/\/www.ethikos.es\/en\/12-dias-de-teletrabajo\/#primaryimage","url":"https:\/\/www.ethikos.es\/wp-content\/uploads\/2020\/03\/person-using-macbook-laptop-3584969.jpg","contentUrl":"https:\/\/www.ethikos.es\/wp-content\/uploads\/2020\/03\/person-using-macbook-laptop-3584969.jpg","width":5760,"height":3840},{"@type":"BreadcrumbList","@id":"https:\/\/www.ethikos.es\/en\/12-dias-de-teletrabajo\/#breadcrumb","itemListElement":[{"@type":"ListItem","position":1,"name":"Portada","item":"https:\/\/www.ethikos.es\/"},{"@type":"ListItem","position":2,"name":"12 d\u00edas de teletrabajo"}]},{"@type":"WebSite","@id":"https:\/\/www.ethikos.es\/en\/#website","url":"https:\/\/www.ethikos.es\/en\/","name":"Ethikos 3.0","description":"Ethikos es una consultora de transformaci\u00f3n organizacional especializada en cultura empresarial, liderazgo consciente y selecci\u00f3n por valores.","publisher":{"@id":"https:\/\/www.ethikos.es\/en\/#organization"},"alternateName":"Ethikos Consultor\u00eda","potentialAction":[{"@type":"SearchAction","target":{"@type":"EntryPoint","urlTemplate":"https:\/\/www.ethikos.es\/en\/?s={search_term_string}"},"query-input":{"@type":"PropertyValueSpecification","valueRequired":true,"valueName":"search_term_string"}}],"inLanguage":"en-US"},{"@type":"Organization","@id":"https:\/\/www.ethikos.es\/en\/#organization","name":"Ethikos 3.0","url":"https:\/\/www.ethikos.es\/en\/","logo":{"@type":"ImageObject","inLanguage":"en-US","@id":"https:\/\/www.ethikos.es\/en\/#\/schema\/logo\/image\/","url":"https:\/\/www.ethikos.es\/wp-content\/uploads\/2019\/01\/43606559961_5f343a820a_o.png","contentUrl":"https:\/\/www.ethikos.es\/wp-content\/uploads\/2019\/01\/43606559961_5f343a820a_o.png","width":646,"height":218,"caption":"Ethikos 3.0"},"image":{"@id":"https:\/\/www.ethikos.es\/en\/#\/schema\/logo\/image\/"},"sameAs":["http:\/\/www.facebook.com\/ethikos.es\/","https:\/\/x.com\/Ethikos30","https:\/\/www.instagram.com\/ethikos_3.0\/","https:\/\/www.linkedin.com\/company\/ethikos-3-0\/"]},{"@type":"Person","@id":"https:\/\/www.ethikos.es\/en\/#\/schema\/person\/c5274d315fb5f26a8d779d0573958460","name":"Anna Gascon","image":{"@type":"ImageObject","inLanguage":"en-US","@id":"https:\/\/secure.gravatar.com\/avatar\/8480cd2f7709dc671e23dc7ca90c702498e86b4d9011e8ad1ae6f70903dc410c?s=96&d=mm&r=g","url":"https:\/\/secure.gravatar.com\/avatar\/8480cd2f7709dc671e23dc7ca90c702498e86b4d9011e8ad1ae6f70903dc410c?s=96&d=mm&r=g","contentUrl":"https:\/\/secure.gravatar.com\/avatar\/8480cd2f7709dc671e23dc7ca90c702498e86b4d9011e8ad1ae6f70903dc410c?s=96&d=mm&r=g","caption":"Anna Gascon"}}]}},"_links":{"self":[{"href":"https:\/\/www.ethikos.es\/en\/wp-json\/wp\/v2\/posts\/11611","targetHints":{"allow":["GET"]}}],"collection":[{"href":"https:\/\/www.ethikos.es\/en\/wp-json\/wp\/v2\/posts"}],"about":[{"href":"https:\/\/www.ethikos.es\/en\/wp-json\/wp\/v2\/types\/post"}],"author":[{"embeddable":true,"href":"https:\/\/www.ethikos.es\/en\/wp-json\/wp\/v2\/users\/7"}],"replies":[{"embeddable":true,"href":"https:\/\/www.ethikos.es\/en\/wp-json\/wp\/v2\/comments?post=11611"}],"version-history":[{"count":0,"href":"https:\/\/www.ethikos.es\/en\/wp-json\/wp\/v2\/posts\/11611\/revisions"}],"wp:featuredmedia":[{"embeddable":true,"href":"https:\/\/www.ethikos.es\/en\/wp-json\/wp\/v2\/media\/11612"}],"wp:attachment":[{"href":"https:\/\/www.ethikos.es\/en\/wp-json\/wp\/v2\/media?parent=11611"}],"wp:term":[{"taxonomy":"category","embeddable":true,"href":"https:\/\/www.ethikos.es\/en\/wp-json\/wp\/v2\/categories?post=11611"},{"taxonomy":"post_tag","embeddable":true,"href":"https:\/\/www.ethikos.es\/en\/wp-json\/wp\/v2\/tags?post=11611"}],"curies":[{"name":"wp","href":"https:\/\/api.w.org\/{rel}","templated":true}]}}