{"id":11718,"date":"2020-04-06T10:16:52","date_gmt":"2020-04-06T08:16:52","guid":{"rendered":"https:\/\/www.ethikos.es\/?p=11718"},"modified":"2020-04-30T12:47:06","modified_gmt":"2020-04-30T10:47:06","slug":"el-trabajo-pos-confinamiento","status":"publish","type":"post","link":"https:\/\/www.ethikos.es\/en\/el-trabajo-pos-confinamiento\/","title":{"rendered":"\u00bfC\u00f3mo prepararnos para el pos-confinamiento?"},"content":{"rendered":"<p>Lo primero que me gustar\u00eda dejar claro, antes de iniciar este post, es que el pensar en esta cuesti\u00f3n me hace sentirme enormemente afortunado. Si tengo tiempo y energ\u00eda para reflexionar sobre esta pregunta que nos hacemos algunos, es porque las personas de mi entorno y mi familia se encuentran bien. Este hecho y una visi\u00f3n a medio-largo plazo me hacen plantearme como va a ser el futuro inmediato y en qu\u00e9 hemos cambiado ya sin saberlo como sociedad y c\u00f3mo no, en el entorno laboral.<!--more--><\/p>\n<p>Durante una tormenta se reduce dr\u00e1sticamente la visibilidad y nuestra reacci\u00f3n natural es la de mantenernos a salvo, sobrevivir y en ocasiones ayudar a los dem\u00e1s a salir de ella. La situaci\u00f3n del Covid-19 se asemeja m\u00e1s a una pesadilla de la cual no podemos despertar que al de una tormenta y, a\u00fan as\u00ed, veo a muchas organizaciones que se plantean esta pandemia como un hecho temporal que no ha venido a quedarse. Lamentablemente esta situaci\u00f3n ser\u00e1 recordada por todos nosotros, modificar\u00e1 y agilizar\u00e1 circunstancias de las que ven\u00edamos hablando hace tiempo (digitalizaci\u00f3n, trabajo remoto\u2026) pero tambi\u00e9n replantear\u00e1 los prop\u00f3sitos organizacionales y la relaci\u00f3n entre empresa y colaboradores.<\/p>\n<h3><strong><u>Y ante este nuevo escenario, \u00bfc\u00f3mo me preparo para gestionarlo?<\/u><\/strong><\/h3>\n<p>Si tuviera que resumirlo en una frase, dir\u00eda que las <strong>organizaciones controladoras<\/strong> no van a existir en un futuro muy reciente. Como en una tormenta (o cualquier otra emergencia), cuando nos encontramos de cara con ella nuestra reacci\u00f3n es controlar. Los navegantes saben muy bien que <strong>o conf\u00edas en la tripulaci\u00f3n que tienen abordo o, en su defecto y si intentan controlar ell@s, el barco se hundir\u00e1 y con \u00e9l, tod@s<\/strong>.<\/p>\n<p>Las claves, bas\u00e1ndome en tanto en mi opini\u00f3n como en diferentes art\u00edculos internacionales relacionados, est\u00e1n en estos cuatro puntos:<\/p>\n<h3><strong><u>Gesti\u00f3n de la cultura <\/u><\/strong><\/h3>\n<p>Es imposible que un\/a l\u00edder pueda controlarlo todo. Preguntar y confiar en las personas que est\u00e1n a pie del ca\u00f1\u00f3n va a pasar a ser necesario para convertirse en una cultura \u00e1gil y adaptativa. El objetivo post alarma es transitar hacia una cultura auto organizada, que no auto liderada, orientada a objetivos y resultados.<\/p>\n<h3><strong><u>Liderazgo vs Management <\/u><\/strong><\/h3>\n<p>Normalmente confundimos estos t\u00e9rminos, o los utilizamos para expresar lo que nosotros queremos decir. En Ethikos solemos decir a las empresas con las que colaboramos que si sus managers solo hacen management tenemos un problema. El manager gestiona las necesidades actuales del presente y el l\u00edder gu\u00eda e inspira anticipando lo que pueda suceder y preparando a las personas, procesos y estrategias para ello.\u00a0 \u00a1Una combinaci\u00f3n es lo perfecto! Preguntaros \u00bfQue hac\u00e9is durante vuestra jornada laboral? \u00bfEn que grupo est\u00e1is?<\/p>\n<h3><strong><u>De procesos estables a procesos gaseosos. <\/u><\/strong><\/h3>\n<p>Las empresas suelen incluir en sus hojas de ruta el concepto \u2018liquidez\u2019. Nos hizo un gran favor el Sr. Lee con el \u201cBe water, my friend\u201d. El contexto actual nos obliga a todos, no solo a ser l\u00edquidos, sino dar el paso a gaseosos. Necesitamos ser \u00e1giles, vol\u00e1tiles y r\u00e1pidos. Lo inm\u00f3vil ya no vale, hemos de convertir nuestra empresa en una empresa evolutiva.<\/p>\n<h3><strong><u>Gesti\u00f3n de emociones<\/u><\/strong><\/h3>\n<p>Uno de los puntos fundamentales, sin lugar a dudas. Muchas de las personas que se siguen trabajando est\u00e1n sufriendo cuadros graves de ansiedad, incluso de estr\u00e9s post traum\u00e1tico. No podemos normalizar lo que no es normal, no lo hagamos en las organizaciones.<\/p>\n<p>La empat\u00eda y la vulnerabilidad ser\u00e1n clave del \u00e9xito y deber\u00e1n hacerse estrategias para sacarlas a relucir en los entornos laborales. Si no somos capaces de hacerlo gestionaremos a las personas como si nada de esto hubiese sucedido y, eso, seguro que ser\u00e1 el peor de los errores.<\/p>\n<p>Hay tanto que contar que es dif\u00edcil explicarlo todo en un post. Por ello ir\u00e9 escribiendo m\u00e1s a menudo para poder dar soporte a todas aquellas personas que sab\u00e9is que saldremos de \u00e9sta, entendiendo sobre todo que somos seres tremendamente interdependientes. Nos necesitamos para crecer, para ser mejores, para sobrevivir.<\/p>\n<p>&nbsp;<\/p>\n<p><a href=\"https:\/\/www.linkedin.com\/in\/cuencacostasgerman\/\">Germ\u00e1n Cuenca<\/a><\/p>","protected":false},"excerpt":{"rendered":"<p>Lo primero que me gustar\u00eda dejar claro, antes de iniciar este post, es que el pensar en esta cuesti\u00f3n me hace sentirme enormemente afortunado. Si tengo tiempo y energ\u00eda para reflexionar sobre esta pregunta que nos hacemos algunos, es porque las personas de mi entorno y mi familia se encuentran bien. Este hecho y una [&hellip;]<\/p>\n","protected":false},"author":7,"featured_media":11719,"comment_status":"open","ping_status":"closed","sticky":false,"template":"","format":"standard","meta":{"_exactmetrics_skip_tracking":false,"_exactmetrics_sitenote_active":false,"_exactmetrics_sitenote_note":"","_exactmetrics_sitenote_category":0,"footnotes":""},"categories":[151,562],"tags":[],"class_list":["post-11718","post","type-post","status-publish","format-standard","has-post-thumbnail","hentry","category-blog","category-eawp"],"yoast_head":"<!-- This site is optimized with the Yoast SEO plugin v27.5 - https:\/\/yoast.com\/product\/yoast-seo-wordpress\/ -->\n<title>T\u00edtulo P\u00e1gina | Consultora de talento y selecci\u00f3n de personal | Ethikos &#8212; Ethikos<\/title>\n<meta name=\"description\" content=\"Art\u00edculos sobre selecci\u00f3n de personal, consultor\u00eda de talento, headhunting y liderazgo consciente. Insights y herramientas de Ethikos para atraer y seleccionar talento alineado con los valores de la empresa.\" \/>\n<meta name=\"robots\" content=\"index, follow, max-snippet:-1, max-image-preview:large, max-video-preview:-1\" \/>\n<link rel=\"canonical\" href=\"https:\/\/www.ethikos.es\/en\/el-trabajo-pos-confinamiento\/\" \/>\n<meta property=\"og:locale\" content=\"en_US\" \/>\n<meta property=\"og:type\" content=\"article\" \/>\n<meta property=\"og:title\" content=\"T\u00edtulo P\u00e1gina | Consultora de talento y selecci\u00f3n de personal | Ethikos &#8212; Ethikos\" \/>\n<meta property=\"og:description\" content=\"Art\u00edculos sobre selecci\u00f3n de personal, consultor\u00eda de talento, headhunting y liderazgo consciente. Insights y herramientas de Ethikos para atraer y seleccionar talento alineado con los valores de la empresa.\" \/>\n<meta property=\"og:url\" content=\"https:\/\/www.ethikos.es\/en\/el-trabajo-pos-confinamiento\/\" \/>\n<meta property=\"og:site_name\" content=\"Ethikos\" \/>\n<meta property=\"article:publisher\" content=\"http:\/\/www.facebook.com\/ethikos.es\/\" \/>\n<meta property=\"article:published_time\" content=\"2020-04-06T08:16:52+00:00\" \/>\n<meta property=\"article:modified_time\" content=\"2020-04-30T10:47:06+00:00\" \/>\n<meta property=\"og:image\" content=\"https:\/\/www.ethikos.es\/wp-content\/uploads\/2020\/04\/web-empty-office.jpg\" \/>\n\t<meta property=\"og:image:width\" content=\"1800\" \/>\n\t<meta property=\"og:image:height\" content=\"469\" \/>\n\t<meta property=\"og:image:type\" content=\"image\/jpeg\" \/>\n<meta name=\"author\" content=\"Anna Gascon\" \/>\n<meta name=\"twitter:card\" content=\"summary_large_image\" \/>\n<meta name=\"twitter:creator\" content=\"@Ethikos30\" \/>\n<meta name=\"twitter:site\" content=\"@Ethikos30\" \/>\n<meta name=\"twitter:label1\" content=\"Written by\" \/>\n\t<meta name=\"twitter:data1\" content=\"Anna Gascon\" \/>\n\t<meta name=\"twitter:label2\" content=\"Est. reading time\" \/>\n\t<meta name=\"twitter:data2\" content=\"4 minutes\" \/>\n<script type=\"application\/ld+json\" class=\"yoast-schema-graph\">{\"@context\":\"https:\\\/\\\/schema.org\",\"@graph\":[{\"@type\":\"Article\",\"@id\":\"https:\\\/\\\/www.ethikos.es\\\/en\\\/el-trabajo-pos-confinamiento\\\/#article\",\"isPartOf\":{\"@id\":\"https:\\\/\\\/www.ethikos.es\\\/en\\\/el-trabajo-pos-confinamiento\\\/\"},\"author\":{\"name\":\"Anna Gascon\",\"@id\":\"https:\\\/\\\/www.ethikos.es\\\/en\\\/#\\\/schema\\\/person\\\/c5274d315fb5f26a8d779d0573958460\"},\"headline\":\"\u00bfC\u00f3mo prepararnos para el pos-confinamiento?\",\"datePublished\":\"2020-04-06T08:16:52+00:00\",\"dateModified\":\"2020-04-30T10:47:06+00:00\",\"mainEntityOfPage\":{\"@id\":\"https:\\\/\\\/www.ethikos.es\\\/en\\\/el-trabajo-pos-confinamiento\\\/\"},\"wordCount\":711,\"commentCount\":1,\"publisher\":{\"@id\":\"https:\\\/\\\/www.ethikos.es\\\/en\\\/#organization\"},\"image\":{\"@id\":\"https:\\\/\\\/www.ethikos.es\\\/en\\\/el-trabajo-pos-confinamiento\\\/#primaryimage\"},\"thumbnailUrl\":\"https:\\\/\\\/www.ethikos.es\\\/wp-content\\\/uploads\\\/2020\\\/04\\\/web-empty-office.jpg\",\"articleSection\":[\"Blog\",\"EAWP\"],\"inLanguage\":\"en-US\",\"potentialAction\":[{\"@type\":\"CommentAction\",\"name\":\"Comment\",\"target\":[\"https:\\\/\\\/www.ethikos.es\\\/en\\\/el-trabajo-pos-confinamiento\\\/#respond\"]}]},{\"@type\":\"WebPage\",\"@id\":\"https:\\\/\\\/www.ethikos.es\\\/en\\\/el-trabajo-pos-confinamiento\\\/\",\"url\":\"https:\\\/\\\/www.ethikos.es\\\/en\\\/el-trabajo-pos-confinamiento\\\/\",\"name\":\"T\u00edtulo P\u00e1gina | Consultora de talento y selecci\u00f3n de personal | Ethikos &#8212; Ethikos\",\"isPartOf\":{\"@id\":\"https:\\\/\\\/www.ethikos.es\\\/en\\\/#website\"},\"primaryImageOfPage\":{\"@id\":\"https:\\\/\\\/www.ethikos.es\\\/en\\\/el-trabajo-pos-confinamiento\\\/#primaryimage\"},\"image\":{\"@id\":\"https:\\\/\\\/www.ethikos.es\\\/en\\\/el-trabajo-pos-confinamiento\\\/#primaryimage\"},\"thumbnailUrl\":\"https:\\\/\\\/www.ethikos.es\\\/wp-content\\\/uploads\\\/2020\\\/04\\\/web-empty-office.jpg\",\"datePublished\":\"2020-04-06T08:16:52+00:00\",\"dateModified\":\"2020-04-30T10:47:06+00:00\",\"description\":\"Art\u00edculos sobre selecci\u00f3n de personal, consultor\u00eda de talento, headhunting y liderazgo consciente. Insights y herramientas de Ethikos para atraer y seleccionar talento alineado con los valores de la empresa.\",\"breadcrumb\":{\"@id\":\"https:\\\/\\\/www.ethikos.es\\\/en\\\/el-trabajo-pos-confinamiento\\\/#breadcrumb\"},\"inLanguage\":\"en-US\",\"potentialAction\":[{\"@type\":\"ReadAction\",\"target\":[\"https:\\\/\\\/www.ethikos.es\\\/en\\\/el-trabajo-pos-confinamiento\\\/\"]}]},{\"@type\":\"ImageObject\",\"inLanguage\":\"en-US\",\"@id\":\"https:\\\/\\\/www.ethikos.es\\\/en\\\/el-trabajo-pos-confinamiento\\\/#primaryimage\",\"url\":\"https:\\\/\\\/www.ethikos.es\\\/wp-content\\\/uploads\\\/2020\\\/04\\\/web-empty-office.jpg\",\"contentUrl\":\"https:\\\/\\\/www.ethikos.es\\\/wp-content\\\/uploads\\\/2020\\\/04\\\/web-empty-office.jpg\",\"width\":1800,\"height\":469,\"caption\":\"volver al trabajo pos-covid\"},{\"@type\":\"BreadcrumbList\",\"@id\":\"https:\\\/\\\/www.ethikos.es\\\/en\\\/el-trabajo-pos-confinamiento\\\/#breadcrumb\",\"itemListElement\":[{\"@type\":\"ListItem\",\"position\":1,\"name\":\"Portada\",\"item\":\"https:\\\/\\\/www.ethikos.es\\\/\"},{\"@type\":\"ListItem\",\"position\":2,\"name\":\"\u00bfC\u00f3mo prepararnos para el pos-confinamiento?\"}]},{\"@type\":\"WebSite\",\"@id\":\"https:\\\/\\\/www.ethikos.es\\\/en\\\/#website\",\"url\":\"https:\\\/\\\/www.ethikos.es\\\/en\\\/\",\"name\":\"Ethikos 3.0\",\"description\":\"Ethikos es una consultora de transformaci\u00f3n organizacional especializada en cultura empresarial, liderazgo consciente y selecci\u00f3n por valores.\",\"publisher\":{\"@id\":\"https:\\\/\\\/www.ethikos.es\\\/en\\\/#organization\"},\"alternateName\":\"Ethikos Consultor\u00eda\",\"potentialAction\":[{\"@type\":\"SearchAction\",\"target\":{\"@type\":\"EntryPoint\",\"urlTemplate\":\"https:\\\/\\\/www.ethikos.es\\\/en\\\/?s={search_term_string}\"},\"query-input\":{\"@type\":\"PropertyValueSpecification\",\"valueRequired\":true,\"valueName\":\"search_term_string\"}}],\"inLanguage\":\"en-US\"},{\"@type\":\"Organization\",\"@id\":\"https:\\\/\\\/www.ethikos.es\\\/en\\\/#organization\",\"name\":\"Ethikos 3.0\",\"url\":\"https:\\\/\\\/www.ethikos.es\\\/en\\\/\",\"logo\":{\"@type\":\"ImageObject\",\"inLanguage\":\"en-US\",\"@id\":\"https:\\\/\\\/www.ethikos.es\\\/en\\\/#\\\/schema\\\/logo\\\/image\\\/\",\"url\":\"https:\\\/\\\/www.ethikos.es\\\/wp-content\\\/uploads\\\/2019\\\/01\\\/43606559961_5f343a820a_o.png\",\"contentUrl\":\"https:\\\/\\\/www.ethikos.es\\\/wp-content\\\/uploads\\\/2019\\\/01\\\/43606559961_5f343a820a_o.png\",\"width\":646,\"height\":218,\"caption\":\"Ethikos 3.0\"},\"image\":{\"@id\":\"https:\\\/\\\/www.ethikos.es\\\/en\\\/#\\\/schema\\\/logo\\\/image\\\/\"},\"sameAs\":[\"http:\\\/\\\/www.facebook.com\\\/ethikos.es\\\/\",\"https:\\\/\\\/x.com\\\/Ethikos30\",\"https:\\\/\\\/www.instagram.com\\\/ethikos_3.0\\\/\",\"https:\\\/\\\/www.linkedin.com\\\/company\\\/ethikos-3-0\\\/\"]},{\"@type\":\"Person\",\"@id\":\"https:\\\/\\\/www.ethikos.es\\\/en\\\/#\\\/schema\\\/person\\\/c5274d315fb5f26a8d779d0573958460\",\"name\":\"Anna Gascon\",\"image\":{\"@type\":\"ImageObject\",\"inLanguage\":\"en-US\",\"@id\":\"https:\\\/\\\/secure.gravatar.com\\\/avatar\\\/8480cd2f7709dc671e23dc7ca90c702498e86b4d9011e8ad1ae6f70903dc410c?s=96&d=mm&r=g\",\"url\":\"https:\\\/\\\/secure.gravatar.com\\\/avatar\\\/8480cd2f7709dc671e23dc7ca90c702498e86b4d9011e8ad1ae6f70903dc410c?s=96&d=mm&r=g\",\"contentUrl\":\"https:\\\/\\\/secure.gravatar.com\\\/avatar\\\/8480cd2f7709dc671e23dc7ca90c702498e86b4d9011e8ad1ae6f70903dc410c?s=96&d=mm&r=g\",\"caption\":\"Anna Gascon\"}}]}<\/script>\n<!-- \/ Yoast SEO plugin. -->","yoast_head_json":{"title":"T\u00edtulo P\u00e1gina | Consultora de talento y selecci\u00f3n de personal | Ethikos &#8212; Ethikos","description":"Art\u00edculos sobre selecci\u00f3n de personal, consultor\u00eda de talento, headhunting y liderazgo consciente. Insights y herramientas de Ethikos para atraer y seleccionar talento alineado con los valores de la empresa.","robots":{"index":"index","follow":"follow","max-snippet":"max-snippet:-1","max-image-preview":"max-image-preview:large","max-video-preview":"max-video-preview:-1"},"canonical":"https:\/\/www.ethikos.es\/en\/el-trabajo-pos-confinamiento\/","og_locale":"en_US","og_type":"article","og_title":"T\u00edtulo P\u00e1gina | Consultora de talento y selecci\u00f3n de personal | Ethikos &#8212; Ethikos","og_description":"Art\u00edculos sobre selecci\u00f3n de personal, consultor\u00eda de talento, headhunting y liderazgo consciente. Insights y herramientas de Ethikos para atraer y seleccionar talento alineado con los valores de la empresa.","og_url":"https:\/\/www.ethikos.es\/en\/el-trabajo-pos-confinamiento\/","og_site_name":"Ethikos","article_publisher":"http:\/\/www.facebook.com\/ethikos.es\/","article_published_time":"2020-04-06T08:16:52+00:00","article_modified_time":"2020-04-30T10:47:06+00:00","og_image":[{"width":1800,"height":469,"url":"https:\/\/www.ethikos.es\/wp-content\/uploads\/2020\/04\/web-empty-office.jpg","type":"image\/jpeg"}],"author":"Anna Gascon","twitter_card":"summary_large_image","twitter_creator":"@Ethikos30","twitter_site":"@Ethikos30","twitter_misc":{"Written by":"Anna Gascon","Est. reading time":"4 minutes"},"schema":{"@context":"https:\/\/schema.org","@graph":[{"@type":"Article","@id":"https:\/\/www.ethikos.es\/en\/el-trabajo-pos-confinamiento\/#article","isPartOf":{"@id":"https:\/\/www.ethikos.es\/en\/el-trabajo-pos-confinamiento\/"},"author":{"name":"Anna Gascon","@id":"https:\/\/www.ethikos.es\/en\/#\/schema\/person\/c5274d315fb5f26a8d779d0573958460"},"headline":"\u00bfC\u00f3mo prepararnos para el pos-confinamiento?","datePublished":"2020-04-06T08:16:52+00:00","dateModified":"2020-04-30T10:47:06+00:00","mainEntityOfPage":{"@id":"https:\/\/www.ethikos.es\/en\/el-trabajo-pos-confinamiento\/"},"wordCount":711,"commentCount":1,"publisher":{"@id":"https:\/\/www.ethikos.es\/en\/#organization"},"image":{"@id":"https:\/\/www.ethikos.es\/en\/el-trabajo-pos-confinamiento\/#primaryimage"},"thumbnailUrl":"https:\/\/www.ethikos.es\/wp-content\/uploads\/2020\/04\/web-empty-office.jpg","articleSection":["Blog","EAWP"],"inLanguage":"en-US","potentialAction":[{"@type":"CommentAction","name":"Comment","target":["https:\/\/www.ethikos.es\/en\/el-trabajo-pos-confinamiento\/#respond"]}]},{"@type":"WebPage","@id":"https:\/\/www.ethikos.es\/en\/el-trabajo-pos-confinamiento\/","url":"https:\/\/www.ethikos.es\/en\/el-trabajo-pos-confinamiento\/","name":"T\u00edtulo P\u00e1gina | Consultora de talento y selecci\u00f3n de personal | Ethikos &#8212; Ethikos","isPartOf":{"@id":"https:\/\/www.ethikos.es\/en\/#website"},"primaryImageOfPage":{"@id":"https:\/\/www.ethikos.es\/en\/el-trabajo-pos-confinamiento\/#primaryimage"},"image":{"@id":"https:\/\/www.ethikos.es\/en\/el-trabajo-pos-confinamiento\/#primaryimage"},"thumbnailUrl":"https:\/\/www.ethikos.es\/wp-content\/uploads\/2020\/04\/web-empty-office.jpg","datePublished":"2020-04-06T08:16:52+00:00","dateModified":"2020-04-30T10:47:06+00:00","description":"Art\u00edculos sobre selecci\u00f3n de personal, consultor\u00eda de talento, headhunting y liderazgo consciente. Insights y herramientas de Ethikos para atraer y seleccionar talento alineado con los valores de la empresa.","breadcrumb":{"@id":"https:\/\/www.ethikos.es\/en\/el-trabajo-pos-confinamiento\/#breadcrumb"},"inLanguage":"en-US","potentialAction":[{"@type":"ReadAction","target":["https:\/\/www.ethikos.es\/en\/el-trabajo-pos-confinamiento\/"]}]},{"@type":"ImageObject","inLanguage":"en-US","@id":"https:\/\/www.ethikos.es\/en\/el-trabajo-pos-confinamiento\/#primaryimage","url":"https:\/\/www.ethikos.es\/wp-content\/uploads\/2020\/04\/web-empty-office.jpg","contentUrl":"https:\/\/www.ethikos.es\/wp-content\/uploads\/2020\/04\/web-empty-office.jpg","width":1800,"height":469,"caption":"volver al trabajo pos-covid"},{"@type":"BreadcrumbList","@id":"https:\/\/www.ethikos.es\/en\/el-trabajo-pos-confinamiento\/#breadcrumb","itemListElement":[{"@type":"ListItem","position":1,"name":"Portada","item":"https:\/\/www.ethikos.es\/"},{"@type":"ListItem","position":2,"name":"\u00bfC\u00f3mo prepararnos para el pos-confinamiento?"}]},{"@type":"WebSite","@id":"https:\/\/www.ethikos.es\/en\/#website","url":"https:\/\/www.ethikos.es\/en\/","name":"Ethikos 3.0","description":"Ethikos es una consultora de transformaci\u00f3n organizacional especializada en cultura empresarial, liderazgo consciente y selecci\u00f3n por valores.","publisher":{"@id":"https:\/\/www.ethikos.es\/en\/#organization"},"alternateName":"Ethikos Consultor\u00eda","potentialAction":[{"@type":"SearchAction","target":{"@type":"EntryPoint","urlTemplate":"https:\/\/www.ethikos.es\/en\/?s={search_term_string}"},"query-input":{"@type":"PropertyValueSpecification","valueRequired":true,"valueName":"search_term_string"}}],"inLanguage":"en-US"},{"@type":"Organization","@id":"https:\/\/www.ethikos.es\/en\/#organization","name":"Ethikos 3.0","url":"https:\/\/www.ethikos.es\/en\/","logo":{"@type":"ImageObject","inLanguage":"en-US","@id":"https:\/\/www.ethikos.es\/en\/#\/schema\/logo\/image\/","url":"https:\/\/www.ethikos.es\/wp-content\/uploads\/2019\/01\/43606559961_5f343a820a_o.png","contentUrl":"https:\/\/www.ethikos.es\/wp-content\/uploads\/2019\/01\/43606559961_5f343a820a_o.png","width":646,"height":218,"caption":"Ethikos 3.0"},"image":{"@id":"https:\/\/www.ethikos.es\/en\/#\/schema\/logo\/image\/"},"sameAs":["http:\/\/www.facebook.com\/ethikos.es\/","https:\/\/x.com\/Ethikos30","https:\/\/www.instagram.com\/ethikos_3.0\/","https:\/\/www.linkedin.com\/company\/ethikos-3-0\/"]},{"@type":"Person","@id":"https:\/\/www.ethikos.es\/en\/#\/schema\/person\/c5274d315fb5f26a8d779d0573958460","name":"Anna Gascon","image":{"@type":"ImageObject","inLanguage":"en-US","@id":"https:\/\/secure.gravatar.com\/avatar\/8480cd2f7709dc671e23dc7ca90c702498e86b4d9011e8ad1ae6f70903dc410c?s=96&d=mm&r=g","url":"https:\/\/secure.gravatar.com\/avatar\/8480cd2f7709dc671e23dc7ca90c702498e86b4d9011e8ad1ae6f70903dc410c?s=96&d=mm&r=g","contentUrl":"https:\/\/secure.gravatar.com\/avatar\/8480cd2f7709dc671e23dc7ca90c702498e86b4d9011e8ad1ae6f70903dc410c?s=96&d=mm&r=g","caption":"Anna Gascon"}}]}},"_links":{"self":[{"href":"https:\/\/www.ethikos.es\/en\/wp-json\/wp\/v2\/posts\/11718","targetHints":{"allow":["GET"]}}],"collection":[{"href":"https:\/\/www.ethikos.es\/en\/wp-json\/wp\/v2\/posts"}],"about":[{"href":"https:\/\/www.ethikos.es\/en\/wp-json\/wp\/v2\/types\/post"}],"author":[{"embeddable":true,"href":"https:\/\/www.ethikos.es\/en\/wp-json\/wp\/v2\/users\/7"}],"replies":[{"embeddable":true,"href":"https:\/\/www.ethikos.es\/en\/wp-json\/wp\/v2\/comments?post=11718"}],"version-history":[{"count":0,"href":"https:\/\/www.ethikos.es\/en\/wp-json\/wp\/v2\/posts\/11718\/revisions"}],"wp:featuredmedia":[{"embeddable":true,"href":"https:\/\/www.ethikos.es\/en\/wp-json\/wp\/v2\/media\/11719"}],"wp:attachment":[{"href":"https:\/\/www.ethikos.es\/en\/wp-json\/wp\/v2\/media?parent=11718"}],"wp:term":[{"taxonomy":"category","embeddable":true,"href":"https:\/\/www.ethikos.es\/en\/wp-json\/wp\/v2\/categories?post=11718"},{"taxonomy":"post_tag","embeddable":true,"href":"https:\/\/www.ethikos.es\/en\/wp-json\/wp\/v2\/tags?post=11718"}],"curies":[{"name":"wp","href":"https:\/\/api.w.org\/{rel}","templated":true}]}}