{"id":12777,"date":"2020-06-22T11:30:34","date_gmt":"2020-06-22T09:30:34","guid":{"rendered":"https:\/\/www.ethikos.es\/?p=12777"},"modified":"2022-05-02T14:54:02","modified_gmt":"2022-05-02T12:54:02","slug":"como-despedir-a-alguien-por-valores","status":"publish","type":"post","link":"https:\/\/www.ethikos.es\/en\/como-despedir-a-alguien-por-valores\/","title":{"rendered":"6 tips para realizar un despido que no hunda a tus empleados"},"content":{"rendered":"<h2><strong>La mayor\u00eda de empresas no saben c\u00f3mo realizar un despido<\/strong><\/h2>\n<p>Muchas empresas hablan actualmente de la gesti\u00f3n por valores, se venden como entidades que abogan por el impacto positivo, el <em><a href=\"https:\/\/www.inpulse.com\/what-it-means-to-be-people-centric-and-how-to-build-establish-it#:~:text=To%20be%20people%2Dcentric%20is%20to%20think%20about%20how%20your,from%20that%20of%20their%20people.\">people centricity<\/a><\/em>, el buen trato a las personas, el cuidado del medioambiente\u2026 Pues no. Mentira. Muchas s\u00ed son sinceras en estas reclamaciones, pero la mayor\u00eda no.<\/p>\n<p><strong>Tan solo hay que ver c\u00f3mo se despiden a las personas para saber que ese impacto positivo suele ser falso.<\/strong> \u00a0Es perfectamente posible que llegue un momento en que un empleado, por la circunstancia que sea, ya no encaje; y est\u00e1 bien, puede que el despido sea la mejor opci\u00f3n. Pero en este tipo de situaciones <a href=\"https:\/\/hbr.org\/2016\/02\/a-step-by-step-guide-to-firing-someone\">es importante ser coherente con quien decimos ser<\/a> y tratar a la persona que tenemos delante como lo que es: un ser humano. Mostrar gratitud y hacer sentir su val\u00eda pueden marcar la diferencia en la experiencia vital que ese exempleado experimente en el momento del despido. Depender\u00e1 de nosotros, y de c\u00f3mo afrontemos profesionalmente esa situaci\u00f3n, el hacer sentir a las personas respetadas -aunque sea un contexto dif\u00edcil-, o humilladas.<\/p>\n<p><a href=\"https:\/\/www.ethikos.es\/por-que-tu-empresa-esta-perdiendo-la-guerra-por-el-talento\/\">El momento actual es complicado e inestable,<\/a> se siguen perdiendo muchos puestos de trabajo. Es nuestra obligaci\u00f3n recordar la importancia de hacerlo bien, con conciencia, con empat\u00eda. Tener la voluntad de implicarnos y preocuparnos por c\u00f3mo el otro est\u00e1 viviendo ese momento. Hacer lo que est\u00e9 a nuestro alcance para aligerarlo. Despedir no puede convertirse en un tr\u00e1mite.<\/p>\n<p>Reflexionemos qu\u00e9 significa un despido\u2026 \u00bfQu\u00e9 puede implicar para la persona? Por ejemplo, conlleva comunicarlo a su pareja o a sus hijos. Supone la angustia de no poder hacer frente a facturas, hipotecas. Acarrea el miedo a no saber por d\u00f3nde empezar para encontrar un nuevo trabajo.<\/p>\n<h3><strong>\u00bfC\u00f3mo lo hacemos para realizar un despido con valores?<\/strong><\/h3>\n<h3><strong>1) No sorprender<\/strong><\/h3>\n<p>Antes de entrar a hablar del despido como tal, es importante entender que tambi\u00e9n hay un esfuerzo previo a la destituci\u00f3n. Hay muchas maneras de hacer ver a la persona que su desempe\u00f1o no es el esperado y darle la oportunidad de cambiarlo, no entraremos ahora en este menester, pero es interesante tenerlo en cuenta.<\/p>\n<h3>2) No procrastinar la decisi\u00f3n<\/h3>\n<p>Supongamos que hemos dado la \u00faltima oportunidad y, finalmente, esta no ha llegado a buen puerto. Ya sea por rendimiento, <a href=\"https:\/\/www.ethikos.es\/cultural-fit-add\/\">encaje cultural<\/a> u otra variante. Cuando tengamos claro que <a href=\"https:\/\/hbr.org\/2019\/01\/how-to-decide-whether-to-fire-someone\">la decisi\u00f3n ha de ser tomada<\/a>, no perdamos tiempo y hag\u00e1moslo. Es importante no alargar la agon\u00eda. Todos sabemos que despedir a alguien es complicado y muchos dejamos pasar el tiempo como si por arte de magia eso se fuera a arreglar. Eso no es justo, ni para la persona, ni para la organizaci\u00f3n, ni para los equipos. Si sabemos que una relaci\u00f3n no funciona, habl\u00e9moslo. En primer lugar, para no sorprender, en segundo lugar, porque no es justo esperar a que la situaci\u00f3n empeore o explote para tomar una decisi\u00f3n.<\/p>\n<h3><strong>3) Preparar la reuni\u00f3n<\/strong><\/h3>\n<p>Parece obvio, pero no lo es. Es esencial. Primero, estudiando los motivos del despido y luego tom\u00e1ndose el tiempo necesario para preparar el momento, incluso si hace falta practicando lo que diremos. Hemos de asegurarnos que podemos comunicar los motivos de una forma clara y sencilla para que la persona pueda entenderlos.<\/p>\n<h3><strong>4) No sobreexplicar<\/strong><\/h3>\n<p>En el momento de dar ese mensaje es muy importante no explicar grandes historias, pomposos discursos, ni sobre justificarse. La clave es encontrar la mejor manera posible de dar el mensaje de forma directa y sencilla. Despu\u00e9s de un \u201chola, \u00bfc\u00f3mo est\u00e1s?\u201d, no deber\u00edamos tardar m\u00e1s de 30 o 40 segundos en dar la noticia porque, de lo contrario, y si entramos en discursos eternos, confundimos y mareamos a la persona. Seamos justos con quien tenemos delante. Tengamos en cuenta que la reuni\u00f3n no es para debatir, sino para comunicar la decisi\u00f3n y para agradecer. Asimismo, tambi\u00e9n para dar un espacio en el que resolver dudas que la persona pueda tener.<\/p>\n<h3><strong>5) Gestionar las emociones<\/strong><\/h3>\n<p>Es una <a href=\"https:\/\/www.quantumworkplace.com\/future-of-work\/emotions-in-the-workplace-how-to-deal-with-emotions-at-work\">parte muy importante aprender a gestionar y legitimar las emociones<\/a>. Es probable que en muchas de esas comunicaciones surjan sentimientos encontrados y tenemos que aprender a gestionarlos. Es una situaci\u00f3n tensa, es normal, las emociones son sanas y darles espacio es lo correcto. Incluso hemos de ayudar a las personas responsables de dar esa comunicaci\u00f3n a gestionarlas, porque muchas veces van a ser de alto voltaje y debemos apoyar, en la medida de lo posible, en el afrontamiento de la noticia.<\/p>\n<p>Es relevante que entendamos que el c\u00f3mo damos el mensaje puede afectar a la persona despedida pero tambi\u00e9n a la persona que lo est\u00e1 comunicando. Por lo que es significativo ofrecer esas pautas pr\u00e1cticas y necesarias aplicar en ese momento. Por ejemplo, herramientas de mindfulness y yoga. La autoobservaci\u00f3n, la respiraci\u00f3n, buscar ese equilibrio, la calma interna emocional y la externa que es generar un clima agradable.<\/p>\n<h3><strong>6) Seamos humanos<\/strong><\/h3>\n<p><a href=\"https:\/\/www.ethikos.es\/la-lucha-por-la-rehumanizacion-del-trabajo\/\">Este punto lo resume todo.<\/a> Olvid\u00e9monos de la t\u00edpica frase; \u201cHola, est\u00e1s despedido\u201d. No somos aut\u00f3matas. Somos personas y como tales hemos de comunicarnos. Podemos hablar desde el coraz\u00f3n sin perder de vista el foco, que en este caso es el sujeto que est\u00e1 siendo despedido. Podemos decir que nos sabe mal, podemos expresar que es algo dif\u00edcil para nosotros, pero siempre recordando que nos hemos de asegurar que el ser humano que est\u00e1 delante entiende la situaci\u00f3n y se siente, sobre todo, respetado.<\/p>\n<p>Los valores no son posters en nuestros pasillos, o palabras para utilizar en un proceso de selecci\u00f3n. Hemos de ser coherentes con ellos en toda la trayectoria. Y el despido es uno de esos <a href=\"https:\/\/www.forbes.com\/sites\/forbeshumanresourcescouncil\/2020\/05\/06\/bringing-emotions-into-the-workplace\/?sh=39cee222162d\">momentos fundamentales<\/a> para demostrar que realmente nos importan las personas. Preparemos el escenario, preparemos el mensaje, cuidemos a quienes tenemos delante. Trat\u00e9moslos como nos gustar\u00eda que trataran a nuestros hijos, a nuestros seres queridos. No son ni mejores ni peores. Ese d\u00eda les ha tocado estar ah\u00ed, ma\u00f1ana podemos estar nosotros.<\/p>\n<h3><strong>\u00bfQu\u00e9 pasa despu\u00e9s del despido?<\/strong><\/h3>\n<p>Muchas empresas apuestan por un plan de <em><a href=\"https:\/\/www.ethikos.es\/outplacement-por-valores\/\">outplacement<\/a><\/em>. Es importante seleccionar aquellos que acompa\u00f1en a las personas como personas, as\u00ed de sencillo. No vale el escoger una empresa de recolocaci\u00f3n por precio, por sus instalaciones, por tecnolog\u00eda. Es importante que esa entidad ofrezca un acompa\u00f1amiento que vaya m\u00e1s all\u00e1. Obviamente es vital <a href=\"https:\/\/www.ethikos.es\/outplacement-por-valores\/\">tener en cuenta la parte t\u00e9cnica<\/a>, de estrategia de b\u00fasqueda, de proyecto profesional, la estrategia de <em>networking<\/em>. Pero tambi\u00e9n es menester tener en cuenta el nivel emocional y espiritual: analizar valores, analizar vocaci\u00f3n, decidir qu\u00e9 le puede hacer feliz. Eso es lo que hacemos en Ethikos 3.0, realizando un <em>outplacement<\/em> por valores. Reflexionamos con la persona para pensar qu\u00e9 quiere, qu\u00e9 fall\u00f3 y as\u00ed definir una estrategia. Y ah\u00ed s\u00ed: ir a por todas.<\/p>\n<p><strong>No perd\u00e1is nunca esa humanidad y esencia que os define. Podemos inspirar e impactar positivamente con nuestras acciones, incluso en un despido.<\/strong><\/p>\n<p><strong>\u00a0<\/strong><\/p>\n<p>[av_hr class=&#8217;default&#8217; height=&#8217;50&#8217; shadow=&#8217;no-shadow&#8217; position=&#8217;center&#8217; custom_border=&#8217;av-border-thin&#8217; custom_width=&#8217;50px&#8217; custom_border_color=\u00bb custom_margin_top=&#8217;30px&#8217; custom_margin_bottom=&#8217;30px&#8217; icon_select=&#8217;yes&#8217; custom_icon_color=\u00bb icon=&#8217;ue808&#8242; font=&#8217;entypo-fontello&#8217; admin_preview_bg=\u00bb av_uid=&#8217;av-2zmtl49&#8242;]<\/p>\n<ul>\n<li><span style=\"color: #567837;\"><strong>Si quieres conocer nuestro servicio de outplacement <span style=\"color: #333399;\"><a style=\"color: #333399;\" href=\"https:\/\/www.ethikos.es\/outplacement-por-valores\/\">haz click aqu\u00ed<\/a><\/span><\/strong><\/span><\/li>\n<\/ul>\n<p>&nbsp;<\/p>\n<ul>\n<li>[av_contact email=&#8217;info@ethikos.es&#8217; title=&#8217;Si quieres acompa\u00f1ar a tus colaboradores en su nuevo camino, escr\u00edbenos&#8217; button=&#8217;Enviar&#8217; on_send=\u00bb sent=&#8217;\u00a1Tu mensaje se ha enviado correctamente!&#8217; link=&#8217;manually,http:\/\/&#8217; subject=&#8217;\u00a1Gracias por escribirnos! Nos pondremos en contacto dentro de las pr\u00f3ximas 24 horas.&#8217; autorespond=\u00bb captcha=\u00bb form_align=\u00bb color=\u00bb admin_preview_bg=\u00bb av_uid=&#8217;av-2lv6809&#8242;]<br \/>\n[av_contact_field label=&#8217;Nombre&#8217; type=&#8217;text&#8217; options=\u00bb check=&#8217;is_empty&#8217; width=&#8217;element_half&#8217; av_uid=&#8217;av-29nwlvt&#8217;][\/av_contact_field]<br \/>\n[av_contact_field label=&#8217;Correo electr\u00f3nico&#8217; type=&#8217;text&#8217; options=\u00bb check=&#8217;is_email&#8217; width=&#8217;element_half&#8217; av_uid=&#8217;av-1mm2mx5&#8242;][\/av_contact_field]<br \/>\n[av_contact_field label=&#8217;Empresa&#8217; type=&#8217;text&#8217; options=\u00bb check=&#8217;is_empty&#8217; width=\u00bb av_uid=&#8217;av-15ff489&#8242;][\/av_contact_field]<br \/>\n[av_contact_field label=&#8217;Mensaje&#8217; type=&#8217;textarea&#8217; options=\u00bb multi_select=\u00bb av_contact_preselect=\u00bb check=&#8217;is_empty&#8217; width=\u00bb av_uid=&#8217;av-nnzkix&#8217;][\/av_contact_field]<br \/>\n[\/av_contact]<\/li>\n<\/ul>\n","protected":false},"excerpt":{"rendered":"<p>La mayor\u00eda de empresas no saben c\u00f3mo realizar un despido Muchas empresas hablan actualmente de la gesti\u00f3n por valores, se venden como entidades que abogan por el impacto positivo, el people centricity, el buen trato a las personas, el cuidado del medioambiente\u2026 Pues no. Mentira. Muchas s\u00ed son sinceras en estas reclamaciones, pero la mayor\u00eda [&hellip;]<\/p>\n","protected":false},"author":7,"featured_media":12911,"comment_status":"open","ping_status":"closed","sticky":false,"template":"","format":"standard","meta":{"_exactmetrics_skip_tracking":false,"_exactmetrics_sitenote_active":false,"_exactmetrics_sitenote_note":"","_exactmetrics_sitenote_category":0,"footnotes":""},"categories":[151,142,141,7,139],"tags":[688,686,622,689,687,656,193,654],"class_list":["post-12777","post","type-post","status-publish","format-standard","has-post-thumbnail","hentry","category-blog","category-cultura-de-empresa","category-gestion-por-valores","category-personal","category-rrhh","tag-ambiente","tag-despido","tag-humanizar","tag-manager","tag-personas","tag-recursoshumanos","tag-trabajo","tag-work"],"yoast_head":"<!-- This site is optimized with the Yoast SEO plugin v27.5 - https:\/\/yoast.com\/product\/yoast-seo-wordpress\/ -->\n<title>T\u00edtulo P\u00e1gina | Consultora de talento y selecci\u00f3n de personal | Ethikos &#8212; Ethikos<\/title>\n<meta name=\"description\" content=\"Muchas empresas hablan de la gesti\u00f3n por valores y venden que abogan por el impacto positivo pero luego fallan en el despido.\" \/>\n<meta name=\"robots\" content=\"index, follow, max-snippet:-1, max-image-preview:large, max-video-preview:-1\" \/>\n<link rel=\"canonical\" href=\"https:\/\/www.ethikos.es\/en\/como-despedir-a-alguien-por-valores\/\" \/>\n<meta property=\"og:locale\" content=\"en_US\" \/>\n<meta property=\"og:type\" content=\"article\" \/>\n<meta property=\"og:title\" content=\"T\u00edtulo P\u00e1gina | Consultora de talento y selecci\u00f3n de personal | Ethikos &#8212; Ethikos\" \/>\n<meta property=\"og:description\" content=\"Muchas empresas hablan de la gesti\u00f3n por valores y venden que abogan por el impacto positivo pero luego fallan en el despido.\" \/>\n<meta property=\"og:url\" content=\"https:\/\/www.ethikos.es\/en\/como-despedir-a-alguien-por-valores\/\" \/>\n<meta property=\"og:site_name\" content=\"Ethikos\" \/>\n<meta property=\"article:publisher\" content=\"http:\/\/www.facebook.com\/ethikos.es\/\" \/>\n<meta property=\"article:published_time\" content=\"2020-06-22T09:30:34+00:00\" \/>\n<meta property=\"article:modified_time\" content=\"2022-05-02T12:54:02+00:00\" \/>\n<meta property=\"og:image\" content=\"https:\/\/www.ethikos.es\/wp-content\/uploads\/2020\/06\/image-from-rawpixel-id-2204197-jpeg.jpg\" \/>\n\t<meta property=\"og:image:width\" content=\"1200\" \/>\n\t<meta property=\"og:image:height\" content=\"375\" \/>\n\t<meta property=\"og:image:type\" content=\"image\/jpeg\" \/>\n<meta name=\"author\" content=\"Anna Gascon\" \/>\n<meta name=\"twitter:card\" content=\"summary_large_image\" \/>\n<meta name=\"twitter:creator\" content=\"@Ethikos30\" \/>\n<meta name=\"twitter:site\" content=\"@Ethikos30\" \/>\n<meta name=\"twitter:label1\" content=\"Written by\" \/>\n\t<meta name=\"twitter:data1\" content=\"Anna Gascon\" \/>\n\t<meta name=\"twitter:label2\" content=\"Est. reading time\" \/>\n\t<meta name=\"twitter:data2\" content=\"6 minutes\" \/>\n<script type=\"application\/ld+json\" class=\"yoast-schema-graph\">{\"@context\":\"https:\\\/\\\/schema.org\",\"@graph\":[{\"@type\":\"Article\",\"@id\":\"https:\\\/\\\/www.ethikos.es\\\/en\\\/como-despedir-a-alguien-por-valores\\\/#article\",\"isPartOf\":{\"@id\":\"https:\\\/\\\/www.ethikos.es\\\/en\\\/como-despedir-a-alguien-por-valores\\\/\"},\"author\":{\"name\":\"Anna Gascon\",\"@id\":\"https:\\\/\\\/www.ethikos.es\\\/en\\\/#\\\/schema\\\/person\\\/c5274d315fb5f26a8d779d0573958460\"},\"headline\":\"6 tips para realizar un despido que no hunda a tus empleados\",\"datePublished\":\"2020-06-22T09:30:34+00:00\",\"dateModified\":\"2022-05-02T12:54:02+00:00\",\"mainEntityOfPage\":{\"@id\":\"https:\\\/\\\/www.ethikos.es\\\/en\\\/como-despedir-a-alguien-por-valores\\\/\"},\"wordCount\":1402,\"commentCount\":0,\"publisher\":{\"@id\":\"https:\\\/\\\/www.ethikos.es\\\/en\\\/#organization\"},\"image\":{\"@id\":\"https:\\\/\\\/www.ethikos.es\\\/en\\\/como-despedir-a-alguien-por-valores\\\/#primaryimage\"},\"thumbnailUrl\":\"https:\\\/\\\/www.ethikos.es\\\/wp-content\\\/uploads\\\/2020\\\/06\\\/image-from-rawpixel-id-2204197-jpeg.jpg\",\"keywords\":[\"ambiente\",\"despido\",\"humanizar\",\"manager\",\"personas\",\"recursoshumanos\",\"trabajo\",\"work\"],\"articleSection\":[\"Blog\",\"Cultura de empresa\",\"Gesti\u00f3n por valores\",\"Personal\",\"Recursos Humanos\"],\"inLanguage\":\"en-US\",\"potentialAction\":[{\"@type\":\"CommentAction\",\"name\":\"Comment\",\"target\":[\"https:\\\/\\\/www.ethikos.es\\\/en\\\/como-despedir-a-alguien-por-valores\\\/#respond\"]}]},{\"@type\":\"WebPage\",\"@id\":\"https:\\\/\\\/www.ethikos.es\\\/en\\\/como-despedir-a-alguien-por-valores\\\/\",\"url\":\"https:\\\/\\\/www.ethikos.es\\\/en\\\/como-despedir-a-alguien-por-valores\\\/\",\"name\":\"T\u00edtulo P\u00e1gina | Consultora de talento y selecci\u00f3n de personal | Ethikos &#8212; Ethikos\",\"isPartOf\":{\"@id\":\"https:\\\/\\\/www.ethikos.es\\\/en\\\/#website\"},\"primaryImageOfPage\":{\"@id\":\"https:\\\/\\\/www.ethikos.es\\\/en\\\/como-despedir-a-alguien-por-valores\\\/#primaryimage\"},\"image\":{\"@id\":\"https:\\\/\\\/www.ethikos.es\\\/en\\\/como-despedir-a-alguien-por-valores\\\/#primaryimage\"},\"thumbnailUrl\":\"https:\\\/\\\/www.ethikos.es\\\/wp-content\\\/uploads\\\/2020\\\/06\\\/image-from-rawpixel-id-2204197-jpeg.jpg\",\"datePublished\":\"2020-06-22T09:30:34+00:00\",\"dateModified\":\"2022-05-02T12:54:02+00:00\",\"description\":\"Muchas empresas hablan de la gesti\u00f3n por valores y venden que abogan por el impacto positivo pero luego fallan en el despido.\",\"breadcrumb\":{\"@id\":\"https:\\\/\\\/www.ethikos.es\\\/en\\\/como-despedir-a-alguien-por-valores\\\/#breadcrumb\"},\"inLanguage\":\"en-US\",\"potentialAction\":[{\"@type\":\"ReadAction\",\"target\":[\"https:\\\/\\\/www.ethikos.es\\\/en\\\/como-despedir-a-alguien-por-valores\\\/\"]}]},{\"@type\":\"ImageObject\",\"inLanguage\":\"en-US\",\"@id\":\"https:\\\/\\\/www.ethikos.es\\\/en\\\/como-despedir-a-alguien-por-valores\\\/#primaryimage\",\"url\":\"https:\\\/\\\/www.ethikos.es\\\/wp-content\\\/uploads\\\/2020\\\/06\\\/image-from-rawpixel-id-2204197-jpeg.jpg\",\"contentUrl\":\"https:\\\/\\\/www.ethikos.es\\\/wp-content\\\/uploads\\\/2020\\\/06\\\/image-from-rawpixel-id-2204197-jpeg.jpg\",\"width\":1200,\"height\":375,\"caption\":\"como despedir con valores\"},{\"@type\":\"BreadcrumbList\",\"@id\":\"https:\\\/\\\/www.ethikos.es\\\/en\\\/como-despedir-a-alguien-por-valores\\\/#breadcrumb\",\"itemListElement\":[{\"@type\":\"ListItem\",\"position\":1,\"name\":\"Portada\",\"item\":\"https:\\\/\\\/www.ethikos.es\\\/\"},{\"@type\":\"ListItem\",\"position\":2,\"name\":\"6 tips para realizar un despido que no hunda a tus empleados\"}]},{\"@type\":\"WebSite\",\"@id\":\"https:\\\/\\\/www.ethikos.es\\\/en\\\/#website\",\"url\":\"https:\\\/\\\/www.ethikos.es\\\/en\\\/\",\"name\":\"Ethikos 3.0\",\"description\":\"Ethikos es una consultora de transformaci\u00f3n organizacional especializada en cultura empresarial, liderazgo consciente y selecci\u00f3n por valores.\",\"publisher\":{\"@id\":\"https:\\\/\\\/www.ethikos.es\\\/en\\\/#organization\"},\"alternateName\":\"Ethikos Consultor\u00eda\",\"potentialAction\":[{\"@type\":\"SearchAction\",\"target\":{\"@type\":\"EntryPoint\",\"urlTemplate\":\"https:\\\/\\\/www.ethikos.es\\\/en\\\/?s={search_term_string}\"},\"query-input\":{\"@type\":\"PropertyValueSpecification\",\"valueRequired\":true,\"valueName\":\"search_term_string\"}}],\"inLanguage\":\"en-US\"},{\"@type\":\"Organization\",\"@id\":\"https:\\\/\\\/www.ethikos.es\\\/en\\\/#organization\",\"name\":\"Ethikos 3.0\",\"url\":\"https:\\\/\\\/www.ethikos.es\\\/en\\\/\",\"logo\":{\"@type\":\"ImageObject\",\"inLanguage\":\"en-US\",\"@id\":\"https:\\\/\\\/www.ethikos.es\\\/en\\\/#\\\/schema\\\/logo\\\/image\\\/\",\"url\":\"https:\\\/\\\/www.ethikos.es\\\/wp-content\\\/uploads\\\/2019\\\/01\\\/43606559961_5f343a820a_o.png\",\"contentUrl\":\"https:\\\/\\\/www.ethikos.es\\\/wp-content\\\/uploads\\\/2019\\\/01\\\/43606559961_5f343a820a_o.png\",\"width\":646,\"height\":218,\"caption\":\"Ethikos 3.0\"},\"image\":{\"@id\":\"https:\\\/\\\/www.ethikos.es\\\/en\\\/#\\\/schema\\\/logo\\\/image\\\/\"},\"sameAs\":[\"http:\\\/\\\/www.facebook.com\\\/ethikos.es\\\/\",\"https:\\\/\\\/x.com\\\/Ethikos30\",\"https:\\\/\\\/www.instagram.com\\\/ethikos_3.0\\\/\",\"https:\\\/\\\/www.linkedin.com\\\/company\\\/ethikos-3-0\\\/\"]},{\"@type\":\"Person\",\"@id\":\"https:\\\/\\\/www.ethikos.es\\\/en\\\/#\\\/schema\\\/person\\\/c5274d315fb5f26a8d779d0573958460\",\"name\":\"Anna Gascon\",\"image\":{\"@type\":\"ImageObject\",\"inLanguage\":\"en-US\",\"@id\":\"https:\\\/\\\/secure.gravatar.com\\\/avatar\\\/8480cd2f7709dc671e23dc7ca90c702498e86b4d9011e8ad1ae6f70903dc410c?s=96&d=mm&r=g\",\"url\":\"https:\\\/\\\/secure.gravatar.com\\\/avatar\\\/8480cd2f7709dc671e23dc7ca90c702498e86b4d9011e8ad1ae6f70903dc410c?s=96&d=mm&r=g\",\"contentUrl\":\"https:\\\/\\\/secure.gravatar.com\\\/avatar\\\/8480cd2f7709dc671e23dc7ca90c702498e86b4d9011e8ad1ae6f70903dc410c?s=96&d=mm&r=g\",\"caption\":\"Anna Gascon\"}}]}<\/script>\n<!-- \/ Yoast SEO plugin. -->","yoast_head_json":{"title":"T\u00edtulo P\u00e1gina | Consultora de talento y selecci\u00f3n de personal | Ethikos &#8212; Ethikos","description":"Muchas empresas hablan de la gesti\u00f3n por valores y venden que abogan por el impacto positivo pero luego fallan en el despido.","robots":{"index":"index","follow":"follow","max-snippet":"max-snippet:-1","max-image-preview":"max-image-preview:large","max-video-preview":"max-video-preview:-1"},"canonical":"https:\/\/www.ethikos.es\/en\/como-despedir-a-alguien-por-valores\/","og_locale":"en_US","og_type":"article","og_title":"T\u00edtulo P\u00e1gina | Consultora de talento y selecci\u00f3n de personal | Ethikos &#8212; Ethikos","og_description":"Muchas empresas hablan de la gesti\u00f3n por valores y venden que abogan por el impacto positivo pero luego fallan en el despido.","og_url":"https:\/\/www.ethikos.es\/en\/como-despedir-a-alguien-por-valores\/","og_site_name":"Ethikos","article_publisher":"http:\/\/www.facebook.com\/ethikos.es\/","article_published_time":"2020-06-22T09:30:34+00:00","article_modified_time":"2022-05-02T12:54:02+00:00","og_image":[{"width":1200,"height":375,"url":"https:\/\/www.ethikos.es\/wp-content\/uploads\/2020\/06\/image-from-rawpixel-id-2204197-jpeg.jpg","type":"image\/jpeg"}],"author":"Anna Gascon","twitter_card":"summary_large_image","twitter_creator":"@Ethikos30","twitter_site":"@Ethikos30","twitter_misc":{"Written by":"Anna Gascon","Est. reading time":"6 minutes"},"schema":{"@context":"https:\/\/schema.org","@graph":[{"@type":"Article","@id":"https:\/\/www.ethikos.es\/en\/como-despedir-a-alguien-por-valores\/#article","isPartOf":{"@id":"https:\/\/www.ethikos.es\/en\/como-despedir-a-alguien-por-valores\/"},"author":{"name":"Anna Gascon","@id":"https:\/\/www.ethikos.es\/en\/#\/schema\/person\/c5274d315fb5f26a8d779d0573958460"},"headline":"6 tips para realizar un despido que no hunda a tus empleados","datePublished":"2020-06-22T09:30:34+00:00","dateModified":"2022-05-02T12:54:02+00:00","mainEntityOfPage":{"@id":"https:\/\/www.ethikos.es\/en\/como-despedir-a-alguien-por-valores\/"},"wordCount":1402,"commentCount":0,"publisher":{"@id":"https:\/\/www.ethikos.es\/en\/#organization"},"image":{"@id":"https:\/\/www.ethikos.es\/en\/como-despedir-a-alguien-por-valores\/#primaryimage"},"thumbnailUrl":"https:\/\/www.ethikos.es\/wp-content\/uploads\/2020\/06\/image-from-rawpixel-id-2204197-jpeg.jpg","keywords":["ambiente","despido","humanizar","manager","personas","recursoshumanos","trabajo","work"],"articleSection":["Blog","Cultura de empresa","Gesti\u00f3n por valores","Personal","Recursos Humanos"],"inLanguage":"en-US","potentialAction":[{"@type":"CommentAction","name":"Comment","target":["https:\/\/www.ethikos.es\/en\/como-despedir-a-alguien-por-valores\/#respond"]}]},{"@type":"WebPage","@id":"https:\/\/www.ethikos.es\/en\/como-despedir-a-alguien-por-valores\/","url":"https:\/\/www.ethikos.es\/en\/como-despedir-a-alguien-por-valores\/","name":"T\u00edtulo P\u00e1gina | Consultora de talento y selecci\u00f3n de personal | Ethikos &#8212; Ethikos","isPartOf":{"@id":"https:\/\/www.ethikos.es\/en\/#website"},"primaryImageOfPage":{"@id":"https:\/\/www.ethikos.es\/en\/como-despedir-a-alguien-por-valores\/#primaryimage"},"image":{"@id":"https:\/\/www.ethikos.es\/en\/como-despedir-a-alguien-por-valores\/#primaryimage"},"thumbnailUrl":"https:\/\/www.ethikos.es\/wp-content\/uploads\/2020\/06\/image-from-rawpixel-id-2204197-jpeg.jpg","datePublished":"2020-06-22T09:30:34+00:00","dateModified":"2022-05-02T12:54:02+00:00","description":"Muchas empresas hablan de la gesti\u00f3n por valores y venden que abogan por el impacto positivo pero luego fallan en el despido.","breadcrumb":{"@id":"https:\/\/www.ethikos.es\/en\/como-despedir-a-alguien-por-valores\/#breadcrumb"},"inLanguage":"en-US","potentialAction":[{"@type":"ReadAction","target":["https:\/\/www.ethikos.es\/en\/como-despedir-a-alguien-por-valores\/"]}]},{"@type":"ImageObject","inLanguage":"en-US","@id":"https:\/\/www.ethikos.es\/en\/como-despedir-a-alguien-por-valores\/#primaryimage","url":"https:\/\/www.ethikos.es\/wp-content\/uploads\/2020\/06\/image-from-rawpixel-id-2204197-jpeg.jpg","contentUrl":"https:\/\/www.ethikos.es\/wp-content\/uploads\/2020\/06\/image-from-rawpixel-id-2204197-jpeg.jpg","width":1200,"height":375,"caption":"como despedir con valores"},{"@type":"BreadcrumbList","@id":"https:\/\/www.ethikos.es\/en\/como-despedir-a-alguien-por-valores\/#breadcrumb","itemListElement":[{"@type":"ListItem","position":1,"name":"Portada","item":"https:\/\/www.ethikos.es\/"},{"@type":"ListItem","position":2,"name":"6 tips para realizar un despido que no hunda a tus empleados"}]},{"@type":"WebSite","@id":"https:\/\/www.ethikos.es\/en\/#website","url":"https:\/\/www.ethikos.es\/en\/","name":"Ethikos 3.0","description":"Ethikos es una consultora de transformaci\u00f3n organizacional especializada en cultura empresarial, liderazgo consciente y selecci\u00f3n por valores.","publisher":{"@id":"https:\/\/www.ethikos.es\/en\/#organization"},"alternateName":"Ethikos Consultor\u00eda","potentialAction":[{"@type":"SearchAction","target":{"@type":"EntryPoint","urlTemplate":"https:\/\/www.ethikos.es\/en\/?s={search_term_string}"},"query-input":{"@type":"PropertyValueSpecification","valueRequired":true,"valueName":"search_term_string"}}],"inLanguage":"en-US"},{"@type":"Organization","@id":"https:\/\/www.ethikos.es\/en\/#organization","name":"Ethikos 3.0","url":"https:\/\/www.ethikos.es\/en\/","logo":{"@type":"ImageObject","inLanguage":"en-US","@id":"https:\/\/www.ethikos.es\/en\/#\/schema\/logo\/image\/","url":"https:\/\/www.ethikos.es\/wp-content\/uploads\/2019\/01\/43606559961_5f343a820a_o.png","contentUrl":"https:\/\/www.ethikos.es\/wp-content\/uploads\/2019\/01\/43606559961_5f343a820a_o.png","width":646,"height":218,"caption":"Ethikos 3.0"},"image":{"@id":"https:\/\/www.ethikos.es\/en\/#\/schema\/logo\/image\/"},"sameAs":["http:\/\/www.facebook.com\/ethikos.es\/","https:\/\/x.com\/Ethikos30","https:\/\/www.instagram.com\/ethikos_3.0\/","https:\/\/www.linkedin.com\/company\/ethikos-3-0\/"]},{"@type":"Person","@id":"https:\/\/www.ethikos.es\/en\/#\/schema\/person\/c5274d315fb5f26a8d779d0573958460","name":"Anna Gascon","image":{"@type":"ImageObject","inLanguage":"en-US","@id":"https:\/\/secure.gravatar.com\/avatar\/8480cd2f7709dc671e23dc7ca90c702498e86b4d9011e8ad1ae6f70903dc410c?s=96&d=mm&r=g","url":"https:\/\/secure.gravatar.com\/avatar\/8480cd2f7709dc671e23dc7ca90c702498e86b4d9011e8ad1ae6f70903dc410c?s=96&d=mm&r=g","contentUrl":"https:\/\/secure.gravatar.com\/avatar\/8480cd2f7709dc671e23dc7ca90c702498e86b4d9011e8ad1ae6f70903dc410c?s=96&d=mm&r=g","caption":"Anna Gascon"}}]}},"_links":{"self":[{"href":"https:\/\/www.ethikos.es\/en\/wp-json\/wp\/v2\/posts\/12777","targetHints":{"allow":["GET"]}}],"collection":[{"href":"https:\/\/www.ethikos.es\/en\/wp-json\/wp\/v2\/posts"}],"about":[{"href":"https:\/\/www.ethikos.es\/en\/wp-json\/wp\/v2\/types\/post"}],"author":[{"embeddable":true,"href":"https:\/\/www.ethikos.es\/en\/wp-json\/wp\/v2\/users\/7"}],"replies":[{"embeddable":true,"href":"https:\/\/www.ethikos.es\/en\/wp-json\/wp\/v2\/comments?post=12777"}],"version-history":[{"count":0,"href":"https:\/\/www.ethikos.es\/en\/wp-json\/wp\/v2\/posts\/12777\/revisions"}],"wp:featuredmedia":[{"embeddable":true,"href":"https:\/\/www.ethikos.es\/en\/wp-json\/wp\/v2\/media\/12911"}],"wp:attachment":[{"href":"https:\/\/www.ethikos.es\/en\/wp-json\/wp\/v2\/media?parent=12777"}],"wp:term":[{"taxonomy":"category","embeddable":true,"href":"https:\/\/www.ethikos.es\/en\/wp-json\/wp\/v2\/categories?post=12777"},{"taxonomy":"post_tag","embeddable":true,"href":"https:\/\/www.ethikos.es\/en\/wp-json\/wp\/v2\/tags?post=12777"}],"curies":[{"name":"wp","href":"https:\/\/api.w.org\/{rel}","templated":true}]}}