{"id":15473,"date":"2021-04-01T11:22:05","date_gmt":"2021-04-01T09:22:05","guid":{"rendered":"https:\/\/www.ethikos.es\/?p=15473"},"modified":"2021-04-01T11:23:24","modified_gmt":"2021-04-01T09:23:24","slug":"las-caretas-solo-para-carnavales-y-fiestas-de-disfraces","status":"publish","type":"post","link":"https:\/\/www.ethikos.es\/en\/las-caretas-solo-para-carnavales-y-fiestas-de-disfraces\/","title":{"rendered":"\u00bfLas caretas? Solo para carnavales y fiestas de disfraces"},"content":{"rendered":"<p>Podr\u00eda apostar que cuando veas este t\u00edtulo y comiences a leer, tu cara ser\u00eda de intentar averiguar de que va a tratar lo siguiente que leas. Spoiler alert: <strong>de procesos de selecci\u00f3n.<\/strong><\/p>\n<p>Ahora que ya he mencionado, y que ya habr\u00e1s pensado en alguna entrevista que hiciste o que te han hecho, podemos hablar de lo importante. <strong>\u00bfPor qu\u00e9 dejamos que nuestros procesos de selecci\u00f3n sean muchas veces una farsa o vamos a una entrevista sabiendo lo que nos van a responder?<\/strong><\/p>\n<p>La respuesta es sencilla: porque en los \u00faltimos 30 o 40 a\u00f1os se ha hecho as\u00ed. Pensar cuantas cosas han cambiado. Probablemente m\u00e1s de la mitad de las personas que est\u00e9n leyendo, no hab\u00edan nacido, pero para los que si hab\u00edan nacido\u2026 \u00bfpodr\u00edais imaginar que sigamos hablando con nuestros amigos con dos latas y un hilo&#x1f605;? En los procesos de selecci\u00f3n, salvo algunos avances tecnol\u00f3gicos, lo seguimos haciendo casi igual.<\/p>\n<p>Y lo podemos decir a esto, porque buscamos hace 40 a\u00f1os lo mismo en las personas: competencias t\u00e9cnicas, competencias transversales y experiencia. Todo esto est\u00e1 muy bien, y lo necesitamos sin lugar a duda, pero \u00bfqu\u00e9 pasa con la evoluci\u00f3n de las personas y las nuevas inquietudes que nos mueven?.<\/p>\n<p>Cada d\u00eda m\u00e1s personas buscan que su trabajo, no sea un trabajo, y cada d\u00eda m\u00e1s las organizaciones buscan personas m\u00e1s vinculadas a ellas que solamente por un salario. Y es aqu\u00ed donde nos damos cuenta qu\u00e9 las mismas metodolog\u00edas y herramientas para realizar los procesos de selecci\u00f3n, ya no nos alcanzan para satisfacer todos estos objetivos.<\/p>\n<h3>Mi primer experiencia en un proceso distinto<\/h3>\n<p>Para poder conocer a las personas, sus valores y su prop\u00f3sito, y entender como esas personas podr\u00e1n encajar culturalmente dentro de nuestra organizaci\u00f3n no es sencillo. Sin embargo, hace un poco m\u00e1s de dos a\u00f1os, <strong>me ha tocado ser parte de un proceso de selecci\u00f3n distinto.<\/strong> Y desde entonces, he aprendido no solo como funciona sino tambi\u00e9n como hacerlo, para hacer sentir a las personas de una forma distinta, y descubrir un poco m\u00e1s sobre ellas, para entender no solo si pueden realizar las tareas, sino como la realizar\u00e1n y que podr\u00e1n aportarle a la organizaci\u00f3n.<\/p>\n<p>\u00bfQu\u00e9 ha cambiado? Simplemente la forma en que se dio el proceso, desde la autenticidad, con un seguimiento constante y con una entrevista fuera de lo com\u00fan, con unas cartas y una charla donde en ning\u00fan momento tuve que leer mi CV y repetirlo, donde no hubo caretas ni m\u00e1scaras. Durante toda esa entrevista Germ\u00e1n Cuenca, CEO de Ethikos, me mostr\u00f3 tal cual ser\u00eda la organizaci\u00f3n y yo he podido mostrarle a \u00e9l, qui\u00e9n soy y como ser\u00eda dentro de la organizaci\u00f3n. No hubo preguntas preconcebidas ni aburridas, ha sido una charla\u2026 una charla donde luego comprend\u00ed, que no solo estaba buscando competencias, sino que estaba buscando mis valores y mi prop\u00f3sito. Una charla en la cual pude ser yo mismo, y responder de forma natural basado en la autenticidad.<\/p>\n<p>Esa charla, fue mi primer contacto con <a href=\"https:\/\/thevaluesquares.com\/\">TVS Methodology<\/a>, y sin saberlo, fue <strong>el primer acercamiento a una forma innovadora y distinta para hacer procesos de selecci\u00f3n<\/strong>. Hoy, m\u00e1s de 2 a\u00f1os despu\u00e9s y luego de realizar incontables procesos aplic\u00e1ndola, he perdido la cuenta de la cantidad de personas que me han agradecido por ser parte de un proceso distinto, aplicando una metodolog\u00eda innovadora, y en el cual nos proponemos innovar y revolucionar los procesos de selecci\u00f3n.<\/p>\n<p><strong>Dos a\u00f1os donde he sido parte de formaciones, de procesos de selecci\u00f3n, de entrevistas, de contacto con nuevos partners\u2026 pero siempre sin m\u00e1scaras, excepto para carnaval<\/strong> &#x1f609;<\/p>\n<p>\u00bfVosotros? \u00bfHab\u00e9is tenido alguna experiencia con un proceso innovador?<\/p>\n<p><a href=\"https:\/\/www.linkedin.com\/in\/rossolucasg\/\">Lucas Rosso<\/a><\/p>","protected":false},"excerpt":{"rendered":"<p>Podr\u00eda apostar que cuando veas este t\u00edtulo y comiences a leer, tu cara ser\u00eda de intentar averiguar de que va a tratar lo siguiente que leas. Spoiler alert: de procesos de selecci\u00f3n. Ahora que ya he mencionado, y que ya habr\u00e1s pensado en alguna entrevista que hiciste o que te han hecho, podemos hablar de [&hellip;]<\/p>\n","protected":false},"author":21,"featured_media":15474,"comment_status":"open","ping_status":"closed","sticky":false,"template":"","format":"standard","meta":{"_exactmetrics_skip_tracking":false,"_exactmetrics_sitenote_active":false,"_exactmetrics_sitenote_note":"","_exactmetrics_sitenote_category":0,"footnotes":""},"categories":[151],"tags":[],"class_list":["post-15473","post","type-post","status-publish","format-standard","has-post-thumbnail","hentry","category-blog"],"yoast_head":"<!-- This site is optimized with the Yoast SEO plugin v27.5 - https:\/\/yoast.com\/product\/yoast-seo-wordpress\/ -->\n<title>T\u00edtulo P\u00e1gina | Consultora de talento y selecci\u00f3n de personal | Ethikos &#8212; Ethikos<\/title>\n<meta name=\"description\" content=\"Art\u00edculos sobre selecci\u00f3n de personal, consultor\u00eda de talento, headhunting y liderazgo consciente. Insights y herramientas de Ethikos para atraer y seleccionar talento alineado con los valores de la empresa.\" \/>\n<meta name=\"robots\" content=\"index, follow, max-snippet:-1, max-image-preview:large, max-video-preview:-1\" \/>\n<link rel=\"canonical\" href=\"https:\/\/www.ethikos.es\/en\/las-caretas-solo-para-carnavales-y-fiestas-de-disfraces\/\" \/>\n<meta property=\"og:locale\" content=\"en_US\" \/>\n<meta property=\"og:type\" content=\"article\" \/>\n<meta property=\"og:title\" content=\"T\u00edtulo P\u00e1gina | Consultora de talento y selecci\u00f3n de personal | Ethikos &#8212; Ethikos\" \/>\n<meta property=\"og:description\" content=\"Art\u00edculos sobre selecci\u00f3n de personal, consultor\u00eda de talento, headhunting y liderazgo consciente. Insights y herramientas de Ethikos para atraer y seleccionar talento alineado con los valores de la empresa.\" \/>\n<meta property=\"og:url\" content=\"https:\/\/www.ethikos.es\/en\/las-caretas-solo-para-carnavales-y-fiestas-de-disfraces\/\" \/>\n<meta property=\"og:site_name\" content=\"Ethikos\" \/>\n<meta property=\"article:publisher\" content=\"http:\/\/www.facebook.com\/ethikos.es\/\" \/>\n<meta property=\"article:published_time\" content=\"2021-04-01T09:22:05+00:00\" \/>\n<meta property=\"article:modified_time\" content=\"2021-04-01T09:23:24+00:00\" \/>\n<meta property=\"og:image\" content=\"https:\/\/www.ethikos.es\/wp-content\/uploads\/2021\/04\/saul-bucio-nZc9lMYwOKk-unsplash.jpg\" \/>\n\t<meta property=\"og:image:width\" content=\"1920\" \/>\n\t<meta property=\"og:image:height\" content=\"712\" \/>\n\t<meta property=\"og:image:type\" content=\"image\/jpeg\" \/>\n<meta name=\"author\" content=\"alexandra.guldberg\" \/>\n<meta name=\"twitter:card\" content=\"summary_large_image\" \/>\n<meta name=\"twitter:creator\" content=\"@Ethikos30\" \/>\n<meta name=\"twitter:site\" content=\"@Ethikos30\" \/>\n<meta name=\"twitter:label1\" content=\"Written by\" \/>\n\t<meta name=\"twitter:data1\" content=\"alexandra.guldberg\" \/>\n\t<meta name=\"twitter:label2\" content=\"Est. reading time\" \/>\n\t<meta name=\"twitter:data2\" content=\"3 minutes\" \/>\n<script type=\"application\/ld+json\" class=\"yoast-schema-graph\">{\"@context\":\"https:\\\/\\\/schema.org\",\"@graph\":[{\"@type\":\"Article\",\"@id\":\"https:\\\/\\\/www.ethikos.es\\\/en\\\/las-caretas-solo-para-carnavales-y-fiestas-de-disfraces\\\/#article\",\"isPartOf\":{\"@id\":\"https:\\\/\\\/www.ethikos.es\\\/en\\\/las-caretas-solo-para-carnavales-y-fiestas-de-disfraces\\\/\"},\"author\":{\"name\":\"alexandra.guldberg\",\"@id\":\"https:\\\/\\\/www.ethikos.es\\\/en\\\/#\\\/schema\\\/person\\\/42497927bf7dc4ec49272f9539b73c09\"},\"headline\":\"\u00bfLas caretas? Solo para carnavales y fiestas de disfraces\",\"datePublished\":\"2021-04-01T09:22:05+00:00\",\"dateModified\":\"2021-04-01T09:23:24+00:00\",\"mainEntityOfPage\":{\"@id\":\"https:\\\/\\\/www.ethikos.es\\\/en\\\/las-caretas-solo-para-carnavales-y-fiestas-de-disfraces\\\/\"},\"wordCount\":671,\"commentCount\":0,\"publisher\":{\"@id\":\"https:\\\/\\\/www.ethikos.es\\\/en\\\/#organization\"},\"image\":{\"@id\":\"https:\\\/\\\/www.ethikos.es\\\/en\\\/las-caretas-solo-para-carnavales-y-fiestas-de-disfraces\\\/#primaryimage\"},\"thumbnailUrl\":\"https:\\\/\\\/www.ethikos.es\\\/wp-content\\\/uploads\\\/2021\\\/04\\\/saul-bucio-nZc9lMYwOKk-unsplash.jpg\",\"articleSection\":[\"Blog\"],\"inLanguage\":\"en-US\",\"potentialAction\":[{\"@type\":\"CommentAction\",\"name\":\"Comment\",\"target\":[\"https:\\\/\\\/www.ethikos.es\\\/en\\\/las-caretas-solo-para-carnavales-y-fiestas-de-disfraces\\\/#respond\"]}]},{\"@type\":\"WebPage\",\"@id\":\"https:\\\/\\\/www.ethikos.es\\\/en\\\/las-caretas-solo-para-carnavales-y-fiestas-de-disfraces\\\/\",\"url\":\"https:\\\/\\\/www.ethikos.es\\\/en\\\/las-caretas-solo-para-carnavales-y-fiestas-de-disfraces\\\/\",\"name\":\"T\u00edtulo P\u00e1gina | Consultora de talento y selecci\u00f3n de personal | Ethikos &#8212; Ethikos\",\"isPartOf\":{\"@id\":\"https:\\\/\\\/www.ethikos.es\\\/en\\\/#website\"},\"primaryImageOfPage\":{\"@id\":\"https:\\\/\\\/www.ethikos.es\\\/en\\\/las-caretas-solo-para-carnavales-y-fiestas-de-disfraces\\\/#primaryimage\"},\"image\":{\"@id\":\"https:\\\/\\\/www.ethikos.es\\\/en\\\/las-caretas-solo-para-carnavales-y-fiestas-de-disfraces\\\/#primaryimage\"},\"thumbnailUrl\":\"https:\\\/\\\/www.ethikos.es\\\/wp-content\\\/uploads\\\/2021\\\/04\\\/saul-bucio-nZc9lMYwOKk-unsplash.jpg\",\"datePublished\":\"2021-04-01T09:22:05+00:00\",\"dateModified\":\"2021-04-01T09:23:24+00:00\",\"description\":\"Art\u00edculos sobre selecci\u00f3n de personal, consultor\u00eda de talento, headhunting y liderazgo consciente. Insights y herramientas de Ethikos para atraer y seleccionar talento alineado con los valores de la empresa.\",\"breadcrumb\":{\"@id\":\"https:\\\/\\\/www.ethikos.es\\\/en\\\/las-caretas-solo-para-carnavales-y-fiestas-de-disfraces\\\/#breadcrumb\"},\"inLanguage\":\"en-US\",\"potentialAction\":[{\"@type\":\"ReadAction\",\"target\":[\"https:\\\/\\\/www.ethikos.es\\\/en\\\/las-caretas-solo-para-carnavales-y-fiestas-de-disfraces\\\/\"]}]},{\"@type\":\"ImageObject\",\"inLanguage\":\"en-US\",\"@id\":\"https:\\\/\\\/www.ethikos.es\\\/en\\\/las-caretas-solo-para-carnavales-y-fiestas-de-disfraces\\\/#primaryimage\",\"url\":\"https:\\\/\\\/www.ethikos.es\\\/wp-content\\\/uploads\\\/2021\\\/04\\\/saul-bucio-nZc9lMYwOKk-unsplash.jpg\",\"contentUrl\":\"https:\\\/\\\/www.ethikos.es\\\/wp-content\\\/uploads\\\/2021\\\/04\\\/saul-bucio-nZc9lMYwOKk-unsplash.jpg\",\"width\":1920,\"height\":712},{\"@type\":\"BreadcrumbList\",\"@id\":\"https:\\\/\\\/www.ethikos.es\\\/en\\\/las-caretas-solo-para-carnavales-y-fiestas-de-disfraces\\\/#breadcrumb\",\"itemListElement\":[{\"@type\":\"ListItem\",\"position\":1,\"name\":\"Portada\",\"item\":\"https:\\\/\\\/www.ethikos.es\\\/\"},{\"@type\":\"ListItem\",\"position\":2,\"name\":\"\u00bfLas caretas? Solo para carnavales y fiestas de disfraces\"}]},{\"@type\":\"WebSite\",\"@id\":\"https:\\\/\\\/www.ethikos.es\\\/en\\\/#website\",\"url\":\"https:\\\/\\\/www.ethikos.es\\\/en\\\/\",\"name\":\"Ethikos 3.0\",\"description\":\"Ethikos es una consultora de transformaci\u00f3n organizacional especializada en cultura empresarial, liderazgo consciente y selecci\u00f3n por valores.\",\"publisher\":{\"@id\":\"https:\\\/\\\/www.ethikos.es\\\/en\\\/#organization\"},\"alternateName\":\"Ethikos Consultor\u00eda\",\"potentialAction\":[{\"@type\":\"SearchAction\",\"target\":{\"@type\":\"EntryPoint\",\"urlTemplate\":\"https:\\\/\\\/www.ethikos.es\\\/en\\\/?s={search_term_string}\"},\"query-input\":{\"@type\":\"PropertyValueSpecification\",\"valueRequired\":true,\"valueName\":\"search_term_string\"}}],\"inLanguage\":\"en-US\"},{\"@type\":\"Organization\",\"@id\":\"https:\\\/\\\/www.ethikos.es\\\/en\\\/#organization\",\"name\":\"Ethikos 3.0\",\"url\":\"https:\\\/\\\/www.ethikos.es\\\/en\\\/\",\"logo\":{\"@type\":\"ImageObject\",\"inLanguage\":\"en-US\",\"@id\":\"https:\\\/\\\/www.ethikos.es\\\/en\\\/#\\\/schema\\\/logo\\\/image\\\/\",\"url\":\"https:\\\/\\\/www.ethikos.es\\\/wp-content\\\/uploads\\\/2019\\\/01\\\/43606559961_5f343a820a_o.png\",\"contentUrl\":\"https:\\\/\\\/www.ethikos.es\\\/wp-content\\\/uploads\\\/2019\\\/01\\\/43606559961_5f343a820a_o.png\",\"width\":646,\"height\":218,\"caption\":\"Ethikos 3.0\"},\"image\":{\"@id\":\"https:\\\/\\\/www.ethikos.es\\\/en\\\/#\\\/schema\\\/logo\\\/image\\\/\"},\"sameAs\":[\"http:\\\/\\\/www.facebook.com\\\/ethikos.es\\\/\",\"https:\\\/\\\/x.com\\\/Ethikos30\",\"https:\\\/\\\/www.instagram.com\\\/ethikos_3.0\\\/\",\"https:\\\/\\\/www.linkedin.com\\\/company\\\/ethikos-3-0\\\/\"]},{\"@type\":\"Person\",\"@id\":\"https:\\\/\\\/www.ethikos.es\\\/en\\\/#\\\/schema\\\/person\\\/42497927bf7dc4ec49272f9539b73c09\",\"name\":\"alexandra.guldberg\",\"image\":{\"@type\":\"ImageObject\",\"inLanguage\":\"en-US\",\"@id\":\"https:\\\/\\\/secure.gravatar.com\\\/avatar\\\/2759471252d647c5a026aa036549973b6f0f211daaf0268da6d017a68aeda83e?s=96&d=mm&r=g\",\"url\":\"https:\\\/\\\/secure.gravatar.com\\\/avatar\\\/2759471252d647c5a026aa036549973b6f0f211daaf0268da6d017a68aeda83e?s=96&d=mm&r=g\",\"contentUrl\":\"https:\\\/\\\/secure.gravatar.com\\\/avatar\\\/2759471252d647c5a026aa036549973b6f0f211daaf0268da6d017a68aeda83e?s=96&d=mm&r=g\",\"caption\":\"alexandra.guldberg\"}}]}<\/script>\n<!-- \/ Yoast SEO plugin. -->","yoast_head_json":{"title":"T\u00edtulo P\u00e1gina | Consultora de talento y selecci\u00f3n de personal | Ethikos &#8212; Ethikos","description":"Art\u00edculos sobre selecci\u00f3n de personal, consultor\u00eda de talento, headhunting y liderazgo consciente. Insights y herramientas de Ethikos para atraer y seleccionar talento alineado con los valores de la empresa.","robots":{"index":"index","follow":"follow","max-snippet":"max-snippet:-1","max-image-preview":"max-image-preview:large","max-video-preview":"max-video-preview:-1"},"canonical":"https:\/\/www.ethikos.es\/en\/las-caretas-solo-para-carnavales-y-fiestas-de-disfraces\/","og_locale":"en_US","og_type":"article","og_title":"T\u00edtulo P\u00e1gina | Consultora de talento y selecci\u00f3n de personal | Ethikos &#8212; Ethikos","og_description":"Art\u00edculos sobre selecci\u00f3n de personal, consultor\u00eda de talento, headhunting y liderazgo consciente. Insights y herramientas de Ethikos para atraer y seleccionar talento alineado con los valores de la empresa.","og_url":"https:\/\/www.ethikos.es\/en\/las-caretas-solo-para-carnavales-y-fiestas-de-disfraces\/","og_site_name":"Ethikos","article_publisher":"http:\/\/www.facebook.com\/ethikos.es\/","article_published_time":"2021-04-01T09:22:05+00:00","article_modified_time":"2021-04-01T09:23:24+00:00","og_image":[{"width":1920,"height":712,"url":"https:\/\/www.ethikos.es\/wp-content\/uploads\/2021\/04\/saul-bucio-nZc9lMYwOKk-unsplash.jpg","type":"image\/jpeg"}],"author":"alexandra.guldberg","twitter_card":"summary_large_image","twitter_creator":"@Ethikos30","twitter_site":"@Ethikos30","twitter_misc":{"Written by":"alexandra.guldberg","Est. reading time":"3 minutes"},"schema":{"@context":"https:\/\/schema.org","@graph":[{"@type":"Article","@id":"https:\/\/www.ethikos.es\/en\/las-caretas-solo-para-carnavales-y-fiestas-de-disfraces\/#article","isPartOf":{"@id":"https:\/\/www.ethikos.es\/en\/las-caretas-solo-para-carnavales-y-fiestas-de-disfraces\/"},"author":{"name":"alexandra.guldberg","@id":"https:\/\/www.ethikos.es\/en\/#\/schema\/person\/42497927bf7dc4ec49272f9539b73c09"},"headline":"\u00bfLas caretas? Solo para carnavales y fiestas de disfraces","datePublished":"2021-04-01T09:22:05+00:00","dateModified":"2021-04-01T09:23:24+00:00","mainEntityOfPage":{"@id":"https:\/\/www.ethikos.es\/en\/las-caretas-solo-para-carnavales-y-fiestas-de-disfraces\/"},"wordCount":671,"commentCount":0,"publisher":{"@id":"https:\/\/www.ethikos.es\/en\/#organization"},"image":{"@id":"https:\/\/www.ethikos.es\/en\/las-caretas-solo-para-carnavales-y-fiestas-de-disfraces\/#primaryimage"},"thumbnailUrl":"https:\/\/www.ethikos.es\/wp-content\/uploads\/2021\/04\/saul-bucio-nZc9lMYwOKk-unsplash.jpg","articleSection":["Blog"],"inLanguage":"en-US","potentialAction":[{"@type":"CommentAction","name":"Comment","target":["https:\/\/www.ethikos.es\/en\/las-caretas-solo-para-carnavales-y-fiestas-de-disfraces\/#respond"]}]},{"@type":"WebPage","@id":"https:\/\/www.ethikos.es\/en\/las-caretas-solo-para-carnavales-y-fiestas-de-disfraces\/","url":"https:\/\/www.ethikos.es\/en\/las-caretas-solo-para-carnavales-y-fiestas-de-disfraces\/","name":"T\u00edtulo P\u00e1gina | Consultora de talento y selecci\u00f3n de personal | Ethikos &#8212; Ethikos","isPartOf":{"@id":"https:\/\/www.ethikos.es\/en\/#website"},"primaryImageOfPage":{"@id":"https:\/\/www.ethikos.es\/en\/las-caretas-solo-para-carnavales-y-fiestas-de-disfraces\/#primaryimage"},"image":{"@id":"https:\/\/www.ethikos.es\/en\/las-caretas-solo-para-carnavales-y-fiestas-de-disfraces\/#primaryimage"},"thumbnailUrl":"https:\/\/www.ethikos.es\/wp-content\/uploads\/2021\/04\/saul-bucio-nZc9lMYwOKk-unsplash.jpg","datePublished":"2021-04-01T09:22:05+00:00","dateModified":"2021-04-01T09:23:24+00:00","description":"Art\u00edculos sobre selecci\u00f3n de personal, consultor\u00eda de talento, headhunting y liderazgo consciente. Insights y herramientas de Ethikos para atraer y seleccionar talento alineado con los valores de la empresa.","breadcrumb":{"@id":"https:\/\/www.ethikos.es\/en\/las-caretas-solo-para-carnavales-y-fiestas-de-disfraces\/#breadcrumb"},"inLanguage":"en-US","potentialAction":[{"@type":"ReadAction","target":["https:\/\/www.ethikos.es\/en\/las-caretas-solo-para-carnavales-y-fiestas-de-disfraces\/"]}]},{"@type":"ImageObject","inLanguage":"en-US","@id":"https:\/\/www.ethikos.es\/en\/las-caretas-solo-para-carnavales-y-fiestas-de-disfraces\/#primaryimage","url":"https:\/\/www.ethikos.es\/wp-content\/uploads\/2021\/04\/saul-bucio-nZc9lMYwOKk-unsplash.jpg","contentUrl":"https:\/\/www.ethikos.es\/wp-content\/uploads\/2021\/04\/saul-bucio-nZc9lMYwOKk-unsplash.jpg","width":1920,"height":712},{"@type":"BreadcrumbList","@id":"https:\/\/www.ethikos.es\/en\/las-caretas-solo-para-carnavales-y-fiestas-de-disfraces\/#breadcrumb","itemListElement":[{"@type":"ListItem","position":1,"name":"Portada","item":"https:\/\/www.ethikos.es\/"},{"@type":"ListItem","position":2,"name":"\u00bfLas caretas? Solo para carnavales y fiestas de disfraces"}]},{"@type":"WebSite","@id":"https:\/\/www.ethikos.es\/en\/#website","url":"https:\/\/www.ethikos.es\/en\/","name":"Ethikos 3.0","description":"Ethikos es una consultora de transformaci\u00f3n organizacional especializada en cultura empresarial, liderazgo consciente y selecci\u00f3n por valores.","publisher":{"@id":"https:\/\/www.ethikos.es\/en\/#organization"},"alternateName":"Ethikos Consultor\u00eda","potentialAction":[{"@type":"SearchAction","target":{"@type":"EntryPoint","urlTemplate":"https:\/\/www.ethikos.es\/en\/?s={search_term_string}"},"query-input":{"@type":"PropertyValueSpecification","valueRequired":true,"valueName":"search_term_string"}}],"inLanguage":"en-US"},{"@type":"Organization","@id":"https:\/\/www.ethikos.es\/en\/#organization","name":"Ethikos 3.0","url":"https:\/\/www.ethikos.es\/en\/","logo":{"@type":"ImageObject","inLanguage":"en-US","@id":"https:\/\/www.ethikos.es\/en\/#\/schema\/logo\/image\/","url":"https:\/\/www.ethikos.es\/wp-content\/uploads\/2019\/01\/43606559961_5f343a820a_o.png","contentUrl":"https:\/\/www.ethikos.es\/wp-content\/uploads\/2019\/01\/43606559961_5f343a820a_o.png","width":646,"height":218,"caption":"Ethikos 3.0"},"image":{"@id":"https:\/\/www.ethikos.es\/en\/#\/schema\/logo\/image\/"},"sameAs":["http:\/\/www.facebook.com\/ethikos.es\/","https:\/\/x.com\/Ethikos30","https:\/\/www.instagram.com\/ethikos_3.0\/","https:\/\/www.linkedin.com\/company\/ethikos-3-0\/"]},{"@type":"Person","@id":"https:\/\/www.ethikos.es\/en\/#\/schema\/person\/42497927bf7dc4ec49272f9539b73c09","name":"alexandra.guldberg","image":{"@type":"ImageObject","inLanguage":"en-US","@id":"https:\/\/secure.gravatar.com\/avatar\/2759471252d647c5a026aa036549973b6f0f211daaf0268da6d017a68aeda83e?s=96&d=mm&r=g","url":"https:\/\/secure.gravatar.com\/avatar\/2759471252d647c5a026aa036549973b6f0f211daaf0268da6d017a68aeda83e?s=96&d=mm&r=g","contentUrl":"https:\/\/secure.gravatar.com\/avatar\/2759471252d647c5a026aa036549973b6f0f211daaf0268da6d017a68aeda83e?s=96&d=mm&r=g","caption":"alexandra.guldberg"}}]}},"_links":{"self":[{"href":"https:\/\/www.ethikos.es\/en\/wp-json\/wp\/v2\/posts\/15473","targetHints":{"allow":["GET"]}}],"collection":[{"href":"https:\/\/www.ethikos.es\/en\/wp-json\/wp\/v2\/posts"}],"about":[{"href":"https:\/\/www.ethikos.es\/en\/wp-json\/wp\/v2\/types\/post"}],"author":[{"embeddable":true,"href":"https:\/\/www.ethikos.es\/en\/wp-json\/wp\/v2\/users\/21"}],"replies":[{"embeddable":true,"href":"https:\/\/www.ethikos.es\/en\/wp-json\/wp\/v2\/comments?post=15473"}],"version-history":[{"count":0,"href":"https:\/\/www.ethikos.es\/en\/wp-json\/wp\/v2\/posts\/15473\/revisions"}],"wp:featuredmedia":[{"embeddable":true,"href":"https:\/\/www.ethikos.es\/en\/wp-json\/wp\/v2\/media\/15474"}],"wp:attachment":[{"href":"https:\/\/www.ethikos.es\/en\/wp-json\/wp\/v2\/media?parent=15473"}],"wp:term":[{"taxonomy":"category","embeddable":true,"href":"https:\/\/www.ethikos.es\/en\/wp-json\/wp\/v2\/categories?post=15473"},{"taxonomy":"post_tag","embeddable":true,"href":"https:\/\/www.ethikos.es\/en\/wp-json\/wp\/v2\/tags?post=15473"}],"curies":[{"name":"wp","href":"https:\/\/api.w.org\/{rel}","templated":true}]}}