{"id":15675,"date":"2022-10-04T07:05:55","date_gmt":"2022-10-04T05:05:55","guid":{"rendered":"https:\/\/www.ethikos.es\/inicio\/?p=15675"},"modified":"2022-10-04T11:56:35","modified_gmt":"2022-10-04T09:56:35","slug":"employer-branding-lo-estamos-haciendo-mal","status":"publish","type":"post","link":"https:\/\/www.ethikos.es\/en\/employer-branding-y-sus-efectos-negativos\/","title":{"rendered":"Employer branding: \u00bflo estamos haciendo bien?"},"content":{"rendered":"<p>All\u00ed en la zona com\u00fan entre las \u00e1reas de Recursos Humanos y Marketing, encontramos este concepto, tan conocido c\u00f3mo valorado por las empresas, \u201cemployer branding\u201d o marca de empleador.<\/p>\n<p>Definido por Richard Mosley como:<\/p>\n<p><em>\u201cEl amplio espectro de pensamientos y sentimientos con los que la gente asocia a un empleador, tanto positivos como negativos, tanto verdaderos como falsos. Basados en la experiencia directa o indirecta\u00bb<\/em>. Ya lo dec\u00edamos en nuestro diccionario de RRHH, es en gran parte <em>\u201cel reflejo de las acciones de la organizaci\u00f3n para con sus colaboradores\u201d.<\/em><\/p>\n<p>Tanto buena c\u00f3mo mala, todas las empresas tienen una marca empleadora. En la vida, y por lo tanto en las empresas tambi\u00e9n, lo que haces comunica y <strong>lo que no haces tambi\u00e9n<\/strong>. De manera que para poder gestionar una marca empleadora correctamente has de trazar un plan de acci\u00f3n que te permita alcanzar la imagen que buscas. Para con tus trabajadores tanto actuales como potenciales.<\/p>\n<h2><strong>\u00bfUn mal Employer branding?<\/strong><\/h2>\n<p>Una de las frases claves en la definici\u00f3n de Employer branding, es \u201cbasados en la experiencia\u201d. Con esto nos referimos a que podemos comunicar muchas cosas, pero no podemos olvidarnos del d\u00eda a d\u00eda, de lo que viven y sienten cada uno de nuestros trabajadores que al fin y al cabo son nuestro p\u00fablico objetivo.<\/p>\n<p>Como dec\u00edamos al principio, Employer branding es (o deber\u00eda ser) una zona com\u00fan entre marketing y recursos humanos. <strong>Es (o deber\u00eda ser) la relaci\u00f3n arm\u00f3nica y coherente entre marca y cultura. <\/strong><\/p>\n<p>Aunque sea dif\u00edcil de creer, todav\u00eda existen organizaciones que los ven c\u00f3mo dos elementos por separado y que trabajan haciendo foco en el branding sin pensar lo que ocurre puertas adentro. <strong>En el 80% de las empresas con las que trabajamos, los valores de marca no coinciden con los valores reales que sus trabajadores viven en el d\u00eda a d\u00eda.<\/strong>\u00a0Una historia similar a la que sucede cuando confundimos el prop\u00f3sito con un slogan de marca.<\/p>\n<h3>El peligro de la incoherencia<\/h3>\n<p>Muy lejos de los objetivos que queremos alcanzar cuando trabajamos en nuestra marca empleadora, si no lo vinculamos con el an\u00e1lisis de la cultura y la experiencia real de los trabajadores, conseguiremos todo lo contrario. Y vamos al ejemplo m\u00e1s b\u00e1sico. Si vuestros trabajadores ven en la web, en las redes y en las paredes de la oficina que vuestros valores son la <strong>flexibilidad<\/strong>, la <strong>empat\u00eda<\/strong> y el <strong>amor<\/strong>, pero cuando piden salir una hora antes para buscar a su peque del cole, les dec\u00eds que no\u2026 pues, mal vamos. Y no se trata solamente de menos horas, menos trabajo.<\/p>\n<p>Pongamos el ejemplo de que uno de los valores de tu empresa es crecimiento, pero en el d\u00eda a d\u00eda, no destin\u00e1is tiempo ni dinero a generar posibilidades reales de desarrollo para las personas. Sucede lo mismo. En dos ejemplos tan b\u00e1sicos (y a su vez tan frecuentes), pod\u00e9is imaginar todos los efectos negativos que esa incoherencia trae consigo. Crear\u00e9is falta de confianza, poca credibilidad, falta de ilusi\u00f3n, bajada de la productividad, del rendimiento y, a la larga, mayor rotaci\u00f3n.<\/p>\n<h2><strong>C\u00f3mo gestionarlo<\/strong><\/h2>\n<p>El trabajo conjunto de las dos \u00e1reas, marketing y recursos humanos es clave en este aspecto.<strong> Recordad: vincular marca y cultura de una forma coherente y alineada.<\/strong><\/p>\n<p>Comenzad por obtener informaci\u00f3n valiosa sobre la cultura, los valores, el prop\u00f3sito de las personas que forman parte de vuestra organizaci\u00f3n (en t\u00e9rminos de marketing conocer y entender a nuestro p\u00fablico objetivo). En funci\u00f3n de eso pensad acciones, destinadas a mejorar la propuesta de valor que ofrecemos como empresa (Employee Value Proposition) y la experiencia de empleado (Employee Experience). Con ese an\u00e1lisis y trabajo interno, tendr\u00e1s hecha la mitad del trabajo para desarrollar tu marca empleadora. Pero, adem\u00e1s, tendr\u00e1s las bases m\u00e1s importantes para pensar y definir acciones de comunicaci\u00f3n, tanto interna como externa, que alimenten tu marca, alineada a la cultura.<\/p>\n<p>Por \u00faltimo, pero no menos importante: no olvid\u00e9is definir KPI\u2019s representativos que os permitan medir los resultados de las acciones que implement\u00e1is. Clima laboral, rotaci\u00f3n, rendimiento, motivaci\u00f3n, facilidad para conseguir el talento que necesit\u00e1is.<\/p>\n<p>Mejorar\u00e1n seguro, pero no olvid\u00e9is la clave: coherencia.<\/p>\n<p><strong>En Ethikos lo sabemos bien, por ello hemos desarrollado una consultor\u00eda especializada en \u00abEmployer Branding\u00bb para organizaciones con impacto:<\/strong> <a href=\"https:\/\/www.ethikos.es\/mensaje-de-contacto\/\">Mensaje de contacto &#8211; Ethikos<\/a><\/p>\n<p>&nbsp;<\/p>\n<p>&nbsp;<\/p>\n<p><strong>Cuenta con nosotros si necesitas asesor\u00eda en gesti\u00f3n de personas o servicios de recruitment:\u00a0<\/strong><a href=\"https:\/\/www.ethikos.es\/mensaje-de-contacto\/\">Primer Contacto \u2013 Ethikos<\/a><\/p>\n<p><strong>Encuentra las mejores oportunidades laborales del mercado<\/strong>:\u00a0<a href=\"https:\/\/jobs.ethikos.es\/jobs\">Una carrera profesional \u00fanica \u2013 Ethikos<\/a><\/p>\n<p><strong>No te pierdas nuestro programa formativo \u00abSelecci\u00f3n por valores en el Metaverso\u00bb: <a href=\"https:\/\/www.ethikos.es\/programas-formativos-y-eventos\/\">Programas formativos y eventos &#8211; Ethikos<\/a><\/strong><\/p>","protected":false},"excerpt":{"rendered":"<p>All\u00ed en la zona com\u00fan entre las \u00e1reas de Recursos Humanos y Marketing, encontramos este concepto, tan conocido c\u00f3mo valorado por las empresas, \u201cemployer branding\u201d o marca de empleador. Definido por Richard Mosley como: \u201cEl amplio espectro de pensamientos y sentimientos con los que la gente asocia a un empleador, tanto positivos como negativos, tanto [&hellip;]<\/p>\n","protected":false},"author":21,"featured_media":18488,"comment_status":"open","ping_status":"closed","sticky":false,"template":"","format":"standard","meta":{"_exactmetrics_skip_tracking":false,"_exactmetrics_sitenote_active":false,"_exactmetrics_sitenote_note":"","_exactmetrics_sitenote_category":0,"footnotes":""},"categories":[151,142,139],"tags":[],"class_list":["post-15675","post","type-post","status-publish","format-standard","has-post-thumbnail","hentry","category-blog","category-cultura-de-empresa","category-rrhh"],"yoast_head":"<!-- This site is optimized with the Yoast SEO plugin v27.5 - https:\/\/yoast.com\/product\/yoast-seo-wordpress\/ -->\n<title>T\u00edtulo P\u00e1gina | Consultora de talento y selecci\u00f3n de personal | Ethikos &#8212; Ethikos<\/title>\n<meta name=\"description\" content=\"El employer branding deber\u00eda ser una zona com\u00fan entre marketing y recursos humanos, la relaci\u00f3n arm\u00f3nica y coherente entre marca y cultura.\" \/>\n<meta name=\"robots\" content=\"index, follow, max-snippet:-1, max-image-preview:large, max-video-preview:-1\" \/>\n<link rel=\"canonical\" href=\"https:\/\/www.ethikos.es\/en\/employer-branding-y-sus-efectos-negativos\/\" \/>\n<meta property=\"og:locale\" content=\"en_US\" \/>\n<meta property=\"og:type\" content=\"article\" \/>\n<meta property=\"og:title\" content=\"T\u00edtulo P\u00e1gina | Consultora de talento y selecci\u00f3n de personal | Ethikos &#8212; Ethikos\" \/>\n<meta property=\"og:description\" content=\"El employer branding deber\u00eda ser una zona com\u00fan entre marketing y recursos humanos, la relaci\u00f3n arm\u00f3nica y coherente entre marca y cultura.\" \/>\n<meta property=\"og:url\" content=\"https:\/\/www.ethikos.es\/en\/employer-branding-y-sus-efectos-negativos\/\" \/>\n<meta property=\"og:site_name\" content=\"Ethikos\" \/>\n<meta property=\"article:publisher\" content=\"http:\/\/www.facebook.com\/ethikos.es\/\" \/>\n<meta property=\"article:published_time\" content=\"2022-10-04T05:05:55+00:00\" \/>\n<meta property=\"article:modified_time\" content=\"2022-10-04T09:56:35+00:00\" \/>\n<meta property=\"og:image\" content=\"https:\/\/www.ethikos.es\/wp-content\/uploads\/2021\/04\/employer-branding.png\" \/>\n\t<meta property=\"og:image:width\" content=\"1280\" \/>\n\t<meta property=\"og:image:height\" content=\"720\" \/>\n\t<meta property=\"og:image:type\" content=\"image\/png\" \/>\n<meta name=\"author\" content=\"alexandra.guldberg\" \/>\n<meta name=\"twitter:card\" content=\"summary_large_image\" \/>\n<meta name=\"twitter:creator\" content=\"@Ethikos30\" \/>\n<meta name=\"twitter:site\" content=\"@Ethikos30\" \/>\n<meta name=\"twitter:label1\" content=\"Written by\" \/>\n\t<meta name=\"twitter:data1\" content=\"alexandra.guldberg\" \/>\n\t<meta name=\"twitter:label2\" content=\"Est. reading time\" \/>\n\t<meta name=\"twitter:data2\" content=\"4 minutes\" \/>\n<script type=\"application\/ld+json\" class=\"yoast-schema-graph\">{\"@context\":\"https:\\\/\\\/schema.org\",\"@graph\":[{\"@type\":\"Article\",\"@id\":\"https:\\\/\\\/www.ethikos.es\\\/en\\\/employer-branding-y-sus-efectos-negativos\\\/#article\",\"isPartOf\":{\"@id\":\"https:\\\/\\\/www.ethikos.es\\\/en\\\/employer-branding-y-sus-efectos-negativos\\\/\"},\"author\":{\"name\":\"alexandra.guldberg\",\"@id\":\"https:\\\/\\\/www.ethikos.es\\\/en\\\/#\\\/schema\\\/person\\\/42497927bf7dc4ec49272f9539b73c09\"},\"headline\":\"Employer branding: \u00bflo estamos haciendo bien?\",\"datePublished\":\"2022-10-04T05:05:55+00:00\",\"dateModified\":\"2022-10-04T09:56:35+00:00\",\"mainEntityOfPage\":{\"@id\":\"https:\\\/\\\/www.ethikos.es\\\/en\\\/employer-branding-y-sus-efectos-negativos\\\/\"},\"wordCount\":818,\"commentCount\":0,\"publisher\":{\"@id\":\"https:\\\/\\\/www.ethikos.es\\\/en\\\/#organization\"},\"image\":{\"@id\":\"https:\\\/\\\/www.ethikos.es\\\/en\\\/employer-branding-y-sus-efectos-negativos\\\/#primaryimage\"},\"thumbnailUrl\":\"https:\\\/\\\/www.ethikos.es\\\/wp-content\\\/uploads\\\/2021\\\/04\\\/employer-branding.png\",\"articleSection\":[\"Blog\",\"Cultura de empresa\",\"Recursos Humanos\"],\"inLanguage\":\"en-US\",\"potentialAction\":[{\"@type\":\"CommentAction\",\"name\":\"Comment\",\"target\":[\"https:\\\/\\\/www.ethikos.es\\\/en\\\/employer-branding-y-sus-efectos-negativos\\\/#respond\"]}]},{\"@type\":\"WebPage\",\"@id\":\"https:\\\/\\\/www.ethikos.es\\\/en\\\/employer-branding-y-sus-efectos-negativos\\\/\",\"url\":\"https:\\\/\\\/www.ethikos.es\\\/en\\\/employer-branding-y-sus-efectos-negativos\\\/\",\"name\":\"T\u00edtulo P\u00e1gina | Consultora de talento y selecci\u00f3n de personal | Ethikos &#8212; Ethikos\",\"isPartOf\":{\"@id\":\"https:\\\/\\\/www.ethikos.es\\\/en\\\/#website\"},\"primaryImageOfPage\":{\"@id\":\"https:\\\/\\\/www.ethikos.es\\\/en\\\/employer-branding-y-sus-efectos-negativos\\\/#primaryimage\"},\"image\":{\"@id\":\"https:\\\/\\\/www.ethikos.es\\\/en\\\/employer-branding-y-sus-efectos-negativos\\\/#primaryimage\"},\"thumbnailUrl\":\"https:\\\/\\\/www.ethikos.es\\\/wp-content\\\/uploads\\\/2021\\\/04\\\/employer-branding.png\",\"datePublished\":\"2022-10-04T05:05:55+00:00\",\"dateModified\":\"2022-10-04T09:56:35+00:00\",\"description\":\"El employer branding deber\u00eda ser una zona com\u00fan entre marketing y recursos humanos, la relaci\u00f3n arm\u00f3nica y coherente entre marca y cultura.\",\"breadcrumb\":{\"@id\":\"https:\\\/\\\/www.ethikos.es\\\/en\\\/employer-branding-y-sus-efectos-negativos\\\/#breadcrumb\"},\"inLanguage\":\"en-US\",\"potentialAction\":[{\"@type\":\"ReadAction\",\"target\":[\"https:\\\/\\\/www.ethikos.es\\\/en\\\/employer-branding-y-sus-efectos-negativos\\\/\"]}]},{\"@type\":\"ImageObject\",\"inLanguage\":\"en-US\",\"@id\":\"https:\\\/\\\/www.ethikos.es\\\/en\\\/employer-branding-y-sus-efectos-negativos\\\/#primaryimage\",\"url\":\"https:\\\/\\\/www.ethikos.es\\\/wp-content\\\/uploads\\\/2021\\\/04\\\/employer-branding.png\",\"contentUrl\":\"https:\\\/\\\/www.ethikos.es\\\/wp-content\\\/uploads\\\/2021\\\/04\\\/employer-branding.png\",\"width\":1280,\"height\":720},{\"@type\":\"BreadcrumbList\",\"@id\":\"https:\\\/\\\/www.ethikos.es\\\/en\\\/employer-branding-y-sus-efectos-negativos\\\/#breadcrumb\",\"itemListElement\":[{\"@type\":\"ListItem\",\"position\":1,\"name\":\"Portada\",\"item\":\"https:\\\/\\\/www.ethikos.es\\\/\"},{\"@type\":\"ListItem\",\"position\":2,\"name\":\"Employer branding: \u00bflo estamos haciendo bien?\"}]},{\"@type\":\"WebSite\",\"@id\":\"https:\\\/\\\/www.ethikos.es\\\/en\\\/#website\",\"url\":\"https:\\\/\\\/www.ethikos.es\\\/en\\\/\",\"name\":\"Ethikos 3.0\",\"description\":\"Ethikos es una consultora de transformaci\u00f3n organizacional especializada en cultura empresarial, liderazgo consciente y selecci\u00f3n por valores.\",\"publisher\":{\"@id\":\"https:\\\/\\\/www.ethikos.es\\\/en\\\/#organization\"},\"alternateName\":\"Ethikos Consultor\u00eda\",\"potentialAction\":[{\"@type\":\"SearchAction\",\"target\":{\"@type\":\"EntryPoint\",\"urlTemplate\":\"https:\\\/\\\/www.ethikos.es\\\/en\\\/?s={search_term_string}\"},\"query-input\":{\"@type\":\"PropertyValueSpecification\",\"valueRequired\":true,\"valueName\":\"search_term_string\"}}],\"inLanguage\":\"en-US\"},{\"@type\":\"Organization\",\"@id\":\"https:\\\/\\\/www.ethikos.es\\\/en\\\/#organization\",\"name\":\"Ethikos 3.0\",\"url\":\"https:\\\/\\\/www.ethikos.es\\\/en\\\/\",\"logo\":{\"@type\":\"ImageObject\",\"inLanguage\":\"en-US\",\"@id\":\"https:\\\/\\\/www.ethikos.es\\\/en\\\/#\\\/schema\\\/logo\\\/image\\\/\",\"url\":\"https:\\\/\\\/www.ethikos.es\\\/wp-content\\\/uploads\\\/2019\\\/01\\\/43606559961_5f343a820a_o.png\",\"contentUrl\":\"https:\\\/\\\/www.ethikos.es\\\/wp-content\\\/uploads\\\/2019\\\/01\\\/43606559961_5f343a820a_o.png\",\"width\":646,\"height\":218,\"caption\":\"Ethikos 3.0\"},\"image\":{\"@id\":\"https:\\\/\\\/www.ethikos.es\\\/en\\\/#\\\/schema\\\/logo\\\/image\\\/\"},\"sameAs\":[\"http:\\\/\\\/www.facebook.com\\\/ethikos.es\\\/\",\"https:\\\/\\\/x.com\\\/Ethikos30\",\"https:\\\/\\\/www.instagram.com\\\/ethikos_3.0\\\/\",\"https:\\\/\\\/www.linkedin.com\\\/company\\\/ethikos-3-0\\\/\"]},{\"@type\":\"Person\",\"@id\":\"https:\\\/\\\/www.ethikos.es\\\/en\\\/#\\\/schema\\\/person\\\/42497927bf7dc4ec49272f9539b73c09\",\"name\":\"alexandra.guldberg\",\"image\":{\"@type\":\"ImageObject\",\"inLanguage\":\"en-US\",\"@id\":\"https:\\\/\\\/secure.gravatar.com\\\/avatar\\\/2759471252d647c5a026aa036549973b6f0f211daaf0268da6d017a68aeda83e?s=96&d=mm&r=g\",\"url\":\"https:\\\/\\\/secure.gravatar.com\\\/avatar\\\/2759471252d647c5a026aa036549973b6f0f211daaf0268da6d017a68aeda83e?s=96&d=mm&r=g\",\"contentUrl\":\"https:\\\/\\\/secure.gravatar.com\\\/avatar\\\/2759471252d647c5a026aa036549973b6f0f211daaf0268da6d017a68aeda83e?s=96&d=mm&r=g\",\"caption\":\"alexandra.guldberg\"}}]}<\/script>\n<!-- \/ Yoast SEO plugin. -->","yoast_head_json":{"title":"T\u00edtulo P\u00e1gina | Consultora de talento y selecci\u00f3n de personal | Ethikos &#8212; Ethikos","description":"El employer branding deber\u00eda ser una zona com\u00fan entre marketing y recursos humanos, la relaci\u00f3n arm\u00f3nica y coherente entre marca y cultura.","robots":{"index":"index","follow":"follow","max-snippet":"max-snippet:-1","max-image-preview":"max-image-preview:large","max-video-preview":"max-video-preview:-1"},"canonical":"https:\/\/www.ethikos.es\/en\/employer-branding-y-sus-efectos-negativos\/","og_locale":"en_US","og_type":"article","og_title":"T\u00edtulo P\u00e1gina | Consultora de talento y selecci\u00f3n de personal | Ethikos &#8212; Ethikos","og_description":"El employer branding deber\u00eda ser una zona com\u00fan entre marketing y recursos humanos, la relaci\u00f3n arm\u00f3nica y coherente entre marca y cultura.","og_url":"https:\/\/www.ethikos.es\/en\/employer-branding-y-sus-efectos-negativos\/","og_site_name":"Ethikos","article_publisher":"http:\/\/www.facebook.com\/ethikos.es\/","article_published_time":"2022-10-04T05:05:55+00:00","article_modified_time":"2022-10-04T09:56:35+00:00","og_image":[{"width":1280,"height":720,"url":"https:\/\/www.ethikos.es\/wp-content\/uploads\/2021\/04\/employer-branding.png","type":"image\/png"}],"author":"alexandra.guldberg","twitter_card":"summary_large_image","twitter_creator":"@Ethikos30","twitter_site":"@Ethikos30","twitter_misc":{"Written by":"alexandra.guldberg","Est. reading time":"4 minutes"},"schema":{"@context":"https:\/\/schema.org","@graph":[{"@type":"Article","@id":"https:\/\/www.ethikos.es\/en\/employer-branding-y-sus-efectos-negativos\/#article","isPartOf":{"@id":"https:\/\/www.ethikos.es\/en\/employer-branding-y-sus-efectos-negativos\/"},"author":{"name":"alexandra.guldberg","@id":"https:\/\/www.ethikos.es\/en\/#\/schema\/person\/42497927bf7dc4ec49272f9539b73c09"},"headline":"Employer branding: \u00bflo estamos haciendo bien?","datePublished":"2022-10-04T05:05:55+00:00","dateModified":"2022-10-04T09:56:35+00:00","mainEntityOfPage":{"@id":"https:\/\/www.ethikos.es\/en\/employer-branding-y-sus-efectos-negativos\/"},"wordCount":818,"commentCount":0,"publisher":{"@id":"https:\/\/www.ethikos.es\/en\/#organization"},"image":{"@id":"https:\/\/www.ethikos.es\/en\/employer-branding-y-sus-efectos-negativos\/#primaryimage"},"thumbnailUrl":"https:\/\/www.ethikos.es\/wp-content\/uploads\/2021\/04\/employer-branding.png","articleSection":["Blog","Cultura de empresa","Recursos Humanos"],"inLanguage":"en-US","potentialAction":[{"@type":"CommentAction","name":"Comment","target":["https:\/\/www.ethikos.es\/en\/employer-branding-y-sus-efectos-negativos\/#respond"]}]},{"@type":"WebPage","@id":"https:\/\/www.ethikos.es\/en\/employer-branding-y-sus-efectos-negativos\/","url":"https:\/\/www.ethikos.es\/en\/employer-branding-y-sus-efectos-negativos\/","name":"T\u00edtulo P\u00e1gina | Consultora de talento y selecci\u00f3n de personal | Ethikos &#8212; Ethikos","isPartOf":{"@id":"https:\/\/www.ethikos.es\/en\/#website"},"primaryImageOfPage":{"@id":"https:\/\/www.ethikos.es\/en\/employer-branding-y-sus-efectos-negativos\/#primaryimage"},"image":{"@id":"https:\/\/www.ethikos.es\/en\/employer-branding-y-sus-efectos-negativos\/#primaryimage"},"thumbnailUrl":"https:\/\/www.ethikos.es\/wp-content\/uploads\/2021\/04\/employer-branding.png","datePublished":"2022-10-04T05:05:55+00:00","dateModified":"2022-10-04T09:56:35+00:00","description":"El employer branding deber\u00eda ser una zona com\u00fan entre marketing y recursos humanos, la relaci\u00f3n arm\u00f3nica y coherente entre marca y cultura.","breadcrumb":{"@id":"https:\/\/www.ethikos.es\/en\/employer-branding-y-sus-efectos-negativos\/#breadcrumb"},"inLanguage":"en-US","potentialAction":[{"@type":"ReadAction","target":["https:\/\/www.ethikos.es\/en\/employer-branding-y-sus-efectos-negativos\/"]}]},{"@type":"ImageObject","inLanguage":"en-US","@id":"https:\/\/www.ethikos.es\/en\/employer-branding-y-sus-efectos-negativos\/#primaryimage","url":"https:\/\/www.ethikos.es\/wp-content\/uploads\/2021\/04\/employer-branding.png","contentUrl":"https:\/\/www.ethikos.es\/wp-content\/uploads\/2021\/04\/employer-branding.png","width":1280,"height":720},{"@type":"BreadcrumbList","@id":"https:\/\/www.ethikos.es\/en\/employer-branding-y-sus-efectos-negativos\/#breadcrumb","itemListElement":[{"@type":"ListItem","position":1,"name":"Portada","item":"https:\/\/www.ethikos.es\/"},{"@type":"ListItem","position":2,"name":"Employer branding: \u00bflo estamos haciendo bien?"}]},{"@type":"WebSite","@id":"https:\/\/www.ethikos.es\/en\/#website","url":"https:\/\/www.ethikos.es\/en\/","name":"Ethikos 3.0","description":"Ethikos es una consultora de transformaci\u00f3n organizacional especializada en cultura empresarial, liderazgo consciente y selecci\u00f3n por valores.","publisher":{"@id":"https:\/\/www.ethikos.es\/en\/#organization"},"alternateName":"Ethikos Consultor\u00eda","potentialAction":[{"@type":"SearchAction","target":{"@type":"EntryPoint","urlTemplate":"https:\/\/www.ethikos.es\/en\/?s={search_term_string}"},"query-input":{"@type":"PropertyValueSpecification","valueRequired":true,"valueName":"search_term_string"}}],"inLanguage":"en-US"},{"@type":"Organization","@id":"https:\/\/www.ethikos.es\/en\/#organization","name":"Ethikos 3.0","url":"https:\/\/www.ethikos.es\/en\/","logo":{"@type":"ImageObject","inLanguage":"en-US","@id":"https:\/\/www.ethikos.es\/en\/#\/schema\/logo\/image\/","url":"https:\/\/www.ethikos.es\/wp-content\/uploads\/2019\/01\/43606559961_5f343a820a_o.png","contentUrl":"https:\/\/www.ethikos.es\/wp-content\/uploads\/2019\/01\/43606559961_5f343a820a_o.png","width":646,"height":218,"caption":"Ethikos 3.0"},"image":{"@id":"https:\/\/www.ethikos.es\/en\/#\/schema\/logo\/image\/"},"sameAs":["http:\/\/www.facebook.com\/ethikos.es\/","https:\/\/x.com\/Ethikos30","https:\/\/www.instagram.com\/ethikos_3.0\/","https:\/\/www.linkedin.com\/company\/ethikos-3-0\/"]},{"@type":"Person","@id":"https:\/\/www.ethikos.es\/en\/#\/schema\/person\/42497927bf7dc4ec49272f9539b73c09","name":"alexandra.guldberg","image":{"@type":"ImageObject","inLanguage":"en-US","@id":"https:\/\/secure.gravatar.com\/avatar\/2759471252d647c5a026aa036549973b6f0f211daaf0268da6d017a68aeda83e?s=96&d=mm&r=g","url":"https:\/\/secure.gravatar.com\/avatar\/2759471252d647c5a026aa036549973b6f0f211daaf0268da6d017a68aeda83e?s=96&d=mm&r=g","contentUrl":"https:\/\/secure.gravatar.com\/avatar\/2759471252d647c5a026aa036549973b6f0f211daaf0268da6d017a68aeda83e?s=96&d=mm&r=g","caption":"alexandra.guldberg"}}]}},"_links":{"self":[{"href":"https:\/\/www.ethikos.es\/en\/wp-json\/wp\/v2\/posts\/15675","targetHints":{"allow":["GET"]}}],"collection":[{"href":"https:\/\/www.ethikos.es\/en\/wp-json\/wp\/v2\/posts"}],"about":[{"href":"https:\/\/www.ethikos.es\/en\/wp-json\/wp\/v2\/types\/post"}],"author":[{"embeddable":true,"href":"https:\/\/www.ethikos.es\/en\/wp-json\/wp\/v2\/users\/21"}],"replies":[{"embeddable":true,"href":"https:\/\/www.ethikos.es\/en\/wp-json\/wp\/v2\/comments?post=15675"}],"version-history":[{"count":0,"href":"https:\/\/www.ethikos.es\/en\/wp-json\/wp\/v2\/posts\/15675\/revisions"}],"wp:featuredmedia":[{"embeddable":true,"href":"https:\/\/www.ethikos.es\/en\/wp-json\/wp\/v2\/media\/18488"}],"wp:attachment":[{"href":"https:\/\/www.ethikos.es\/en\/wp-json\/wp\/v2\/media?parent=15675"}],"wp:term":[{"taxonomy":"category","embeddable":true,"href":"https:\/\/www.ethikos.es\/en\/wp-json\/wp\/v2\/categories?post=15675"},{"taxonomy":"post_tag","embeddable":true,"href":"https:\/\/www.ethikos.es\/en\/wp-json\/wp\/v2\/tags?post=15675"}],"curies":[{"name":"wp","href":"https:\/\/api.w.org\/{rel}","templated":true}]}}