{"id":16752,"date":"2022-02-11T09:42:30","date_gmt":"2022-02-11T08:42:30","guid":{"rendered":"https:\/\/www.ethikos.es\/?p=16752"},"modified":"2022-02-11T09:42:30","modified_gmt":"2022-02-11T08:42:30","slug":"dia-internacional-de-la-mujer-y-la-nina-en-la-ciencia","status":"publish","type":"post","link":"https:\/\/www.ethikos.es\/en\/dia-internacional-de-la-mujer-y-la-nina-en-la-ciencia\/","title":{"rendered":"D\u00eda Internacional de la mujer y la ni\u00f1a en la ciencia"},"content":{"rendered":"<h3><span data-contrast=\"auto\"> El 11 de febrero reivindicamos el papel de las mujeres en la historia de la ciencia<\/span><span data-ccp-props=\"{&quot;201341983&quot;:0,&quot;335559739&quot;:160,&quot;335559740&quot;:259}\">\u00a0<\/span><\/h3>\n<p><span data-contrast=\"none\">El <\/span><a href=\"https:\/\/www.un.org\/en\/observances\/women-and-girls-in-science-day\"><span data-contrast=\"none\">D\u00eda Internacional de la Mujer y la Ni\u00f1a en la Ciencia<\/span><\/a><span data-contrast=\"none\"> se celebra cada a\u00f1o el 11 de febrero desde que la ONU lo aprob\u00f3 en 2016 con el objetivo de lograr la participaci\u00f3n plena y equitativa de mujeres y ni\u00f1as en el mundo cient\u00edfico. Tambi\u00e9n sirve como recordatorio y reivindicaci\u00f3n del papel crucial que ellas han tenido en la historia de la ciencia, frecuentemente silenciado y negado por el machismo imperante que hist\u00f3ricamente ha dominado esta \u00e1rea del saber.<\/span><span data-ccp-props=\"{&quot;201341983&quot;:0,&quot;335551550&quot;:6,&quot;335551620&quot;:6,&quot;335559739&quot;:160,&quot;335559740&quot;:259}\">\u00a0<\/span><\/p>\n<p><span data-contrast=\"auto\">Las mujeres han estado durante toda la historia infrarrepresentadas en el \u00e1mbito cient\u00edfico y t\u00e9cnico, siendo su presencia en el mundo STEM -ciencia, tecnolog\u00eda, ingenier\u00eda y matem\u00e1ticas en sus siglas en ingl\u00e9s- como algo frenado, tapado e incluso perseguido, con mayor o menor intensidad en funci\u00f3n de la \u00e9poca, pero de una forma constante. Actualmente, pese a los constantes avances, lo siguen estando. Sobre todo en el \u00e1rea tecnol\u00f3gica del mundo laboral.<\/span><span data-ccp-props=\"{&quot;201341983&quot;:0,&quot;335551550&quot;:6,&quot;335551620&quot;:6,&quot;335559739&quot;:160,&quot;335559740&quot;:259}\">\u00a0<\/span><\/p>\n<p><span data-contrast=\"auto\">La presencia de mujeres en materiales educativos STEM en Espa\u00f1a actualmente no llega al 8%, algo totalmente injusto teniendo en cuenta la importancia que han tenido estas y el silenciamiento perpetuo que han sufrido. Esta omisi\u00f3n ha sido descrita y teorizada y se conoce como el <\/span><a href=\"https:\/\/www.jstor.org\/stable\/285482\"><i><span data-contrast=\"none\">Efecto Matilda<\/span><\/i><\/a><span data-contrast=\"auto\">, expresi\u00f3n acu\u00f1ada en 1993 por la historiadora Margaret W. Rossiter, que populariz\u00f3 la lucha por el reconocimiento hist\u00f3rico de personas que cayeron en el olvido por el simple hecho de ser mujeres.\u00a0<\/span><span data-ccp-props=\"{&quot;201341983&quot;:0,&quot;335551550&quot;:6,&quot;335551620&quot;:6,&quot;335559739&quot;:160,&quot;335559740&quot;:259}\">\u00a0<\/span><\/p>\n<p><span data-contrast=\"auto\">Rossiter dedic\u00f3 su vida a documentar las vidas de las abandonadas por los libros de historia desde su posici\u00f3n como profesora en la Universidad Cornell. Para ella hab\u00eda excepciones como la Premio Nobel Marie Curie que s\u00ed eran mundialmente conocidas, pero lo m\u00e1s com\u00fan es que las grandes mujeres de la ciencia quedaran en el olvido.<\/span><span data-ccp-props=\"{&quot;201341983&quot;:0,&quot;335551550&quot;:6,&quot;335551620&quot;:6,&quot;335559739&quot;:160,&quot;335559740&quot;:259}\">\u00a0<\/span><\/p>\n<p><span data-contrast=\"auto\">Quien inspir\u00f3 el nombre del \u201cEfecto Matilda\u201d tambi\u00e9n fue una de tantas desde\u00f1adas: Matilda Joslyn Gage. Ella, a su vez, fue una pionera en denunciar el sistem\u00e1tico silenciamiento al que se somet\u00edan las mujeres en el mundo cient\u00edfico. Gage tambi\u00e9n fue una destacada luchadora en el derecho al voto, pero en este aspecto tambi\u00e9n sufri\u00f3 un acallamiento hist\u00f3rico, sus propias compa\u00f1eras (lleg\u00f3 a co-escribir con Elizabeth Cady Stanton, Susan B. Anthony, e Ida Husted Harper el libro <\/span><i><span data-contrast=\"auto\">History of Woman Suffrage)<\/span><\/i><span data-contrast=\"auto\"> la apartaron debido a disputas personales.<\/span><span data-ccp-props=\"{&quot;201341983&quot;:0,&quot;335551550&quot;:6,&quot;335551620&quot;:6,&quot;335559739&quot;:160,&quot;335559740&quot;:259}\">\u00a0<\/span><\/p>\n<p><span data-contrast=\"auto\">En 2021 la Asociaci\u00f3n de Mujeres Investigadoras y Tecn\u00f3logas (<\/span><a href=\"https:\/\/www.amit-es.org\/\"><span data-contrast=\"none\">AMIT<\/span><\/a><span data-contrast=\"auto\">) de Espa\u00f1a realiz\u00f3 una campa\u00f1a relacionada con este fen\u00f3meno. <\/span><i><span data-contrast=\"auto\">\u00abNo more Matildas\u201d<\/span><\/i><span data-contrast=\"auto\"> naci\u00f3 con la intenci\u00f3n de dar a conocerlo, as\u00ed como sus perniciosos efectos para la sociedad. Carmen Fenoll, presidenta de la asociaci\u00f3n, asever\u00f3 para BBC lo siguiente: <\/span><i><span data-contrast=\"auto\">\u00abYa iba siendo hora de que se recuperen tantas figuras perdidas, no solo porque es de justicia hist\u00f3rica, sino porque pueden ser modelos que cambien para siempre la percepci\u00f3n que tienen las ni\u00f1as acera de la ciencia y lo adecuadas que son para ellas\u00bb<\/span><\/i><span data-contrast=\"auto\">.\u00a0<\/span><span data-ccp-props=\"{&quot;201341983&quot;:0,&quot;335551550&quot;:6,&quot;335551620&quot;:6,&quot;335559739&quot;:160,&quot;335559740&quot;:259}\">\u00a0<\/span><\/p>\n<p><span data-contrast=\"auto\">Esta iniciativa consigui\u00f3 rescatar del olvido a mujeres que no pudieron convertirse en el espejo sobre el que mirarse para las ni\u00f1as a lo largo de la historia, que desde peque\u00f1as fueron criadas en la creencia de que la ciencia era un mundo exclusivamente masculino.<\/span><span data-ccp-props=\"{&quot;201341983&quot;:0,&quot;335551550&quot;:6,&quot;335551620&quot;:6,&quot;335559739&quot;:160,&quot;335559740&quot;:259}\">\u00a0<\/span><\/p>\n<p><span data-contrast=\"auto\">Seg\u00fan la ONU las mujeres son menos de un 30% de todos los investigadores cient\u00edficos mundiales y solo el 3% de los Nobel cient\u00edficos los han recibido ellas.<\/span><span data-ccp-props=\"{&quot;201341983&quot;:0,&quot;335551550&quot;:6,&quot;335551620&quot;:6,&quot;335559739&quot;:160,&quot;335559740&quot;:259}\">\u00a0<\/span><\/p>\n<p><span data-contrast=\"auto\">Por otro lado, la situaci\u00f3n de la mujer sigue siendo de desigualdad y la pandemia acrecent\u00f3 este fen\u00f3meno. Seg\u00fan afirma el Ministerio de Ciencia e Innovaci\u00f3n de Espa\u00f1a, el 40% de las cient\u00edficas tuvo que dedicar un tiempo considerable a los cuidados de hijos y padres, mientras que tan solo el 15% de los hombres lo hizo.<\/span><span data-ccp-props=\"{&quot;201341983&quot;:0,&quot;335551550&quot;:6,&quot;335551620&quot;:6,&quot;335559739&quot;:160,&quot;335559740&quot;:259}\">\u00a0<\/span><\/p>\n<p><span data-contrast=\"auto\">En lo que se refiere a la brecha salarial, a\u00fan siguen existiendo diferencias palpables. Seg\u00fan el informe <\/span><a href=\"https:\/\/op.europa.eu\/en\/web\/eu-law-and-publications\/publication-detail\/-\/publication\/67d5a207-4da1-11ec-91ac-01aa75ed71a1\"><i><span data-contrast=\"none\">She Figures 2021: Gender in Research and Innovation. Statistics and Indicators<\/span><\/i><\/a><span data-contrast=\"auto\">, elaborado por la Comisi\u00f3n Europea, las mujeres cient\u00edficas que trabajan en el \u00e1mbito I+D en la UE llegan a ganar un 17% menos que sus hom\u00f3logos.\u00a0<\/span><span data-ccp-props=\"{&quot;201341983&quot;:0,&quot;335551550&quot;:6,&quot;335551620&quot;:6,&quot;335559739&quot;:160,&quot;335559740&quot;:259}\">\u00a0<\/span><\/p>\n<p><span data-contrast=\"auto\">Pero tambi\u00e9n hay datos positivos, seg\u00fan el mismo informe, durante la \u00faltima d\u00e9cada ha habido significativos desarrollos en la UE para cerrar la brecha de g\u00e9nero en la representaci\u00f3n de las mujeres en los doctorados del \u00e1mbito cient\u00edfico. La proporci\u00f3n de mujeres graduadas como doctoras en la actualidad ha alcanzado casi la ansiada paridad, seg\u00fan el estudio antes citado.<\/span><span data-ccp-props=\"{&quot;201341983&quot;:0,&quot;335551550&quot;:6,&quot;335551620&quot;:6,&quot;335559739&quot;:160,&quot;335559740&quot;:259}\">\u00a0<\/span><\/p>\n<p><b><span data-contrast=\"auto\">Mujeres que hicieron historia<\/span><\/b><span data-ccp-props=\"{&quot;201341983&quot;:0,&quot;335559739&quot;:160,&quot;335559740&quot;:259}\">\u00a0<\/span><\/p>\n<p><span data-contrast=\"auto\">En la historia de la ciencia ha habido muchas mujeres que han dejado huella y contribuido al avance cient\u00edfico de la humanidad, aqu\u00ed exponemos diversos ejemplos de mentes extraordinarias que, en mayor o menor medida, sufrieron el \u201cEfecto Matilda\u201d.<\/span><span data-ccp-props=\"{&quot;201341983&quot;:0,&quot;335551550&quot;:6,&quot;335551620&quot;:6,&quot;335559739&quot;:160,&quot;335559740&quot;:259}\">\u00a0<\/span><\/p>\n<p><b><span data-contrast=\"auto\">Mileva Mari\u0107, coautora de la Teor\u00eda de la Relatividad<\/span><\/b><span data-ccp-props=\"{&quot;201341983&quot;:0,&quot;335559739&quot;:160,&quot;335559740&quot;:259}\">\u00a0<\/span><\/p>\n<p><span data-contrast=\"auto\">Mileva naci\u00f3 en Titel, actual Serbia y por aquel entonces a\u00fan parte del imperio Austroh\u00fangaro, el a\u00f1o 1875. Hist\u00f3ricamente ha sido conocida como la primera mujer de Einstein, pero su contribuci\u00f3n a la historia de la ciencia y, por ende, de la humanidad, fue mucho m\u00e1s all\u00e1, siendo una parte vital en la consecuci\u00f3n de la teor\u00eda de la relatividad. Es otra de tantas mujeres que pudo haber ganado el Premio Nobel, pero el contexto social de la \u00e9poca se lo puso imposible por ser mujer.<\/span> <span data-contrast=\"auto\">Al final de su vida se dedic\u00f3 a impartir clases de matem\u00e1ticas, m\u00fasica y f\u00edsica.<\/span><span data-ccp-props=\"{&quot;201341983&quot;:0,&quot;335551550&quot;:6,&quot;335551620&quot;:6,&quot;335559739&quot;:160,&quot;335559740&quot;:259}\">\u00a0<\/span><\/p>\n<p><span data-contrast=\"auto\">Su participaci\u00f3n en la teor\u00eda de la relatividad ya es de consenso en la comunidad cient\u00edfica, e incluso hay te\u00f3ricos \u2013como Evan Harris\u2013 que aseveran que esta teor\u00eda empez\u00f3 con una tesis que Mileva escribi\u00f3 y present\u00f3 en el Instituto Polit\u00e9cnico de Z\u00farich. Mientras que su marido pudo terminar el doctorado, ella tuvo que dejarlo al quedarse embarazada y tener que adecuarse a los est\u00e1ndares de conducta de la \u00e9poca. Lo que es incontestable es que ella tuvo una importancia capital en la consecuci\u00f3n de la conocida como mayor obra de Albert Einstein, sobre todo en el desarrollo de las f\u00f3rmulas matem\u00e1ticas, \u00e1mbito en el que era muy superior a su marido.<\/span><span data-ccp-props=\"{&quot;201341983&quot;:0,&quot;335551550&quot;:6,&quot;335551620&quot;:6,&quot;335559739&quot;:160,&quot;335559740&quot;:259}\">\u00a0<\/span><\/p>\n<p><b><span data-contrast=\"auto\">Hipatia de Alejandr\u00eda, emblema del pensamiento cl\u00e1sico<\/span><\/b><span data-ccp-props=\"{&quot;201341983&quot;:0,&quot;335551550&quot;:6,&quot;335551620&quot;:6,&quot;335559739&quot;:160,&quot;335559740&quot;:259}\">\u00a0<\/span><\/p>\n<p><span data-contrast=\"auto\">Hipatia (370-415) fue una fil\u00f3sofa neoplat\u00f3nica griega, natural de Egipto. Naci\u00f3 en Alejandr\u00eda, perteneciente en esos momentos al Imperio Romano y emblema de la civilizaci\u00f3n grecorromana. Se la considera la primera mujer astr\u00f3noma con una vida entregada a la ciencia.\u00a0<\/span><span data-ccp-props=\"{&quot;201341983&quot;:0,&quot;335551550&quot;:6,&quot;335551620&quot;:6,&quot;335559739&quot;:160,&quot;335559740&quot;:259}\">\u00a0<\/span><\/p>\n<p><span data-contrast=\"auto\">Tuvo una gran cantidad de disc\u00edpulos, ejerciendo como distinguida profesora en matem\u00e1ticas, filosof\u00eda y astronom\u00eda. Fue considerada una de las mentes m\u00e1s brillantes de su tiempo y goz\u00f3 del reconocimiento y admiraci\u00f3n del mundo cient\u00edfico pese a vivir en una \u00e9poca en que la ciencia, frecuentemente, era un conocimiento negado a las mujeres.<\/span><span data-ccp-props=\"{&quot;201341983&quot;:0,&quot;335551550&quot;:6,&quot;335551620&quot;:6,&quot;335559739&quot;:160,&quot;335559740&quot;:259}\">\u00a0<\/span><\/p>\n<p><span data-contrast=\"auto\">En un contexto de constante conflicto religioso ella era atea, aunque segu\u00eda las tradiciones paganas. Su formaci\u00f3n era cl\u00e1sica y respetaba todas las religiones, aceptando alumnos fueran cuales fueran sus creencias. No tuvo la suerte de que los cristianos fueran tan tolerantes con ella.<\/span><span data-ccp-props=\"{&quot;201341983&quot;:0,&quot;335551550&quot;:6,&quot;335551620&quot;:6,&quot;335559739&quot;:160,&quot;335559740&quot;:259}\">\u00a0<\/span><\/p>\n<p><span data-contrast=\"auto\">Hipatia invent\u00f3 el dens\u00edmetro,<\/span> <span data-contrast=\"auto\">un aparato que mide la densidad de los l\u00edquidos fundament\u00e1ndose en el principio de Arqu\u00edmedes. Adem\u00e1s, fue part\u00edcipe en el perfeccionamiento de los astrolabios, instrumento para el estudio de las estrellas, esto la lleva a ser catalogada como una pionera para las mujeres en el mundo cient\u00edfico.<\/span><span data-ccp-props=\"{&quot;201341983&quot;:0,&quot;335551550&quot;:6,&quot;335551620&quot;:6,&quot;335559739&quot;:160,&quot;335559740&quot;:259}\">\u00a0<\/span><\/p>\n<p><span data-contrast=\"auto\">Era una persona admirada y querida en Alejandr\u00eda por todos los estratos sociales y consultada frecuentemente por los mismos acad\u00e9micos. Esto despert\u00f3 las suspicacias de los religiosos m\u00e1s radicales.<\/span><span data-ccp-props=\"{&quot;201341983&quot;:0,&quot;335551550&quot;:6,&quot;335551620&quot;:6,&quot;335559739&quot;:160,&quot;335559740&quot;:259}\">\u00a0<\/span><\/p>\n<p><span data-contrast=\"auto\">Su final result\u00f3 triste y violento. Muri\u00f3 asesinada por una turba de fan\u00e1ticos religiosos, cristianos que la arrastraron hasta una iglesia, donde fue vejada y liquidada. Este hecho ha pasado a la historia como un crimen sobrecogedor e infame ya en su \u00e9poca, siendo conocido en todo el Mediterr\u00e1neo antiguo. Hipatia es vista como una m\u00e1rtir del conocimiento, la libertad y la tolerancia, mientras que su muerte sirve como punto de partida simb\u00f3lico del avance del oscurantismo medieval y la decadencia del pensamiento cl\u00e1sico.\u00a0<\/span><span data-ccp-props=\"{&quot;201341983&quot;:0,&quot;335551550&quot;:6,&quot;335551620&quot;:6,&quot;335559739&quot;:160,&quot;335559740&quot;:259}\">\u00a0<\/span><\/p>\n<p><span data-contrast=\"auto\">Ella era la principal representante en Alejandr\u00eda del saber y la ciencia, valores que la iglesia primitiva asociaba con el paganismo. La organizaci\u00f3n religiosa trat\u00f3 de borrarla de la historia, pero no pudo puesto que sus contempor\u00e1neos la admiraron fervientemente y dejaron constancia de su vida y obra.\u00a0<\/span><span data-ccp-props=\"{&quot;201341983&quot;:0,&quot;335551550&quot;:6,&quot;335551620&quot;:6,&quot;335559739&quot;:160,&quot;335559740&quot;:259}\">\u00a0<\/span><\/p>\n<p><span data-contrast=\"auto\">Actualmente se considera a Hipatia como un ejemplo de mujer independiente y liberada, que vivi\u00f3 dando ejemplo de tolerancia y muri\u00f3 como una m\u00e1rtir de la ciencia, velando por la herencia cl\u00e1sica en un contexto que era cada vez adverso hacia la libertad de pensamiento del helenismo.<\/span><span data-ccp-props=\"{&quot;201341983&quot;:0,&quot;335551550&quot;:6,&quot;335551620&quot;:6,&quot;335559739&quot;:160,&quot;335559740&quot;:259}\">\u00a0<\/span><\/p>\n<p><b><span data-contrast=\"auto\">Mar\u00eda Gaetana Agnesi, autor de Instituciones Anal\u00edticas<\/span><\/b><span data-ccp-props=\"{&quot;201341983&quot;:0,&quot;335559739&quot;:160,&quot;335559740&quot;:259}\">\u00a0<\/span><\/p>\n<p><span data-contrast=\"auto\">Mar\u00eda Gaetana Agnesi es la m\u00e1xima representante del nutrido grupo de mujeres cient\u00edficas que surgi\u00f3 en la Italia de la Ilustraci\u00f3n. Nacida en Mil\u00e1n en 1718, fue una ni\u00f1a precoz y superdotada que con 9 a\u00f1os ya hablaba siete idiomas; italiano, franc\u00e9s, espa\u00f1ol, lat\u00edn, griego, alem\u00e1n y hebreo. Tambi\u00e9n reivindic\u00f3 desde bien peque\u00f1a el derecho de las mujeres a estudiar ciencia.<\/span><span data-ccp-props=\"{&quot;201341983&quot;:0,&quot;335551550&quot;:6,&quot;335551620&quot;:6,&quot;335559739&quot;:160,&quot;335559740&quot;:259}\">\u00a0<\/span><\/p>\n<p><span data-contrast=\"auto\">Pese a sus deseos de ser monja y as\u00ed tener la libertad de poder dedicar su tiempo a estudios cient\u00edficos, su padre le prohibi\u00f3 integrarse en un convento puesto que le exigi\u00f3 estar disponible para sus cuidados y el de sus hermanos.<\/span><span data-ccp-props=\"{&quot;201341983&quot;:0,&quot;335551550&quot;:6,&quot;335551620&quot;:6,&quot;335559739&quot;:160,&quot;335559740&quot;:259}\">\u00a0<\/span><\/p>\n<p><span data-contrast=\"auto\">Su gran obra fue <\/span><a href=\"https:\/\/www.maa.org\/press\/periodicals\/convergence\/mathematical-treasure-maria-agnesi-s-analytical-institutions-in-italian-and-english\"><i><span data-contrast=\"none\">Instituciones anal\u00edticas<\/span><\/i><\/a><span data-contrast=\"auto\">, que le cost\u00f3 diez a\u00f1os de trabajo. Es una recopilaci\u00f3n matem\u00e1tica, sobre todo de \u00e1lgebra y geometr\u00eda. Lo inici\u00f3 como un libro para facilitar el estudio de sus hermanos peque\u00f1os y acab\u00f3 siendo un hito cient\u00edfico.\u00a0<\/span><span data-ccp-props=\"{&quot;201341983&quot;:0,&quot;335551550&quot;:6,&quot;335551620&quot;:6,&quot;335559739&quot;:160,&quot;335559740&quot;:259}\">\u00a0<\/span><\/p>\n<p><span data-contrast=\"auto\">Se utiliz\u00f3 como manual en diversas universidades europeas y durante d\u00e9cadas fue el texto relativo a las matem\u00e1ticas m\u00e1s editado. Pese a ello no fue admitida en la academia de las ciencias debido al asfixiante machismo de la \u00e9poca.<\/span><span data-ccp-props=\"{&quot;201341983&quot;:0,&quot;335551550&quot;:6,&quot;335551620&quot;:6,&quot;335559739&quot;:160,&quot;335559740&quot;:259}\">\u00a0<\/span><\/p>\n<p><span data-contrast=\"auto\">Agnesi es considerada la primera profesora de matem\u00e1ticas de la Universidad de Bologna, designada por el mismo papa Benedicto XIV para la c\u00e1tedra de filosof\u00eda natural y matem\u00e1ticas de esa misma universidad.<\/span><span data-ccp-props=\"{&quot;201341983&quot;:0,&quot;335551550&quot;:6,&quot;335551620&quot;:6,&quot;335559739&quot;:160,&quot;335559740&quot;:259}\">\u00a0<\/span><\/p>\n<p><span data-contrast=\"auto\">A los 34 a\u00f1os, con la muerte de su padre, Mar\u00eda renunci\u00f3 a las matem\u00e1ticas de por vida y enfoc\u00f3 su vida al estudio teol\u00f3gico y a la filantrop\u00eda. Vendi\u00f3 sus propiedades para ayudar a los m\u00e1s necesitados, ejerciendo como directora y enfermera del Hospicio Trivulzio de Mil\u00e1n y finalizando su vida con 81 a\u00f1os.<\/span><span data-ccp-props=\"{&quot;201341983&quot;:0,&quot;335551550&quot;:6,&quot;335551620&quot;:6,&quot;335559739&quot;:160,&quot;335559740&quot;:259}\">\u00a0<\/span><\/p>\n<p><b><span data-contrast=\"auto\">Natalia Larrea, un ejemplo de mujeres cient\u00edficas en la actualidad<\/span><\/b><span data-ccp-props=\"{&quot;201341983&quot;:0,&quot;335559739&quot;:160,&quot;335559740&quot;:259}\">\u00a0<\/span><\/p>\n<p><a href=\"https:\/\/www.isunet.edu\/ms-natalia-larrea-brito\/\"><span data-contrast=\"none\">Natalia Larrea<\/span><\/a><span data-contrast=\"auto\"> es una ingeniera aeroespacial espa\u00f1ola que ha comandado con \u00e9xito una simulaci\u00f3n de viaje a Marte realizada por la ONG \u201c<\/span><a href=\"http:\/\/mdrs.marssociety.org\/\"><i><span data-contrast=\"none\">Mars Desert Resarch Station<\/span><\/i><\/a><i><span data-contrast=\"auto\">\u201d.<\/span><\/i><span data-contrast=\"auto\"> La expedici\u00f3n, realizada en el desierto del estado de Utah por su similitud con el Planeta Rojo, const\u00f3 de ocho personas elegidas por sus habilidades para poder sobrevivir en un contexto tan hostil y, a la vez, conseguir desarrollar un proyecto relacionado con el cultivo y la producci\u00f3n de alimentos. Ser capaces de utilizar los recursos existentes en Marte ser\u00e1 vital para un eventual \u00e9xito en la colonizaci\u00f3n del planeta.<\/span><span data-ccp-props=\"{&quot;201341983&quot;:0,&quot;335551550&quot;:6,&quot;335551620&quot;:6,&quot;335559739&quot;:160,&quot;335559740&quot;:259}\">\u00a0<\/span><\/p>\n<p><span data-contrast=\"auto\">Natalia est\u00e1 desarrollando su camino a pasos agigantados, en 2019 fue seleccionada para la lista <\/span><i><span data-contrast=\"auto\">\u201c35 under 35\u201d <\/span><\/i><span data-contrast=\"auto\">del <\/span><a href=\"https:\/\/iisc.im\/\"><span data-contrast=\"none\">Instituto Internacional de Comercio Espacial,<\/span><\/a><span data-contrast=\"auto\"> siendo considerada como una de las grandes promesas del mundo en el estudio del espacio.<\/span><span data-ccp-props=\"{&quot;201341983&quot;:0,&quot;335551550&quot;:6,&quot;335551620&quot;:6,&quot;335559739&quot;:160,&quot;335559740&quot;:259}\">\u00a0<\/span><\/p>\n<p><span data-contrast=\"auto\">Actualmente trabaja en Montreal para Euroconsult en funciones de consultora especialista en el sector espacial. Lleg\u00f3 a Canad\u00e1 como becaria de la Caixa, para estudiar un m\u00e1ster en la prestigiosa McGill University que le vali\u00f3 para titularse como ingeniera aeroespacial y posteriormente ser elegida para el programa NASA Academy, desarrollando su trabajo en los \u00e1mbitos de exploraci\u00f3n y astronom\u00eda, siendo, adem\u00e1s, la primera espa\u00f1ola en hacerlo.<\/span><span data-ccp-props=\"{&quot;201341983&quot;:0,&quot;335551550&quot;:6,&quot;335551620&quot;:6,&quot;335559739&quot;:160,&quot;335559740&quot;:259}\">\u00a0<\/span><\/p>\n<p><b><span data-contrast=\"auto\">Elena Garc\u00eda Armada, creadora del primer exoesqueleto bi\u00f3nico infantil<\/span><\/b><span data-ccp-props=\"{&quot;201341983&quot;:0,&quot;335551550&quot;:6,&quot;335551620&quot;:6,&quot;335559739&quot;:160,&quot;335559740&quot;:259}\">\u00a0<\/span><\/p>\n<p><span data-contrast=\"auto\">Elena es la cient\u00edfica espa\u00f1ola que ha revolucionado el campo de los problemas neurodegenerativos en ni\u00f1os. Doctora en rob\u00f3tica, lleva investigando desde 2009 -cuando conoci\u00f3 a una ni\u00f1a que sufr\u00eda una grave tetraplejia- el desarrollo de robots orientados a mejorar las capacidades f\u00edsicas y la movilidad de los ni\u00f1os que sufren enfermedades neurodegenerativas, lesiones medulares, par\u00e1lisis cerebral y, en general, cualquier complicaci\u00f3n musculoesquel\u00e9tica.<\/span><span data-ccp-props=\"{&quot;201341983&quot;:0,&quot;335551550&quot;:6,&quot;335551620&quot;:6,&quot;335559739&quot;:160,&quot;335559740&quot;:259}\">\u00a0<\/span><\/p>\n<p><span data-contrast=\"auto\">Lo ha conseguido con la invenci\u00f3n de <\/span><a href=\"https:\/\/www.marsibionics.com\/atlas-pediatric-exo-pacientes\/#:~:text=El%20modelo%20ATLAS%202030%20es,total%20en%20todas%20las%20direcciones.\"><span data-contrast=\"none\">Atlas 2030<\/span><\/a><span data-contrast=\"auto\">, el primero exoesqueleto bi\u00f3nico infantil. Consiste en un robot que se adapta al cuerpo del ni\u00f1o mediante un peto mec\u00e1nico e interpreta los movimientos que el peque\u00f1o quiera realizar, consiguiendo mejorar su autonom\u00eda y actividad f\u00edsica.<\/span><span data-ccp-props=\"{&quot;201341983&quot;:0,&quot;335551550&quot;:6,&quot;335551620&quot;:6,&quot;335559739&quot;:160,&quot;335559740&quot;:259}\">\u00a0<\/span><\/p>\n<p><span data-contrast=\"auto\">Adem\u00e1s, Garc\u00eda Armada tambi\u00e9n es conocida por la creaci\u00f3n de <\/span><a href=\"https:\/\/www.dicyt.com\/viewItem.php?itemId=10757\"><span data-contrast=\"none\">SILO 4<\/span><\/a><span data-contrast=\"auto\">, un robot ideado para funciones de rescate en cat\u00e1strofes naturales y para desactivar campos de minas. Mediante el uso de sensores el robot es capaz de percibir las peculiaridades del entorno y actuar en consecuencia, lo que lo hace ideal para actividades de reconocimiento.<\/span><span data-ccp-props=\"{&quot;201341983&quot;:0,&quot;335551550&quot;:6,&quot;335551620&quot;:6,&quot;335559739&quot;:160,&quot;335559740&quot;:259}\">\u00a0<\/span><\/p>\n<p style=\"text-align: right;\">Por: Sergio L\u00f3pez &#8211; Marketing digital<\/p>","protected":false},"excerpt":{"rendered":"<p>El 11 de febrero reivindicamos el papel de las mujeres en la historia de la ciencia\u00a0 El D\u00eda Internacional de la Mujer y la Ni\u00f1a en la Ciencia se celebra cada a\u00f1o el 11 de febrero desde que la ONU lo aprob\u00f3 en 2016 con el objetivo de lograr la participaci\u00f3n plena y equitativa de [&hellip;]<\/p>\n","protected":false},"author":21,"featured_media":16756,"comment_status":"open","ping_status":"closed","sticky":false,"template":"","format":"standard","meta":{"_exactmetrics_skip_tracking":false,"_exactmetrics_sitenote_active":false,"_exactmetrics_sitenote_note":"","_exactmetrics_sitenote_category":0,"footnotes":""},"categories":[151,31],"tags":[594,596,595,593],"class_list":["post-16752","post","type-post","status-publish","format-standard","has-post-thumbnail","hentry","category-blog","category-sin-categorizar","tag-ciencia","tag-cientificas","tag-dia-de-la-mujer-en-la-ciencia","tag-mujer"],"yoast_head":"<!-- This site is optimized with the Yoast SEO plugin v27.5 - https:\/\/yoast.com\/product\/yoast-seo-wordpress\/ -->\n<title>D\u00eda Internacional de la Mujer y la Ni\u00f1a en la Ciencia<\/title>\n<meta name=\"description\" content=\"El D\u00eda Internacional de la Mujer y la Ni\u00f1a en la Ciencia se celebra con el objetivo de participaci\u00f3n plena y equitativa de mujeres y ni\u00f1as en el mundo cient\u00edfico.\" \/>\n<meta name=\"robots\" content=\"index, follow, max-snippet:-1, max-image-preview:large, max-video-preview:-1\" \/>\n<link rel=\"canonical\" href=\"https:\/\/www.ethikos.es\/en\/dia-internacional-de-la-mujer-y-la-nina-en-la-ciencia\/\" \/>\n<meta property=\"og:locale\" content=\"en_US\" \/>\n<meta property=\"og:type\" content=\"article\" \/>\n<meta property=\"og:title\" content=\"D\u00eda Internacional de la Mujer y la Ni\u00f1a en la Ciencia\" \/>\n<meta property=\"og:description\" content=\"El D\u00eda Internacional de la Mujer y la Ni\u00f1a en la Ciencia se celebra con el objetivo de participaci\u00f3n plena y equitativa de mujeres y ni\u00f1as en el mundo cient\u00edfico.\" \/>\n<meta property=\"og:url\" content=\"https:\/\/www.ethikos.es\/en\/dia-internacional-de-la-mujer-y-la-nina-en-la-ciencia\/\" \/>\n<meta property=\"og:site_name\" content=\"Ethikos\" \/>\n<meta property=\"article:publisher\" content=\"http:\/\/www.facebook.com\/ethikos.es\/\" \/>\n<meta property=\"article:published_time\" content=\"2022-02-11T08:42:30+00:00\" \/>\n<meta property=\"og:image\" content=\"https:\/\/www.ethikos.es\/wp-content\/uploads\/2022\/02\/national-cancer-institute-HPjTJ_w9Bls-unsplash-scaled.jpg\" \/>\n\t<meta property=\"og:image:width\" content=\"2560\" \/>\n\t<meta property=\"og:image:height\" content=\"2094\" \/>\n\t<meta property=\"og:image:type\" content=\"image\/jpeg\" \/>\n<meta name=\"author\" content=\"alexandra.guldberg\" \/>\n<meta name=\"twitter:card\" content=\"summary_large_image\" \/>\n<meta name=\"twitter:creator\" content=\"@Ethikos30\" \/>\n<meta name=\"twitter:site\" content=\"@Ethikos30\" \/>\n<meta name=\"twitter:label1\" content=\"Written by\" \/>\n\t<meta name=\"twitter:data1\" content=\"alexandra.guldberg\" \/>\n\t<meta name=\"twitter:label2\" content=\"Est. reading time\" \/>\n\t<meta name=\"twitter:data2\" content=\"10 minutes\" \/>\n<script type=\"application\/ld+json\" class=\"yoast-schema-graph\">{\"@context\":\"https:\\\/\\\/schema.org\",\"@graph\":[{\"@type\":\"Article\",\"@id\":\"https:\\\/\\\/www.ethikos.es\\\/en\\\/dia-internacional-de-la-mujer-y-la-nina-en-la-ciencia\\\/#article\",\"isPartOf\":{\"@id\":\"https:\\\/\\\/www.ethikos.es\\\/en\\\/dia-internacional-de-la-mujer-y-la-nina-en-la-ciencia\\\/\"},\"author\":{\"name\":\"alexandra.guldberg\",\"@id\":\"https:\\\/\\\/www.ethikos.es\\\/en\\\/#\\\/schema\\\/person\\\/42497927bf7dc4ec49272f9539b73c09\"},\"headline\":\"D\u00eda Internacional de la mujer y la ni\u00f1a en la ciencia\",\"datePublished\":\"2022-02-11T08:42:30+00:00\",\"mainEntityOfPage\":{\"@id\":\"https:\\\/\\\/www.ethikos.es\\\/en\\\/dia-internacional-de-la-mujer-y-la-nina-en-la-ciencia\\\/\"},\"wordCount\":2260,\"commentCount\":1,\"publisher\":{\"@id\":\"https:\\\/\\\/www.ethikos.es\\\/en\\\/#organization\"},\"image\":{\"@id\":\"https:\\\/\\\/www.ethikos.es\\\/en\\\/dia-internacional-de-la-mujer-y-la-nina-en-la-ciencia\\\/#primaryimage\"},\"thumbnailUrl\":\"https:\\\/\\\/www.ethikos.es\\\/wp-content\\\/uploads\\\/2022\\\/02\\\/national-cancer-institute-HPjTJ_w9Bls-unsplash-scaled.jpg\",\"keywords\":[\"Ciencia\",\"Cient\u00edficas\",\"d\u00eda de la mujer en la ciencia\",\"Mujer\"],\"articleSection\":[\"Blog\",\"Sin categorizar\"],\"inLanguage\":\"en-US\",\"potentialAction\":[{\"@type\":\"CommentAction\",\"name\":\"Comment\",\"target\":[\"https:\\\/\\\/www.ethikos.es\\\/en\\\/dia-internacional-de-la-mujer-y-la-nina-en-la-ciencia\\\/#respond\"]}]},{\"@type\":\"WebPage\",\"@id\":\"https:\\\/\\\/www.ethikos.es\\\/en\\\/dia-internacional-de-la-mujer-y-la-nina-en-la-ciencia\\\/\",\"url\":\"https:\\\/\\\/www.ethikos.es\\\/en\\\/dia-internacional-de-la-mujer-y-la-nina-en-la-ciencia\\\/\",\"name\":\"D\u00eda Internacional de la Mujer y la Ni\u00f1a en la Ciencia\",\"isPartOf\":{\"@id\":\"https:\\\/\\\/www.ethikos.es\\\/en\\\/#website\"},\"primaryImageOfPage\":{\"@id\":\"https:\\\/\\\/www.ethikos.es\\\/en\\\/dia-internacional-de-la-mujer-y-la-nina-en-la-ciencia\\\/#primaryimage\"},\"image\":{\"@id\":\"https:\\\/\\\/www.ethikos.es\\\/en\\\/dia-internacional-de-la-mujer-y-la-nina-en-la-ciencia\\\/#primaryimage\"},\"thumbnailUrl\":\"https:\\\/\\\/www.ethikos.es\\\/wp-content\\\/uploads\\\/2022\\\/02\\\/national-cancer-institute-HPjTJ_w9Bls-unsplash-scaled.jpg\",\"datePublished\":\"2022-02-11T08:42:30+00:00\",\"description\":\"El D\u00eda Internacional de la Mujer y la Ni\u00f1a en la Ciencia se celebra con el objetivo de participaci\u00f3n plena y equitativa de mujeres y ni\u00f1as en el mundo cient\u00edfico.\",\"breadcrumb\":{\"@id\":\"https:\\\/\\\/www.ethikos.es\\\/en\\\/dia-internacional-de-la-mujer-y-la-nina-en-la-ciencia\\\/#breadcrumb\"},\"inLanguage\":\"en-US\",\"potentialAction\":[{\"@type\":\"ReadAction\",\"target\":[\"https:\\\/\\\/www.ethikos.es\\\/en\\\/dia-internacional-de-la-mujer-y-la-nina-en-la-ciencia\\\/\"]}]},{\"@type\":\"ImageObject\",\"inLanguage\":\"en-US\",\"@id\":\"https:\\\/\\\/www.ethikos.es\\\/en\\\/dia-internacional-de-la-mujer-y-la-nina-en-la-ciencia\\\/#primaryimage\",\"url\":\"https:\\\/\\\/www.ethikos.es\\\/wp-content\\\/uploads\\\/2022\\\/02\\\/national-cancer-institute-HPjTJ_w9Bls-unsplash-scaled.jpg\",\"contentUrl\":\"https:\\\/\\\/www.ethikos.es\\\/wp-content\\\/uploads\\\/2022\\\/02\\\/national-cancer-institute-HPjTJ_w9Bls-unsplash-scaled.jpg\",\"width\":2560,\"height\":2094},{\"@type\":\"BreadcrumbList\",\"@id\":\"https:\\\/\\\/www.ethikos.es\\\/en\\\/dia-internacional-de-la-mujer-y-la-nina-en-la-ciencia\\\/#breadcrumb\",\"itemListElement\":[{\"@type\":\"ListItem\",\"position\":1,\"name\":\"Portada\",\"item\":\"https:\\\/\\\/www.ethikos.es\\\/\"},{\"@type\":\"ListItem\",\"position\":2,\"name\":\"D\u00eda Internacional de la mujer y la ni\u00f1a en la ciencia\"}]},{\"@type\":\"WebSite\",\"@id\":\"https:\\\/\\\/www.ethikos.es\\\/en\\\/#website\",\"url\":\"https:\\\/\\\/www.ethikos.es\\\/en\\\/\",\"name\":\"Ethikos 3.0\",\"description\":\"Ethikos es una consultora de transformaci\u00f3n organizacional especializada en cultura empresarial, liderazgo consciente y selecci\u00f3n por valores.\",\"publisher\":{\"@id\":\"https:\\\/\\\/www.ethikos.es\\\/en\\\/#organization\"},\"alternateName\":\"Ethikos Consultor\u00eda\",\"potentialAction\":[{\"@type\":\"SearchAction\",\"target\":{\"@type\":\"EntryPoint\",\"urlTemplate\":\"https:\\\/\\\/www.ethikos.es\\\/en\\\/?s={search_term_string}\"},\"query-input\":{\"@type\":\"PropertyValueSpecification\",\"valueRequired\":true,\"valueName\":\"search_term_string\"}}],\"inLanguage\":\"en-US\"},{\"@type\":\"Organization\",\"@id\":\"https:\\\/\\\/www.ethikos.es\\\/en\\\/#organization\",\"name\":\"Ethikos 3.0\",\"url\":\"https:\\\/\\\/www.ethikos.es\\\/en\\\/\",\"logo\":{\"@type\":\"ImageObject\",\"inLanguage\":\"en-US\",\"@id\":\"https:\\\/\\\/www.ethikos.es\\\/en\\\/#\\\/schema\\\/logo\\\/image\\\/\",\"url\":\"https:\\\/\\\/www.ethikos.es\\\/wp-content\\\/uploads\\\/2019\\\/01\\\/43606559961_5f343a820a_o.png\",\"contentUrl\":\"https:\\\/\\\/www.ethikos.es\\\/wp-content\\\/uploads\\\/2019\\\/01\\\/43606559961_5f343a820a_o.png\",\"width\":646,\"height\":218,\"caption\":\"Ethikos 3.0\"},\"image\":{\"@id\":\"https:\\\/\\\/www.ethikos.es\\\/en\\\/#\\\/schema\\\/logo\\\/image\\\/\"},\"sameAs\":[\"http:\\\/\\\/www.facebook.com\\\/ethikos.es\\\/\",\"https:\\\/\\\/x.com\\\/Ethikos30\",\"https:\\\/\\\/www.instagram.com\\\/ethikos_3.0\\\/\",\"https:\\\/\\\/www.linkedin.com\\\/company\\\/ethikos-3-0\\\/\"]},{\"@type\":\"Person\",\"@id\":\"https:\\\/\\\/www.ethikos.es\\\/en\\\/#\\\/schema\\\/person\\\/42497927bf7dc4ec49272f9539b73c09\",\"name\":\"alexandra.guldberg\",\"image\":{\"@type\":\"ImageObject\",\"inLanguage\":\"en-US\",\"@id\":\"https:\\\/\\\/secure.gravatar.com\\\/avatar\\\/2759471252d647c5a026aa036549973b6f0f211daaf0268da6d017a68aeda83e?s=96&d=mm&r=g\",\"url\":\"https:\\\/\\\/secure.gravatar.com\\\/avatar\\\/2759471252d647c5a026aa036549973b6f0f211daaf0268da6d017a68aeda83e?s=96&d=mm&r=g\",\"contentUrl\":\"https:\\\/\\\/secure.gravatar.com\\\/avatar\\\/2759471252d647c5a026aa036549973b6f0f211daaf0268da6d017a68aeda83e?s=96&d=mm&r=g\",\"caption\":\"alexandra.guldberg\"}}]}<\/script>\n<!-- \/ Yoast SEO plugin. -->","yoast_head_json":{"title":"D\u00eda Internacional de la Mujer y la Ni\u00f1a en la Ciencia","description":"El D\u00eda Internacional de la Mujer y la Ni\u00f1a en la Ciencia se celebra con el objetivo de participaci\u00f3n plena y equitativa de mujeres y ni\u00f1as en el mundo cient\u00edfico.","robots":{"index":"index","follow":"follow","max-snippet":"max-snippet:-1","max-image-preview":"max-image-preview:large","max-video-preview":"max-video-preview:-1"},"canonical":"https:\/\/www.ethikos.es\/en\/dia-internacional-de-la-mujer-y-la-nina-en-la-ciencia\/","og_locale":"en_US","og_type":"article","og_title":"D\u00eda Internacional de la Mujer y la Ni\u00f1a en la Ciencia","og_description":"El D\u00eda Internacional de la Mujer y la Ni\u00f1a en la Ciencia se celebra con el objetivo de participaci\u00f3n plena y equitativa de mujeres y ni\u00f1as en el mundo cient\u00edfico.","og_url":"https:\/\/www.ethikos.es\/en\/dia-internacional-de-la-mujer-y-la-nina-en-la-ciencia\/","og_site_name":"Ethikos","article_publisher":"http:\/\/www.facebook.com\/ethikos.es\/","article_published_time":"2022-02-11T08:42:30+00:00","og_image":[{"width":2560,"height":2094,"url":"https:\/\/www.ethikos.es\/wp-content\/uploads\/2022\/02\/national-cancer-institute-HPjTJ_w9Bls-unsplash-scaled.jpg","type":"image\/jpeg"}],"author":"alexandra.guldberg","twitter_card":"summary_large_image","twitter_creator":"@Ethikos30","twitter_site":"@Ethikos30","twitter_misc":{"Written by":"alexandra.guldberg","Est. reading time":"10 minutes"},"schema":{"@context":"https:\/\/schema.org","@graph":[{"@type":"Article","@id":"https:\/\/www.ethikos.es\/en\/dia-internacional-de-la-mujer-y-la-nina-en-la-ciencia\/#article","isPartOf":{"@id":"https:\/\/www.ethikos.es\/en\/dia-internacional-de-la-mujer-y-la-nina-en-la-ciencia\/"},"author":{"name":"alexandra.guldberg","@id":"https:\/\/www.ethikos.es\/en\/#\/schema\/person\/42497927bf7dc4ec49272f9539b73c09"},"headline":"D\u00eda Internacional de la mujer y la ni\u00f1a en la ciencia","datePublished":"2022-02-11T08:42:30+00:00","mainEntityOfPage":{"@id":"https:\/\/www.ethikos.es\/en\/dia-internacional-de-la-mujer-y-la-nina-en-la-ciencia\/"},"wordCount":2260,"commentCount":1,"publisher":{"@id":"https:\/\/www.ethikos.es\/en\/#organization"},"image":{"@id":"https:\/\/www.ethikos.es\/en\/dia-internacional-de-la-mujer-y-la-nina-en-la-ciencia\/#primaryimage"},"thumbnailUrl":"https:\/\/www.ethikos.es\/wp-content\/uploads\/2022\/02\/national-cancer-institute-HPjTJ_w9Bls-unsplash-scaled.jpg","keywords":["Ciencia","Cient\u00edficas","d\u00eda de la mujer en la ciencia","Mujer"],"articleSection":["Blog","Sin categorizar"],"inLanguage":"en-US","potentialAction":[{"@type":"CommentAction","name":"Comment","target":["https:\/\/www.ethikos.es\/en\/dia-internacional-de-la-mujer-y-la-nina-en-la-ciencia\/#respond"]}]},{"@type":"WebPage","@id":"https:\/\/www.ethikos.es\/en\/dia-internacional-de-la-mujer-y-la-nina-en-la-ciencia\/","url":"https:\/\/www.ethikos.es\/en\/dia-internacional-de-la-mujer-y-la-nina-en-la-ciencia\/","name":"D\u00eda Internacional de la Mujer y la Ni\u00f1a en la Ciencia","isPartOf":{"@id":"https:\/\/www.ethikos.es\/en\/#website"},"primaryImageOfPage":{"@id":"https:\/\/www.ethikos.es\/en\/dia-internacional-de-la-mujer-y-la-nina-en-la-ciencia\/#primaryimage"},"image":{"@id":"https:\/\/www.ethikos.es\/en\/dia-internacional-de-la-mujer-y-la-nina-en-la-ciencia\/#primaryimage"},"thumbnailUrl":"https:\/\/www.ethikos.es\/wp-content\/uploads\/2022\/02\/national-cancer-institute-HPjTJ_w9Bls-unsplash-scaled.jpg","datePublished":"2022-02-11T08:42:30+00:00","description":"El D\u00eda Internacional de la Mujer y la Ni\u00f1a en la Ciencia se celebra con el objetivo de participaci\u00f3n plena y equitativa de mujeres y ni\u00f1as en el mundo cient\u00edfico.","breadcrumb":{"@id":"https:\/\/www.ethikos.es\/en\/dia-internacional-de-la-mujer-y-la-nina-en-la-ciencia\/#breadcrumb"},"inLanguage":"en-US","potentialAction":[{"@type":"ReadAction","target":["https:\/\/www.ethikos.es\/en\/dia-internacional-de-la-mujer-y-la-nina-en-la-ciencia\/"]}]},{"@type":"ImageObject","inLanguage":"en-US","@id":"https:\/\/www.ethikos.es\/en\/dia-internacional-de-la-mujer-y-la-nina-en-la-ciencia\/#primaryimage","url":"https:\/\/www.ethikos.es\/wp-content\/uploads\/2022\/02\/national-cancer-institute-HPjTJ_w9Bls-unsplash-scaled.jpg","contentUrl":"https:\/\/www.ethikos.es\/wp-content\/uploads\/2022\/02\/national-cancer-institute-HPjTJ_w9Bls-unsplash-scaled.jpg","width":2560,"height":2094},{"@type":"BreadcrumbList","@id":"https:\/\/www.ethikos.es\/en\/dia-internacional-de-la-mujer-y-la-nina-en-la-ciencia\/#breadcrumb","itemListElement":[{"@type":"ListItem","position":1,"name":"Portada","item":"https:\/\/www.ethikos.es\/"},{"@type":"ListItem","position":2,"name":"D\u00eda Internacional de la mujer y la ni\u00f1a en la ciencia"}]},{"@type":"WebSite","@id":"https:\/\/www.ethikos.es\/en\/#website","url":"https:\/\/www.ethikos.es\/en\/","name":"Ethikos 3.0","description":"Ethikos es una consultora de transformaci\u00f3n organizacional especializada en cultura empresarial, liderazgo consciente y selecci\u00f3n por valores.","publisher":{"@id":"https:\/\/www.ethikos.es\/en\/#organization"},"alternateName":"Ethikos Consultor\u00eda","potentialAction":[{"@type":"SearchAction","target":{"@type":"EntryPoint","urlTemplate":"https:\/\/www.ethikos.es\/en\/?s={search_term_string}"},"query-input":{"@type":"PropertyValueSpecification","valueRequired":true,"valueName":"search_term_string"}}],"inLanguage":"en-US"},{"@type":"Organization","@id":"https:\/\/www.ethikos.es\/en\/#organization","name":"Ethikos 3.0","url":"https:\/\/www.ethikos.es\/en\/","logo":{"@type":"ImageObject","inLanguage":"en-US","@id":"https:\/\/www.ethikos.es\/en\/#\/schema\/logo\/image\/","url":"https:\/\/www.ethikos.es\/wp-content\/uploads\/2019\/01\/43606559961_5f343a820a_o.png","contentUrl":"https:\/\/www.ethikos.es\/wp-content\/uploads\/2019\/01\/43606559961_5f343a820a_o.png","width":646,"height":218,"caption":"Ethikos 3.0"},"image":{"@id":"https:\/\/www.ethikos.es\/en\/#\/schema\/logo\/image\/"},"sameAs":["http:\/\/www.facebook.com\/ethikos.es\/","https:\/\/x.com\/Ethikos30","https:\/\/www.instagram.com\/ethikos_3.0\/","https:\/\/www.linkedin.com\/company\/ethikos-3-0\/"]},{"@type":"Person","@id":"https:\/\/www.ethikos.es\/en\/#\/schema\/person\/42497927bf7dc4ec49272f9539b73c09","name":"alexandra.guldberg","image":{"@type":"ImageObject","inLanguage":"en-US","@id":"https:\/\/secure.gravatar.com\/avatar\/2759471252d647c5a026aa036549973b6f0f211daaf0268da6d017a68aeda83e?s=96&d=mm&r=g","url":"https:\/\/secure.gravatar.com\/avatar\/2759471252d647c5a026aa036549973b6f0f211daaf0268da6d017a68aeda83e?s=96&d=mm&r=g","contentUrl":"https:\/\/secure.gravatar.com\/avatar\/2759471252d647c5a026aa036549973b6f0f211daaf0268da6d017a68aeda83e?s=96&d=mm&r=g","caption":"alexandra.guldberg"}}]}},"_links":{"self":[{"href":"https:\/\/www.ethikos.es\/en\/wp-json\/wp\/v2\/posts\/16752","targetHints":{"allow":["GET"]}}],"collection":[{"href":"https:\/\/www.ethikos.es\/en\/wp-json\/wp\/v2\/posts"}],"about":[{"href":"https:\/\/www.ethikos.es\/en\/wp-json\/wp\/v2\/types\/post"}],"author":[{"embeddable":true,"href":"https:\/\/www.ethikos.es\/en\/wp-json\/wp\/v2\/users\/21"}],"replies":[{"embeddable":true,"href":"https:\/\/www.ethikos.es\/en\/wp-json\/wp\/v2\/comments?post=16752"}],"version-history":[{"count":0,"href":"https:\/\/www.ethikos.es\/en\/wp-json\/wp\/v2\/posts\/16752\/revisions"}],"wp:featuredmedia":[{"embeddable":true,"href":"https:\/\/www.ethikos.es\/en\/wp-json\/wp\/v2\/media\/16756"}],"wp:attachment":[{"href":"https:\/\/www.ethikos.es\/en\/wp-json\/wp\/v2\/media?parent=16752"}],"wp:term":[{"taxonomy":"category","embeddable":true,"href":"https:\/\/www.ethikos.es\/en\/wp-json\/wp\/v2\/categories?post=16752"},{"taxonomy":"post_tag","embeddable":true,"href":"https:\/\/www.ethikos.es\/en\/wp-json\/wp\/v2\/tags?post=16752"}],"curies":[{"name":"wp","href":"https:\/\/api.w.org\/{rel}","templated":true}]}}