{"id":16763,"date":"2022-02-15T16:29:53","date_gmt":"2022-02-15T15:29:53","guid":{"rendered":"https:\/\/www.ethikos.es\/?p=16763"},"modified":"2022-02-15T16:38:40","modified_gmt":"2022-02-15T15:38:40","slug":"la-importancia-de-la-integracion-cultural-en-las-fusiones-y-adquisiciones-de-empresas","status":"publish","type":"post","link":"https:\/\/www.ethikos.es\/en\/la-importancia-de-la-integracion-cultural-en-las-fusiones-y-adquisiciones-de-empresas\/","title":{"rendered":"La importancia de la integraci\u00f3n cultural en las fusiones y adquisiciones de empresas\u00a0"},"content":{"rendered":"<h2><span data-contrast=\"auto\">La convergencia cultural es vital para que las M&amp;A no fracasen<\/span><span data-ccp-props=\"{&quot;201341983&quot;:0,&quot;335551550&quot;:6,&quot;335551620&quot;:6,&quot;335559739&quot;:160,&quot;335559740&quot;:259}\">\u00a0<\/span><\/h2>\n<p><span data-contrast=\"auto\">El mundo empresarial est\u00e1 usando las M&amp;A para controlar la impredecibilidad de los efectos econ\u00f3micos que est\u00e1 a\u00fan generando la pandemia y encontrar la mejor estrategia. Asimismo, el empresariado busca nuevos acuerdos para coordinar sus activos, ampliar sus capacidades digitales y adquirir mejores talentos, todo esto con el objetivo de mejorar su competitividad en un contexto feroz debido a los problemas a\u00f1adidos que el Covid-19 ha generado.\u00a0<\/span><span data-ccp-props=\"{&quot;201341983&quot;:0,&quot;335551550&quot;:6,&quot;335551620&quot;:6,&quot;335559739&quot;:160,&quot;335559740&quot;:259}\">\u00a0<\/span><\/p>\n<p><span data-contrast=\"auto\">En este contexto, es importante que las empresas sean conscientes de los retos a afrontar cuando se realiza una fusi\u00f3n o adquisici\u00f3n. Estas operaciones suelen traer grandes alteraciones en las organizaciones en que se llevan cabo. Estos cambios pueden ser, tambi\u00e9n, de cultura empresarial y traer con ellos un nuevo paradigma para el <\/span><i><span data-contrast=\"auto\">modus operandi<\/span><\/i><span data-contrast=\"auto\"> de la entidad.<\/span><span data-ccp-props=\"{&quot;201341983&quot;:0,&quot;335551550&quot;:6,&quot;335551620&quot;:6,&quot;335559739&quot;:160,&quot;335559740&quot;:259}\">\u00a0<\/span><\/p>\n<p><span data-contrast=\"auto\">Esta alteraci\u00f3n puede, a su vez, poner en riesgo la continuidad de la uni\u00f3n, pero, enfocada correctamente, debe ser vista como una oportunidad para mejorar y cambiar el sino de la empresa.<\/span><span data-ccp-props=\"{&quot;201341983&quot;:0,&quot;335551550&quot;:6,&quot;335551620&quot;:6,&quot;335559739&quot;:160,&quot;335559740&quot;:259}\">\u00a0<\/span><\/p>\n<h3><b><span data-contrast=\"auto\">\u00bfQu\u00e9 es la cultura empresarial?<\/span><\/b><span data-ccp-props=\"{&quot;201341983&quot;:0,&quot;335551550&quot;:6,&quot;335551620&quot;:6,&quot;335559739&quot;:160,&quot;335559740&quot;:259}\">\u00a0<\/span><\/h3>\n<p><span data-contrast=\"auto\">Frecuentemente las fusiones y adquisiciones se ejecutan sin darle demasiada importancia a la convergencia cultural en las dos empresas que se unen, pero, una vez hecha la operaci\u00f3n, surgen las dudas.<\/span><span data-ccp-props=\"{&quot;201341983&quot;:0,&quot;335551550&quot;:6,&quot;335551620&quot;:6,&quot;335559739&quot;:160,&quot;335559740&quot;:259}\">\u00a0<\/span><\/p>\n<p><span data-contrast=\"auto\">Es com\u00fan que los ejecutivos, previamente a la adquisici\u00f3n, hablen sobre la idoneidad de la uni\u00f3n debido a la similitud de valores de las empresas y c\u00f3mo esto ayudar\u00e1 a que la integraci\u00f3n sea sencilla. Sin embargo, con frecuencia a posteriori este pensamiento no se ve apoyado por la realidad.\u00a0<\/span><span data-ccp-props=\"{&quot;201341983&quot;:0,&quot;335551550&quot;:6,&quot;335551620&quot;:6,&quot;335559739&quot;:160,&quot;335559740&quot;:259}\">\u00a0<\/span><\/p>\n<p><span data-contrast=\"auto\">La cultura es una parte cr\u00edtica a la hora de considerar una fusi\u00f3n y esta va mucho m\u00e1s all\u00e1 de un c\u00f3digo de vestimenta, una sala de recreo para empleados o unos horarios flexibles, sino que incluye los valores m\u00e1s profundos, tales como su enfoque respecto al medio ambiente, su pol\u00edtica de inclusi\u00f3n o su sensibilidad social.<\/span><span data-ccp-props=\"{&quot;201341983&quot;:0,&quot;335551550&quot;:6,&quot;335551620&quot;:6,&quot;335559739&quot;:160,&quot;335559740&quot;:259}\">\u00a0<\/span><\/p>\n<p><a href=\"https:\/\/www2.deloitte.com\/content\/dam\/Deloitte\/us\/Documents\/mergers-acqisitions\/us-ma-consulting-cultural-issues-in-ma-010710.pdf\"><span data-contrast=\"none\">Cuando hablamos de cultura lo hacemos de valores compartidos, creencias y actitudes<\/span><\/a><span data-contrast=\"auto\">, es algo que forma parte intr\u00ednseca de la empresa y de su forma de relacionarse con el mundo. Tanto los empleados como los gerentes influyen en esta y es muy dif\u00edcil reconocer los rasgos propios cuando formas parte del ecosistema. Por ello, los m\u00e1s indicados para dilucidar en qu\u00e9 se distingue una organizaci\u00f3n de otra y lo que subyace bajo esta son los actores externos. Esto es as\u00ed porque los rasgos culturales de la empresa no son vistos como algo impl\u00edcito por ellos al no formar parte de esta.<\/span><span data-ccp-props=\"{&quot;201341983&quot;:0,&quot;335551550&quot;:6,&quot;335551620&quot;:6,&quot;335559739&quot;:160,&quot;335559740&quot;:259}\">\u00a0<\/span><\/p>\n<h3><b><span data-contrast=\"auto\">El peligro de abandonar la integraci\u00f3n cultural<\/span><\/b><span data-ccp-props=\"{&quot;201341983&quot;:0,&quot;335551550&quot;:6,&quot;335551620&quot;:6,&quot;335559739&quot;:160,&quot;335559740&quot;:259}\">\u00a0<\/span><\/h3>\n<p><span data-contrast=\"auto\">La realidad es que en muchas ocasiones no hay un entendimiento mutuo entre las dos empresas que se unen y las organizaciones acaban sufriendo severos da\u00f1os econ\u00f3micos por no otorgar la importancia que se merece a un factor que puede resultar cr\u00edtico para el devenir de la entidad.<\/span><span data-ccp-props=\"{&quot;201341983&quot;:0,&quot;335551550&quot;:6,&quot;335551620&quot;:6,&quot;335559739&quot;:160,&quot;335559740&quot;:259}\">\u00a0<\/span><\/p>\n<p><span data-contrast=\"auto\">Muchos l\u00edderes tratan de completar la integraci\u00f3n cultural de una manera r\u00e1pida para conseguir los m\u00e1ximos beneficios que la fusi\u00f3n otorgar\u00e1 a la empresa con la mayor brevedad posible, pero esto suele resultar contraproducente, siendo m\u00e1s \u00fatil tomarse el tiempo necesario para realizar una buena planificaci\u00f3n y que la uni\u00f3n se realice en base a una estrategia con una base s\u00f3lida.\u00a0<\/span><span data-ccp-props=\"{&quot;201341983&quot;:0,&quot;335551550&quot;:6,&quot;335551620&quot;:6,&quot;335559739&quot;:160,&quot;335559740&quot;:259}\">\u00a0<\/span><\/p>\n<p><span data-contrast=\"auto\">Cuando las compa\u00f1\u00edas se unen sin un plan adecuado puede producirse un choque de culturas y las consecuencias de esta colisi\u00f3n son significativas en la mayor\u00eda de los casos: talento desaprovechado, l\u00edderes que no consiguen comunicar correctamente y una constante ineficiencia en cuanto a aprovechamiento del tiempo debido al problema coordinativo en la organizaci\u00f3n.<\/span><span data-ccp-props=\"{&quot;201341983&quot;:0,&quot;335551550&quot;:6,&quot;335551620&quot;:6,&quot;335559739&quot;:160,&quot;335559740&quot;:259}\">\u00a0<\/span><\/p>\n<p><a href=\"https:\/\/www.pwc.com\/us\/en\/services\/deals\/library\/ma-integration-survey.html\"><span data-contrast=\"none\">De acuerdo con un estudio realizado en 2020 por PwC<\/span><\/a><span data-contrast=\"auto\">, el 65% de las empresas que realizaron una adquisici\u00f3n indicaron que los problemas de integraci\u00f3n cultural tuvieron un efecto directo en cuanto a perjudicar la rentabilidad del trato. En ese mismo estudio, el 50% de los ejecutivos admitieron que la convergencia cultural fue dejada en un segundo plano en sus proyectos de integraci\u00f3n de las empresas. Muchos l\u00edderes de compa\u00f1\u00edas creen que esta integraci\u00f3n no merece la pena por el esfuerzo que requiere, lo cual es un error que puede salir muy caro.<\/span><span data-ccp-props=\"{&quot;201341983&quot;:0,&quot;335551550&quot;:6,&quot;335551620&quot;:6,&quot;335559739&quot;:160,&quot;335559740&quot;:259}\">\u00a0<\/span><\/p>\n<p><span data-contrast=\"auto\">En general adquirir compa\u00f1\u00edas es un ejercicio delicado y en el que la cuesti\u00f3n monetaria se lleva la mayor parte del inter\u00e9s. La <\/span><a href=\"https:\/\/www.lek.com\/insights\/ei\/mergers-acquisitions-what-winners-do-beat-odds\"><span data-contrast=\"none\">consultor\u00eda LEK concluy\u00f3<\/span><\/a><span data-contrast=\"auto\">, en un estudio realizado entre 1993 y 2010, que un 60% de las fusiones destruyen valor de la empresa compradora.\u00a0<\/span><span data-ccp-props=\"{&quot;201341983&quot;:0,&quot;335551550&quot;:6,&quot;335551620&quot;:6,&quot;335559739&quot;:160,&quot;335559740&quot;:259}\">\u00a0<\/span><\/p>\n<h3><b><span data-contrast=\"auto\">Escuchar a los empleados<\/span><\/b><span data-ccp-props=\"{&quot;201341983&quot;:0,&quot;335551550&quot;:6,&quot;335551620&quot;:6,&quot;335559739&quot;:160,&quot;335559740&quot;:259}\">\u00a0<\/span><\/h3>\n<p><span data-contrast=\"auto\">Una M&amp;A es capaz de crear contextos de ansiedad organizacional debido al futuro incierto que en muchos casos se desprende tras una operaci\u00f3n de tal calibre. En la mayor\u00eda de los casos el modelo operacional y cultural cambiar\u00e1, como m\u00ednimo, para una de las dos compa\u00f1\u00edas, pero frecuentemente para ambas. Estos cambios no se quedan tan solo en un eventual nuevo nombre o altos cargos, y va mucho m\u00e1s all\u00e1 e intr\u00ednsecamente modifica, en mayor o menor medida, el d\u00eda a d\u00eda de la mayor\u00eda de los empleados.\u00a0<\/span><span data-ccp-props=\"{&quot;201341983&quot;:0,&quot;335551550&quot;:6,&quot;335551620&quot;:6,&quot;335559739&quot;:160,&quot;335559740&quot;:259}\">\u00a0<\/span><\/p>\n<p><span data-contrast=\"auto\">No en vano, una de las principales causas de congoja para los empleados cuando se realiza una fusi\u00f3n de dos empresas es saber c\u00f3mo conseguir\u00e1n progresar en la nueva organizaci\u00f3n. Es importante que los trabajadores tengan claro desde un principio cu\u00e1les ser\u00e1n sus roles, si es que cambian y las nuevas responsabilidades que puedan llegar a tener.<\/span><span data-ccp-props=\"{&quot;201341983&quot;:0,&quot;335551550&quot;:6,&quot;335551620&quot;:6,&quot;335559739&quot;:160,&quot;335559740&quot;:259}\">\u00a0<\/span><\/p>\n<p><span data-contrast=\"auto\">Anticiparse a los problemas de integraci\u00f3n que esta situaci\u00f3n pueda generar es algo b\u00e1sico para que la fusi\u00f3n o adquisici\u00f3n se lleve a buen puerto. En virtud de lo dicho, la consultora <\/span><a href=\"https:\/\/www.mckinsey.com\/business-functions\/people-and-organizational-performance\/our-insights\/organizational-culture-in-mergers-addressing-the-unseen-forces\"><span data-contrast=\"none\">McKinsey realiz\u00f3 un estudio<\/span><\/a><span data-contrast=\"auto\"> de una d\u00e9cada sobre el impacto que las diferencias culturales tienen en el \u00e9xito de una M&amp;A y casi el 50% de las ocasiones en que las <\/span><i><span data-contrast=\"auto\">mergers<\/span><\/i><span data-contrast=\"auto\"> acaban fallando se debe a un fracaso de aclimataci\u00f3n cultural.<\/span><span data-ccp-props=\"{&quot;201341983&quot;:0,&quot;335551550&quot;:6,&quot;335551620&quot;:6,&quot;335559739&quot;:160,&quot;335559740&quot;:259}\">\u00a0<\/span><\/p>\n<p><span data-contrast=\"auto\">Las fusiones a menudo representan un cambio cultural enorme para los trabajadores y no atender con prudencia esta alteraci\u00f3n y c\u00f3mo les afecta es un error com\u00fan en las empresas.<\/span><span data-ccp-props=\"{&quot;201341983&quot;:0,&quot;335551550&quot;:6,&quot;335551620&quot;:6,&quot;335559739&quot;:160,&quot;335559740&quot;:259}\">\u00a0<\/span><\/p>\n<h3><b><span data-contrast=\"auto\">El choque de culturas<\/span><\/b><span data-ccp-props=\"{&quot;201341983&quot;:0,&quot;335551550&quot;:6,&quot;335551620&quot;:6,&quot;335559739&quot;:160,&quot;335559740&quot;:259}\">\u00a0<\/span><\/h3>\n<p><span data-contrast=\"auto\">Es com\u00fan que el principal motivo de fracaso en una M&amp;A sea la incapacidad de las empresas para ser conscientes de las diferencias que exist\u00edan previamente entre ambas. Para subsanar este problema lo primero que deben hacer las empresas es comprender qu\u00e9 es cultura y vislumbrar cu\u00e1l es la que tiene su propia organizaci\u00f3n.<\/span><span data-ccp-props=\"{&quot;201341983&quot;:0,&quot;335551550&quot;:6,&quot;335551620&quot;:6,&quot;335559739&quot;:160,&quot;335559740&quot;:259}\">\u00a0<\/span><\/p>\n<p><span data-contrast=\"auto\">Los gerentes son los l\u00edderes que deben catalizar los cambios y, por tanto, deben ser los primeros en tener integrados los conceptos que van a definir la naciente cultura empresarial que se establecer\u00e1 tras el <\/span><i><span data-contrast=\"auto\">merger<\/span><\/i><span data-contrast=\"auto\">. Ellos deben fomentar el compromiso de los empleados mediante un ejercicio de empat\u00eda y liderazgo positivo, transmitiendo a los trabajadores los nuevos roles y obligaciones que tendr\u00e1n en la empresa, adem\u00e1s de conectarlos con la nueva cultura y hacer que formen parte de ella.\u00a0<\/span><span data-ccp-props=\"{&quot;201341983&quot;:0,&quot;335551550&quot;:6,&quot;335551620&quot;:6,&quot;335559739&quot;:160,&quot;335559740&quot;:259}\">\u00a0<\/span><\/p>\n<p><span data-contrast=\"auto\">Los choques culturales son corrientes debido a la complejidad inherente en el proceso de integrar dos visiones distintas y hacerlas ir por el mismo camino. La cultura es algo omnipresente e invisible y conceptualizarla para llevar a cabo los cambios necesarios suele ser un nido de problemas, incluso cuando se realiza un plan estrat\u00e9gico eficaz. Por ello es tan importante darle la importancia que se merece, porque de lo contrario la fusi\u00f3n empresarial estar\u00e1 abocada al fracaso. Seg\u00fan un estudio de McKinsey realizado en 2020, el 95% de los ejecutivos define el encaje cultural como una parte vital para el correcto funcionamiento de una integraci\u00f3n empresarial.<\/span><span data-ccp-props=\"{&quot;201341983&quot;:0,&quot;335551550&quot;:6,&quot;335551620&quot;:6,&quot;335559739&quot;:160,&quot;335559740&quot;:259}\">\u00a0<\/span><\/p>\n<h3><b><span data-contrast=\"auto\">C\u00f3mo conseguir la integraci\u00f3n cultural<\/span><\/b><span data-ccp-props=\"{&quot;201341983&quot;:0,&quot;335551550&quot;:6,&quot;335551620&quot;:6,&quot;335559739&quot;:160,&quot;335559740&quot;:259}\">\u00a0<\/span><\/h3>\n<p><span data-contrast=\"auto\">Lo cierto es que la mayor\u00eda de las empresas tienden a centralizar su atenci\u00f3n en objetivos de rendimiento econ\u00f3mico inmediato, dejando en un segundo plano los desaf\u00edos que supondr\u00e1 para la compa\u00f1\u00eda la fusi\u00f3n en el aspecto de la nueva coherencia cultural.<\/span><span data-ccp-props=\"{&quot;201341983&quot;:0,&quot;335551550&quot;:6,&quot;335551620&quot;:6,&quot;335559739&quot;:160,&quot;335559740&quot;:259}\">\u00a0<\/span><\/p>\n<p><span data-contrast=\"auto\">Dejar claros desde un principio los cambios operacionales y preparar a los empleados para que puedan afrontarlos forma parte de la estrategia que deben seguir las empresas. De esta manera los equipos de trabajo seguir\u00e1n siendo operativos pese a las nuevas maneras de actuar que se den.<\/span><span data-ccp-props=\"{&quot;201341983&quot;:0,&quot;335551550&quot;:6,&quot;335551620&quot;:6,&quot;335559739&quot;:160,&quot;335559740&quot;:259}\">\u00a0<\/span><\/p>\n<p><span data-contrast=\"auto\">Hay diversos m\u00e9todos para que las entidades entiendan cu\u00e1l es, verdaderamente, la cultura que las define. Ejemplos b\u00e1sicos ser\u00edan entrevistas con clientes y con los empleados de mayor rango y gerentes, as\u00ed como encuestas generales a todos los trabajadores.<\/span><span data-ccp-props=\"{&quot;201341983&quot;:0,&quot;335551550&quot;:6,&quot;335551620&quot;:6,&quot;335559739&quot;:160,&quot;335559740&quot;:259}\">\u00a0<\/span><\/p>\n<p><span data-contrast=\"auto\">Cambiar la cultura de una empresa no es algo f\u00e1cil ni r\u00e1pido, por ello, tras una fusi\u00f3n lo importante no es definir un nuevo paradigma para transformar la empresa, sino establecer con sinceridad los puntos intermedios entre las dos organizaciones que se unen y planear hacia donde se quiere ir, sobre todo a corto plazo. Esta es la mejor manera de evitar que se deterioren las relaciones dentro de la compa\u00f1\u00eda y sirve para asegurarse de que la direcci\u00f3n tiene una menta com\u00fan y van por el camino correcto.\u00a0<\/span><span data-ccp-props=\"{&quot;201341983&quot;:0,&quot;335551550&quot;:6,&quot;335551620&quot;:6,&quot;335559739&quot;:160,&quot;335559740&quot;:259}\">\u00a0<\/span><\/p>\n<p><span data-contrast=\"auto\">Una vez objetivado el camino a seguir y el paradigma cultural al que se quiere llegar, se debe construir la estrategia para asumir el cambio. Establecer l\u00edneas de actuaci\u00f3n y detallar los procesos a seguir para llegar a la convergencia cultural ser\u00e1 vital para que la M&amp;A resulte un \u00e9xito.<\/span><span data-ccp-props=\"{&quot;201341983&quot;:0,&quot;335551550&quot;:6,&quot;335551620&quot;:6,&quot;335559739&quot;:160,&quot;335559740&quot;:259}\"> \u00a0<\/span><\/p>\n<p style=\"text-align: right;\">Por: Sergio L\u00f3pez &#8211; Digital Content<\/p>","protected":false},"excerpt":{"rendered":"<p>La convergencia cultural es vital para que las M&amp;A no fracasen\u00a0 El mundo empresarial est\u00e1 usando las M&amp;A para controlar la impredecibilidad de los efectos econ\u00f3micos que est\u00e1 a\u00fan generando la pandemia y encontrar la mejor estrategia. Asimismo, el empresariado busca nuevos acuerdos para coordinar sus activos, ampliar sus capacidades digitales y adquirir mejores talentos, [&hellip;]<\/p>\n","protected":false},"author":21,"featured_media":16765,"comment_status":"open","ping_status":"closed","sticky":false,"template":"","format":"standard","meta":{"_exactmetrics_skip_tracking":false,"_exactmetrics_sitenote_active":false,"_exactmetrics_sitenote_note":"","_exactmetrics_sitenote_category":0,"footnotes":""},"categories":[151,142,139],"tags":[601,600,605,598,597,607,606,445,608,599,604,602,603,47],"class_list":["post-16763","post","type-post","status-publish","format-standard","has-post-thumbnail","hentry","category-blog","category-cultura-de-empresa","category-rrhh","tag-adquisicion","tag-adquisicion-de-empresa","tag-choque-de-culturas","tag-cultura","tag-cultura-de-empresa","tag-cultura-empresarial","tag-escuchar-a-empleados","tag-ethikos","tag-etico","tag-fusiones","tag-integracion-cultural","tag-ma","tag-mya","tag-valores"],"yoast_head":"<!-- This site is optimized with the Yoast SEO plugin v27.5 - https:\/\/yoast.com\/product\/yoast-seo-wordpress\/ -->\n<title>La integraci\u00f3n cultural en las fusiones de empresa (M&amp;A) | Ethikos 3.0<\/title>\n<meta name=\"description\" content=\"Frecuentemente las fusiones y adquisiciones se ejecutan sin darle demasiada importancia a la integraci\u00f3n cultural en las dos empresas.\" \/>\n<meta name=\"robots\" content=\"index, follow, max-snippet:-1, max-image-preview:large, max-video-preview:-1\" \/>\n<link rel=\"canonical\" href=\"https:\/\/www.ethikos.es\/en\/la-importancia-de-la-integracion-cultural-en-las-fusiones-y-adquisiciones-de-empresas\/\" \/>\n<meta property=\"og:locale\" content=\"en_US\" \/>\n<meta property=\"og:type\" content=\"article\" \/>\n<meta property=\"og:title\" content=\"La integraci\u00f3n cultural en las fusiones de empresa (M&amp;A) | Ethikos 3.0\" \/>\n<meta property=\"og:description\" content=\"Frecuentemente las fusiones y adquisiciones se ejecutan sin darle demasiada importancia a la integraci\u00f3n cultural en las dos empresas.\" \/>\n<meta property=\"og:url\" content=\"https:\/\/www.ethikos.es\/en\/la-importancia-de-la-integracion-cultural-en-las-fusiones-y-adquisiciones-de-empresas\/\" \/>\n<meta property=\"og:site_name\" content=\"Ethikos\" \/>\n<meta property=\"article:publisher\" content=\"http:\/\/www.facebook.com\/ethikos.es\/\" \/>\n<meta property=\"article:published_time\" content=\"2022-02-15T15:29:53+00:00\" \/>\n<meta property=\"article:modified_time\" content=\"2022-02-15T15:38:40+00:00\" \/>\n<meta property=\"og:image\" content=\"https:\/\/www.ethikos.es\/wp-content\/uploads\/2022\/02\/alex-kotliarskyi-QBpZGqEMsKg-unsplash-scaled.jpg\" \/>\n\t<meta property=\"og:image:width\" content=\"2560\" \/>\n\t<meta property=\"og:image:height\" content=\"1707\" \/>\n\t<meta property=\"og:image:type\" content=\"image\/jpeg\" \/>\n<meta name=\"author\" content=\"alexandra.guldberg\" \/>\n<meta name=\"twitter:card\" content=\"summary_large_image\" \/>\n<meta name=\"twitter:creator\" content=\"@Ethikos30\" \/>\n<meta name=\"twitter:site\" content=\"@Ethikos30\" \/>\n<meta name=\"twitter:label1\" content=\"Written by\" \/>\n\t<meta name=\"twitter:data1\" content=\"alexandra.guldberg\" \/>\n\t<meta name=\"twitter:label2\" content=\"Est. reading time\" \/>\n\t<meta name=\"twitter:data2\" content=\"7 minutes\" \/>\n<script type=\"application\/ld+json\" class=\"yoast-schema-graph\">{\"@context\":\"https:\\\/\\\/schema.org\",\"@graph\":[{\"@type\":\"Article\",\"@id\":\"https:\\\/\\\/www.ethikos.es\\\/en\\\/la-importancia-de-la-integracion-cultural-en-las-fusiones-y-adquisiciones-de-empresas\\\/#article\",\"isPartOf\":{\"@id\":\"https:\\\/\\\/www.ethikos.es\\\/en\\\/la-importancia-de-la-integracion-cultural-en-las-fusiones-y-adquisiciones-de-empresas\\\/\"},\"author\":{\"name\":\"alexandra.guldberg\",\"@id\":\"https:\\\/\\\/www.ethikos.es\\\/en\\\/#\\\/schema\\\/person\\\/42497927bf7dc4ec49272f9539b73c09\"},\"headline\":\"La importancia de la integraci\u00f3n cultural en las fusiones y adquisiciones de empresas\u00a0\",\"datePublished\":\"2022-02-15T15:29:53+00:00\",\"dateModified\":\"2022-02-15T15:38:40+00:00\",\"mainEntityOfPage\":{\"@id\":\"https:\\\/\\\/www.ethikos.es\\\/en\\\/la-importancia-de-la-integracion-cultural-en-las-fusiones-y-adquisiciones-de-empresas\\\/\"},\"wordCount\":1626,\"commentCount\":1,\"publisher\":{\"@id\":\"https:\\\/\\\/www.ethikos.es\\\/en\\\/#organization\"},\"image\":{\"@id\":\"https:\\\/\\\/www.ethikos.es\\\/en\\\/la-importancia-de-la-integracion-cultural-en-las-fusiones-y-adquisiciones-de-empresas\\\/#primaryimage\"},\"thumbnailUrl\":\"https:\\\/\\\/www.ethikos.es\\\/wp-content\\\/uploads\\\/2022\\\/02\\\/alex-kotliarskyi-QBpZGqEMsKg-unsplash-scaled.jpg\",\"keywords\":[\"adquisici\u00f3n\",\"adquisici\u00f3n de empresa\",\"choque de culturas\",\"cultura\",\"Cultura de empresa\",\"cultura empresarial\",\"Escuchar a empleados\",\"ethikos\",\"\u00e9tico\",\"fusiones\",\"integraci\u00f3n cultural\",\"M&amp;A\",\"MyA\",\"Valores\"],\"articleSection\":[\"Blog\",\"Cultura de empresa\",\"Recursos Humanos\"],\"inLanguage\":\"en-US\",\"potentialAction\":[{\"@type\":\"CommentAction\",\"name\":\"Comment\",\"target\":[\"https:\\\/\\\/www.ethikos.es\\\/en\\\/la-importancia-de-la-integracion-cultural-en-las-fusiones-y-adquisiciones-de-empresas\\\/#respond\"]}]},{\"@type\":\"WebPage\",\"@id\":\"https:\\\/\\\/www.ethikos.es\\\/en\\\/la-importancia-de-la-integracion-cultural-en-las-fusiones-y-adquisiciones-de-empresas\\\/\",\"url\":\"https:\\\/\\\/www.ethikos.es\\\/en\\\/la-importancia-de-la-integracion-cultural-en-las-fusiones-y-adquisiciones-de-empresas\\\/\",\"name\":\"La integraci\u00f3n cultural en las fusiones de empresa (M&A) | Ethikos 3.0\",\"isPartOf\":{\"@id\":\"https:\\\/\\\/www.ethikos.es\\\/en\\\/#website\"},\"primaryImageOfPage\":{\"@id\":\"https:\\\/\\\/www.ethikos.es\\\/en\\\/la-importancia-de-la-integracion-cultural-en-las-fusiones-y-adquisiciones-de-empresas\\\/#primaryimage\"},\"image\":{\"@id\":\"https:\\\/\\\/www.ethikos.es\\\/en\\\/la-importancia-de-la-integracion-cultural-en-las-fusiones-y-adquisiciones-de-empresas\\\/#primaryimage\"},\"thumbnailUrl\":\"https:\\\/\\\/www.ethikos.es\\\/wp-content\\\/uploads\\\/2022\\\/02\\\/alex-kotliarskyi-QBpZGqEMsKg-unsplash-scaled.jpg\",\"datePublished\":\"2022-02-15T15:29:53+00:00\",\"dateModified\":\"2022-02-15T15:38:40+00:00\",\"description\":\"Frecuentemente las fusiones y adquisiciones se ejecutan sin darle demasiada importancia a la integraci\u00f3n cultural en las dos empresas.\",\"breadcrumb\":{\"@id\":\"https:\\\/\\\/www.ethikos.es\\\/en\\\/la-importancia-de-la-integracion-cultural-en-las-fusiones-y-adquisiciones-de-empresas\\\/#breadcrumb\"},\"inLanguage\":\"en-US\",\"potentialAction\":[{\"@type\":\"ReadAction\",\"target\":[\"https:\\\/\\\/www.ethikos.es\\\/en\\\/la-importancia-de-la-integracion-cultural-en-las-fusiones-y-adquisiciones-de-empresas\\\/\"]}]},{\"@type\":\"ImageObject\",\"inLanguage\":\"en-US\",\"@id\":\"https:\\\/\\\/www.ethikos.es\\\/en\\\/la-importancia-de-la-integracion-cultural-en-las-fusiones-y-adquisiciones-de-empresas\\\/#primaryimage\",\"url\":\"https:\\\/\\\/www.ethikos.es\\\/wp-content\\\/uploads\\\/2022\\\/02\\\/alex-kotliarskyi-QBpZGqEMsKg-unsplash-scaled.jpg\",\"contentUrl\":\"https:\\\/\\\/www.ethikos.es\\\/wp-content\\\/uploads\\\/2022\\\/02\\\/alex-kotliarskyi-QBpZGqEMsKg-unsplash-scaled.jpg\",\"width\":2560,\"height\":1707,\"caption\":\"Cultura empresarial\"},{\"@type\":\"BreadcrumbList\",\"@id\":\"https:\\\/\\\/www.ethikos.es\\\/en\\\/la-importancia-de-la-integracion-cultural-en-las-fusiones-y-adquisiciones-de-empresas\\\/#breadcrumb\",\"itemListElement\":[{\"@type\":\"ListItem\",\"position\":1,\"name\":\"Portada\",\"item\":\"https:\\\/\\\/www.ethikos.es\\\/\"},{\"@type\":\"ListItem\",\"position\":2,\"name\":\"La importancia de la integraci\u00f3n cultural en las fusiones y adquisiciones de empresas\u00a0\"}]},{\"@type\":\"WebSite\",\"@id\":\"https:\\\/\\\/www.ethikos.es\\\/en\\\/#website\",\"url\":\"https:\\\/\\\/www.ethikos.es\\\/en\\\/\",\"name\":\"Ethikos 3.0\",\"description\":\"Ethikos es una consultora de transformaci\u00f3n organizacional especializada en cultura empresarial, liderazgo consciente y selecci\u00f3n por valores.\",\"publisher\":{\"@id\":\"https:\\\/\\\/www.ethikos.es\\\/en\\\/#organization\"},\"alternateName\":\"Ethikos Consultor\u00eda\",\"potentialAction\":[{\"@type\":\"SearchAction\",\"target\":{\"@type\":\"EntryPoint\",\"urlTemplate\":\"https:\\\/\\\/www.ethikos.es\\\/en\\\/?s={search_term_string}\"},\"query-input\":{\"@type\":\"PropertyValueSpecification\",\"valueRequired\":true,\"valueName\":\"search_term_string\"}}],\"inLanguage\":\"en-US\"},{\"@type\":\"Organization\",\"@id\":\"https:\\\/\\\/www.ethikos.es\\\/en\\\/#organization\",\"name\":\"Ethikos 3.0\",\"url\":\"https:\\\/\\\/www.ethikos.es\\\/en\\\/\",\"logo\":{\"@type\":\"ImageObject\",\"inLanguage\":\"en-US\",\"@id\":\"https:\\\/\\\/www.ethikos.es\\\/en\\\/#\\\/schema\\\/logo\\\/image\\\/\",\"url\":\"https:\\\/\\\/www.ethikos.es\\\/wp-content\\\/uploads\\\/2019\\\/01\\\/43606559961_5f343a820a_o.png\",\"contentUrl\":\"https:\\\/\\\/www.ethikos.es\\\/wp-content\\\/uploads\\\/2019\\\/01\\\/43606559961_5f343a820a_o.png\",\"width\":646,\"height\":218,\"caption\":\"Ethikos 3.0\"},\"image\":{\"@id\":\"https:\\\/\\\/www.ethikos.es\\\/en\\\/#\\\/schema\\\/logo\\\/image\\\/\"},\"sameAs\":[\"http:\\\/\\\/www.facebook.com\\\/ethikos.es\\\/\",\"https:\\\/\\\/x.com\\\/Ethikos30\",\"https:\\\/\\\/www.instagram.com\\\/ethikos_3.0\\\/\",\"https:\\\/\\\/www.linkedin.com\\\/company\\\/ethikos-3-0\\\/\"]},{\"@type\":\"Person\",\"@id\":\"https:\\\/\\\/www.ethikos.es\\\/en\\\/#\\\/schema\\\/person\\\/42497927bf7dc4ec49272f9539b73c09\",\"name\":\"alexandra.guldberg\",\"image\":{\"@type\":\"ImageObject\",\"inLanguage\":\"en-US\",\"@id\":\"https:\\\/\\\/secure.gravatar.com\\\/avatar\\\/2759471252d647c5a026aa036549973b6f0f211daaf0268da6d017a68aeda83e?s=96&d=mm&r=g\",\"url\":\"https:\\\/\\\/secure.gravatar.com\\\/avatar\\\/2759471252d647c5a026aa036549973b6f0f211daaf0268da6d017a68aeda83e?s=96&d=mm&r=g\",\"contentUrl\":\"https:\\\/\\\/secure.gravatar.com\\\/avatar\\\/2759471252d647c5a026aa036549973b6f0f211daaf0268da6d017a68aeda83e?s=96&d=mm&r=g\",\"caption\":\"alexandra.guldberg\"}}]}<\/script>\n<!-- \/ Yoast SEO plugin. -->","yoast_head_json":{"title":"La integraci\u00f3n cultural en las fusiones de empresa (M&A) | Ethikos 3.0","description":"Frecuentemente las fusiones y adquisiciones se ejecutan sin darle demasiada importancia a la integraci\u00f3n cultural en las dos empresas.","robots":{"index":"index","follow":"follow","max-snippet":"max-snippet:-1","max-image-preview":"max-image-preview:large","max-video-preview":"max-video-preview:-1"},"canonical":"https:\/\/www.ethikos.es\/en\/la-importancia-de-la-integracion-cultural-en-las-fusiones-y-adquisiciones-de-empresas\/","og_locale":"en_US","og_type":"article","og_title":"La integraci\u00f3n cultural en las fusiones de empresa (M&A) | Ethikos 3.0","og_description":"Frecuentemente las fusiones y adquisiciones se ejecutan sin darle demasiada importancia a la integraci\u00f3n cultural en las dos empresas.","og_url":"https:\/\/www.ethikos.es\/en\/la-importancia-de-la-integracion-cultural-en-las-fusiones-y-adquisiciones-de-empresas\/","og_site_name":"Ethikos","article_publisher":"http:\/\/www.facebook.com\/ethikos.es\/","article_published_time":"2022-02-15T15:29:53+00:00","article_modified_time":"2022-02-15T15:38:40+00:00","og_image":[{"width":2560,"height":1707,"url":"https:\/\/www.ethikos.es\/wp-content\/uploads\/2022\/02\/alex-kotliarskyi-QBpZGqEMsKg-unsplash-scaled.jpg","type":"image\/jpeg"}],"author":"alexandra.guldberg","twitter_card":"summary_large_image","twitter_creator":"@Ethikos30","twitter_site":"@Ethikos30","twitter_misc":{"Written by":"alexandra.guldberg","Est. reading time":"7 minutes"},"schema":{"@context":"https:\/\/schema.org","@graph":[{"@type":"Article","@id":"https:\/\/www.ethikos.es\/en\/la-importancia-de-la-integracion-cultural-en-las-fusiones-y-adquisiciones-de-empresas\/#article","isPartOf":{"@id":"https:\/\/www.ethikos.es\/en\/la-importancia-de-la-integracion-cultural-en-las-fusiones-y-adquisiciones-de-empresas\/"},"author":{"name":"alexandra.guldberg","@id":"https:\/\/www.ethikos.es\/en\/#\/schema\/person\/42497927bf7dc4ec49272f9539b73c09"},"headline":"La importancia de la integraci\u00f3n cultural en las fusiones y adquisiciones de empresas\u00a0","datePublished":"2022-02-15T15:29:53+00:00","dateModified":"2022-02-15T15:38:40+00:00","mainEntityOfPage":{"@id":"https:\/\/www.ethikos.es\/en\/la-importancia-de-la-integracion-cultural-en-las-fusiones-y-adquisiciones-de-empresas\/"},"wordCount":1626,"commentCount":1,"publisher":{"@id":"https:\/\/www.ethikos.es\/en\/#organization"},"image":{"@id":"https:\/\/www.ethikos.es\/en\/la-importancia-de-la-integracion-cultural-en-las-fusiones-y-adquisiciones-de-empresas\/#primaryimage"},"thumbnailUrl":"https:\/\/www.ethikos.es\/wp-content\/uploads\/2022\/02\/alex-kotliarskyi-QBpZGqEMsKg-unsplash-scaled.jpg","keywords":["adquisici\u00f3n","adquisici\u00f3n de empresa","choque de culturas","cultura","Cultura de empresa","cultura empresarial","Escuchar a empleados","ethikos","\u00e9tico","fusiones","integraci\u00f3n cultural","M&amp;A","MyA","Valores"],"articleSection":["Blog","Cultura de empresa","Recursos Humanos"],"inLanguage":"en-US","potentialAction":[{"@type":"CommentAction","name":"Comment","target":["https:\/\/www.ethikos.es\/en\/la-importancia-de-la-integracion-cultural-en-las-fusiones-y-adquisiciones-de-empresas\/#respond"]}]},{"@type":"WebPage","@id":"https:\/\/www.ethikos.es\/en\/la-importancia-de-la-integracion-cultural-en-las-fusiones-y-adquisiciones-de-empresas\/","url":"https:\/\/www.ethikos.es\/en\/la-importancia-de-la-integracion-cultural-en-las-fusiones-y-adquisiciones-de-empresas\/","name":"La integraci\u00f3n cultural en las fusiones de empresa (M&A) | Ethikos 3.0","isPartOf":{"@id":"https:\/\/www.ethikos.es\/en\/#website"},"primaryImageOfPage":{"@id":"https:\/\/www.ethikos.es\/en\/la-importancia-de-la-integracion-cultural-en-las-fusiones-y-adquisiciones-de-empresas\/#primaryimage"},"image":{"@id":"https:\/\/www.ethikos.es\/en\/la-importancia-de-la-integracion-cultural-en-las-fusiones-y-adquisiciones-de-empresas\/#primaryimage"},"thumbnailUrl":"https:\/\/www.ethikos.es\/wp-content\/uploads\/2022\/02\/alex-kotliarskyi-QBpZGqEMsKg-unsplash-scaled.jpg","datePublished":"2022-02-15T15:29:53+00:00","dateModified":"2022-02-15T15:38:40+00:00","description":"Frecuentemente las fusiones y adquisiciones se ejecutan sin darle demasiada importancia a la integraci\u00f3n cultural en las dos empresas.","breadcrumb":{"@id":"https:\/\/www.ethikos.es\/en\/la-importancia-de-la-integracion-cultural-en-las-fusiones-y-adquisiciones-de-empresas\/#breadcrumb"},"inLanguage":"en-US","potentialAction":[{"@type":"ReadAction","target":["https:\/\/www.ethikos.es\/en\/la-importancia-de-la-integracion-cultural-en-las-fusiones-y-adquisiciones-de-empresas\/"]}]},{"@type":"ImageObject","inLanguage":"en-US","@id":"https:\/\/www.ethikos.es\/en\/la-importancia-de-la-integracion-cultural-en-las-fusiones-y-adquisiciones-de-empresas\/#primaryimage","url":"https:\/\/www.ethikos.es\/wp-content\/uploads\/2022\/02\/alex-kotliarskyi-QBpZGqEMsKg-unsplash-scaled.jpg","contentUrl":"https:\/\/www.ethikos.es\/wp-content\/uploads\/2022\/02\/alex-kotliarskyi-QBpZGqEMsKg-unsplash-scaled.jpg","width":2560,"height":1707,"caption":"Cultura empresarial"},{"@type":"BreadcrumbList","@id":"https:\/\/www.ethikos.es\/en\/la-importancia-de-la-integracion-cultural-en-las-fusiones-y-adquisiciones-de-empresas\/#breadcrumb","itemListElement":[{"@type":"ListItem","position":1,"name":"Portada","item":"https:\/\/www.ethikos.es\/"},{"@type":"ListItem","position":2,"name":"La importancia de la integraci\u00f3n cultural en las fusiones y adquisiciones de empresas\u00a0"}]},{"@type":"WebSite","@id":"https:\/\/www.ethikos.es\/en\/#website","url":"https:\/\/www.ethikos.es\/en\/","name":"Ethikos 3.0","description":"Ethikos es una consultora de transformaci\u00f3n organizacional especializada en cultura empresarial, liderazgo consciente y selecci\u00f3n por valores.","publisher":{"@id":"https:\/\/www.ethikos.es\/en\/#organization"},"alternateName":"Ethikos Consultor\u00eda","potentialAction":[{"@type":"SearchAction","target":{"@type":"EntryPoint","urlTemplate":"https:\/\/www.ethikos.es\/en\/?s={search_term_string}"},"query-input":{"@type":"PropertyValueSpecification","valueRequired":true,"valueName":"search_term_string"}}],"inLanguage":"en-US"},{"@type":"Organization","@id":"https:\/\/www.ethikos.es\/en\/#organization","name":"Ethikos 3.0","url":"https:\/\/www.ethikos.es\/en\/","logo":{"@type":"ImageObject","inLanguage":"en-US","@id":"https:\/\/www.ethikos.es\/en\/#\/schema\/logo\/image\/","url":"https:\/\/www.ethikos.es\/wp-content\/uploads\/2019\/01\/43606559961_5f343a820a_o.png","contentUrl":"https:\/\/www.ethikos.es\/wp-content\/uploads\/2019\/01\/43606559961_5f343a820a_o.png","width":646,"height":218,"caption":"Ethikos 3.0"},"image":{"@id":"https:\/\/www.ethikos.es\/en\/#\/schema\/logo\/image\/"},"sameAs":["http:\/\/www.facebook.com\/ethikos.es\/","https:\/\/x.com\/Ethikos30","https:\/\/www.instagram.com\/ethikos_3.0\/","https:\/\/www.linkedin.com\/company\/ethikos-3-0\/"]},{"@type":"Person","@id":"https:\/\/www.ethikos.es\/en\/#\/schema\/person\/42497927bf7dc4ec49272f9539b73c09","name":"alexandra.guldberg","image":{"@type":"ImageObject","inLanguage":"en-US","@id":"https:\/\/secure.gravatar.com\/avatar\/2759471252d647c5a026aa036549973b6f0f211daaf0268da6d017a68aeda83e?s=96&d=mm&r=g","url":"https:\/\/secure.gravatar.com\/avatar\/2759471252d647c5a026aa036549973b6f0f211daaf0268da6d017a68aeda83e?s=96&d=mm&r=g","contentUrl":"https:\/\/secure.gravatar.com\/avatar\/2759471252d647c5a026aa036549973b6f0f211daaf0268da6d017a68aeda83e?s=96&d=mm&r=g","caption":"alexandra.guldberg"}}]}},"_links":{"self":[{"href":"https:\/\/www.ethikos.es\/en\/wp-json\/wp\/v2\/posts\/16763","targetHints":{"allow":["GET"]}}],"collection":[{"href":"https:\/\/www.ethikos.es\/en\/wp-json\/wp\/v2\/posts"}],"about":[{"href":"https:\/\/www.ethikos.es\/en\/wp-json\/wp\/v2\/types\/post"}],"author":[{"embeddable":true,"href":"https:\/\/www.ethikos.es\/en\/wp-json\/wp\/v2\/users\/21"}],"replies":[{"embeddable":true,"href":"https:\/\/www.ethikos.es\/en\/wp-json\/wp\/v2\/comments?post=16763"}],"version-history":[{"count":0,"href":"https:\/\/www.ethikos.es\/en\/wp-json\/wp\/v2\/posts\/16763\/revisions"}],"wp:featuredmedia":[{"embeddable":true,"href":"https:\/\/www.ethikos.es\/en\/wp-json\/wp\/v2\/media\/16765"}],"wp:attachment":[{"href":"https:\/\/www.ethikos.es\/en\/wp-json\/wp\/v2\/media?parent=16763"}],"wp:term":[{"taxonomy":"category","embeddable":true,"href":"https:\/\/www.ethikos.es\/en\/wp-json\/wp\/v2\/categories?post=16763"},{"taxonomy":"post_tag","embeddable":true,"href":"https:\/\/www.ethikos.es\/en\/wp-json\/wp\/v2\/tags?post=16763"}],"curies":[{"name":"wp","href":"https:\/\/api.w.org\/{rel}","templated":true}]}}