{"id":16791,"date":"2022-02-22T18:11:10","date_gmt":"2022-02-22T17:11:10","guid":{"rendered":"https:\/\/www.ethikos.es\/?p=16791"},"modified":"2022-02-22T18:11:10","modified_gmt":"2022-02-22T17:11:10","slug":"ethikos-llega-a-malaga-como-referente-en-la-gestion-de-personas","status":"publish","type":"post","link":"https:\/\/www.ethikos.es\/en\/ethikos-llega-a-malaga-como-referente-en-la-gestion-de-personas\/","title":{"rendered":"Ethikos 3.0 llega a M\u00e1laga para seguir creciendo como referente en la gesti\u00f3n de personas"},"content":{"rendered":"<h3>La empresa modelo en \u00e9tica y recursos humanos contin\u00faa expandiendo sus l\u00edmites desde que naci\u00f3 en 2015.<\/h3>\n<p><strong>Barcelona, 17 de febrero de 2022.<\/strong> \u2013 Ethikos 3.0, la consultor\u00eda especialista en selecci\u00f3n por valores y gesti\u00f3n de personas, llega a M\u00e1laga. Tras un per\u00edodo de crecimiento en Barcelona, la empresa ha decidido aterrizar en la ciudad andaluza.<\/p>\n<p>La expansi\u00f3n de la entidad servir\u00e1 para ayudar a las empresas de M\u00e1laga y alrededores que quieran dar un paso adelante en la selecci\u00f3n de personal y optimizar su b\u00fasqueda de talento, encontrando a los mejores candidatos teniendo en cuenta el encaje de estos en los valores de la empresa.<\/p>\n<p>Adem\u00e1s de mejorar el nivel de sus empleados \u2013 est\u00e1 demostrado que el cultural fit entre empresa y trabajador mejora el rendimiento y compromiso en el trabajo \u2013 las entidades tendr\u00e1n la oportunidad de tener un impacto social positivo y mejorar la experiencia de los candidatos que pasen por el proceso selectivo. Mediante <a href=\"https:\/\/thevaluesquares.com\/the-valuesquares-methodology\/\">ValueSquares Methodology<\/a>, una metodolog\u00eda de selecci\u00f3n de personas enfocada en el descubrimiento de talento y valores, desarrollada por Ethikos en conjunto con la Universidad de Barcelona, la consultor\u00eda se ha consagrado como un referente en la gesti\u00f3n \u00e9tica de personal. Consiguiendo por el camino un rotundo \u00e9xito en el apoyo a empresas en crecimiento y a entidades destacadas del sector tecnol\u00f3gico.<\/p>\n<p>&nbsp;<\/p>\n<h3>About Ethikos 3.0<\/h3>\n<p>Ethikos es una consultor\u00eda internacional de recursos humanos que nace en 2015 en El Masnou (Barcelona). Como entidad se caracteriza por crear una metodolog\u00eda disruptiva que optimiza la selecci\u00f3n de personal y la experiencia tanto para empresas como para empleados. Adem\u00e1s, su af\u00e1n por tener un impacto social positivo y que esto se traduzca en acciones y no solo palabras la llev\u00f3 a convertirse en la primera empresa de gesti\u00f3n de personas certificada como B Corp en Espa\u00f1a.<\/p>\n<p>&nbsp;<\/p>\n<p style=\"text-align: right;\">Para m\u00e1s informaci\u00f3n:<\/p>\n<p style=\"text-align: right;\">Sergio L\u00f3pez<\/p>\n<p style=\"text-align: right;\">(+34) 937 969 475<\/p>\n<p style=\"text-align: right;\">sergio.lopez@ethikos.es<\/p>","protected":false},"excerpt":{"rendered":"<p>La empresa modelo en \u00e9tica y recursos humanos contin\u00faa expandiendo sus l\u00edmites desde que naci\u00f3 en 2015. Barcelona, 17 de febrero de 2022. \u2013 Ethikos 3.0, la consultor\u00eda especialista en selecci\u00f3n por valores y gesti\u00f3n de personas, llega a M\u00e1laga. Tras un per\u00edodo de crecimiento en Barcelona, la empresa ha decidido aterrizar en la ciudad [&hellip;]<\/p>\n","protected":false},"author":21,"featured_media":16799,"comment_status":"open","ping_status":"closed","sticky":false,"template":"","format":"standard","meta":{"_exactmetrics_skip_tracking":false,"_exactmetrics_sitenote_active":false,"_exactmetrics_sitenote_note":"","_exactmetrics_sitenote_category":0,"footnotes":""},"categories":[151,142,141,6,139,140,31],"tags":[628,445,51,91,197,626,611,89,193,627],"class_list":["post-16791","post","type-post","status-publish","format-standard","has-post-thumbnail","hentry","category-blog","category-cultura-de-empresa","category-gestion-por-valores","category-news","category-rrhh","category-seleccion-por-valores","category-sin-categorizar","tag-andalucia","tag-ethikos","tag-ethikos-3-0","tag-gestion-de-personas","tag-gestion-por-valores","tag-malaga","tag-naked-culture","tag-recursos-humanos","tag-trabajo","tag-trabajo-malaga"],"yoast_head":"<!-- This site is optimized with the Yoast SEO plugin v27.5 - https:\/\/yoast.com\/product\/yoast-seo-wordpress\/ -->\n<title>Ethikos 3.0 llega a M\u00e1laga como referente en la gesti\u00f3n de personas<\/title>\n<meta name=\"description\" content=\"Ethikos 3.0, la consultor\u00eda especialista en selecci\u00f3n por valores y gesti\u00f3n de personas, llega a M\u00e1laga. Tras su crecimiento en Barcelona.\" \/>\n<meta name=\"robots\" content=\"index, follow, max-snippet:-1, max-image-preview:large, max-video-preview:-1\" \/>\n<link rel=\"canonical\" href=\"https:\/\/www.ethikos.es\/en\/ethikos-llega-a-malaga-como-referente-en-la-gestion-de-personas\/\" \/>\n<meta property=\"og:locale\" content=\"en_US\" \/>\n<meta property=\"og:type\" content=\"article\" \/>\n<meta property=\"og:title\" content=\"Ethikos 3.0 llega a M\u00e1laga como referente en la gesti\u00f3n de personas\" \/>\n<meta property=\"og:description\" content=\"Ethikos 3.0, la consultor\u00eda especialista en selecci\u00f3n por valores y gesti\u00f3n de personas, llega a M\u00e1laga. Tras su crecimiento en Barcelona.\" \/>\n<meta property=\"og:url\" content=\"https:\/\/www.ethikos.es\/en\/ethikos-llega-a-malaga-como-referente-en-la-gestion-de-personas\/\" \/>\n<meta property=\"og:site_name\" content=\"Ethikos\" \/>\n<meta property=\"article:publisher\" content=\"http:\/\/www.facebook.com\/ethikos.es\/\" \/>\n<meta property=\"article:published_time\" content=\"2022-02-22T17:11:10+00:00\" \/>\n<meta property=\"og:image\" content=\"https:\/\/www.ethikos.es\/wp-content\/uploads\/2022\/02\/Anadir-un-titulo-scaled.jpg\" \/>\n\t<meta property=\"og:image:width\" content=\"2560\" \/>\n\t<meta property=\"og:image:height\" content=\"1280\" \/>\n\t<meta property=\"og:image:type\" content=\"image\/jpeg\" \/>\n<meta name=\"author\" content=\"alexandra.guldberg\" \/>\n<meta name=\"twitter:card\" content=\"summary_large_image\" \/>\n<meta name=\"twitter:creator\" content=\"@Ethikos30\" \/>\n<meta name=\"twitter:site\" content=\"@Ethikos30\" \/>\n<meta name=\"twitter:label1\" content=\"Written by\" \/>\n\t<meta name=\"twitter:data1\" content=\"alexandra.guldberg\" \/>\n\t<meta name=\"twitter:label2\" content=\"Est. reading time\" \/>\n\t<meta name=\"twitter:data2\" content=\"2 minutes\" \/>\n<script type=\"application\/ld+json\" class=\"yoast-schema-graph\">{\"@context\":\"https:\\\/\\\/schema.org\",\"@graph\":[{\"@type\":\"Article\",\"@id\":\"https:\\\/\\\/www.ethikos.es\\\/en\\\/ethikos-llega-a-malaga-como-referente-en-la-gestion-de-personas\\\/#article\",\"isPartOf\":{\"@id\":\"https:\\\/\\\/www.ethikos.es\\\/en\\\/ethikos-llega-a-malaga-como-referente-en-la-gestion-de-personas\\\/\"},\"author\":{\"name\":\"alexandra.guldberg\",\"@id\":\"https:\\\/\\\/www.ethikos.es\\\/en\\\/#\\\/schema\\\/person\\\/42497927bf7dc4ec49272f9539b73c09\"},\"headline\":\"Ethikos 3.0 llega a M\u00e1laga para seguir creciendo como referente en la gesti\u00f3n de personas\",\"datePublished\":\"2022-02-22T17:11:10+00:00\",\"mainEntityOfPage\":{\"@id\":\"https:\\\/\\\/www.ethikos.es\\\/en\\\/ethikos-llega-a-malaga-como-referente-en-la-gestion-de-personas\\\/\"},\"wordCount\":347,\"commentCount\":0,\"publisher\":{\"@id\":\"https:\\\/\\\/www.ethikos.es\\\/en\\\/#organization\"},\"image\":{\"@id\":\"https:\\\/\\\/www.ethikos.es\\\/en\\\/ethikos-llega-a-malaga-como-referente-en-la-gestion-de-personas\\\/#primaryimage\"},\"thumbnailUrl\":\"https:\\\/\\\/www.ethikos.es\\\/wp-content\\\/uploads\\\/2022\\\/02\\\/Anadir-un-titulo-scaled.jpg\",\"keywords\":[\"Andaluc\u00eda\",\"ethikos\",\"Ethikos 3.0\",\"gesti\u00f3n de personas\",\"gesti\u00f3n por valores\",\"M\u00e1laga\",\"Naked culture\",\"recursos humanos\",\"trabajo\",\"trabajo m\u00e1laga\"],\"articleSection\":[\"Blog\",\"Cultura de empresa\",\"Gesti\u00f3n por valores\",\"News\",\"Recursos Humanos\",\"Selecci\u00f3n por valores\",\"Sin categorizar\"],\"inLanguage\":\"en-US\",\"potentialAction\":[{\"@type\":\"CommentAction\",\"name\":\"Comment\",\"target\":[\"https:\\\/\\\/www.ethikos.es\\\/en\\\/ethikos-llega-a-malaga-como-referente-en-la-gestion-de-personas\\\/#respond\"]}]},{\"@type\":\"WebPage\",\"@id\":\"https:\\\/\\\/www.ethikos.es\\\/en\\\/ethikos-llega-a-malaga-como-referente-en-la-gestion-de-personas\\\/\",\"url\":\"https:\\\/\\\/www.ethikos.es\\\/en\\\/ethikos-llega-a-malaga-como-referente-en-la-gestion-de-personas\\\/\",\"name\":\"Ethikos 3.0 llega a M\u00e1laga como referente en la gesti\u00f3n de personas\",\"isPartOf\":{\"@id\":\"https:\\\/\\\/www.ethikos.es\\\/en\\\/#website\"},\"primaryImageOfPage\":{\"@id\":\"https:\\\/\\\/www.ethikos.es\\\/en\\\/ethikos-llega-a-malaga-como-referente-en-la-gestion-de-personas\\\/#primaryimage\"},\"image\":{\"@id\":\"https:\\\/\\\/www.ethikos.es\\\/en\\\/ethikos-llega-a-malaga-como-referente-en-la-gestion-de-personas\\\/#primaryimage\"},\"thumbnailUrl\":\"https:\\\/\\\/www.ethikos.es\\\/wp-content\\\/uploads\\\/2022\\\/02\\\/Anadir-un-titulo-scaled.jpg\",\"datePublished\":\"2022-02-22T17:11:10+00:00\",\"description\":\"Ethikos 3.0, la consultor\u00eda especialista en selecci\u00f3n por valores y gesti\u00f3n de personas, llega a M\u00e1laga. Tras su crecimiento en Barcelona.\",\"breadcrumb\":{\"@id\":\"https:\\\/\\\/www.ethikos.es\\\/en\\\/ethikos-llega-a-malaga-como-referente-en-la-gestion-de-personas\\\/#breadcrumb\"},\"inLanguage\":\"en-US\",\"potentialAction\":[{\"@type\":\"ReadAction\",\"target\":[\"https:\\\/\\\/www.ethikos.es\\\/en\\\/ethikos-llega-a-malaga-como-referente-en-la-gestion-de-personas\\\/\"]}]},{\"@type\":\"ImageObject\",\"inLanguage\":\"en-US\",\"@id\":\"https:\\\/\\\/www.ethikos.es\\\/en\\\/ethikos-llega-a-malaga-como-referente-en-la-gestion-de-personas\\\/#primaryimage\",\"url\":\"https:\\\/\\\/www.ethikos.es\\\/wp-content\\\/uploads\\\/2022\\\/02\\\/Anadir-un-titulo-scaled.jpg\",\"contentUrl\":\"https:\\\/\\\/www.ethikos.es\\\/wp-content\\\/uploads\\\/2022\\\/02\\\/Anadir-un-titulo-scaled.jpg\",\"width\":2560,\"height\":1280,\"caption\":\"Ethikos en M\u00e1laga\"},{\"@type\":\"BreadcrumbList\",\"@id\":\"https:\\\/\\\/www.ethikos.es\\\/en\\\/ethikos-llega-a-malaga-como-referente-en-la-gestion-de-personas\\\/#breadcrumb\",\"itemListElement\":[{\"@type\":\"ListItem\",\"position\":1,\"name\":\"Portada\",\"item\":\"https:\\\/\\\/www.ethikos.es\\\/\"},{\"@type\":\"ListItem\",\"position\":2,\"name\":\"Ethikos 3.0 llega a M\u00e1laga para seguir creciendo como referente en la gesti\u00f3n de personas\"}]},{\"@type\":\"WebSite\",\"@id\":\"https:\\\/\\\/www.ethikos.es\\\/en\\\/#website\",\"url\":\"https:\\\/\\\/www.ethikos.es\\\/en\\\/\",\"name\":\"Ethikos 3.0\",\"description\":\"Ethikos es una consultora de transformaci\u00f3n organizacional especializada en cultura empresarial, liderazgo consciente y selecci\u00f3n por valores.\",\"publisher\":{\"@id\":\"https:\\\/\\\/www.ethikos.es\\\/en\\\/#organization\"},\"alternateName\":\"Ethikos Consultor\u00eda\",\"potentialAction\":[{\"@type\":\"SearchAction\",\"target\":{\"@type\":\"EntryPoint\",\"urlTemplate\":\"https:\\\/\\\/www.ethikos.es\\\/en\\\/?s={search_term_string}\"},\"query-input\":{\"@type\":\"PropertyValueSpecification\",\"valueRequired\":true,\"valueName\":\"search_term_string\"}}],\"inLanguage\":\"en-US\"},{\"@type\":\"Organization\",\"@id\":\"https:\\\/\\\/www.ethikos.es\\\/en\\\/#organization\",\"name\":\"Ethikos 3.0\",\"url\":\"https:\\\/\\\/www.ethikos.es\\\/en\\\/\",\"logo\":{\"@type\":\"ImageObject\",\"inLanguage\":\"en-US\",\"@id\":\"https:\\\/\\\/www.ethikos.es\\\/en\\\/#\\\/schema\\\/logo\\\/image\\\/\",\"url\":\"https:\\\/\\\/www.ethikos.es\\\/wp-content\\\/uploads\\\/2019\\\/01\\\/43606559961_5f343a820a_o.png\",\"contentUrl\":\"https:\\\/\\\/www.ethikos.es\\\/wp-content\\\/uploads\\\/2019\\\/01\\\/43606559961_5f343a820a_o.png\",\"width\":646,\"height\":218,\"caption\":\"Ethikos 3.0\"},\"image\":{\"@id\":\"https:\\\/\\\/www.ethikos.es\\\/en\\\/#\\\/schema\\\/logo\\\/image\\\/\"},\"sameAs\":[\"http:\\\/\\\/www.facebook.com\\\/ethikos.es\\\/\",\"https:\\\/\\\/x.com\\\/Ethikos30\",\"https:\\\/\\\/www.instagram.com\\\/ethikos_3.0\\\/\",\"https:\\\/\\\/www.linkedin.com\\\/company\\\/ethikos-3-0\\\/\"]},{\"@type\":\"Person\",\"@id\":\"https:\\\/\\\/www.ethikos.es\\\/en\\\/#\\\/schema\\\/person\\\/42497927bf7dc4ec49272f9539b73c09\",\"name\":\"alexandra.guldberg\",\"image\":{\"@type\":\"ImageObject\",\"inLanguage\":\"en-US\",\"@id\":\"https:\\\/\\\/secure.gravatar.com\\\/avatar\\\/2759471252d647c5a026aa036549973b6f0f211daaf0268da6d017a68aeda83e?s=96&d=mm&r=g\",\"url\":\"https:\\\/\\\/secure.gravatar.com\\\/avatar\\\/2759471252d647c5a026aa036549973b6f0f211daaf0268da6d017a68aeda83e?s=96&d=mm&r=g\",\"contentUrl\":\"https:\\\/\\\/secure.gravatar.com\\\/avatar\\\/2759471252d647c5a026aa036549973b6f0f211daaf0268da6d017a68aeda83e?s=96&d=mm&r=g\",\"caption\":\"alexandra.guldberg\"}}]}<\/script>\n<!-- \/ Yoast SEO plugin. -->","yoast_head_json":{"title":"Ethikos 3.0 llega a M\u00e1laga como referente en la gesti\u00f3n de personas","description":"Ethikos 3.0, la consultor\u00eda especialista en selecci\u00f3n por valores y gesti\u00f3n de personas, llega a M\u00e1laga. Tras su crecimiento en Barcelona.","robots":{"index":"index","follow":"follow","max-snippet":"max-snippet:-1","max-image-preview":"max-image-preview:large","max-video-preview":"max-video-preview:-1"},"canonical":"https:\/\/www.ethikos.es\/en\/ethikos-llega-a-malaga-como-referente-en-la-gestion-de-personas\/","og_locale":"en_US","og_type":"article","og_title":"Ethikos 3.0 llega a M\u00e1laga como referente en la gesti\u00f3n de personas","og_description":"Ethikos 3.0, la consultor\u00eda especialista en selecci\u00f3n por valores y gesti\u00f3n de personas, llega a M\u00e1laga. Tras su crecimiento en Barcelona.","og_url":"https:\/\/www.ethikos.es\/en\/ethikos-llega-a-malaga-como-referente-en-la-gestion-de-personas\/","og_site_name":"Ethikos","article_publisher":"http:\/\/www.facebook.com\/ethikos.es\/","article_published_time":"2022-02-22T17:11:10+00:00","og_image":[{"width":2560,"height":1280,"url":"https:\/\/www.ethikos.es\/wp-content\/uploads\/2022\/02\/Anadir-un-titulo-scaled.jpg","type":"image\/jpeg"}],"author":"alexandra.guldberg","twitter_card":"summary_large_image","twitter_creator":"@Ethikos30","twitter_site":"@Ethikos30","twitter_misc":{"Written by":"alexandra.guldberg","Est. reading time":"2 minutes"},"schema":{"@context":"https:\/\/schema.org","@graph":[{"@type":"Article","@id":"https:\/\/www.ethikos.es\/en\/ethikos-llega-a-malaga-como-referente-en-la-gestion-de-personas\/#article","isPartOf":{"@id":"https:\/\/www.ethikos.es\/en\/ethikos-llega-a-malaga-como-referente-en-la-gestion-de-personas\/"},"author":{"name":"alexandra.guldberg","@id":"https:\/\/www.ethikos.es\/en\/#\/schema\/person\/42497927bf7dc4ec49272f9539b73c09"},"headline":"Ethikos 3.0 llega a M\u00e1laga para seguir creciendo como referente en la gesti\u00f3n de personas","datePublished":"2022-02-22T17:11:10+00:00","mainEntityOfPage":{"@id":"https:\/\/www.ethikos.es\/en\/ethikos-llega-a-malaga-como-referente-en-la-gestion-de-personas\/"},"wordCount":347,"commentCount":0,"publisher":{"@id":"https:\/\/www.ethikos.es\/en\/#organization"},"image":{"@id":"https:\/\/www.ethikos.es\/en\/ethikos-llega-a-malaga-como-referente-en-la-gestion-de-personas\/#primaryimage"},"thumbnailUrl":"https:\/\/www.ethikos.es\/wp-content\/uploads\/2022\/02\/Anadir-un-titulo-scaled.jpg","keywords":["Andaluc\u00eda","ethikos","Ethikos 3.0","gesti\u00f3n de personas","gesti\u00f3n por valores","M\u00e1laga","Naked culture","recursos humanos","trabajo","trabajo m\u00e1laga"],"articleSection":["Blog","Cultura de empresa","Gesti\u00f3n por valores","News","Recursos Humanos","Selecci\u00f3n por valores","Sin categorizar"],"inLanguage":"en-US","potentialAction":[{"@type":"CommentAction","name":"Comment","target":["https:\/\/www.ethikos.es\/en\/ethikos-llega-a-malaga-como-referente-en-la-gestion-de-personas\/#respond"]}]},{"@type":"WebPage","@id":"https:\/\/www.ethikos.es\/en\/ethikos-llega-a-malaga-como-referente-en-la-gestion-de-personas\/","url":"https:\/\/www.ethikos.es\/en\/ethikos-llega-a-malaga-como-referente-en-la-gestion-de-personas\/","name":"Ethikos 3.0 llega a M\u00e1laga como referente en la gesti\u00f3n de personas","isPartOf":{"@id":"https:\/\/www.ethikos.es\/en\/#website"},"primaryImageOfPage":{"@id":"https:\/\/www.ethikos.es\/en\/ethikos-llega-a-malaga-como-referente-en-la-gestion-de-personas\/#primaryimage"},"image":{"@id":"https:\/\/www.ethikos.es\/en\/ethikos-llega-a-malaga-como-referente-en-la-gestion-de-personas\/#primaryimage"},"thumbnailUrl":"https:\/\/www.ethikos.es\/wp-content\/uploads\/2022\/02\/Anadir-un-titulo-scaled.jpg","datePublished":"2022-02-22T17:11:10+00:00","description":"Ethikos 3.0, la consultor\u00eda especialista en selecci\u00f3n por valores y gesti\u00f3n de personas, llega a M\u00e1laga. Tras su crecimiento en Barcelona.","breadcrumb":{"@id":"https:\/\/www.ethikos.es\/en\/ethikos-llega-a-malaga-como-referente-en-la-gestion-de-personas\/#breadcrumb"},"inLanguage":"en-US","potentialAction":[{"@type":"ReadAction","target":["https:\/\/www.ethikos.es\/en\/ethikos-llega-a-malaga-como-referente-en-la-gestion-de-personas\/"]}]},{"@type":"ImageObject","inLanguage":"en-US","@id":"https:\/\/www.ethikos.es\/en\/ethikos-llega-a-malaga-como-referente-en-la-gestion-de-personas\/#primaryimage","url":"https:\/\/www.ethikos.es\/wp-content\/uploads\/2022\/02\/Anadir-un-titulo-scaled.jpg","contentUrl":"https:\/\/www.ethikos.es\/wp-content\/uploads\/2022\/02\/Anadir-un-titulo-scaled.jpg","width":2560,"height":1280,"caption":"Ethikos en M\u00e1laga"},{"@type":"BreadcrumbList","@id":"https:\/\/www.ethikos.es\/en\/ethikos-llega-a-malaga-como-referente-en-la-gestion-de-personas\/#breadcrumb","itemListElement":[{"@type":"ListItem","position":1,"name":"Portada","item":"https:\/\/www.ethikos.es\/"},{"@type":"ListItem","position":2,"name":"Ethikos 3.0 llega a M\u00e1laga para seguir creciendo como referente en la gesti\u00f3n de personas"}]},{"@type":"WebSite","@id":"https:\/\/www.ethikos.es\/en\/#website","url":"https:\/\/www.ethikos.es\/en\/","name":"Ethikos 3.0","description":"Ethikos es una consultora de transformaci\u00f3n organizacional especializada en cultura empresarial, liderazgo consciente y selecci\u00f3n por valores.","publisher":{"@id":"https:\/\/www.ethikos.es\/en\/#organization"},"alternateName":"Ethikos Consultor\u00eda","potentialAction":[{"@type":"SearchAction","target":{"@type":"EntryPoint","urlTemplate":"https:\/\/www.ethikos.es\/en\/?s={search_term_string}"},"query-input":{"@type":"PropertyValueSpecification","valueRequired":true,"valueName":"search_term_string"}}],"inLanguage":"en-US"},{"@type":"Organization","@id":"https:\/\/www.ethikos.es\/en\/#organization","name":"Ethikos 3.0","url":"https:\/\/www.ethikos.es\/en\/","logo":{"@type":"ImageObject","inLanguage":"en-US","@id":"https:\/\/www.ethikos.es\/en\/#\/schema\/logo\/image\/","url":"https:\/\/www.ethikos.es\/wp-content\/uploads\/2019\/01\/43606559961_5f343a820a_o.png","contentUrl":"https:\/\/www.ethikos.es\/wp-content\/uploads\/2019\/01\/43606559961_5f343a820a_o.png","width":646,"height":218,"caption":"Ethikos 3.0"},"image":{"@id":"https:\/\/www.ethikos.es\/en\/#\/schema\/logo\/image\/"},"sameAs":["http:\/\/www.facebook.com\/ethikos.es\/","https:\/\/x.com\/Ethikos30","https:\/\/www.instagram.com\/ethikos_3.0\/","https:\/\/www.linkedin.com\/company\/ethikos-3-0\/"]},{"@type":"Person","@id":"https:\/\/www.ethikos.es\/en\/#\/schema\/person\/42497927bf7dc4ec49272f9539b73c09","name":"alexandra.guldberg","image":{"@type":"ImageObject","inLanguage":"en-US","@id":"https:\/\/secure.gravatar.com\/avatar\/2759471252d647c5a026aa036549973b6f0f211daaf0268da6d017a68aeda83e?s=96&d=mm&r=g","url":"https:\/\/secure.gravatar.com\/avatar\/2759471252d647c5a026aa036549973b6f0f211daaf0268da6d017a68aeda83e?s=96&d=mm&r=g","contentUrl":"https:\/\/secure.gravatar.com\/avatar\/2759471252d647c5a026aa036549973b6f0f211daaf0268da6d017a68aeda83e?s=96&d=mm&r=g","caption":"alexandra.guldberg"}}]}},"_links":{"self":[{"href":"https:\/\/www.ethikos.es\/en\/wp-json\/wp\/v2\/posts\/16791","targetHints":{"allow":["GET"]}}],"collection":[{"href":"https:\/\/www.ethikos.es\/en\/wp-json\/wp\/v2\/posts"}],"about":[{"href":"https:\/\/www.ethikos.es\/en\/wp-json\/wp\/v2\/types\/post"}],"author":[{"embeddable":true,"href":"https:\/\/www.ethikos.es\/en\/wp-json\/wp\/v2\/users\/21"}],"replies":[{"embeddable":true,"href":"https:\/\/www.ethikos.es\/en\/wp-json\/wp\/v2\/comments?post=16791"}],"version-history":[{"count":0,"href":"https:\/\/www.ethikos.es\/en\/wp-json\/wp\/v2\/posts\/16791\/revisions"}],"wp:featuredmedia":[{"embeddable":true,"href":"https:\/\/www.ethikos.es\/en\/wp-json\/wp\/v2\/media\/16799"}],"wp:attachment":[{"href":"https:\/\/www.ethikos.es\/en\/wp-json\/wp\/v2\/media?parent=16791"}],"wp:term":[{"taxonomy":"category","embeddable":true,"href":"https:\/\/www.ethikos.es\/en\/wp-json\/wp\/v2\/categories?post=16791"},{"taxonomy":"post_tag","embeddable":true,"href":"https:\/\/www.ethikos.es\/en\/wp-json\/wp\/v2\/tags?post=16791"}],"curies":[{"name":"wp","href":"https:\/\/api.w.org\/{rel}","templated":true}]}}