{"id":16887,"date":"2022-03-23T12:58:53","date_gmt":"2022-03-23T11:58:53","guid":{"rendered":"https:\/\/www.ethikos.es\/?p=16887"},"modified":"2022-03-23T12:58:53","modified_gmt":"2022-03-23T11:58:53","slug":"cultural-fit-add","status":"publish","type":"post","link":"https:\/\/www.ethikos.es\/en\/cultural-fit-add\/","title":{"rendered":"Un valor a\u00f1adido para las empresas: cultural fit y cultural add"},"content":{"rendered":"<h2><strong>El encaje cultural es algo que muchas empresas persiguen pero, \u00bfqu\u00e9 hay del <em>cultural add?<\/em> \u00bfC\u00f3mo encajan y por qu\u00e9 son tan importantes?<\/strong><\/h2>\n<p>En primer lugar, cabr\u00eda recordar el significado de los conceptos que analizaremos en este art\u00edculo. Se entiende como <em>cultural fit<\/em> cuando los valores de la persona encajan con los de la organizaci\u00f3n y viceversa. Mientras que el\u00a0<em>cultural add<\/em>\u00a0es cuando el sujeto en cuesti\u00f3n aporta cosas nuevas a la empresa, un valor a\u00f1adido diferente. Por ejemplo, una manera de ver el mundo distinta. Va m\u00e1s all\u00e1 de tener unos valores b\u00e1sicos en com\u00fan.<\/p>\n<p>Para entendernos, el <em>cultural fit<\/em> responder\u00eda a la siguiente cuesti\u00f3n: \u00bfpersona y empresa comparten valores? Por su parte, el <em>cultural add<\/em> vendr\u00eda a ser: \u00bfqu\u00e9 valor a\u00f1adido tiene esta persona para la entidad, qu\u00e9 puntos de vista nuevos trae?<\/p>\n<h3><strong>Cultural fit vs Cultural add<\/strong><\/h3>\n<p>Es preciso ser cautos cuando se procede con la implementaci\u00f3n del encaje cultural en las empresas. A menudo las corporaciones cometen el error de contratar a personas que les recuerdan a empleados que ya pertenecen a la entidad. Esto en un corto plazo puede resultar efectivo, sobre todo para agilizar la adaptaci\u00f3n de los nuevos trabajadores, pero a largo plazo supone un problema para el ente organizacional. Un equipo de trabajo ausente de diversidad tendr\u00e1 mucha menos creatividad que otro diverso, puesto que no habr\u00e1 variedad de experiencias ni otras formas de ver el mundo.<\/p>\n<p>La mayor\u00eda de las empresas siguen ancladas en la b\u00fasqueda del fit cultural cuando inician un proceso de selecci\u00f3n, lo que genera <em>recruitments<\/em> endog\u00e1micos e incluso discriminatorios. Para combatir estas tendencias hay una respuesta: el <em>cultural add<\/em>.<\/p>\n<p>Bajo el prisma del <em>cultural add<\/em>, el departamento de recursos humanos conseguir\u00e1 crear equipos de trabajo diversos, con visiones del mundo distintas (nuevos idiomas, lenguas, culturas\u2026) que a\u00f1adir\u00e1n valor a la empresa, creando un ambiente din\u00e1mico y propicio para la innovaci\u00f3n. Poseer un espacio de diversidad en una entidad siempre a\u00f1ade val\u00eda porque <a href=\"https:\/\/www.ethikos.es\/diversidad-equidad-e-inclusion-dei-tres-claves-de-futuro\/\">se consiguen nuevas visiones, maneras de hacer y autenticidad.\u00a0<\/a><\/p>\n<p>Es m\u00e1s dif\u00edcil aplicar el <em>cultural add<\/em> que el <em>cultural fit<\/em>, por ello es necesario que los equipos de RRHH se formen al respecto. La universidad de <a href=\"https:\/\/hbr.org\/2020\/01\/the-new-analytics-of-culture\">Harvard realiz\u00f3 una investigaci\u00f3n sobre la importancia de la cultura en la empresa<\/a>, concluy\u00f3 que el encaje de valores es muy efectivo para predecir la rotaci\u00f3n, aunque no tanto para prever el rendimiento. Seg\u00fan el mismo texto objeto de estudio, la cultura de una empresa es f\u00e1cil de sentir, pero dif\u00edcil de medir. Por este tipo de problemas, <a href=\"https:\/\/www.ethikos.es\/la-seleccion-por-valores-el-futuro-de-los-recursos-humanos\/\">Ethikos cre\u00f3 The ValueSquare Methodology,<\/a> que desarrolla en profundidad la metodolog\u00eda de la selecci\u00f3n por valores y toma en cuenta todas las variables que engloban al concepto de <em>cultural add.<\/em><\/p>\n<h3><strong>La diversidad de culturas en las organizaciones<\/strong><\/h3>\n<p>En este estudio la consultora McKinsey expone, <a href=\"https:\/\/www.mckinsey.com\/ar\/our-insights\/diversity-matters-america-latina\">enfoc\u00e1ndolo en Am\u00e9rica Latina<\/a>, la importancia de la diversidad de culturas en una empresa. Seg\u00fan ellos, los empleados que desempe\u00f1an sus funciones en empresas que aplican los conceptos DEI (diversidad, equidad e inclusi\u00f3n) desarrollan un mayor nivel de innovaci\u00f3n y colaboraci\u00f3n que sus contrapartes de otras organizaciones. Adem\u00e1s, seg\u00fan sus propias palabras, las entidades realmente diversas son m\u00e1s saludables, felices y rentables.<\/p>\n<p>Las empresas que apuestan por adquirir nuevos puntos de vista culturales consiguen diferenciarse de su competencia en materias como innovaci\u00f3n y cooperaci\u00f3n. Adem\u00e1s, aumenta la confianza mutua y el <em>team work<\/em>. Por otro lado, la retenci\u00f3n de talento tambi\u00e9n incrementa, algo intr\u00ednsecamente relacionado con <a href=\"https:\/\/www.ethikos.es\/diez-formas-de-conseguir-un-ambiente-de-trabajo-diverso\/\">la mejora del clima laboral.<\/a> Este aunamiento de plusval\u00edas se traduce, en \u00faltima instancia, en algo que concierne a todas las empresas: m\u00e1s beneficios y una probabilidad mucho mayor de alcanzar los objetivos econ\u00f3micos.<\/p>\n<p>Seg\u00fan indica el mismo estudio de McKinsey, anteriormente expuesto, lo importante no es tanto \u201ctener un equipo diverso\u201d como el compromiso con que la fuerza de trabajo que lo compone se sienta parte de un todo. Que existan unas directrices por parte de la empresa que hagan que todas las personas que la componen se sientan incluidas, valoradas y respetadas. En caso contrario, la diversidad no tiene sentido y demuestra que es m\u00e1s una f\u00f3rmula cara a la galer\u00eda que un valor real. Cabe recordar que, pese a los muchos avances, las mujeres y, en general, los grupos hist\u00f3ricamente marginados, siguen sufriendo una infrarrepresentaci\u00f3n en los puestos ejecutivos de las empresas. En este an\u00e1lisis hecho por acad\u00e9micos de Stanford, se <a href=\"https:\/\/www.pnas.org\/doi\/10.1073\/pnas.2026443119#executive-summary-abstract\">demuestra lo id\u00f3neo que es para las organizaciones el que las mujeres est\u00e9n presenten en altos cargos.<\/a><strong>\u00a0<\/strong><\/p>\n<h3><strong>Combinar cultural fit y cultural add<\/strong><\/h3>\n<p>Las personas que trabajan en una empresa que a\u00fana el <em>cultural fit<\/em> con el <em>cultural add<\/em> se sienten m\u00e1s libres de mostrarse como son, hay hasta un 111% m\u00e1s de probabilidad de que lo hagan. Esto tiene grandes beneficios, tanto en salud mental para los empleados como en cultura empresarial y en rendimiento econ\u00f3mico. El fit cultural debe ir de a mano del <em>cultural add<\/em>, en caso contrario, corremos el riesgo de caer en conductas discriminatorias.<\/p>\n<p>En este tipo de organizaciones, de acuerdo con McKinsey, el 63% se siente feliz en su ambiente laboral, mientras que el porcentaje disminuye a un 31% en las empresas que no practican esta pol\u00edtica. La diferencia es abismal y tiene un efecto directo en el desempe\u00f1o del trabajo.<\/p>\n<p>Apostar por el <em>cultural add <\/em>es apostar por la diversidad, y esto no deja de ser una pr\u00e1ctica saludable para las entidades, con resultados que hablan por s\u00ed solos. \u00a0Por ejemplo, las empresas DEI (es decir, que aplican los conceptos diversidad, equidad, inclusi\u00f3n) ofrecen muy buenos n\u00fameros en cuanto al retorno de la inversi\u00f3n (ROI), a nivel de innovaci\u00f3n es clave, como indica la universidad de Michigan <a href=\"https:\/\/broad.msu.edu\/news\/the-business-case-for-diversity-equity-and-inclusion\/\">en este art\u00edculo.<\/a> La ventaja competitiva y, por ende, rentabilidad econ\u00f3mica que supone para una compa\u00f1\u00eda hacer gala de las tres variables DEI tambi\u00e9n ha sido estudiada y confirmada por Harvard, como indican <a href=\"https:\/\/hbr.org\/2020\/11\/getting-serious-about-diversity-enough-already-with-the-business-case\">en el an\u00e1lisis aqu\u00ed citado<\/a>.<\/p>\n<h3><strong>El encaje cultural, clave para frenar la rotaci\u00f3n en las empresas<\/strong><\/h3>\n<p>Un ambiente de trabajo con valores compartidos es trascendental para crear comunidad y sentimiento de pertenencia, lo que, en \u00faltima instancia, se traduce en una reducci\u00f3n del <em>turnover<\/em> en las empresas. En los siguientes estudios, uno de <a href=\"https:\/\/hbr.org\/1973\/07\/why-employees-stay\">Harvard<\/a> y otro de <a href=\"https:\/\/www.mwse.org\/employee-turnover\/\">Michigan<\/a>, se explica por qu\u00e9 los empleados se quedan. Por si alguien lo dudaba: el <em>cultural fit <\/em>es una de las claves.<\/p>\n<p>Los resultados de las investigaciones aqu\u00ed expuestas coinciden en algo: las empresas que quieran un ambiente laboral estable necesitan encontrar candidatos que compartan valores.<\/p>\n<p>Pese a esto, cabe remarcar otro dato interesante: la adaptabilidad cultural como habilidad clave. Las compa\u00f1\u00edas no son entes inm\u00f3viles, sino que evolucionan con el tiempo. Tener a profesionales que se puedan adaptar a los cambios ayuda, y mucho, a optimizar el rendimiento. \u00bfQu\u00e9 queremos decir con esto? Que el fit cultural no termina en el proceso de contrataci\u00f3n, sino que sigue en el tiempo conforme la empresa y el equipo de trabajo evolucionan.<\/p>\n<p>Por tanto, se pude concluir que una forma eficaz de <a href=\"https:\/\/www.ethikos.es\/es-la-rotacion-en-el-trabajo-tan-mala-como-parece\/\">detener la rotaci\u00f3n<\/a> y, a la vez, mejorar el rendimiento, es contratar teniendo en cuenta el encaje cultural. Pero cabe recordar que darle hincapi\u00e9 a esto puede acabar creando un equipo poco diverso. \u00bfQu\u00e9 hacer para evitarlo? Tener en cuenta, tambi\u00e9n, el <em>add cultural<\/em>. Contratar personas que a\u00f1adan nuevos puntos de vista a partir de vivencias y trasfondos diferentes.<\/p>\n<h3><strong>Cautela con los algoritmos para detectar el <em>fit cultural<\/em><\/strong><\/h3>\n<p>Acad\u00e9micos de <a href=\"https:\/\/hbr.org\/2016\/12\/hiring-algorithms-are-not-neutral\">Harvard<\/a>, <a href=\"https:\/\/www.gsb.stanford.edu\/insights\/dont-let-artificial-intelligence-pick-your-employees\">Stanford<\/a> o <a href=\"https:\/\/www.michiganstateuniversityonline.com\/resources\/business-analytics\/how-ai-and-machine-learning-are-transforming-the-hiring-process\/\">Michigan<\/a> han advertido sobre los peligros que tiene la inteligencia artificial aplicada a los recursos humanos.<\/p>\n<p>Estas herramientas pueden ser contraproducentes para las empresas ya que no est\u00e1n exentas de sesgos. Si se le otorga un peso desmesurado a la hora de tomar decisiones, pueden llegar a provocar discriminaciones en grupos sociales hist\u00f3ricamente marginados del mundo laboral. Adem\u00e1s, crean una sensaci\u00f3n de certidumbre en los gerentes que no est\u00e1 acorde con la realidad emp\u00edrica.<\/p>\n<p>Esto no significa que pierdan su utilidad como ayuda complementaria. La inteligencia artificial avanza constantemente y las empresas no tienen que quedarse atr\u00e1s. Pero un uso responsable y \u00e9tico de ellas es necesario para que acaben siendo una ayuda y no una traba.<\/p>\n<p>Para acabar, nos gustar\u00eda dejaros una cuesti\u00f3n; \u00bfcre\u00e9is que las empresas deber\u00edan darle m\u00e1s importancia al <em>cultural add<\/em>, o deber\u00edan seguir centr\u00e1ndose en el encaje cultural?<\/p>\n<p>Por: Sergio L\u00f3pez &#8211; Digital Content<\/p>","protected":false},"excerpt":{"rendered":"<p>El encaje cultural es algo que muchas empresas persiguen pero, \u00bfqu\u00e9 hay del cultural add? \u00bfC\u00f3mo encajan y por qu\u00e9 son tan importantes? En primer lugar, cabr\u00eda recordar el significado de los conceptos que analizaremos en este art\u00edculo. Se entiende como cultural fit cuando los valores de la persona encajan con los de la organizaci\u00f3n [&hellip;]<\/p>\n","protected":false},"author":21,"featured_media":16888,"comment_status":"open","ping_status":"closed","sticky":false,"template":"","format":"standard","meta":{"_exactmetrics_skip_tracking":false,"_exactmetrics_sitenote_active":false,"_exactmetrics_sitenote_note":"","_exactmetrics_sitenote_category":0,"footnotes":""},"categories":[151,142,139,140],"tags":[651,437,641,638,491,640,445,51,91,197,551,639,436,611,89,652,47],"class_list":["post-16887","post","type-post","status-publish","format-standard","has-post-thumbnail","hentry","category-blog","category-cultura-de-empresa","category-rrhh","category-seleccion-por-valores","tag-cultural-add","tag-cultural-fit","tag-dei","tag-diversidad","tag-empleo","tag-equidad","tag-ethikos","tag-ethikos-3-0","tag-gestion-de-personas","tag-gestion-por-valores","tag-impacto","tag-inclusion","tag-innovacion","tag-naked-culture","tag-recursos-humanos","tag-roi","tag-valores"],"yoast_head":"<!-- This site is optimized with the Yoast SEO plugin v27.5 - https:\/\/yoast.com\/product\/yoast-seo-wordpress\/ -->\n<title>T\u00edtulo P\u00e1gina | Consultora de talento y selecci\u00f3n de personal | Ethikos &#8212; Ethikos<\/title>\n<meta name=\"description\" content=\"El fit cultural debe ir de a mano del cultural add, en caso contrario, corremos el riesgo de caer en conductas discriminatorias.\" \/>\n<meta name=\"robots\" content=\"index, follow, max-snippet:-1, max-image-preview:large, max-video-preview:-1\" \/>\n<link rel=\"canonical\" href=\"https:\/\/www.ethikos.es\/en\/cultural-fit-add\/\" \/>\n<meta property=\"og:locale\" content=\"en_US\" \/>\n<meta property=\"og:type\" content=\"article\" \/>\n<meta property=\"og:title\" content=\"T\u00edtulo P\u00e1gina | Consultora de talento y selecci\u00f3n de personal | Ethikos &#8212; Ethikos\" \/>\n<meta property=\"og:description\" content=\"El fit cultural debe ir de a mano del cultural add, en caso contrario, corremos el riesgo de caer en conductas discriminatorias.\" \/>\n<meta property=\"og:url\" content=\"https:\/\/www.ethikos.es\/en\/cultural-fit-add\/\" \/>\n<meta property=\"og:site_name\" content=\"Ethikos\" \/>\n<meta property=\"article:publisher\" content=\"http:\/\/www.facebook.com\/ethikos.es\/\" \/>\n<meta property=\"article:published_time\" content=\"2022-03-23T11:58:53+00:00\" \/>\n<meta property=\"og:image\" content=\"https:\/\/www.ethikos.es\/wp-content\/uploads\/2022\/03\/cultural-team-diverse.jpeg\" \/>\n\t<meta property=\"og:image:width\" content=\"1880\" \/>\n\t<meta property=\"og:image:height\" content=\"1253\" \/>\n\t<meta property=\"og:image:type\" content=\"image\/jpeg\" \/>\n<meta name=\"author\" content=\"alexandra.guldberg\" \/>\n<meta name=\"twitter:card\" content=\"summary_large_image\" \/>\n<meta name=\"twitter:creator\" content=\"@Ethikos30\" \/>\n<meta name=\"twitter:site\" content=\"@Ethikos30\" \/>\n<meta name=\"twitter:label1\" content=\"Written by\" \/>\n\t<meta name=\"twitter:data1\" content=\"alexandra.guldberg\" \/>\n\t<meta name=\"twitter:label2\" content=\"Est. reading time\" \/>\n\t<meta name=\"twitter:data2\" content=\"7 minutes\" \/>\n<script type=\"application\/ld+json\" class=\"yoast-schema-graph\">{\"@context\":\"https:\\\/\\\/schema.org\",\"@graph\":[{\"@type\":\"Article\",\"@id\":\"https:\\\/\\\/www.ethikos.es\\\/en\\\/cultural-fit-add\\\/#article\",\"isPartOf\":{\"@id\":\"https:\\\/\\\/www.ethikos.es\\\/en\\\/cultural-fit-add\\\/\"},\"author\":{\"name\":\"alexandra.guldberg\",\"@id\":\"https:\\\/\\\/www.ethikos.es\\\/en\\\/#\\\/schema\\\/person\\\/42497927bf7dc4ec49272f9539b73c09\"},\"headline\":\"Un valor a\u00f1adido para las empresas: cultural fit y cultural add\",\"datePublished\":\"2022-03-23T11:58:53+00:00\",\"mainEntityOfPage\":{\"@id\":\"https:\\\/\\\/www.ethikos.es\\\/en\\\/cultural-fit-add\\\/\"},\"wordCount\":1491,\"commentCount\":1,\"publisher\":{\"@id\":\"https:\\\/\\\/www.ethikos.es\\\/en\\\/#organization\"},\"image\":{\"@id\":\"https:\\\/\\\/www.ethikos.es\\\/en\\\/cultural-fit-add\\\/#primaryimage\"},\"thumbnailUrl\":\"https:\\\/\\\/www.ethikos.es\\\/wp-content\\\/uploads\\\/2022\\\/03\\\/cultural-team-diverse.jpeg\",\"keywords\":[\"cultural add\",\"cultural fit\",\"DEI\",\"diversidad\",\"empleo\",\"equidad\",\"ethikos\",\"Ethikos 3.0\",\"gesti\u00f3n de personas\",\"gesti\u00f3n por valores\",\"impacto\",\"inclusi\u00f3n\",\"innovaci\u00f3n\",\"Naked culture\",\"recursos humanos\",\"ROI\",\"Valores\"],\"articleSection\":[\"Blog\",\"Cultura de empresa\",\"Recursos Humanos\",\"Selecci\u00f3n por valores\"],\"inLanguage\":\"en-US\",\"potentialAction\":[{\"@type\":\"CommentAction\",\"name\":\"Comment\",\"target\":[\"https:\\\/\\\/www.ethikos.es\\\/en\\\/cultural-fit-add\\\/#respond\"]}]},{\"@type\":\"WebPage\",\"@id\":\"https:\\\/\\\/www.ethikos.es\\\/en\\\/cultural-fit-add\\\/\",\"url\":\"https:\\\/\\\/www.ethikos.es\\\/en\\\/cultural-fit-add\\\/\",\"name\":\"T\u00edtulo P\u00e1gina | Consultora de talento y selecci\u00f3n de personal | Ethikos &#8212; Ethikos\",\"isPartOf\":{\"@id\":\"https:\\\/\\\/www.ethikos.es\\\/en\\\/#website\"},\"primaryImageOfPage\":{\"@id\":\"https:\\\/\\\/www.ethikos.es\\\/en\\\/cultural-fit-add\\\/#primaryimage\"},\"image\":{\"@id\":\"https:\\\/\\\/www.ethikos.es\\\/en\\\/cultural-fit-add\\\/#primaryimage\"},\"thumbnailUrl\":\"https:\\\/\\\/www.ethikos.es\\\/wp-content\\\/uploads\\\/2022\\\/03\\\/cultural-team-diverse.jpeg\",\"datePublished\":\"2022-03-23T11:58:53+00:00\",\"description\":\"El fit cultural debe ir de a mano del cultural add, en caso contrario, corremos el riesgo de caer en conductas discriminatorias.\",\"breadcrumb\":{\"@id\":\"https:\\\/\\\/www.ethikos.es\\\/en\\\/cultural-fit-add\\\/#breadcrumb\"},\"inLanguage\":\"en-US\",\"potentialAction\":[{\"@type\":\"ReadAction\",\"target\":[\"https:\\\/\\\/www.ethikos.es\\\/en\\\/cultural-fit-add\\\/\"]}]},{\"@type\":\"ImageObject\",\"inLanguage\":\"en-US\",\"@id\":\"https:\\\/\\\/www.ethikos.es\\\/en\\\/cultural-fit-add\\\/#primaryimage\",\"url\":\"https:\\\/\\\/www.ethikos.es\\\/wp-content\\\/uploads\\\/2022\\\/03\\\/cultural-team-diverse.jpeg\",\"contentUrl\":\"https:\\\/\\\/www.ethikos.es\\\/wp-content\\\/uploads\\\/2022\\\/03\\\/cultural-team-diverse.jpeg\",\"width\":1880,\"height\":1253,\"caption\":\"Liderazgo\"},{\"@type\":\"BreadcrumbList\",\"@id\":\"https:\\\/\\\/www.ethikos.es\\\/en\\\/cultural-fit-add\\\/#breadcrumb\",\"itemListElement\":[{\"@type\":\"ListItem\",\"position\":1,\"name\":\"Portada\",\"item\":\"https:\\\/\\\/www.ethikos.es\\\/\"},{\"@type\":\"ListItem\",\"position\":2,\"name\":\"Un valor a\u00f1adido para las empresas: cultural fit y cultural add\"}]},{\"@type\":\"WebSite\",\"@id\":\"https:\\\/\\\/www.ethikos.es\\\/en\\\/#website\",\"url\":\"https:\\\/\\\/www.ethikos.es\\\/en\\\/\",\"name\":\"Ethikos 3.0\",\"description\":\"Ethikos es una consultora de transformaci\u00f3n organizacional especializada en cultura empresarial, liderazgo consciente y selecci\u00f3n por valores.\",\"publisher\":{\"@id\":\"https:\\\/\\\/www.ethikos.es\\\/en\\\/#organization\"},\"alternateName\":\"Ethikos Consultor\u00eda\",\"potentialAction\":[{\"@type\":\"SearchAction\",\"target\":{\"@type\":\"EntryPoint\",\"urlTemplate\":\"https:\\\/\\\/www.ethikos.es\\\/en\\\/?s={search_term_string}\"},\"query-input\":{\"@type\":\"PropertyValueSpecification\",\"valueRequired\":true,\"valueName\":\"search_term_string\"}}],\"inLanguage\":\"en-US\"},{\"@type\":\"Organization\",\"@id\":\"https:\\\/\\\/www.ethikos.es\\\/en\\\/#organization\",\"name\":\"Ethikos 3.0\",\"url\":\"https:\\\/\\\/www.ethikos.es\\\/en\\\/\",\"logo\":{\"@type\":\"ImageObject\",\"inLanguage\":\"en-US\",\"@id\":\"https:\\\/\\\/www.ethikos.es\\\/en\\\/#\\\/schema\\\/logo\\\/image\\\/\",\"url\":\"https:\\\/\\\/www.ethikos.es\\\/wp-content\\\/uploads\\\/2019\\\/01\\\/43606559961_5f343a820a_o.png\",\"contentUrl\":\"https:\\\/\\\/www.ethikos.es\\\/wp-content\\\/uploads\\\/2019\\\/01\\\/43606559961_5f343a820a_o.png\",\"width\":646,\"height\":218,\"caption\":\"Ethikos 3.0\"},\"image\":{\"@id\":\"https:\\\/\\\/www.ethikos.es\\\/en\\\/#\\\/schema\\\/logo\\\/image\\\/\"},\"sameAs\":[\"http:\\\/\\\/www.facebook.com\\\/ethikos.es\\\/\",\"https:\\\/\\\/x.com\\\/Ethikos30\",\"https:\\\/\\\/www.instagram.com\\\/ethikos_3.0\\\/\",\"https:\\\/\\\/www.linkedin.com\\\/company\\\/ethikos-3-0\\\/\"]},{\"@type\":\"Person\",\"@id\":\"https:\\\/\\\/www.ethikos.es\\\/en\\\/#\\\/schema\\\/person\\\/42497927bf7dc4ec49272f9539b73c09\",\"name\":\"alexandra.guldberg\",\"image\":{\"@type\":\"ImageObject\",\"inLanguage\":\"en-US\",\"@id\":\"https:\\\/\\\/secure.gravatar.com\\\/avatar\\\/2759471252d647c5a026aa036549973b6f0f211daaf0268da6d017a68aeda83e?s=96&d=mm&r=g\",\"url\":\"https:\\\/\\\/secure.gravatar.com\\\/avatar\\\/2759471252d647c5a026aa036549973b6f0f211daaf0268da6d017a68aeda83e?s=96&d=mm&r=g\",\"contentUrl\":\"https:\\\/\\\/secure.gravatar.com\\\/avatar\\\/2759471252d647c5a026aa036549973b6f0f211daaf0268da6d017a68aeda83e?s=96&d=mm&r=g\",\"caption\":\"alexandra.guldberg\"}}]}<\/script>\n<!-- \/ Yoast SEO plugin. -->","yoast_head_json":{"title":"T\u00edtulo P\u00e1gina | Consultora de talento y selecci\u00f3n de personal | Ethikos &#8212; Ethikos","description":"El fit cultural debe ir de a mano del cultural add, en caso contrario, corremos el riesgo de caer en conductas discriminatorias.","robots":{"index":"index","follow":"follow","max-snippet":"max-snippet:-1","max-image-preview":"max-image-preview:large","max-video-preview":"max-video-preview:-1"},"canonical":"https:\/\/www.ethikos.es\/en\/cultural-fit-add\/","og_locale":"en_US","og_type":"article","og_title":"T\u00edtulo P\u00e1gina | Consultora de talento y selecci\u00f3n de personal | Ethikos &#8212; Ethikos","og_description":"El fit cultural debe ir de a mano del cultural add, en caso contrario, corremos el riesgo de caer en conductas discriminatorias.","og_url":"https:\/\/www.ethikos.es\/en\/cultural-fit-add\/","og_site_name":"Ethikos","article_publisher":"http:\/\/www.facebook.com\/ethikos.es\/","article_published_time":"2022-03-23T11:58:53+00:00","og_image":[{"width":1880,"height":1253,"url":"https:\/\/www.ethikos.es\/wp-content\/uploads\/2022\/03\/cultural-team-diverse.jpeg","type":"image\/jpeg"}],"author":"alexandra.guldberg","twitter_card":"summary_large_image","twitter_creator":"@Ethikos30","twitter_site":"@Ethikos30","twitter_misc":{"Written by":"alexandra.guldberg","Est. reading time":"7 minutes"},"schema":{"@context":"https:\/\/schema.org","@graph":[{"@type":"Article","@id":"https:\/\/www.ethikos.es\/en\/cultural-fit-add\/#article","isPartOf":{"@id":"https:\/\/www.ethikos.es\/en\/cultural-fit-add\/"},"author":{"name":"alexandra.guldberg","@id":"https:\/\/www.ethikos.es\/en\/#\/schema\/person\/42497927bf7dc4ec49272f9539b73c09"},"headline":"Un valor a\u00f1adido para las empresas: cultural fit y cultural add","datePublished":"2022-03-23T11:58:53+00:00","mainEntityOfPage":{"@id":"https:\/\/www.ethikos.es\/en\/cultural-fit-add\/"},"wordCount":1491,"commentCount":1,"publisher":{"@id":"https:\/\/www.ethikos.es\/en\/#organization"},"image":{"@id":"https:\/\/www.ethikos.es\/en\/cultural-fit-add\/#primaryimage"},"thumbnailUrl":"https:\/\/www.ethikos.es\/wp-content\/uploads\/2022\/03\/cultural-team-diverse.jpeg","keywords":["cultural add","cultural fit","DEI","diversidad","empleo","equidad","ethikos","Ethikos 3.0","gesti\u00f3n de personas","gesti\u00f3n por valores","impacto","inclusi\u00f3n","innovaci\u00f3n","Naked culture","recursos humanos","ROI","Valores"],"articleSection":["Blog","Cultura de empresa","Recursos Humanos","Selecci\u00f3n por valores"],"inLanguage":"en-US","potentialAction":[{"@type":"CommentAction","name":"Comment","target":["https:\/\/www.ethikos.es\/en\/cultural-fit-add\/#respond"]}]},{"@type":"WebPage","@id":"https:\/\/www.ethikos.es\/en\/cultural-fit-add\/","url":"https:\/\/www.ethikos.es\/en\/cultural-fit-add\/","name":"T\u00edtulo P\u00e1gina | Consultora de talento y selecci\u00f3n de personal | Ethikos &#8212; Ethikos","isPartOf":{"@id":"https:\/\/www.ethikos.es\/en\/#website"},"primaryImageOfPage":{"@id":"https:\/\/www.ethikos.es\/en\/cultural-fit-add\/#primaryimage"},"image":{"@id":"https:\/\/www.ethikos.es\/en\/cultural-fit-add\/#primaryimage"},"thumbnailUrl":"https:\/\/www.ethikos.es\/wp-content\/uploads\/2022\/03\/cultural-team-diverse.jpeg","datePublished":"2022-03-23T11:58:53+00:00","description":"El fit cultural debe ir de a mano del cultural add, en caso contrario, corremos el riesgo de caer en conductas discriminatorias.","breadcrumb":{"@id":"https:\/\/www.ethikos.es\/en\/cultural-fit-add\/#breadcrumb"},"inLanguage":"en-US","potentialAction":[{"@type":"ReadAction","target":["https:\/\/www.ethikos.es\/en\/cultural-fit-add\/"]}]},{"@type":"ImageObject","inLanguage":"en-US","@id":"https:\/\/www.ethikos.es\/en\/cultural-fit-add\/#primaryimage","url":"https:\/\/www.ethikos.es\/wp-content\/uploads\/2022\/03\/cultural-team-diverse.jpeg","contentUrl":"https:\/\/www.ethikos.es\/wp-content\/uploads\/2022\/03\/cultural-team-diverse.jpeg","width":1880,"height":1253,"caption":"Liderazgo"},{"@type":"BreadcrumbList","@id":"https:\/\/www.ethikos.es\/en\/cultural-fit-add\/#breadcrumb","itemListElement":[{"@type":"ListItem","position":1,"name":"Portada","item":"https:\/\/www.ethikos.es\/"},{"@type":"ListItem","position":2,"name":"Un valor a\u00f1adido para las empresas: cultural fit y cultural add"}]},{"@type":"WebSite","@id":"https:\/\/www.ethikos.es\/en\/#website","url":"https:\/\/www.ethikos.es\/en\/","name":"Ethikos 3.0","description":"Ethikos es una consultora de transformaci\u00f3n organizacional especializada en cultura empresarial, liderazgo consciente y selecci\u00f3n por valores.","publisher":{"@id":"https:\/\/www.ethikos.es\/en\/#organization"},"alternateName":"Ethikos Consultor\u00eda","potentialAction":[{"@type":"SearchAction","target":{"@type":"EntryPoint","urlTemplate":"https:\/\/www.ethikos.es\/en\/?s={search_term_string}"},"query-input":{"@type":"PropertyValueSpecification","valueRequired":true,"valueName":"search_term_string"}}],"inLanguage":"en-US"},{"@type":"Organization","@id":"https:\/\/www.ethikos.es\/en\/#organization","name":"Ethikos 3.0","url":"https:\/\/www.ethikos.es\/en\/","logo":{"@type":"ImageObject","inLanguage":"en-US","@id":"https:\/\/www.ethikos.es\/en\/#\/schema\/logo\/image\/","url":"https:\/\/www.ethikos.es\/wp-content\/uploads\/2019\/01\/43606559961_5f343a820a_o.png","contentUrl":"https:\/\/www.ethikos.es\/wp-content\/uploads\/2019\/01\/43606559961_5f343a820a_o.png","width":646,"height":218,"caption":"Ethikos 3.0"},"image":{"@id":"https:\/\/www.ethikos.es\/en\/#\/schema\/logo\/image\/"},"sameAs":["http:\/\/www.facebook.com\/ethikos.es\/","https:\/\/x.com\/Ethikos30","https:\/\/www.instagram.com\/ethikos_3.0\/","https:\/\/www.linkedin.com\/company\/ethikos-3-0\/"]},{"@type":"Person","@id":"https:\/\/www.ethikos.es\/en\/#\/schema\/person\/42497927bf7dc4ec49272f9539b73c09","name":"alexandra.guldberg","image":{"@type":"ImageObject","inLanguage":"en-US","@id":"https:\/\/secure.gravatar.com\/avatar\/2759471252d647c5a026aa036549973b6f0f211daaf0268da6d017a68aeda83e?s=96&d=mm&r=g","url":"https:\/\/secure.gravatar.com\/avatar\/2759471252d647c5a026aa036549973b6f0f211daaf0268da6d017a68aeda83e?s=96&d=mm&r=g","contentUrl":"https:\/\/secure.gravatar.com\/avatar\/2759471252d647c5a026aa036549973b6f0f211daaf0268da6d017a68aeda83e?s=96&d=mm&r=g","caption":"alexandra.guldberg"}}]}},"_links":{"self":[{"href":"https:\/\/www.ethikos.es\/en\/wp-json\/wp\/v2\/posts\/16887","targetHints":{"allow":["GET"]}}],"collection":[{"href":"https:\/\/www.ethikos.es\/en\/wp-json\/wp\/v2\/posts"}],"about":[{"href":"https:\/\/www.ethikos.es\/en\/wp-json\/wp\/v2\/types\/post"}],"author":[{"embeddable":true,"href":"https:\/\/www.ethikos.es\/en\/wp-json\/wp\/v2\/users\/21"}],"replies":[{"embeddable":true,"href":"https:\/\/www.ethikos.es\/en\/wp-json\/wp\/v2\/comments?post=16887"}],"version-history":[{"count":0,"href":"https:\/\/www.ethikos.es\/en\/wp-json\/wp\/v2\/posts\/16887\/revisions"}],"wp:featuredmedia":[{"embeddable":true,"href":"https:\/\/www.ethikos.es\/en\/wp-json\/wp\/v2\/media\/16888"}],"wp:attachment":[{"href":"https:\/\/www.ethikos.es\/en\/wp-json\/wp\/v2\/media?parent=16887"}],"wp:term":[{"taxonomy":"category","embeddable":true,"href":"https:\/\/www.ethikos.es\/en\/wp-json\/wp\/v2\/categories?post=16887"},{"taxonomy":"post_tag","embeddable":true,"href":"https:\/\/www.ethikos.es\/en\/wp-json\/wp\/v2\/tags?post=16887"}],"curies":[{"name":"wp","href":"https:\/\/api.w.org\/{rel}","templated":true}]}}