{"id":16920,"date":"2022-04-06T14:49:31","date_gmt":"2022-04-06T12:49:31","guid":{"rendered":"https:\/\/www.ethikos.es\/?p=16920"},"modified":"2022-04-12T09:46:02","modified_gmt":"2022-04-12T07:46:02","slug":"por-que-tu-empresa-esta-perdiendo-la-guerra-por-el-talento","status":"publish","type":"post","link":"https:\/\/www.ethikos.es\/en\/por-que-tu-empresa-esta-perdiendo-la-guerra-por-el-talento\/","title":{"rendered":"\u00bfPor qu\u00e9 tu empresa est\u00e1 perdiendo la guerra por el talento?"},"content":{"rendered":"<h3><span data-contrast=\"auto\">La gran renuncia, la pandemia y el cambio generacional: el c\u00f3ctel perfecto para desatar la guerra por el talento<\/span><\/h3>\n<p><span data-contrast=\"auto\">La guerra por el talento o <\/span><i><span data-contrast=\"auto\">The War for Talent<\/span><\/i><span data-contrast=\"auto\"> es un t\u00e9rmino acu\u00f1ado por Steven Hankin, de McKinsey &amp; Company, en 1997. Este concepto hace referencia a la creciente competitividad para contratar y retener a empleados que poseen un talento diferencial. Para el \u00e9xito de las organizaciones es importante contar con personas de este tipo, que marquen la diferencia.<\/span><span data-ccp-props=\"{&quot;201341983&quot;:0,&quot;335551550&quot;:6,&quot;335551620&quot;:6,&quot;335559739&quot;:160,&quot;335559740&quot;:259}\">\u00a0<\/span><\/p>\n<p><span data-contrast=\"auto\">Esta batalla se da sobre todo en los Estados Unidos y Europa. Lleva intensific\u00e1ndose las \u00faltimas dos d\u00e9cadas debido a los cambios demogr\u00e1ficos que se est\u00e1n dando en estas zonas del mundo. Cada vez hay menos trabajadores disponibles debido a que la generaci\u00f3n del <\/span><a href=\"https:\/\/www.hrmagazine.co.uk\/content\/other\/global-war-for-talent-will-intensify-as-baby-boomer-leaders-retire\"><span data-contrast=\"none\">Baby Boom poco a poco va jubil\u00e1ndose<\/span><\/a><span data-contrast=\"auto\"> y las siguientes generaciones constan de una poblaci\u00f3n m\u00e1s escasa. Esto lleva a una combinaci\u00f3n de aumento de la demanda de puestos de alta cualificaci\u00f3n con la disminuci\u00f3n de profesionales (oferta) capaces de asumir los roles en cuesti\u00f3n. Es decir, una combinaci\u00f3n ideal para una guerra por el talento.\u00a0<\/span><span data-ccp-props=\"{&quot;201341983&quot;:0,&quot;335551550&quot;:6,&quot;335551620&quot;:6,&quot;335559739&quot;:160,&quot;335559740&quot;:259}\">\u00a0<\/span><\/p>\n<p><span data-contrast=\"auto\">Adem\u00e1s, hay que a\u00f1adir otra variante a lo anteriormente dicho, el fen\u00f3meno conocido como La Gran Renuncia. Si lo tenemos todo en cuenta, es l\u00f3gico que esta disputa est\u00e9 m\u00e1s vigente que nunca.<\/span> <span data-contrast=\"auto\">Pod\u00e9is conocer m\u00e1s sobre este asunto en el siguiente art\u00edculo de Ethikos: <\/span><a href=\"https:\/\/www.ethikos.es\/la-gran-renuncia-de-los-trabajadores-en-estados-unidos\/\"><i><span data-contrast=\"none\">The Great Resignation, la gran renuncia de los trabajadores en Estados Unidos.<\/span><\/i><\/a><span data-ccp-props=\"{&quot;201341983&quot;:0,&quot;335551550&quot;:6,&quot;335551620&quot;:6,&quot;335559739&quot;:160,&quot;335559740&quot;:259}\">\u00a0<\/span><\/p>\n<p><span data-contrast=\"auto\">Originalmente esta disputa para conseguir profesionales estaba focalizada en las habilidades de liderazgo, pero actualmente este terreno de \u201ccombate\u201d se ha expandido, adquiriendo gran importancia las competencias relacionadas con las innovaciones tecnol\u00f3gicas. <\/span><a href=\"https:\/\/web.manpowergroup.us\/talent-shortage-solutions\"><span data-contrast=\"none\">Seg\u00fan ManPower<\/span><\/a><span data-contrast=\"auto\">, el 70% de las empresas en USA en 2021 consideraban que sufr\u00edan de escasez de talento.\u00a0<\/span><span data-ccp-props=\"{&quot;201341983&quot;:0,&quot;335551550&quot;:6,&quot;335551620&quot;:6,&quot;335559739&quot;:160,&quot;335559740&quot;:259}\">\u00a0<\/span><\/p>\n<h3><b><span data-contrast=\"auto\">\u00bfC\u00f3mo hemos llegado a esta situaci\u00f3n?<\/span><\/b><span data-ccp-props=\"{&quot;201341983&quot;:0,&quot;335551550&quot;:6,&quot;335551620&quot;:6,&quot;335559739&quot;:160,&quot;335559740&quot;:259}\">\u00a0<\/span><\/h3>\n<p><span data-contrast=\"auto\">Hay diversas causas para esta guerra por el talento, no en vano, lleva produci\u00e9ndose ya dos d\u00e9cadas, pero el incremento tan intenso se debe a la actual revoluci\u00f3n tecnol\u00f3gica.<\/span><span data-ccp-props=\"{&quot;201341983&quot;:0,&quot;335551550&quot;:6,&quot;335551620&quot;:6,&quot;335559739&quot;:160,&quot;335559740&quot;:259}\">\u00a0<\/span><\/p>\n<p><span data-contrast=\"auto\">Esta alteraci\u00f3n ha afectado profundamente al contexto econ\u00f3mico, seg\u00fan este estudio de <\/span><a href=\"https:\/\/media-publications.bcg.com\/BCG-Executive-Perspectives-Investing-To-Win-Talent.pdf\"><span data-contrast=\"none\">Boston Consulting Group<\/span><\/a><span data-contrast=\"none\">, <\/span><span data-contrast=\"auto\">el talento ya es el factor productivo m\u00e1s importante, superando al capital. Para que nos hagamos una idea, el a\u00f1o pasado empresas como Amazon, Facebook o Google ten\u00edan m\u00e1s de un 80% de sus activos como intangibles. O lo que es lo mismo: sus mayores activos son sus propios equipos y su talento.\u00a0<\/span><span data-ccp-props=\"{&quot;201341983&quot;:0,&quot;335551550&quot;:6,&quot;335551620&quot;:6,&quot;335559739&quot;:160,&quot;335559740&quot;:259}\">\u00a0<\/span><\/p>\n<p><span data-contrast=\"auto\">Otra de las variables m\u00e1s importantes para entender este fen\u00f3meno es la rotaci\u00f3n laboral. Con el incre\u00edble aumento de esta se han transformado las relaciones laborales, Los trabajadores est\u00e1n reconfigurando sus carreras, no ya solo en buscar unas mejores condiciones para la ocupaci\u00f3n por cuenta ajena, sino tambi\u00e9n en otras formas de empleo; la <\/span><i><span data-contrast=\"auto\">\u201cgig economy\u201d <\/span><\/i><span data-contrast=\"auto\">(trabajar por proyectos) est\u00e1 proliferando cada vez m\u00e1s y el trabajo por cuenta propia se encuentra en un auge absoluto. Por ejemplo, el n\u00famero de aut\u00f3nomos en Estados Unidos ha aumentado en 500.000 desde el inicio de la pandemia.\u00a0<\/span><span data-ccp-props=\"{&quot;201341983&quot;:0,&quot;335551550&quot;:6,&quot;335551620&quot;:6,&quot;335559739&quot;:160,&quot;335559740&quot;:259}\">\u00a0<\/span><span data-ccp-props=\"{&quot;201341983&quot;:0,&quot;335551550&quot;:6,&quot;335551620&quot;:6,&quot;335559739&quot;:160,&quot;335559740&quot;:259}\">\u00a0<\/span><\/p>\n<p><span data-contrast=\"auto\">Por si fuera poco, cada vez es m\u00e1s evidente la mejora que supone para una empresa tener a un empleado que marque la diferencia con sus habilidades superiores a la media. Seg\u00fan indica <\/span><a href=\"https:\/\/www.mckinsey.com\/business-functions\/people-and-organizational-performance\/our-insights\/attracting-and-retaining-the-right-talent#:~:text=Superior%20talent%20is%20up%20to,more%20productive%20than%20average%20ones.\"><span data-contrast=\"none\">este informe de McKinsey,<\/span><\/a><span data-contrast=\"auto\"> un trabajador con un alto grado de talento puede llegar a ser cuatro veces m\u00e1s productivo que un empleado \u201ccom\u00fan\u201d, adem\u00e1s, cuando la tarea que tienen que afrontar es especialmente complicada, esa diferencia aumenta hasta a ocho veces.<\/span><span data-ccp-props=\"{&quot;201341983&quot;:0,&quot;335551550&quot;:6,&quot;335551620&quot;:6,&quot;335559739&quot;:160,&quot;335559740&quot;:259}\">\u00a0<\/span><\/p>\n<p><span data-contrast=\"auto\">Como a\u00f1adido a lo anteriormente dicho, la globalizaci\u00f3n se ha visto acelerada incre\u00edblemente debido a las innovaciones tecnol\u00f3gicas, ya no hace falta estar viviendo en un pa\u00eds en concreto para trabajar para la empresa puntera de la zona. Esto ha sido la gota que colma el vaso para este menester.<\/span><span data-ccp-props=\"{&quot;201341983&quot;:0,&quot;335551550&quot;:6,&quot;335551620&quot;:6,&quot;335559739&quot;:160,&quot;335559740&quot;:259}\">\u00a0<\/span><\/p>\n<h3><b><span data-contrast=\"auto\">Un reto enorme para Espa\u00f1a<\/span><\/b><span data-ccp-props=\"{&quot;201341983&quot;:0,&quot;335551550&quot;:6,&quot;335551620&quot;:6,&quot;335559739&quot;:160,&quot;335559740&quot;:259}\">\u00a0<\/span><\/h3>\n<p><span data-contrast=\"auto\">En el caso espa\u00f1ol el abanico de posibilidades es muy amplio. Espa\u00f1a es un pa\u00eds que posee ciertas ventajas competitivas que le pueden dejar en muy buena posici\u00f3n en un futuro, pero en la actualidad a\u00fan <\/span><a href=\"https:\/\/english.elpais.com\/economy_and_business\/2020-10-16\/the-perfect-storm-that-dragged-spain-to-the-bottom-of-advanced-economies.html\"><span data-contrast=\"none\">se est\u00e1 muy lejos de sacarle partido a esos factores diferenciadores.<\/span><\/a><span data-ccp-props=\"{&quot;201341983&quot;:0,&quot;335551550&quot;:6,&quot;335551620&quot;:6,&quot;335559739&quot;:160,&quot;335559740&quot;:259}\">\u00a0<\/span><\/p>\n<p><span data-contrast=\"auto\">Posiblemente uno de los mayores retos para el pa\u00eds en las d\u00e9cadas venideras es la atracci\u00f3n y retenci\u00f3n de talento diferencial. En base a lo anteriormente dicho en este art\u00edculo, queda claro que los pa\u00edses que sean capaces de atraer a estas personas conseguir\u00e1n grandes ventajas, sobre todo en el \u00e1rea digital, <\/span><a href=\"https:\/\/www.mckinsey.com\/business-functions\/people-and-organizational-performance\/our-insights\/discussions-on-digital-the-new-war-for-talent\"><span data-contrast=\"none\">como indica McKinsey en este estudio<\/span><\/a><span data-contrast=\"auto\">. Los profesionales talentosos generan riqueza all\u00e1 adonde van.<\/span><span data-ccp-props=\"{&quot;201341983&quot;:0,&quot;335551550&quot;:6,&quot;335551620&quot;:6,&quot;335559739&quot;:160,&quot;335559740&quot;:259}\">\u00a0<\/span><\/p>\n<p><span data-contrast=\"auto\">Convertir a Espa\u00f1a en un faro para la atracci\u00f3n de talento es posible, pero <\/span><a href=\"https:\/\/techcrunch.com\/2021\/02\/23\/spains-ten-year-plan-to-put-startups-in-the-economic-driving-seat\/?guccounter=1&amp;guce_referrer=aHR0cHM6Ly93d3cuZ29vZ2xlLmNvbS8&amp;guce_referrer_sig=AQAAALCzH777mqEUsVYyW27DQixd3NX6sEuHApcX3tE_2O2yfDl4lpnwBTzm-BoA7c-yMAveIqsADNGoZDpyM0n2WqAa2wHpfqNXMKSAYkMJvEk1mQzdmnbRq0FTlba_3StY_mTjjrAjI63NXG0YNXFiYG68V4-0V5udo62VGcYdN1Af\"><span data-contrast=\"none\">el camino por recorrer es largo.<\/span><\/a><span data-contrast=\"auto\"> Como puntos a favor de que esto acabe sucediendo en un futuro est\u00e1 la calidad y estilo de vida, algo que para un nativo puede darse por sentado pero que <\/span><a href=\"https:\/\/www.prospects.ac.uk\/jobs-and-work-experience\/working-abroad\/work-in-spain\"><span data-contrast=\"none\">las personas extranjeras valoran much\u00edsimo<\/span><\/a><span data-contrast=\"auto\">. Por otro lado, en Espa\u00f1a cada vez va a m\u00e1s <\/span><a href=\"http:\/\/tech%20plays%20a%20decisive%20role\/\"><span data-contrast=\"none\">la importancia de la industria tecnol\u00f3gica<\/span><\/a><span data-contrast=\"auto\">, un punto clave de futuro, empresas como Google o Amazon, as\u00ed como diversos grupos de inversores estadounidenses, ya est\u00e1n creando polos de desarrollo en materias STEM. El crecimiento <\/span><a href=\"https:\/\/digismak.com\/the-big-technology-companies-intensify-the-war-for-talent-in-spain-meta-and-amazon-are-going-for-more-than-3000-professionals\/\"><span data-contrast=\"none\">sobre todo se da en Barcelona y Madrid<\/span><\/a><span data-contrast=\"auto\">, pero ciudades como Valencia, Bilbao o M\u00e1laga tambi\u00e9n est\u00e1n empezando a coger fuerza en el campo en cuesti\u00f3n.<\/span><span data-ccp-props=\"{&quot;201341983&quot;:0,&quot;335551550&quot;:6,&quot;335551620&quot;:6,&quot;335559739&quot;:160,&quot;335559740&quot;:259}\">\u00a0<\/span><\/p>\n<p><span data-contrast=\"auto\">En <\/span><a href=\"https:\/\/www.mckinsey.com\/~\/media\/mckinsey\/featured%20insights\/future%20of%20organizations\/the%20future%20of%20work%20in%20europe\/mgi-the-future-of-work-in-europe-discussion-paper.pdf~\"><span data-contrast=\"none\">este estudio sobre el futuro del trabajo en Europa<\/span><\/a><span data-contrast=\"auto\">, realizado por la consultor\u00eda McKinsey, podemos comprobar en profundidad lo anteriormente dicho.<\/span><span data-ccp-props=\"{&quot;201341983&quot;:0,&quot;335551550&quot;:6,&quot;335551620&quot;:6,&quot;335559739&quot;:160,&quot;335559740&quot;:259}\">\u00a0<\/span><\/p>\n<p><span data-contrast=\"auto\">Portugal y Espa\u00f1a van de la mano en cuanto a crecimiento de profesionales en el mundo de la programaci\u00f3n inform\u00e1tica, los pa\u00edses de la Pen\u00ednsula Ib\u00e9rica est\u00e1n viendo c\u00f3mo se desarrollan a gran velocidad los ecosistemas tecnol\u00f3gicos locales. Seg\u00fan indica el <\/span><a href=\"https:\/\/2021.stateofeuropeantech.com\/chapter\/executive-summary\/\"><span data-contrast=\"none\">prestigioso estudio State of European Tech,<\/span><\/a><span data-contrast=\"auto\"> este es un s\u00edntoma muy positivo de cara a la futura capacidad que tendr\u00e1n estos pa\u00edses para la retenci\u00f3n de talento de alto nivel.<\/span><span data-ccp-props=\"{&quot;201341983&quot;:0,&quot;335551550&quot;:6,&quot;335551620&quot;:6,&quot;335559739&quot;:160,&quot;335559740&quot;:259}\">\u00a0<\/span><\/p>\n<h3><b><span data-contrast=\"auto\">Las trabas para la iniciativa empresarial<\/span><\/b><span data-ccp-props=\"{&quot;201341983&quot;:0,&quot;335551550&quot;:6,&quot;335551620&quot;:6,&quot;335559739&quot;:160,&quot;335559740&quot;:259}\">\u00a0<\/span><\/h3>\n<p><span data-contrast=\"auto\">Por otro lado, Espa\u00f1a tambi\u00e9n tiene puntos muy negativos a tener en cuenta en este aspecto, y es que <\/span><a href=\"https:\/\/www.lavanguardia.com\/economia\/20190508\/462100000984\/dificil-abrir-negocio-espana.html\"><span data-contrast=\"none\">es muy dif\u00edcil crear una compa\u00f1\u00eda y hacerla operativa<\/span><\/a><span data-contrast=\"auto\"> debido a la alta complejidad administrativa y las trabas burocr\u00e1ticas existentes. Por si fuera poco, las <\/span><a href=\"https:\/\/cincodias.elpais.com\/cincodias\/2021\/11\/01\/opinion\/1635773015_232849.html\"><span data-contrast=\"none\">inversiones extranjeras<\/span><\/a><span data-contrast=\"auto\"> frecuentemente se ven frenadas por las barreras legales que el estado tiene establecidas.<\/span><span data-ccp-props=\"{&quot;201341983&quot;:0,&quot;335551550&quot;:6,&quot;335551620&quot;:6,&quot;335559739&quot;:160,&quot;335559740&quot;:259}\">\u00a0<\/span><\/p>\n<p><span data-contrast=\"auto\">Adem\u00e1s, la revoluci\u00f3n tecnol\u00f3gica est\u00e1 intr\u00ednsecamente relacionada con la investigaci\u00f3n b\u00e1sica<\/span><a href=\"https:\/\/www.elconfidencial.com\/economia\/2021-02-16\/cifras-fracaso-espana-innovacion-urgencia-fondos-europeos_2952455\/\"><span data-contrast=\"none\">, materia en la que Espa\u00f1a suspende con creces<\/span><\/a><span data-contrast=\"auto\">. Tenemos un grave problema de inversi\u00f3n y ser\u00e1 dif\u00edcil que esto cambie a corto plazo porque parece que a los gobernantes les es absolutamente indiferente.<\/span><span data-ccp-props=\"{&quot;201341983&quot;:0,&quot;335551550&quot;:6,&quot;335551620&quot;:6,&quot;335559739&quot;:160,&quot;335559740&quot;:259}\">\u00a0<\/span><\/p>\n<p><span data-contrast=\"auto\">Para ahondar a\u00fan m\u00e1s en la importancia que tendr\u00e1 la revoluci\u00f3n tecnol\u00f3gica, os dejamos dos significativos estudios al respecto. En este art\u00edculo, la <\/span><a href=\"https:\/\/hbr.org\/2021\/11\/how-to-attract-top-tech-talent\"><span data-contrast=\"none\">Universidad de Harvard aconseja c\u00f3mo atraer talento en el campo de la tecnolog\u00eda,<\/span><\/a><span data-contrast=\"auto\"> y deja claro que es y seguir\u00e1 siendo uno de los m\u00e1s demandados. Por su parte, la consultor\u00eda Bain tambi\u00e9n ha hecho hincapi\u00e9 en la relevancia de la <\/span><a href=\"https:\/\/www.bain.com\/insights\/tech-talent-war-tech-report-2021\/\"><span data-contrast=\"none\">guerra por las habilidades tecnol\u00f3gicas; <\/span><i><span data-contrast=\"none\">Tech Talent War<\/span><\/i><\/a><span data-contrast=\"auto\">.<\/span> <span data-contrast=\"auto\">Este campo ser\u00e1 vital para el futuro de la econom\u00eda espa\u00f1ola.<\/span><span data-ccp-props=\"{&quot;201341983&quot;:0,&quot;335551550&quot;:6,&quot;335551620&quot;:6,&quot;335559739&quot;:160,&quot;335559740&quot;:259}\">\u00a0<\/span><\/p>\n<h3><b><span data-contrast=\"auto\">Entrenar a tus propios empleados, la clave para ganar la guerra por el talento<\/span><\/b><span data-ccp-props=\"{&quot;201341983&quot;:0,&quot;335551550&quot;:6,&quot;335551620&quot;:6,&quot;335559739&quot;:160,&quot;335559740&quot;:259}\">\u00a0<\/span><\/h3>\n<p><span data-contrast=\"none\">La clave para ganar la guerra por el talento estar\u00e1, en gran medida, en el <\/span><i><span data-contrast=\"none\">training<\/span><\/i><span data-contrast=\"none\">, es decir, en el desarrollo interno. Es una postura que cada vez est\u00e1 m\u00e1s extendida, como indican este <\/span><a href=\"https:\/\/www.forbes.com\/sites\/ulrikjuulchristensen\/2020\/02\/10\/the-secret-to-winning-the-war-for-talent\/?sh=1621f546cf29\"><span data-contrast=\"none\">an\u00e1lisis de Forbes<\/span><\/a><span data-contrast=\"none\"> o este <\/span><a href=\"https:\/\/hbr.org\/2020\/02\/why-competing-for-new-talent-is-a-mistake?utm_medium=social&amp;utm_campaign=hbr&amp;utm_source=twitter\"><span data-contrast=\"none\">art\u00edculo de Harvard<\/span><\/a><span data-contrast=\"none\">.<\/span><span data-ccp-props=\"{&quot;134233117&quot;:true,&quot;134233118&quot;:true,&quot;201341983&quot;:0,&quot;335551550&quot;:6,&quot;335551620&quot;:6,&quot;335559740&quot;:240}\">\u00a0<\/span><\/p>\n<p><span data-contrast=\"auto\">La escasez en cuanto a personal altamente cualificado que actualmente se sufre en la industria tecnol\u00f3gica, sanidad o diversos sectores estrat\u00e9gicos no se puede resolver simplemente \u201ccontratando a m\u00e1s gente\u201d. Las empresas tienen que ir m\u00e1s all\u00e1. La soluci\u00f3n m\u00e1s efectiva ser\u00e1 enfocarse en los recursos internos que tienen dentro de sus propias plantillas.\u00a0<\/span><span data-ccp-props=\"{&quot;201341983&quot;:0,&quot;335551550&quot;:6,&quot;335551620&quot;:6,&quot;335559739&quot;:160,&quot;335559740&quot;:259}\">\u00a0<\/span><\/p>\n<p><span data-contrast=\"auto\">Eso no significa renunciar a la b\u00fasqueda de talento externo, pero s\u00ed a <\/span><a href=\"https:\/\/media-publications.bcg.com\/BCG-Executive-Perspectives-Investing-To-Win-Talent.pdf\"><span data-contrast=\"none\">cambiar el plan general<\/span><\/a><span data-contrast=\"auto\"> y darse cuenta de que en los propios equipos de trabajo de la empresa tambi\u00e9n hay mucho talento por explotar, personas que no han podido desarrollar sus capacidades del todo y que tienen much\u00edsimo que aportar. Actualmente sigue habiendo una ceguera colectiva en este aspecto, pero ya se est\u00e1 empezando a notar el cambio de mentalidad, al menos las investigaciones siempre van en esa misma l\u00ednea: <\/span><a href=\"https:\/\/hbr.org\/2020\/02\/why-competing-for-new-talent-is-a-mistake?utm_medium=social&amp;utm_campaign=hbr&amp;utm_source=twitter\"><span data-contrast=\"none\">entrenar y desarrollar a los empleados es la manera \u00f3ptima de disponer de talento efectivo<\/span><\/a><span data-contrast=\"auto\">.\u00a0<\/span><span data-ccp-props=\"{&quot;201341983&quot;:0,&quot;335551550&quot;:6,&quot;335551620&quot;:6,&quot;335559739&quot;:160,&quot;335559740&quot;:259}\">\u00a0<\/span><\/p>\n<p><span data-contrast=\"auto\">Esa mentalidad de \u201ccompra\u201d tiene que cambiar por otra distinta: la de construir. Es m\u00e1s lenta, pero tambi\u00e9n m\u00e1s eficaz y genera unos cimientos mucho m\u00e1s duraderos. No gastar millones para adquirir talento externo, sino invertir en el que ya existe dentro.<\/span><span data-ccp-props=\"{&quot;201341983&quot;:0,&quot;335551550&quot;:6,&quot;335551620&quot;:6,&quot;335559739&quot;:160,&quot;335559740&quot;:259}\">\u00a0<\/span><\/p>\n<p><span data-contrast=\"auto\">Este aprendizaje tiene que ir de la mano de habilidades como la comunicaci\u00f3n, la colaboraci\u00f3n, la creatividad y el pensamiento cr\u00edtico. Para gran parte del mundo acad\u00e9mico, las \u201c<\/span><a href=\"https:\/\/www.aeseducation.com\/blog\/four-cs-21st-century-skills\"><span data-contrast=\"none\">habilidades del siglo 21\u201d.<\/span><\/a><span data-contrast=\"auto\"> Por supuesto que esto no implica olvidar el estudio de cualidades m\u00e1s t\u00e9cnicas, pertinentes al puesto de trabajo en cuesti\u00f3n. Pero es importante remarcar que las competencias comunicativas e introspectivas ser\u00e1n vitales en la nueva era del trabajo.<\/span><span data-ccp-props=\"{&quot;201341983&quot;:0,&quot;335551550&quot;:6,&quot;335551620&quot;:6,&quot;335559739&quot;:160,&quot;335559740&quot;:259}\">\u00a0<\/span><span data-ccp-props=\"{&quot;201341983&quot;:0,&quot;335551550&quot;:6,&quot;335551620&quot;:6,&quot;335559739&quot;:160,&quot;335559740&quot;:259}\">\u00a0<\/span><\/p>\n<h3><b><span data-contrast=\"auto\">El futuro de la guerra por el talento<\/span><\/b><span data-ccp-props=\"{&quot;201341983&quot;:0,&quot;335551550&quot;:6,&quot;335551620&quot;:6,&quot;335559739&quot;:160,&quot;335559740&quot;:259}\">\u00a0<\/span><\/h3>\n<p><span data-contrast=\"auto\">Posiblemente en \u00faltima instancia muchas personas acabar\u00e1n pregunt\u00e1ndose si este fen\u00f3meno tendr\u00e1 un fin. Parece que no. Lo cierto es que la guerra por los profesionales talentosos <\/span><a href=\"https:\/\/www.grantthornton.com\/library\/articles\/audit\/2021\/the-coming-war-for-talent.aspx\"><span data-contrast=\"none\">ir\u00e1 a m\u00e1s,<\/span><\/a><span data-contrast=\"auto\"> cada vez ser\u00e1 m\u00e1s cruda, o al menos eso es lo que dan a entender los indicadores actuales. <\/span><a href=\"https:\/\/blog.guildeducation.com\/the-war-for-talent-is-the-new-normal\/\"><span data-contrast=\"none\">Incluso, podr\u00edamos decir que la disputa por las habilidades diferenciales ser\u00e1 la nueva normalidad.<\/span><\/a><span data-ccp-props=\"{&quot;201341983&quot;:0,&quot;335551550&quot;:6,&quot;335551620&quot;:6,&quot;335559739&quot;:160,&quot;335559740&quot;:259}\">\u00a0<\/span><\/p>\n<p><span data-contrast=\"auto\">Dicho esto, nos gustar\u00eda preguntaros lo siguiente: \u00bfcre\u00e9is que la guerra por el talento acabar\u00e1 mejorando las condiciones laborales de los trabajadores? \u00bfQu\u00e9 pa\u00edses cre\u00e9is que sacar\u00e1n m\u00e1s partido del nuevo paradigma?<\/span><span data-ccp-props=\"{&quot;201341983&quot;:0,&quot;335551550&quot;:6,&quot;335551620&quot;:6,&quot;335559739&quot;:160,&quot;335559740&quot;:259}\">\u00a0<\/span><\/p>\n<p>&nbsp;<\/p>\n<p>Por: Sergio L\u00f3pez &#8211; Digital Content<\/p>","protected":false},"excerpt":{"rendered":"<p>La gran renuncia, la pandemia y el cambio generacional: el c\u00f3ctel perfecto para desatar la guerra por el talento La guerra por el talento o The War for Talent es un t\u00e9rmino acu\u00f1ado por Steven Hankin, de McKinsey &amp; Company, en 1997. Este concepto hace referencia a la creciente competitividad para contratar y retener a [&hellip;]<\/p>\n","protected":false},"author":21,"featured_media":16921,"comment_status":"open","ping_status":"closed","sticky":false,"template":"","format":"standard","meta":{"_exactmetrics_skip_tracking":false,"_exactmetrics_sitenote_active":false,"_exactmetrics_sitenote_note":"","_exactmetrics_sitenote_category":0,"footnotes":""},"categories":[151,142,141,139,140],"tags":[668,665,667,355,445,669,666,663,590,629,353,664,662,449,610],"class_list":["post-16920","post","type-post","status-publish","format-standard","has-post-thumbnail","hentry","category-blog","category-cultura-de-empresa","category-gestion-por-valores","category-rrhh","category-seleccion-por-valores","tag-busquedadetalento","tag-ee-uu","tag-empleados","tag-empresas","tag-ethikos","tag-hr","tag-mckinsey","tag-nakedculture","tag-renunciar","tag-rrhh","tag-seleccion","tag-seleccionporvalores","tag-talento","tag-the-valuesquares-methdology","tag-values"],"yoast_head":"<!-- This site is optimized with the Yoast SEO plugin v27.5 - https:\/\/yoast.com\/product\/yoast-seo-wordpress\/ -->\n<title>\u00bfPor qu\u00e9 tu empresa est\u00e1 perdiendo la guerra por el talento? | Ethikos 3.0<\/title>\n<meta name=\"description\" content=\"Este concepto hace referencia a la creciente competitividad para contratar y retener a empleados que poseen un talento diferencial...\" \/>\n<meta name=\"robots\" content=\"index, follow, max-snippet:-1, max-image-preview:large, max-video-preview:-1\" \/>\n<link rel=\"canonical\" href=\"https:\/\/www.ethikos.es\/en\/por-que-tu-empresa-esta-perdiendo-la-guerra-por-el-talento\/\" \/>\n<meta property=\"og:locale\" content=\"en_US\" \/>\n<meta property=\"og:type\" content=\"article\" \/>\n<meta property=\"og:title\" content=\"\u00bfPor qu\u00e9 tu empresa est\u00e1 perdiendo la guerra por el talento? | Ethikos 3.0\" \/>\n<meta property=\"og:description\" content=\"Este concepto hace referencia a la creciente competitividad para contratar y retener a empleados que poseen un talento diferencial...\" \/>\n<meta property=\"og:url\" content=\"https:\/\/www.ethikos.es\/en\/por-que-tu-empresa-esta-perdiendo-la-guerra-por-el-talento\/\" \/>\n<meta property=\"og:site_name\" content=\"Ethikos\" \/>\n<meta property=\"article:publisher\" content=\"http:\/\/www.facebook.com\/ethikos.es\/\" \/>\n<meta property=\"article:published_time\" content=\"2022-04-06T12:49:31+00:00\" \/>\n<meta property=\"article:modified_time\" content=\"2022-04-12T07:46:02+00:00\" \/>\n<meta property=\"og:image\" content=\"https:\/\/www.ethikos.es\/wp-content\/uploads\/2022\/04\/MicrosoftTeams-image-28-scaled.jpg\" \/>\n\t<meta property=\"og:image:width\" content=\"2560\" \/>\n\t<meta property=\"og:image:height\" content=\"1708\" \/>\n\t<meta property=\"og:image:type\" content=\"image\/jpeg\" \/>\n<meta name=\"author\" content=\"alexandra.guldberg\" \/>\n<meta name=\"twitter:card\" content=\"summary_large_image\" \/>\n<meta name=\"twitter:creator\" content=\"@Ethikos30\" \/>\n<meta name=\"twitter:site\" content=\"@Ethikos30\" \/>\n<meta name=\"twitter:label1\" content=\"Written by\" \/>\n\t<meta name=\"twitter:data1\" content=\"alexandra.guldberg\" \/>\n\t<meta name=\"twitter:label2\" content=\"Est. reading time\" \/>\n\t<meta name=\"twitter:data2\" content=\"8 minutes\" \/>\n<script type=\"application\/ld+json\" class=\"yoast-schema-graph\">{\"@context\":\"https:\\\/\\\/schema.org\",\"@graph\":[{\"@type\":\"Article\",\"@id\":\"https:\\\/\\\/www.ethikos.es\\\/en\\\/por-que-tu-empresa-esta-perdiendo-la-guerra-por-el-talento\\\/#article\",\"isPartOf\":{\"@id\":\"https:\\\/\\\/www.ethikos.es\\\/en\\\/por-que-tu-empresa-esta-perdiendo-la-guerra-por-el-talento\\\/\"},\"author\":{\"name\":\"alexandra.guldberg\",\"@id\":\"https:\\\/\\\/www.ethikos.es\\\/en\\\/#\\\/schema\\\/person\\\/42497927bf7dc4ec49272f9539b73c09\"},\"headline\":\"\u00bfPor qu\u00e9 tu empresa est\u00e1 perdiendo la guerra por el talento?\",\"datePublished\":\"2022-04-06T12:49:31+00:00\",\"dateModified\":\"2022-04-12T07:46:02+00:00\",\"mainEntityOfPage\":{\"@id\":\"https:\\\/\\\/www.ethikos.es\\\/en\\\/por-que-tu-empresa-esta-perdiendo-la-guerra-por-el-talento\\\/\"},\"wordCount\":1735,\"commentCount\":0,\"publisher\":{\"@id\":\"https:\\\/\\\/www.ethikos.es\\\/en\\\/#organization\"},\"image\":{\"@id\":\"https:\\\/\\\/www.ethikos.es\\\/en\\\/por-que-tu-empresa-esta-perdiendo-la-guerra-por-el-talento\\\/#primaryimage\"},\"thumbnailUrl\":\"https:\\\/\\\/www.ethikos.es\\\/wp-content\\\/uploads\\\/2022\\\/04\\\/MicrosoftTeams-image-28-scaled.jpg\",\"keywords\":[\"B\u00fasquedadetalento\",\"EE.UU\",\"empleados\",\"empresas\",\"ethikos\",\"HR\",\"Mckinsey\",\"Nakedculture\",\"renunciar\",\"RRHH\",\"selecci\u00f3n\",\"Selecci\u00f3nporvalores\",\"Talento\",\"The ValueSquares Methdology\",\"Values\"],\"articleSection\":[\"Blog\",\"Cultura de empresa\",\"Gesti\u00f3n por valores\",\"Recursos Humanos\",\"Selecci\u00f3n por valores\"],\"inLanguage\":\"en-US\",\"potentialAction\":[{\"@type\":\"CommentAction\",\"name\":\"Comment\",\"target\":[\"https:\\\/\\\/www.ethikos.es\\\/en\\\/por-que-tu-empresa-esta-perdiendo-la-guerra-por-el-talento\\\/#respond\"]}]},{\"@type\":\"WebPage\",\"@id\":\"https:\\\/\\\/www.ethikos.es\\\/en\\\/por-que-tu-empresa-esta-perdiendo-la-guerra-por-el-talento\\\/\",\"url\":\"https:\\\/\\\/www.ethikos.es\\\/en\\\/por-que-tu-empresa-esta-perdiendo-la-guerra-por-el-talento\\\/\",\"name\":\"\u00bfPor qu\u00e9 tu empresa est\u00e1 perdiendo la guerra por el talento? | Ethikos 3.0\",\"isPartOf\":{\"@id\":\"https:\\\/\\\/www.ethikos.es\\\/en\\\/#website\"},\"primaryImageOfPage\":{\"@id\":\"https:\\\/\\\/www.ethikos.es\\\/en\\\/por-que-tu-empresa-esta-perdiendo-la-guerra-por-el-talento\\\/#primaryimage\"},\"image\":{\"@id\":\"https:\\\/\\\/www.ethikos.es\\\/en\\\/por-que-tu-empresa-esta-perdiendo-la-guerra-por-el-talento\\\/#primaryimage\"},\"thumbnailUrl\":\"https:\\\/\\\/www.ethikos.es\\\/wp-content\\\/uploads\\\/2022\\\/04\\\/MicrosoftTeams-image-28-scaled.jpg\",\"datePublished\":\"2022-04-06T12:49:31+00:00\",\"dateModified\":\"2022-04-12T07:46:02+00:00\",\"description\":\"Este concepto hace referencia a la creciente competitividad para contratar y retener a empleados que poseen un talento diferencial...\",\"breadcrumb\":{\"@id\":\"https:\\\/\\\/www.ethikos.es\\\/en\\\/por-que-tu-empresa-esta-perdiendo-la-guerra-por-el-talento\\\/#breadcrumb\"},\"inLanguage\":\"en-US\",\"potentialAction\":[{\"@type\":\"ReadAction\",\"target\":[\"https:\\\/\\\/www.ethikos.es\\\/en\\\/por-que-tu-empresa-esta-perdiendo-la-guerra-por-el-talento\\\/\"]}]},{\"@type\":\"ImageObject\",\"inLanguage\":\"en-US\",\"@id\":\"https:\\\/\\\/www.ethikos.es\\\/en\\\/por-que-tu-empresa-esta-perdiendo-la-guerra-por-el-talento\\\/#primaryimage\",\"url\":\"https:\\\/\\\/www.ethikos.es\\\/wp-content\\\/uploads\\\/2022\\\/04\\\/MicrosoftTeams-image-28-scaled.jpg\",\"contentUrl\":\"https:\\\/\\\/www.ethikos.es\\\/wp-content\\\/uploads\\\/2022\\\/04\\\/MicrosoftTeams-image-28-scaled.jpg\",\"width\":2560,\"height\":1708,\"caption\":\"Guerra de talento\"},{\"@type\":\"BreadcrumbList\",\"@id\":\"https:\\\/\\\/www.ethikos.es\\\/en\\\/por-que-tu-empresa-esta-perdiendo-la-guerra-por-el-talento\\\/#breadcrumb\",\"itemListElement\":[{\"@type\":\"ListItem\",\"position\":1,\"name\":\"Portada\",\"item\":\"https:\\\/\\\/www.ethikos.es\\\/\"},{\"@type\":\"ListItem\",\"position\":2,\"name\":\"\u00bfPor qu\u00e9 tu empresa est\u00e1 perdiendo la guerra por el talento?\"}]},{\"@type\":\"WebSite\",\"@id\":\"https:\\\/\\\/www.ethikos.es\\\/en\\\/#website\",\"url\":\"https:\\\/\\\/www.ethikos.es\\\/en\\\/\",\"name\":\"Ethikos 3.0\",\"description\":\"Ethikos es una consultora de transformaci\u00f3n organizacional especializada en cultura empresarial, liderazgo consciente y selecci\u00f3n por valores.\",\"publisher\":{\"@id\":\"https:\\\/\\\/www.ethikos.es\\\/en\\\/#organization\"},\"alternateName\":\"Ethikos Consultor\u00eda\",\"potentialAction\":[{\"@type\":\"SearchAction\",\"target\":{\"@type\":\"EntryPoint\",\"urlTemplate\":\"https:\\\/\\\/www.ethikos.es\\\/en\\\/?s={search_term_string}\"},\"query-input\":{\"@type\":\"PropertyValueSpecification\",\"valueRequired\":true,\"valueName\":\"search_term_string\"}}],\"inLanguage\":\"en-US\"},{\"@type\":\"Organization\",\"@id\":\"https:\\\/\\\/www.ethikos.es\\\/en\\\/#organization\",\"name\":\"Ethikos 3.0\",\"url\":\"https:\\\/\\\/www.ethikos.es\\\/en\\\/\",\"logo\":{\"@type\":\"ImageObject\",\"inLanguage\":\"en-US\",\"@id\":\"https:\\\/\\\/www.ethikos.es\\\/en\\\/#\\\/schema\\\/logo\\\/image\\\/\",\"url\":\"https:\\\/\\\/www.ethikos.es\\\/wp-content\\\/uploads\\\/2019\\\/01\\\/43606559961_5f343a820a_o.png\",\"contentUrl\":\"https:\\\/\\\/www.ethikos.es\\\/wp-content\\\/uploads\\\/2019\\\/01\\\/43606559961_5f343a820a_o.png\",\"width\":646,\"height\":218,\"caption\":\"Ethikos 3.0\"},\"image\":{\"@id\":\"https:\\\/\\\/www.ethikos.es\\\/en\\\/#\\\/schema\\\/logo\\\/image\\\/\"},\"sameAs\":[\"http:\\\/\\\/www.facebook.com\\\/ethikos.es\\\/\",\"https:\\\/\\\/x.com\\\/Ethikos30\",\"https:\\\/\\\/www.instagram.com\\\/ethikos_3.0\\\/\",\"https:\\\/\\\/www.linkedin.com\\\/company\\\/ethikos-3-0\\\/\"]},{\"@type\":\"Person\",\"@id\":\"https:\\\/\\\/www.ethikos.es\\\/en\\\/#\\\/schema\\\/person\\\/42497927bf7dc4ec49272f9539b73c09\",\"name\":\"alexandra.guldberg\",\"image\":{\"@type\":\"ImageObject\",\"inLanguage\":\"en-US\",\"@id\":\"https:\\\/\\\/secure.gravatar.com\\\/avatar\\\/2759471252d647c5a026aa036549973b6f0f211daaf0268da6d017a68aeda83e?s=96&d=mm&r=g\",\"url\":\"https:\\\/\\\/secure.gravatar.com\\\/avatar\\\/2759471252d647c5a026aa036549973b6f0f211daaf0268da6d017a68aeda83e?s=96&d=mm&r=g\",\"contentUrl\":\"https:\\\/\\\/secure.gravatar.com\\\/avatar\\\/2759471252d647c5a026aa036549973b6f0f211daaf0268da6d017a68aeda83e?s=96&d=mm&r=g\",\"caption\":\"alexandra.guldberg\"}}]}<\/script>\n<!-- \/ Yoast SEO plugin. -->","yoast_head_json":{"title":"\u00bfPor qu\u00e9 tu empresa est\u00e1 perdiendo la guerra por el talento? | Ethikos 3.0","description":"Este concepto hace referencia a la creciente competitividad para contratar y retener a empleados que poseen un talento diferencial...","robots":{"index":"index","follow":"follow","max-snippet":"max-snippet:-1","max-image-preview":"max-image-preview:large","max-video-preview":"max-video-preview:-1"},"canonical":"https:\/\/www.ethikos.es\/en\/por-que-tu-empresa-esta-perdiendo-la-guerra-por-el-talento\/","og_locale":"en_US","og_type":"article","og_title":"\u00bfPor qu\u00e9 tu empresa est\u00e1 perdiendo la guerra por el talento? | Ethikos 3.0","og_description":"Este concepto hace referencia a la creciente competitividad para contratar y retener a empleados que poseen un talento diferencial...","og_url":"https:\/\/www.ethikos.es\/en\/por-que-tu-empresa-esta-perdiendo-la-guerra-por-el-talento\/","og_site_name":"Ethikos","article_publisher":"http:\/\/www.facebook.com\/ethikos.es\/","article_published_time":"2022-04-06T12:49:31+00:00","article_modified_time":"2022-04-12T07:46:02+00:00","og_image":[{"width":2560,"height":1708,"url":"https:\/\/www.ethikos.es\/wp-content\/uploads\/2022\/04\/MicrosoftTeams-image-28-scaled.jpg","type":"image\/jpeg"}],"author":"alexandra.guldberg","twitter_card":"summary_large_image","twitter_creator":"@Ethikos30","twitter_site":"@Ethikos30","twitter_misc":{"Written by":"alexandra.guldberg","Est. reading time":"8 minutes"},"schema":{"@context":"https:\/\/schema.org","@graph":[{"@type":"Article","@id":"https:\/\/www.ethikos.es\/en\/por-que-tu-empresa-esta-perdiendo-la-guerra-por-el-talento\/#article","isPartOf":{"@id":"https:\/\/www.ethikos.es\/en\/por-que-tu-empresa-esta-perdiendo-la-guerra-por-el-talento\/"},"author":{"name":"alexandra.guldberg","@id":"https:\/\/www.ethikos.es\/en\/#\/schema\/person\/42497927bf7dc4ec49272f9539b73c09"},"headline":"\u00bfPor qu\u00e9 tu empresa est\u00e1 perdiendo la guerra por el talento?","datePublished":"2022-04-06T12:49:31+00:00","dateModified":"2022-04-12T07:46:02+00:00","mainEntityOfPage":{"@id":"https:\/\/www.ethikos.es\/en\/por-que-tu-empresa-esta-perdiendo-la-guerra-por-el-talento\/"},"wordCount":1735,"commentCount":0,"publisher":{"@id":"https:\/\/www.ethikos.es\/en\/#organization"},"image":{"@id":"https:\/\/www.ethikos.es\/en\/por-que-tu-empresa-esta-perdiendo-la-guerra-por-el-talento\/#primaryimage"},"thumbnailUrl":"https:\/\/www.ethikos.es\/wp-content\/uploads\/2022\/04\/MicrosoftTeams-image-28-scaled.jpg","keywords":["B\u00fasquedadetalento","EE.UU","empleados","empresas","ethikos","HR","Mckinsey","Nakedculture","renunciar","RRHH","selecci\u00f3n","Selecci\u00f3nporvalores","Talento","The ValueSquares Methdology","Values"],"articleSection":["Blog","Cultura de empresa","Gesti\u00f3n por valores","Recursos Humanos","Selecci\u00f3n por valores"],"inLanguage":"en-US","potentialAction":[{"@type":"CommentAction","name":"Comment","target":["https:\/\/www.ethikos.es\/en\/por-que-tu-empresa-esta-perdiendo-la-guerra-por-el-talento\/#respond"]}]},{"@type":"WebPage","@id":"https:\/\/www.ethikos.es\/en\/por-que-tu-empresa-esta-perdiendo-la-guerra-por-el-talento\/","url":"https:\/\/www.ethikos.es\/en\/por-que-tu-empresa-esta-perdiendo-la-guerra-por-el-talento\/","name":"\u00bfPor qu\u00e9 tu empresa est\u00e1 perdiendo la guerra por el talento? | Ethikos 3.0","isPartOf":{"@id":"https:\/\/www.ethikos.es\/en\/#website"},"primaryImageOfPage":{"@id":"https:\/\/www.ethikos.es\/en\/por-que-tu-empresa-esta-perdiendo-la-guerra-por-el-talento\/#primaryimage"},"image":{"@id":"https:\/\/www.ethikos.es\/en\/por-que-tu-empresa-esta-perdiendo-la-guerra-por-el-talento\/#primaryimage"},"thumbnailUrl":"https:\/\/www.ethikos.es\/wp-content\/uploads\/2022\/04\/MicrosoftTeams-image-28-scaled.jpg","datePublished":"2022-04-06T12:49:31+00:00","dateModified":"2022-04-12T07:46:02+00:00","description":"Este concepto hace referencia a la creciente competitividad para contratar y retener a empleados que poseen un talento diferencial...","breadcrumb":{"@id":"https:\/\/www.ethikos.es\/en\/por-que-tu-empresa-esta-perdiendo-la-guerra-por-el-talento\/#breadcrumb"},"inLanguage":"en-US","potentialAction":[{"@type":"ReadAction","target":["https:\/\/www.ethikos.es\/en\/por-que-tu-empresa-esta-perdiendo-la-guerra-por-el-talento\/"]}]},{"@type":"ImageObject","inLanguage":"en-US","@id":"https:\/\/www.ethikos.es\/en\/por-que-tu-empresa-esta-perdiendo-la-guerra-por-el-talento\/#primaryimage","url":"https:\/\/www.ethikos.es\/wp-content\/uploads\/2022\/04\/MicrosoftTeams-image-28-scaled.jpg","contentUrl":"https:\/\/www.ethikos.es\/wp-content\/uploads\/2022\/04\/MicrosoftTeams-image-28-scaled.jpg","width":2560,"height":1708,"caption":"Guerra de talento"},{"@type":"BreadcrumbList","@id":"https:\/\/www.ethikos.es\/en\/por-que-tu-empresa-esta-perdiendo-la-guerra-por-el-talento\/#breadcrumb","itemListElement":[{"@type":"ListItem","position":1,"name":"Portada","item":"https:\/\/www.ethikos.es\/"},{"@type":"ListItem","position":2,"name":"\u00bfPor qu\u00e9 tu empresa est\u00e1 perdiendo la guerra por el talento?"}]},{"@type":"WebSite","@id":"https:\/\/www.ethikos.es\/en\/#website","url":"https:\/\/www.ethikos.es\/en\/","name":"Ethikos 3.0","description":"Ethikos es una consultora de transformaci\u00f3n organizacional especializada en cultura empresarial, liderazgo consciente y selecci\u00f3n por valores.","publisher":{"@id":"https:\/\/www.ethikos.es\/en\/#organization"},"alternateName":"Ethikos Consultor\u00eda","potentialAction":[{"@type":"SearchAction","target":{"@type":"EntryPoint","urlTemplate":"https:\/\/www.ethikos.es\/en\/?s={search_term_string}"},"query-input":{"@type":"PropertyValueSpecification","valueRequired":true,"valueName":"search_term_string"}}],"inLanguage":"en-US"},{"@type":"Organization","@id":"https:\/\/www.ethikos.es\/en\/#organization","name":"Ethikos 3.0","url":"https:\/\/www.ethikos.es\/en\/","logo":{"@type":"ImageObject","inLanguage":"en-US","@id":"https:\/\/www.ethikos.es\/en\/#\/schema\/logo\/image\/","url":"https:\/\/www.ethikos.es\/wp-content\/uploads\/2019\/01\/43606559961_5f343a820a_o.png","contentUrl":"https:\/\/www.ethikos.es\/wp-content\/uploads\/2019\/01\/43606559961_5f343a820a_o.png","width":646,"height":218,"caption":"Ethikos 3.0"},"image":{"@id":"https:\/\/www.ethikos.es\/en\/#\/schema\/logo\/image\/"},"sameAs":["http:\/\/www.facebook.com\/ethikos.es\/","https:\/\/x.com\/Ethikos30","https:\/\/www.instagram.com\/ethikos_3.0\/","https:\/\/www.linkedin.com\/company\/ethikos-3-0\/"]},{"@type":"Person","@id":"https:\/\/www.ethikos.es\/en\/#\/schema\/person\/42497927bf7dc4ec49272f9539b73c09","name":"alexandra.guldberg","image":{"@type":"ImageObject","inLanguage":"en-US","@id":"https:\/\/secure.gravatar.com\/avatar\/2759471252d647c5a026aa036549973b6f0f211daaf0268da6d017a68aeda83e?s=96&d=mm&r=g","url":"https:\/\/secure.gravatar.com\/avatar\/2759471252d647c5a026aa036549973b6f0f211daaf0268da6d017a68aeda83e?s=96&d=mm&r=g","contentUrl":"https:\/\/secure.gravatar.com\/avatar\/2759471252d647c5a026aa036549973b6f0f211daaf0268da6d017a68aeda83e?s=96&d=mm&r=g","caption":"alexandra.guldberg"}}]}},"_links":{"self":[{"href":"https:\/\/www.ethikos.es\/en\/wp-json\/wp\/v2\/posts\/16920","targetHints":{"allow":["GET"]}}],"collection":[{"href":"https:\/\/www.ethikos.es\/en\/wp-json\/wp\/v2\/posts"}],"about":[{"href":"https:\/\/www.ethikos.es\/en\/wp-json\/wp\/v2\/types\/post"}],"author":[{"embeddable":true,"href":"https:\/\/www.ethikos.es\/en\/wp-json\/wp\/v2\/users\/21"}],"replies":[{"embeddable":true,"href":"https:\/\/www.ethikos.es\/en\/wp-json\/wp\/v2\/comments?post=16920"}],"version-history":[{"count":0,"href":"https:\/\/www.ethikos.es\/en\/wp-json\/wp\/v2\/posts\/16920\/revisions"}],"wp:featuredmedia":[{"embeddable":true,"href":"https:\/\/www.ethikos.es\/en\/wp-json\/wp\/v2\/media\/16921"}],"wp:attachment":[{"href":"https:\/\/www.ethikos.es\/en\/wp-json\/wp\/v2\/media?parent=16920"}],"wp:term":[{"taxonomy":"category","embeddable":true,"href":"https:\/\/www.ethikos.es\/en\/wp-json\/wp\/v2\/categories?post=16920"},{"taxonomy":"post_tag","embeddable":true,"href":"https:\/\/www.ethikos.es\/en\/wp-json\/wp\/v2\/tags?post=16920"}],"curies":[{"name":"wp","href":"https:\/\/api.w.org\/{rel}","templated":true}]}}