{"id":17013,"date":"2022-04-11T15:47:05","date_gmt":"2022-04-11T13:47:05","guid":{"rendered":"https:\/\/www.ethikos.es\/?p=17013"},"modified":"2022-04-12T09:47:51","modified_gmt":"2022-04-12T07:47:51","slug":"las-nuevas-generaciones-no-quieren-comprometerse-con-sus-empresas","status":"publish","type":"post","link":"https:\/\/www.ethikos.es\/en\/las-nuevas-generaciones-no-quieren-comprometerse-con-sus-empresas\/","title":{"rendered":"Las nuevas generaciones no quieren comprometerse con sus empresas"},"content":{"rendered":"<h2>La generaci\u00f3n Z y los <em>millennials<\/em> sienten un fuerte lazo afectivo hacia sus entornos de trabajo, pero no compromiso de continuidad<\/h2>\n<p>Actualmente las empresas est\u00e1n presenciando un fen\u00f3meno que anteriormente nunca se hab\u00eda dado: en los equipos de trabajo conviven hasta cinco generaciones diferentes. Son las siguientes: 1) Generaci\u00f3n silenciosa, 2) Baby Boomers, 3) Generaci\u00f3n X, 4) Generaci\u00f3n Y, 5) Generaci\u00f3n Z.<\/p>\n<p>Estos diferentes estratos poblaciones poseen vivencias y trasfondos distintos, lo que los lleva a tener valores, aspiraciones y principios que no siempre coinciden. Las divergencias que surgen debido a esto a veces pueden llegar a ser un <a href=\"https:\/\/www.researchgate.net\/publication\/349988400_Generation_Z_Challenges_for_Management_and_Leadership\">quebradero de cabeza para los m\u00e1nagers, directivos o l\u00edderes de equipo<\/a>. Estos encuentran grandes dificultades para satisfacer las demandadas y necesidades de las diferentes generaciones, sobre todo de las m\u00e1s j\u00f3venes, que cada vez tienen a tener m\u00e1s exigencias y menos deferencia por las jerarqu\u00edas.<\/p>\n<p>Es evidente que existen diferencias relativas al compromiso organizacional relacionadas con la diversidad generacional, algo demostrado por diversos estudios, como por ejemplo los realizados por las siguientes instituciones: <a href=\"https:\/\/hbr.org\/2019\/08\/generational-differences-at-work-are-small-thinking-theyre-big-affects-our-behavior\">Harvard<\/a>, <a href=\"https:\/\/www.wrike.com\/blog\/employee-motivation-baby-boomers-gen-xers-millennials-gen-zers\/\">Wrike<\/a>, <a href=\"https:\/\/www.wrike.com\/blog\/employee-motivation-baby-boomers-gen-xers-millennials-gen-zers\/\">Guild Education<\/a>, <a href=\"https:\/\/www2.deloitte.com\/global\/en\/pages\/about-deloitte\/articles\/millennialsurvey.html\">Deloitte<\/a> y <a href=\"https:\/\/www.redalyc.org\/journal\/944\/94469878005\/html\/#redalyc_94469878005_ref22\">TecNM<\/a>.<\/p>\n<h3><strong>Qu\u00e9 entendemos por generaci\u00f3n<\/strong><\/h3>\n<p>Antes de seguir es importante que respondamos a la siguiente pregunta: \u00bfqu\u00e9 es una generaci\u00f3n? Este es un t\u00e9rmino abstracto, pero una definici\u00f3n aproximada ser\u00eda la que dan Ogg, J. &amp; Bonvalet, C., autores de <a href=\"https:\/\/i3w7d2w8.stackpathcdn.com\/wp-content\/uploads\/2013\/06\/03_06_Europeanbabyboomers.pdf\"><em>The Baby Boomer Generation and the Birth Cohort.<\/em><\/a><\/p>\n<p>Seg\u00fan los acad\u00e9micos citados, una generaci\u00f3n es un conjunto de personas que comparten fecha de nacimiento en un espacio de tiempo determinado, as\u00ed como experiencias y momentos hist\u00f3ricos. Esto, los llevar\u00eda a una convergencia colectiva en cuanto a desarrollo personal y profesional, creando en el camino una diferencia con los valores que sus ancestros y sus descendientes adoptaron o adoptar\u00e1n.<\/p>\n<h3><strong>Diferentes generaciones y sus formas de relacionarse con las empresas<\/strong><\/h3>\n<p>Para establecer las diferencias generacionales nos basaremos en el m\u00e9todo clasificatorio de Lynne C. Lancaster y David Stillman, autores de <a href=\"https:\/\/books.google.es\/books\/about\/When_Generations_Collide.html?id=bn_mxJboF0IC&amp;redir_esc=y\"><em>When Generations Collide: Who They Are. Why They Clash. How to Solve the Generational Puzzle at Work<\/em><\/a>. As\u00ed como en el estudio del TecNM (Tecnol\u00f3gico Nacional de M\u00e9xico):<em> \u00a0<\/em><a href=\"https:\/\/www.redalyc.org\/journal\/944\/94469878005\/html\/#redalyc_94469878005_ref22\"><em>La Diversidad Generacional sobre el Compromiso Organizacional<\/em><\/a><em>. <\/em>Pese a tener estos estudios como referencia, hemos a\u00f1adido la generaci\u00f3n Z tambi\u00e9n a nuestra clasificaci\u00f3n, puesto que ya forman parte del mundo laboral y creemos que es importante tenerlos en cuenta.<\/p>\n<h3><strong>Generaci\u00f3n silenciosa<\/strong><\/h3>\n<p>Esta segmentaci\u00f3n demogr\u00e1fica se define generalmente como la de las personas nacidas entre 1928 y 1945. Hijos de la gran depresi\u00f3n y testigos como ni\u00f1os de la Segunda Guerra Mundial. En t\u00e9rminos de relaci\u00f3n con su empresa, se caracterizan por su lealtad, profes\u00e1ndola de manera intensa hacia su organizaci\u00f3n. Tienen una confianza total en las decisiones de sus superiores. Son disciplinados y respetuosos, sin problemas para acatar la autoridad y seguir las reglas. Para ellos, la jerarqu\u00eda en una empresa es importante para el buen funcionamiento de esta. Tambi\u00e9n se les define como cautos y ahorradores, incluso para algunos autores son una generaci\u00f3n tradicionalista.<\/p>\n<h3><strong>Baby Boomers<\/strong><\/h3>\n<p>Este segmento poblacional corresponde a los nacidos entre 1946 y 1964 y es el resultado de la explosi\u00f3n de natalidad posterior a la Segunda Guerra Mundial. Tuvieron, en general, una vida m\u00e1s f\u00e1cil que sus antecesores, disfrutando de entornos econ\u00f3micos m\u00e1s pr\u00f3speros. Esto les hizo tener un grado de optimismo mucho m\u00e1s alto que la generaci\u00f3n anterior, no en vano, no tuvieron que vivir guerras de la misma magnitud. Algo que les caracteriza y diferencia del resto de generaciones es su individualismo, lo los lleva a un deseo constante de ascenso en la organizaci\u00f3n.<\/p>\n<p>Su actitud respecto a la familia genera <a href=\"https:\/\/www.forbes.com\/sites\/adp\/2016\/04\/11\/understanding-baby-boomers-at-work-fast-facts-for-chros\/?sh=6a0bc496238b\">controversia entre los acad\u00e9micos<\/a>, algunos indican que la generaci\u00f3n <em>Baby Boomer<\/em> deja a un lado la vida familiar, pero en general el consenso es que los <em>boomers<\/em> tienen en com\u00fan con la generaci\u00f3n silenciosa su actitud respecto a los valores familiares, siendo la vida en familia una satisfacci\u00f3n y un refugio. Esto, llevaba a las familias de la generaci\u00f3n en cuesti\u00f3n a centrar sus vidas alrededor de sus hijos.<\/p>\n<p>En resumen, son una generaci\u00f3n comprometida con el trabajo y la empresa a la que pertenecen. No les supone un problema realizar largas jornadas laborales si creen que esto les servir\u00e1 para ascender en la empresa y tienen una gran lealtad hacia su organizaci\u00f3n (rasgo que tambi\u00e9n comparten con la generaci\u00f3n silenciada). Su principal diferencia con el estrato poblacional que les precede es que los <em>boomers<\/em> son m\u00e1s proclives a la cooperaci\u00f3n y no tienen tantos prejuicios a la hora de a\u00f1adir herramientas tecnol\u00f3gicas al d\u00eda a d\u00eda laboral.<\/p>\n<h3><strong>Generaci\u00f3n X<\/strong><\/h3>\n<p>Este segmento poblacional tambi\u00e9n ha sido llamado generaci\u00f3n post <em>boomers<\/em>, es el de las personas nacidas entre 1965 y 1981. Son leales a sus organizaciones, pero, a diferencia de sus antecesores, tienen un grado de exigencia mucho m\u00e1s alto. Si su empresa no les ofrece oportunidades de desarrollo, es probable que una persona de la generaci\u00f3n X acabe en b\u00fasqueda activa de empleo para cambiar de trabajo.<\/p>\n<p>Es la generaci\u00f3n que vivi\u00f3 la consolidaci\u00f3n definitiva de la mujer en el mundo laboral, asimismo, es el primer estamento poblacional que vio que ganaba menos dinero que sus padres a la misma edad, rompiendo as\u00ed una tendencia hist\u00f3rica. Otra caracter\u00edstica definitoria es la de la iniciativa empresarial. <a href=\"https:\/\/www.researchgate.net\/publication\/6196698_The_next_20_years_How_customer_and_workforce_attitudes_will_evolve\">Seg\u00fan Harvard<\/a>, son <em>\u201cla mayor generaci\u00f3n de empresarios en la historia de Estados Unidos; su conocimiento de la alta tecnolog\u00eda y su resistencia al mercado han ayudado a Estados Unidos a prosperar en la era de la globalizaci\u00f3n\u201d.<\/em><\/p>\n<p>La principal diferencia con sus antecesores es el respeto a la autoridad, no es que los X sean unos \u201crebeldes sin causa\u201d, pero s\u00ed que es cierto que no les dan la misma importancia a las jerarqu\u00edas que las generaciones que les preceden. Adem\u00e1s, tienen mayor preferencia por el equilibrio familia\/trabajo\/vida social. La generaci\u00f3n X es la que puso sobre la mesa el concepto de \u201ctrabajar para vivir en lugar de vivir para trabajar\u201d.<\/p>\n<h3><strong>Generaci\u00f3n Y<\/strong><\/h3>\n<p>Popularmente conocidos como \u201c<em>millennials<\/em>\u201d, son los nacidos entre principios de los ochenta y finales de los noventa. La principal diferencia con sus antecesores es la paciencia. Los <em>millennials<\/em> esperan ascender r\u00e1pidamente en la jerarqu\u00eda de la empresa. En la misma l\u00ednea que la generaci\u00f3n X, sus descendientes tambi\u00e9n valoran mucho el equilibrio entre vida personal y trabajo. Otra caracter\u00edstica que les define es la incesante b\u00fasqueda de independencia y autonom\u00eda. Por norma general, no se sienten c\u00f3modos en organizaciones y\/o trabajos que no les dejan libertad y margen para implementar y desarrollar sus ideas. Prefieren una cultura corporativa plana.<\/p>\n<p>Algo que los distingue con fuerza de las otras generaciones es el escaso compromiso que tienen con la empresa en la que trabajan. Esa fidelidad se ha perdido con esta generaci\u00f3n, que <a href=\"https:\/\/www.ethikos.es\/por-que-tu-empresa-esta-perdiendo-la-guerra-por-el-talento\/\">ya no le es fiel a su organizaci\u00f3n, sino a su carrera personal<\/a>. Adem\u00e1s, la tecnolog\u00eda forma parte de su vida cotidiana, por lo que no les supone ning\u00fan problema incorporarla a su trabajo. Adem\u00e1s, la mayor\u00eda de <em>millennials<\/em> est\u00e1n a favor del teletrabajo, <a href=\"https:\/\/www.linkedin.com\/pulse\/even-when-hit-hard-crisis-millennials-gen-zs-refuse-compromise-jarve\/\">seg\u00fan Linkedin,<\/a> un 70% de este estrato poblacional quiere tener la oportunidad de trabajar desde casa.<\/p>\n<h3><strong>Generaci\u00f3n Z<\/strong><\/h3>\n<p>Frecuentemente calificados de forma peyorativa como \u201cgeneraci\u00f3n de cristal\u201d. Son los primeros en ser plenamente nativos digitales. Tienen en com\u00fan con los <em>millennials<\/em> la esquiva al compromiso, tanto en relaciones intrapersonales como en laborales.<\/p>\n<p>Pese a todo lo que les une a los <em>millennials<\/em> incluida la facilidad para desenvolverse con tecnolog\u00edas, tienen muchas diferencias significativas. Seg\u00fan <a href=\"https:\/\/www.mckinsey.com\/industries\/consumer-packaged-goods\/our-insights\/gen-z-and-the-latin-american-consumer-today\">este an\u00e1lisis de McKinsey<\/a>, la generaci\u00f3n Z es menos proclive al idealismo y m\u00e1s al pragmatismo. Son, por regla general, m\u00e1s realistas que su predecesores porque han crecido en un contexto de crisis global y estr\u00e9s econ\u00f3mico asfixiante.<\/p>\n<p>Adem\u00e1s, conforme al estudio previamente citado, son m\u00e1s tolerantes, aceptan con mayor facilidad sus propios errores y los de su alrededor. Algo con lo que s\u00ed son muy exigentes respecto a donde trabajan es la transparencia, demandan autenticidad.<\/p>\n<p>La generaci\u00f3n Z y los <em>millennials<\/em> <a href=\"https:\/\/www2.deloitte.com\/us\/en\/pages\/consumer-business\/articles\/understanding-generation-z-in-the-workplace.html\">son los menos comprometidos con sus empresas<\/a>, con un sentimiento de fidelidad mucho menor que el de las generaciones anteriores. Esto, se traduce sobre todo en su compromiso para seguir en la entidad en cuesti\u00f3n, pero el v\u00ednculo afectivo con el lugar de trabajo y sus compa\u00f1eros siguen siendo igual de profundo que el de anteriores segmentos poblaciones. En lo que s\u00ed muestran un <a href=\"https:\/\/www.ethikos.es\/la-lucha-por-la-rehumanizacion-del-trabajo\/\">gran compromiso es en apoyar a las empresas que tienen un impacto positivo en la sociedad<\/a>, as\u00ed como en querer trabajar en lugares que compartan sus valores personales. Est\u00e1n concienciados sobre diversas causas tales como el cambio clim\u00e1tico, la injusticia racial o las desigualdades econ\u00f3micas.<\/p>\n<p>Para terminar, nos gustar\u00eda saber si vosotros tambi\u00e9n hab\u00e9is notado estas diferencias en vuestros entornos de trabajo. \u00bfCre\u00e9is que las nuevas generaciones le tienen miedo al compromiso?<\/p>\n<p>&nbsp;<\/p>\n<p>Por: Sergio L\u00f3pez &#8211; Digital Content<\/p>","protected":false},"excerpt":{"rendered":"<p>La generaci\u00f3n Z y los millennials sienten un fuerte lazo afectivo hacia sus entornos de trabajo, pero no compromiso de continuidad Actualmente las empresas est\u00e1n presenciando un fen\u00f3meno que anteriormente nunca se hab\u00eda dado: en los equipos de trabajo conviven hasta cinco generaciones diferentes. Son las siguientes: 1) Generaci\u00f3n silenciosa, 2) Baby Boomers, 3) Generaci\u00f3n [&hellip;]<\/p>\n","protected":false},"author":21,"featured_media":17015,"comment_status":"open","ping_status":"closed","sticky":false,"template":"","format":"standard","meta":{"_exactmetrics_skip_tracking":false,"_exactmetrics_sitenote_active":false,"_exactmetrics_sitenote_note":"","_exactmetrics_sitenote_category":0,"footnotes":""},"categories":[151,142,141,139,140],"tags":[46,437,638,491,51,674,436,529,611],"class_list":["post-17013","post","type-post","status-publish","format-standard","has-post-thumbnail","hentry","category-blog","category-cultura-de-empresa","category-gestion-por-valores","category-rrhh","category-seleccion-por-valores","tag-cultura-organizativa","tag-cultural-fit","tag-diversidad","tag-empleo","tag-ethikos-3-0","tag-generaciones","tag-innovacion","tag-millennials","tag-naked-culture"],"yoast_head":"<!-- This site is optimized with the Yoast SEO plugin v27.5 - https:\/\/yoast.com\/product\/yoast-seo-wordpress\/ -->\n<title>T\u00edtulo P\u00e1gina | Consultora de talento y selecci\u00f3n de personal | Ethikos &#8212; Ethikos<\/title>\n<meta name=\"description\" content=\"La generaci\u00f3n Z y los millennials sienten un fuerte lazo afectivo hacia sus entornos de trabajo, pero no compromiso de continuidad\" \/>\n<meta name=\"robots\" content=\"index, follow, max-snippet:-1, max-image-preview:large, max-video-preview:-1\" \/>\n<link rel=\"canonical\" href=\"https:\/\/www.ethikos.es\/en\/las-nuevas-generaciones-no-quieren-comprometerse-con-sus-empresas\/\" \/>\n<meta property=\"og:locale\" content=\"en_US\" \/>\n<meta property=\"og:type\" content=\"article\" \/>\n<meta property=\"og:title\" content=\"T\u00edtulo P\u00e1gina | Consultora de talento y selecci\u00f3n de personal | Ethikos &#8212; Ethikos\" \/>\n<meta property=\"og:description\" content=\"La generaci\u00f3n Z y los millennials sienten un fuerte lazo afectivo hacia sus entornos de trabajo, pero no compromiso de continuidad\" \/>\n<meta property=\"og:url\" content=\"https:\/\/www.ethikos.es\/en\/las-nuevas-generaciones-no-quieren-comprometerse-con-sus-empresas\/\" \/>\n<meta property=\"og:site_name\" content=\"Ethikos\" \/>\n<meta property=\"article:publisher\" content=\"http:\/\/www.facebook.com\/ethikos.es\/\" \/>\n<meta property=\"article:published_time\" content=\"2022-04-11T13:47:05+00:00\" \/>\n<meta property=\"article:modified_time\" content=\"2022-04-12T07:47:51+00:00\" \/>\n<meta property=\"og:image\" content=\"https:\/\/www.ethikos.es\/wp-content\/uploads\/2022\/04\/pexels-tima-miroshnichenko-5439468-scaled.jpg\" \/>\n\t<meta property=\"og:image:width\" content=\"2560\" \/>\n\t<meta property=\"og:image:height\" content=\"1707\" \/>\n\t<meta property=\"og:image:type\" content=\"image\/jpeg\" \/>\n<meta name=\"author\" content=\"alexandra.guldberg\" \/>\n<meta name=\"twitter:card\" content=\"summary_large_image\" \/>\n<meta name=\"twitter:creator\" content=\"@Ethikos30\" \/>\n<meta name=\"twitter:site\" content=\"@Ethikos30\" \/>\n<meta name=\"twitter:label1\" content=\"Written by\" \/>\n\t<meta name=\"twitter:data1\" content=\"alexandra.guldberg\" \/>\n\t<meta name=\"twitter:label2\" content=\"Est. reading time\" \/>\n\t<meta name=\"twitter:data2\" content=\"7 minutes\" \/>\n<script type=\"application\/ld+json\" class=\"yoast-schema-graph\">{\"@context\":\"https:\\\/\\\/schema.org\",\"@graph\":[{\"@type\":\"Article\",\"@id\":\"https:\\\/\\\/www.ethikos.es\\\/en\\\/las-nuevas-generaciones-no-quieren-comprometerse-con-sus-empresas\\\/#article\",\"isPartOf\":{\"@id\":\"https:\\\/\\\/www.ethikos.es\\\/en\\\/las-nuevas-generaciones-no-quieren-comprometerse-con-sus-empresas\\\/\"},\"author\":{\"name\":\"alexandra.guldberg\",\"@id\":\"https:\\\/\\\/www.ethikos.es\\\/en\\\/#\\\/schema\\\/person\\\/42497927bf7dc4ec49272f9539b73c09\"},\"headline\":\"Las nuevas generaciones no quieren comprometerse con sus empresas\",\"datePublished\":\"2022-04-11T13:47:05+00:00\",\"dateModified\":\"2022-04-12T07:47:51+00:00\",\"mainEntityOfPage\":{\"@id\":\"https:\\\/\\\/www.ethikos.es\\\/en\\\/las-nuevas-generaciones-no-quieren-comprometerse-con-sus-empresas\\\/\"},\"wordCount\":1586,\"commentCount\":0,\"publisher\":{\"@id\":\"https:\\\/\\\/www.ethikos.es\\\/en\\\/#organization\"},\"image\":{\"@id\":\"https:\\\/\\\/www.ethikos.es\\\/en\\\/las-nuevas-generaciones-no-quieren-comprometerse-con-sus-empresas\\\/#primaryimage\"},\"thumbnailUrl\":\"https:\\\/\\\/www.ethikos.es\\\/wp-content\\\/uploads\\\/2022\\\/04\\\/pexels-tima-miroshnichenko-5439468-scaled.jpg\",\"keywords\":[\"Cultura organizativa\",\"cultural fit\",\"diversidad\",\"empleo\",\"Ethikos 3.0\",\"generaciones\",\"innovaci\u00f3n\",\"millennials\",\"Naked culture\"],\"articleSection\":[\"Blog\",\"Cultura de empresa\",\"Gesti\u00f3n por valores\",\"Recursos Humanos\",\"Selecci\u00f3n por valores\"],\"inLanguage\":\"en-US\",\"potentialAction\":[{\"@type\":\"CommentAction\",\"name\":\"Comment\",\"target\":[\"https:\\\/\\\/www.ethikos.es\\\/en\\\/las-nuevas-generaciones-no-quieren-comprometerse-con-sus-empresas\\\/#respond\"]}]},{\"@type\":\"WebPage\",\"@id\":\"https:\\\/\\\/www.ethikos.es\\\/en\\\/las-nuevas-generaciones-no-quieren-comprometerse-con-sus-empresas\\\/\",\"url\":\"https:\\\/\\\/www.ethikos.es\\\/en\\\/las-nuevas-generaciones-no-quieren-comprometerse-con-sus-empresas\\\/\",\"name\":\"T\u00edtulo P\u00e1gina | Consultora de talento y selecci\u00f3n de personal | Ethikos &#8212; Ethikos\",\"isPartOf\":{\"@id\":\"https:\\\/\\\/www.ethikos.es\\\/en\\\/#website\"},\"primaryImageOfPage\":{\"@id\":\"https:\\\/\\\/www.ethikos.es\\\/en\\\/las-nuevas-generaciones-no-quieren-comprometerse-con-sus-empresas\\\/#primaryimage\"},\"image\":{\"@id\":\"https:\\\/\\\/www.ethikos.es\\\/en\\\/las-nuevas-generaciones-no-quieren-comprometerse-con-sus-empresas\\\/#primaryimage\"},\"thumbnailUrl\":\"https:\\\/\\\/www.ethikos.es\\\/wp-content\\\/uploads\\\/2022\\\/04\\\/pexels-tima-miroshnichenko-5439468-scaled.jpg\",\"datePublished\":\"2022-04-11T13:47:05+00:00\",\"dateModified\":\"2022-04-12T07:47:51+00:00\",\"description\":\"La generaci\u00f3n Z y los millennials sienten un fuerte lazo afectivo hacia sus entornos de trabajo, pero no compromiso de continuidad\",\"breadcrumb\":{\"@id\":\"https:\\\/\\\/www.ethikos.es\\\/en\\\/las-nuevas-generaciones-no-quieren-comprometerse-con-sus-empresas\\\/#breadcrumb\"},\"inLanguage\":\"en-US\",\"potentialAction\":[{\"@type\":\"ReadAction\",\"target\":[\"https:\\\/\\\/www.ethikos.es\\\/en\\\/las-nuevas-generaciones-no-quieren-comprometerse-con-sus-empresas\\\/\"]}]},{\"@type\":\"ImageObject\",\"inLanguage\":\"en-US\",\"@id\":\"https:\\\/\\\/www.ethikos.es\\\/en\\\/las-nuevas-generaciones-no-quieren-comprometerse-con-sus-empresas\\\/#primaryimage\",\"url\":\"https:\\\/\\\/www.ethikos.es\\\/wp-content\\\/uploads\\\/2022\\\/04\\\/pexels-tima-miroshnichenko-5439468-scaled.jpg\",\"contentUrl\":\"https:\\\/\\\/www.ethikos.es\\\/wp-content\\\/uploads\\\/2022\\\/04\\\/pexels-tima-miroshnichenko-5439468-scaled.jpg\",\"width\":2560,\"height\":1707},{\"@type\":\"BreadcrumbList\",\"@id\":\"https:\\\/\\\/www.ethikos.es\\\/en\\\/las-nuevas-generaciones-no-quieren-comprometerse-con-sus-empresas\\\/#breadcrumb\",\"itemListElement\":[{\"@type\":\"ListItem\",\"position\":1,\"name\":\"Portada\",\"item\":\"https:\\\/\\\/www.ethikos.es\\\/\"},{\"@type\":\"ListItem\",\"position\":2,\"name\":\"Las nuevas generaciones no quieren comprometerse con sus empresas\"}]},{\"@type\":\"WebSite\",\"@id\":\"https:\\\/\\\/www.ethikos.es\\\/en\\\/#website\",\"url\":\"https:\\\/\\\/www.ethikos.es\\\/en\\\/\",\"name\":\"Ethikos 3.0\",\"description\":\"Ethikos es una consultora de transformaci\u00f3n organizacional especializada en cultura empresarial, liderazgo consciente y selecci\u00f3n por valores.\",\"publisher\":{\"@id\":\"https:\\\/\\\/www.ethikos.es\\\/en\\\/#organization\"},\"alternateName\":\"Ethikos Consultor\u00eda\",\"potentialAction\":[{\"@type\":\"SearchAction\",\"target\":{\"@type\":\"EntryPoint\",\"urlTemplate\":\"https:\\\/\\\/www.ethikos.es\\\/en\\\/?s={search_term_string}\"},\"query-input\":{\"@type\":\"PropertyValueSpecification\",\"valueRequired\":true,\"valueName\":\"search_term_string\"}}],\"inLanguage\":\"en-US\"},{\"@type\":\"Organization\",\"@id\":\"https:\\\/\\\/www.ethikos.es\\\/en\\\/#organization\",\"name\":\"Ethikos 3.0\",\"url\":\"https:\\\/\\\/www.ethikos.es\\\/en\\\/\",\"logo\":{\"@type\":\"ImageObject\",\"inLanguage\":\"en-US\",\"@id\":\"https:\\\/\\\/www.ethikos.es\\\/en\\\/#\\\/schema\\\/logo\\\/image\\\/\",\"url\":\"https:\\\/\\\/www.ethikos.es\\\/wp-content\\\/uploads\\\/2019\\\/01\\\/43606559961_5f343a820a_o.png\",\"contentUrl\":\"https:\\\/\\\/www.ethikos.es\\\/wp-content\\\/uploads\\\/2019\\\/01\\\/43606559961_5f343a820a_o.png\",\"width\":646,\"height\":218,\"caption\":\"Ethikos 3.0\"},\"image\":{\"@id\":\"https:\\\/\\\/www.ethikos.es\\\/en\\\/#\\\/schema\\\/logo\\\/image\\\/\"},\"sameAs\":[\"http:\\\/\\\/www.facebook.com\\\/ethikos.es\\\/\",\"https:\\\/\\\/x.com\\\/Ethikos30\",\"https:\\\/\\\/www.instagram.com\\\/ethikos_3.0\\\/\",\"https:\\\/\\\/www.linkedin.com\\\/company\\\/ethikos-3-0\\\/\"]},{\"@type\":\"Person\",\"@id\":\"https:\\\/\\\/www.ethikos.es\\\/en\\\/#\\\/schema\\\/person\\\/42497927bf7dc4ec49272f9539b73c09\",\"name\":\"alexandra.guldberg\",\"image\":{\"@type\":\"ImageObject\",\"inLanguage\":\"en-US\",\"@id\":\"https:\\\/\\\/secure.gravatar.com\\\/avatar\\\/2759471252d647c5a026aa036549973b6f0f211daaf0268da6d017a68aeda83e?s=96&d=mm&r=g\",\"url\":\"https:\\\/\\\/secure.gravatar.com\\\/avatar\\\/2759471252d647c5a026aa036549973b6f0f211daaf0268da6d017a68aeda83e?s=96&d=mm&r=g\",\"contentUrl\":\"https:\\\/\\\/secure.gravatar.com\\\/avatar\\\/2759471252d647c5a026aa036549973b6f0f211daaf0268da6d017a68aeda83e?s=96&d=mm&r=g\",\"caption\":\"alexandra.guldberg\"}}]}<\/script>\n<!-- \/ Yoast SEO plugin. -->","yoast_head_json":{"title":"T\u00edtulo P\u00e1gina | Consultora de talento y selecci\u00f3n de personal | Ethikos &#8212; Ethikos","description":"La generaci\u00f3n Z y los millennials sienten un fuerte lazo afectivo hacia sus entornos de trabajo, pero no compromiso de continuidad","robots":{"index":"index","follow":"follow","max-snippet":"max-snippet:-1","max-image-preview":"max-image-preview:large","max-video-preview":"max-video-preview:-1"},"canonical":"https:\/\/www.ethikos.es\/en\/las-nuevas-generaciones-no-quieren-comprometerse-con-sus-empresas\/","og_locale":"en_US","og_type":"article","og_title":"T\u00edtulo P\u00e1gina | Consultora de talento y selecci\u00f3n de personal | Ethikos &#8212; Ethikos","og_description":"La generaci\u00f3n Z y los millennials sienten un fuerte lazo afectivo hacia sus entornos de trabajo, pero no compromiso de continuidad","og_url":"https:\/\/www.ethikos.es\/en\/las-nuevas-generaciones-no-quieren-comprometerse-con-sus-empresas\/","og_site_name":"Ethikos","article_publisher":"http:\/\/www.facebook.com\/ethikos.es\/","article_published_time":"2022-04-11T13:47:05+00:00","article_modified_time":"2022-04-12T07:47:51+00:00","og_image":[{"width":2560,"height":1707,"url":"https:\/\/www.ethikos.es\/wp-content\/uploads\/2022\/04\/pexels-tima-miroshnichenko-5439468-scaled.jpg","type":"image\/jpeg"}],"author":"alexandra.guldberg","twitter_card":"summary_large_image","twitter_creator":"@Ethikos30","twitter_site":"@Ethikos30","twitter_misc":{"Written by":"alexandra.guldberg","Est. reading time":"7 minutes"},"schema":{"@context":"https:\/\/schema.org","@graph":[{"@type":"Article","@id":"https:\/\/www.ethikos.es\/en\/las-nuevas-generaciones-no-quieren-comprometerse-con-sus-empresas\/#article","isPartOf":{"@id":"https:\/\/www.ethikos.es\/en\/las-nuevas-generaciones-no-quieren-comprometerse-con-sus-empresas\/"},"author":{"name":"alexandra.guldberg","@id":"https:\/\/www.ethikos.es\/en\/#\/schema\/person\/42497927bf7dc4ec49272f9539b73c09"},"headline":"Las nuevas generaciones no quieren comprometerse con sus empresas","datePublished":"2022-04-11T13:47:05+00:00","dateModified":"2022-04-12T07:47:51+00:00","mainEntityOfPage":{"@id":"https:\/\/www.ethikos.es\/en\/las-nuevas-generaciones-no-quieren-comprometerse-con-sus-empresas\/"},"wordCount":1586,"commentCount":0,"publisher":{"@id":"https:\/\/www.ethikos.es\/en\/#organization"},"image":{"@id":"https:\/\/www.ethikos.es\/en\/las-nuevas-generaciones-no-quieren-comprometerse-con-sus-empresas\/#primaryimage"},"thumbnailUrl":"https:\/\/www.ethikos.es\/wp-content\/uploads\/2022\/04\/pexels-tima-miroshnichenko-5439468-scaled.jpg","keywords":["Cultura organizativa","cultural fit","diversidad","empleo","Ethikos 3.0","generaciones","innovaci\u00f3n","millennials","Naked culture"],"articleSection":["Blog","Cultura de empresa","Gesti\u00f3n por valores","Recursos Humanos","Selecci\u00f3n por valores"],"inLanguage":"en-US","potentialAction":[{"@type":"CommentAction","name":"Comment","target":["https:\/\/www.ethikos.es\/en\/las-nuevas-generaciones-no-quieren-comprometerse-con-sus-empresas\/#respond"]}]},{"@type":"WebPage","@id":"https:\/\/www.ethikos.es\/en\/las-nuevas-generaciones-no-quieren-comprometerse-con-sus-empresas\/","url":"https:\/\/www.ethikos.es\/en\/las-nuevas-generaciones-no-quieren-comprometerse-con-sus-empresas\/","name":"T\u00edtulo P\u00e1gina | Consultora de talento y selecci\u00f3n de personal | Ethikos &#8212; Ethikos","isPartOf":{"@id":"https:\/\/www.ethikos.es\/en\/#website"},"primaryImageOfPage":{"@id":"https:\/\/www.ethikos.es\/en\/las-nuevas-generaciones-no-quieren-comprometerse-con-sus-empresas\/#primaryimage"},"image":{"@id":"https:\/\/www.ethikos.es\/en\/las-nuevas-generaciones-no-quieren-comprometerse-con-sus-empresas\/#primaryimage"},"thumbnailUrl":"https:\/\/www.ethikos.es\/wp-content\/uploads\/2022\/04\/pexels-tima-miroshnichenko-5439468-scaled.jpg","datePublished":"2022-04-11T13:47:05+00:00","dateModified":"2022-04-12T07:47:51+00:00","description":"La generaci\u00f3n Z y los millennials sienten un fuerte lazo afectivo hacia sus entornos de trabajo, pero no compromiso de continuidad","breadcrumb":{"@id":"https:\/\/www.ethikos.es\/en\/las-nuevas-generaciones-no-quieren-comprometerse-con-sus-empresas\/#breadcrumb"},"inLanguage":"en-US","potentialAction":[{"@type":"ReadAction","target":["https:\/\/www.ethikos.es\/en\/las-nuevas-generaciones-no-quieren-comprometerse-con-sus-empresas\/"]}]},{"@type":"ImageObject","inLanguage":"en-US","@id":"https:\/\/www.ethikos.es\/en\/las-nuevas-generaciones-no-quieren-comprometerse-con-sus-empresas\/#primaryimage","url":"https:\/\/www.ethikos.es\/wp-content\/uploads\/2022\/04\/pexels-tima-miroshnichenko-5439468-scaled.jpg","contentUrl":"https:\/\/www.ethikos.es\/wp-content\/uploads\/2022\/04\/pexels-tima-miroshnichenko-5439468-scaled.jpg","width":2560,"height":1707},{"@type":"BreadcrumbList","@id":"https:\/\/www.ethikos.es\/en\/las-nuevas-generaciones-no-quieren-comprometerse-con-sus-empresas\/#breadcrumb","itemListElement":[{"@type":"ListItem","position":1,"name":"Portada","item":"https:\/\/www.ethikos.es\/"},{"@type":"ListItem","position":2,"name":"Las nuevas generaciones no quieren comprometerse con sus empresas"}]},{"@type":"WebSite","@id":"https:\/\/www.ethikos.es\/en\/#website","url":"https:\/\/www.ethikos.es\/en\/","name":"Ethikos 3.0","description":"Ethikos es una consultora de transformaci\u00f3n organizacional especializada en cultura empresarial, liderazgo consciente y selecci\u00f3n por valores.","publisher":{"@id":"https:\/\/www.ethikos.es\/en\/#organization"},"alternateName":"Ethikos Consultor\u00eda","potentialAction":[{"@type":"SearchAction","target":{"@type":"EntryPoint","urlTemplate":"https:\/\/www.ethikos.es\/en\/?s={search_term_string}"},"query-input":{"@type":"PropertyValueSpecification","valueRequired":true,"valueName":"search_term_string"}}],"inLanguage":"en-US"},{"@type":"Organization","@id":"https:\/\/www.ethikos.es\/en\/#organization","name":"Ethikos 3.0","url":"https:\/\/www.ethikos.es\/en\/","logo":{"@type":"ImageObject","inLanguage":"en-US","@id":"https:\/\/www.ethikos.es\/en\/#\/schema\/logo\/image\/","url":"https:\/\/www.ethikos.es\/wp-content\/uploads\/2019\/01\/43606559961_5f343a820a_o.png","contentUrl":"https:\/\/www.ethikos.es\/wp-content\/uploads\/2019\/01\/43606559961_5f343a820a_o.png","width":646,"height":218,"caption":"Ethikos 3.0"},"image":{"@id":"https:\/\/www.ethikos.es\/en\/#\/schema\/logo\/image\/"},"sameAs":["http:\/\/www.facebook.com\/ethikos.es\/","https:\/\/x.com\/Ethikos30","https:\/\/www.instagram.com\/ethikos_3.0\/","https:\/\/www.linkedin.com\/company\/ethikos-3-0\/"]},{"@type":"Person","@id":"https:\/\/www.ethikos.es\/en\/#\/schema\/person\/42497927bf7dc4ec49272f9539b73c09","name":"alexandra.guldberg","image":{"@type":"ImageObject","inLanguage":"en-US","@id":"https:\/\/secure.gravatar.com\/avatar\/2759471252d647c5a026aa036549973b6f0f211daaf0268da6d017a68aeda83e?s=96&d=mm&r=g","url":"https:\/\/secure.gravatar.com\/avatar\/2759471252d647c5a026aa036549973b6f0f211daaf0268da6d017a68aeda83e?s=96&d=mm&r=g","contentUrl":"https:\/\/secure.gravatar.com\/avatar\/2759471252d647c5a026aa036549973b6f0f211daaf0268da6d017a68aeda83e?s=96&d=mm&r=g","caption":"alexandra.guldberg"}}]}},"_links":{"self":[{"href":"https:\/\/www.ethikos.es\/en\/wp-json\/wp\/v2\/posts\/17013","targetHints":{"allow":["GET"]}}],"collection":[{"href":"https:\/\/www.ethikos.es\/en\/wp-json\/wp\/v2\/posts"}],"about":[{"href":"https:\/\/www.ethikos.es\/en\/wp-json\/wp\/v2\/types\/post"}],"author":[{"embeddable":true,"href":"https:\/\/www.ethikos.es\/en\/wp-json\/wp\/v2\/users\/21"}],"replies":[{"embeddable":true,"href":"https:\/\/www.ethikos.es\/en\/wp-json\/wp\/v2\/comments?post=17013"}],"version-history":[{"count":0,"href":"https:\/\/www.ethikos.es\/en\/wp-json\/wp\/v2\/posts\/17013\/revisions"}],"wp:featuredmedia":[{"embeddable":true,"href":"https:\/\/www.ethikos.es\/en\/wp-json\/wp\/v2\/media\/17015"}],"wp:attachment":[{"href":"https:\/\/www.ethikos.es\/en\/wp-json\/wp\/v2\/media?parent=17013"}],"wp:term":[{"taxonomy":"category","embeddable":true,"href":"https:\/\/www.ethikos.es\/en\/wp-json\/wp\/v2\/categories?post=17013"},{"taxonomy":"post_tag","embeddable":true,"href":"https:\/\/www.ethikos.es\/en\/wp-json\/wp\/v2\/tags?post=17013"}],"curies":[{"name":"wp","href":"https:\/\/api.w.org\/{rel}","templated":true}]}}