{"id":17252,"date":"2022-04-25T17:16:11","date_gmt":"2022-04-25T15:16:11","guid":{"rendered":"https:\/\/www.ethikos.es\/?p=17252"},"modified":"2022-05-11T13:09:02","modified_gmt":"2022-05-11T11:09:02","slug":"del-homo-sapiens-a-la-generacion-z","status":"publish","type":"post","link":"https:\/\/www.ethikos.es\/en\/del-homo-sapiens-a-la-generacion-z\/","title":{"rendered":"Del Homo Sapiens a la generaci\u00f3n Z"},"content":{"rendered":"<h2><strong>\u00a0<\/strong>La generaci\u00f3n Z quiere que su trabajo tenga un impacto en la sociedad<\/h2>\n<p>La generaci\u00f3n <em>boomer<\/em> est\u00e1 jubil\u00e1ndose antes de lo esperado, esto, unido al fen\u00f3meno de la Gran Renuncia, genera escasez de talento en seg\u00fan qu\u00e9 sectores. Adem\u00e1s, cada vez hay menos profesionales con estudios universitarios. La generaci\u00f3n Z, tambi\u00e9n llamados <em>centennials<\/em>, viene pisando fuerte y parece que, en muchos aspectos, va a cambiar el paradigma del mundo del trabajo. Pese a que muchas veces <a href=\"https:\/\/hbr.org\/2019\/08\/generational-differences-at-work-are-small-thinking-theyre-big-affects-our-behavior\">las diferencias generacionales se exageran<\/a>, es importante tenerlas en cuenta.<\/p>\n<p>La caracter\u00edstica m\u00e1s definitoria de los nacidos entre finales de los noventa y principios de los dos mil es que un grupo humano muy vinculado al mundo digital. B\u00e1sicamente, son los primeros verdaderamente nativos digitales, viven hiperconectados y pasan varias horas a la semana haciendo uso de las redes sociales. <a href=\"https:\/\/www.weforum.org\/agenda\/2017\/08\/global-shapers-survey-2017-5-things-we-learned\">Su vida est\u00e1 ligada a la tecnolog\u00eda<\/a>. Esto es algo positivo para las empresas, que necesitan cada vez m\u00e1s profesionales especializados en los diferentes campos tecnol\u00f3gicos.<\/p>\n<p>Para ellos, estar en un entorno flexible es importante, as\u00ed como tener la libertad para poner en pr\u00e1ctica su creatividad. Es la generaci\u00f3n que siente m\u00e1s predilecci\u00f3n por el trabajo por proyectos y <a href=\"https:\/\/www.ethikos.es\/las-nuevas-generaciones-no-quieren-comprometerse-con-sus-empresas\/\">tienen dificultades para sentir un verdadero compromiso<\/a>. Son m\u00e1s pragm\u00e1ticos y realistas que la generaci\u00f3n que los precede adem\u00e1s reh\u00fayen de la inestabilidad.<\/p>\n<p>Este segmento poblacional tambi\u00e9n destaca por <a href=\"https:\/\/www.uoc.edu\/portal\/es\/news\/actualitat\/2018\/133-generacion-z.html\">su capacidad autodidacta<\/a>. Han crecido viendo tutoriales en internet y tienen muy interiorizada esta pr\u00e1ctica. Pero, a la vez, se titulan en un menor porcentaje que las generaciones anteriores, algo que algunas empresas ven con cierto recelo, pese a que el talento igualmente sigue existiendo fuera de las universidades.<\/p>\n<h3><strong>Impacientes y con problemas de atenci\u00f3n<\/strong><\/h3>\n<p>Esta hiperconectividad en la que han crecido tambi\u00e9n tiene su parte negativa. Son una generaci\u00f3n por lo general impaciente, acostumbrada a la inmediatez que supone la tecnolog\u00eda. Necesitan una respuesta r\u00e1pido y sufren cuando esto no sucede, algo que ocurre con frecuencia en el mundo laboral. Adem\u00e1s, la dependencia excesiva de aparatos electr\u00f3nicos ha da\u00f1ado severamente su capacidad de atenci\u00f3n.<\/p>\n<p>Otro problema para ellos es la habilidad para expresarse, tanto en p\u00fablico como en forma escrita. Tienen dificultades para la redacci\u00f3n de textos que traten temas complejos. Es algo contradictorio con su tendencia a la lectura (<a href=\"https:\/\/princh.com\/blog-which-generation-reads-the-most\/#.YmaF7YXP1PY\">son una generaci\u00f3n que lee mucho<\/a>, casi un tercio de los <em>centennials<\/em> dice tener los libros como uno de sus hobbies favoritos), pero ni siquiera sus h\u00e1bitos lectores les salvan de tener problemas para comunicarse a un nivel elevado en forma escrita.<\/p>\n<p>Tambi\u00e9n son una generaci\u00f3n con menor inteligencia emocional y habilidades comunicativas que las anteriores, lo que puede llevar a frustraciones originadas por una mala gesti\u00f3n de sus emociones. No es casualidad que sean el segmento poblacional que sufre m\u00e1s estr\u00e9s y problemas de ansiedad. Pese a estos aspectos negativos, la inclinaci\u00f3n por estar pendientes de diversas pantallas a la vez hace que este grupo poblacional sea el mejor en multitasking.<\/p>\n<h3><strong>Quieren generar impacto<\/strong><\/h3>\n<p>La generaci\u00f3n Z es la que le otorga m\u00e1s importancia a los valores de la empresa en la que trabajan. Por tanto, es importante que las organizaciones tengan en cuenta el encaje cultural para la atracci\u00f3n de talento, sobre todo de cara a un futuro. <a href=\"https:\/\/static.jobtoday.com\/content\/generacion-z-job-today.pdf\">Seg\u00fan este estudio<\/a>, el 60% de las personas pertenecientes a esta generaci\u00f3n quieren tener un empleo con un impacto social positivo.<\/p>\n<p>Adem\u00e1s, prefieren un trabajo relacionado con sus inquietudes y\/o hobbies. Esto puede generar frustraciones, porque no siempre es posible encajar ambas variables.<\/p>\n<p>Son la generaci\u00f3n <a href=\"https:\/\/www.worldleisurejobs.com\/detail.cfm?pagetype=featuresonline&amp;featureid=32876&amp;mag=Leisure%20Management&amp;linktype=story&amp;source=none&amp;ref=n\">que le otorga m\u00e1s importancia al ocio respecto al trabajo<\/a>. Como podemos ver en este gr\u00e1fico de<a href=\"https:\/\/www.bain.com\/insights\/motivations-for-work-are-changing-future-of-work-report\/\"> Bain Company<\/a>, la diferencia es evidente. El estudio est\u00e1 centrado en Estados Unidos, pero normalmente las tendencias generacionales se replican en todo el mundo, y m\u00e1s ahora en el actual contexto de globalizaci\u00f3n.<\/p>\n<p>Este grupo ha crecido en una crisis econ\u00f3mica constante, con el a\u00f1adido de la angustia por la emergencia clim\u00e1tica. Es un fragmento poblacional con una perspectiva de futuro dif\u00edcil, para algunos desoladora y, pese a ello, <a href=\"https:\/\/www.latimes.com\/opinion\/story\/2021-01-30\/generation-z-politics-optimism-activism\">son m\u00e1s optimistas que <em>millennials<\/em> y <em>boomers<\/em><\/a>.<\/p>\n<p><a href=\"https:\/\/www.idiva.com\/news-opinion\/opinion\/why-gen-z-is-the-generation-that-will-change-the-world-for-good\/18016946\">Quieren que las cosas cambien<\/a>, y eso incluye los lugares de trabajo. Dicho comportamiento puede ser muy positivo para las empresas, porque los <em>centennials<\/em> son capaces de influir en ciertos cambios de h\u00e1bitos negativos, pero tambi\u00e9n da lugar a choques generacionales y confrontaciones.<\/p>\n<h3><strong>Problemas con la autoridad<\/strong><\/h3>\n<p>No les gustan los jefes tradicionales, sino que prefieren a l\u00edderes y\/o mentores. Este grupo poblacional aborrece las jerarqu\u00edas y las maneras dictatoriales. Son m\u00e1s sensibles que sus predecesores, si eso es algo positivo o negativo, depender\u00e1 de la interpretaci\u00f3n de cada persona.\u00a0 Adem\u00e1s, es la generaci\u00f3n que se cree mejor preparada, lo que en ocasiones hace que les cueste aceptar consejos. <a href=\"https:\/\/www.ethikos.es\/la-lucha-por-la-rehumanizacion-del-trabajo\/\">No les gusta acatar \u00f3rdenes ni tratar con personas autoritarias<\/a>, quieren ser convencidos y recibir <em>feedback<\/em> constante de forma constructiva.<\/p>\n<p>Si sus ideas no son escuchadas posiblemente entren en un estado de frustraci\u00f3n profundo. Son muy proactivos y creativos, algo sin duda positivo, pero tambi\u00e9n <a href=\"https:\/\/www.ethikos.es\/las-nuevas-motivaciones-para-el-trabajo\/\">sienten impaciencia por ser escuchados y estar en conversaciones<\/a> constantes con sus superiores\/mentores.<\/p>\n<p>Tienen mucha confianza en sus capacidades, algo positivo sobre todo si se tiene en cuenta el <a href=\"https:\/\/time.com\/5312483\/how-to-deal-with-impostor-syndrome\/\">s\u00edndrome del impostor<\/a> en el trabajo y los efectos negativos que causa, en especial en las mujeres.<\/p>\n<p><strong>Los m\u00e1s comprometidos<\/strong><\/p>\n<p>Su sentido de la responsabilidad respecto al planeta <a href=\"https:\/\/www.theguardian.com\/environment\/2021\/sep\/06\/gen-z-climate-change-careers-jobs\">es el m\u00e1s distinguido de todas las generaciones<\/a>. Para ellos impactar en este sentido es imperativo y sus h\u00e1bitos de consumo est\u00e1n muy influenciados por esta din\u00e1mica. Tomando esto en cuenta, es evidente que tambi\u00e9n quieren formar parte de organizaciones que marquen la diferencia en la lucha contra el cambio clim\u00e1tico y por una sociedad sostenible.<\/p>\n<p>Por tanto, los valores de las empresas son vitales para ellos, lo que ya se est\u00e1 notando en la manera que muchas entidades se muestran al mundo.<\/p>\n<p>Por otro lado, eso no significa que el salario no siga siendo lo m\u00e1s importante al buscar un trabajo, pero este ha perdido mucha relevancia respecto a lo que suele suponer para las otras generaciones. Tener un impacto positivo cada vez es m\u00e1s imperativo.<\/p>\n<p>Teniendo en cuenta lo anteriormente expuesto, nos gustar\u00eda saber lo que opin\u00e1is al respecto. \u00bfCre\u00e9is que la generaci\u00f3n Z revolucionar\u00e1 el mundo del trabajo, o se est\u00e1 exagerando su rebeld\u00eda?<\/p>\n<p>&nbsp;<\/p>\n<div class=\"entry-content\">\n<p>Por: Sergio L\u00f3pez \u2013 Digital Content<\/p>\n<\/div>","protected":false},"excerpt":{"rendered":"<p>\u00a0La generaci\u00f3n Z quiere que su trabajo tenga un impacto en la sociedad La generaci\u00f3n boomer est\u00e1 jubil\u00e1ndose antes de lo esperado, esto, unido al fen\u00f3meno de la Gran Renuncia, genera escasez de talento en seg\u00fan qu\u00e9 sectores. Adem\u00e1s, cada vez hay menos profesionales con estudios universitarios. La generaci\u00f3n Z, tambi\u00e9n llamados centennials, viene pisando [&hellip;]<\/p>\n","protected":false},"author":21,"featured_media":17253,"comment_status":"open","ping_status":"closed","sticky":false,"template":"","format":"standard","meta":{"_exactmetrics_skip_tracking":false,"_exactmetrics_sitenote_active":false,"_exactmetrics_sitenote_note":"","_exactmetrics_sitenote_category":0,"footnotes":""},"categories":[151,142,141,139,140],"tags":[68,491,51,674,91,197,551,639,436,611],"class_list":["post-17252","post","type-post","status-publish","format-standard","has-post-thumbnail","hentry","category-blog","category-cultura-de-empresa","category-gestion-por-valores","category-rrhh","category-seleccion-por-valores","tag-empatia","tag-empleo","tag-ethikos-3-0","tag-generaciones","tag-gestion-de-personas","tag-gestion-por-valores","tag-impacto","tag-inclusion","tag-innovacion","tag-naked-culture"],"yoast_head":"<!-- This site is optimized with the Yoast SEO plugin v27.5 - https:\/\/yoast.com\/product\/yoast-seo-wordpress\/ -->\n<title>T\u00edtulo P\u00e1gina | Consultora de talento y selecci\u00f3n de personal | Ethikos &#8212; Ethikos<\/title>\n<meta name=\"description\" content=\"La caracter\u00edstica m\u00e1s definitoria de la generaci\u00f3n Z es que un grupo humano muy vinculado al mundo digital.\" \/>\n<meta name=\"robots\" content=\"index, follow, max-snippet:-1, max-image-preview:large, max-video-preview:-1\" \/>\n<link rel=\"canonical\" href=\"https:\/\/www.ethikos.es\/en\/del-homo-sapiens-a-la-generacion-z\/\" \/>\n<meta property=\"og:locale\" content=\"en_US\" \/>\n<meta property=\"og:type\" content=\"article\" \/>\n<meta property=\"og:title\" content=\"T\u00edtulo P\u00e1gina | Consultora de talento y selecci\u00f3n de personal | Ethikos &#8212; Ethikos\" \/>\n<meta property=\"og:description\" content=\"La caracter\u00edstica m\u00e1s definitoria de la generaci\u00f3n Z es que un grupo humano muy vinculado al mundo digital.\" \/>\n<meta property=\"og:url\" content=\"https:\/\/www.ethikos.es\/en\/del-homo-sapiens-a-la-generacion-z\/\" \/>\n<meta property=\"og:site_name\" content=\"Ethikos\" \/>\n<meta property=\"article:publisher\" content=\"http:\/\/www.facebook.com\/ethikos.es\/\" \/>\n<meta property=\"article:published_time\" content=\"2022-04-25T15:16:11+00:00\" \/>\n<meta property=\"article:modified_time\" content=\"2022-05-11T11:09:02+00:00\" \/>\n<meta property=\"og:image\" content=\"https:\/\/www.ethikos.es\/wp-content\/uploads\/2022\/04\/Portada-art-GEN-Z.png\" \/>\n\t<meta property=\"og:image:width\" content=\"1640\" \/>\n\t<meta property=\"og:image:height\" content=\"924\" \/>\n\t<meta property=\"og:image:type\" content=\"image\/png\" \/>\n<meta name=\"author\" content=\"alexandra.guldberg\" \/>\n<meta name=\"twitter:card\" content=\"summary_large_image\" \/>\n<meta name=\"twitter:creator\" content=\"@Ethikos30\" \/>\n<meta name=\"twitter:site\" content=\"@Ethikos30\" \/>\n<meta name=\"twitter:label1\" content=\"Written by\" \/>\n\t<meta name=\"twitter:data1\" content=\"alexandra.guldberg\" \/>\n\t<meta name=\"twitter:label2\" content=\"Est. reading time\" \/>\n\t<meta name=\"twitter:data2\" content=\"5 minutes\" \/>\n<script type=\"application\/ld+json\" class=\"yoast-schema-graph\">{\"@context\":\"https:\\\/\\\/schema.org\",\"@graph\":[{\"@type\":\"Article\",\"@id\":\"https:\\\/\\\/www.ethikos.es\\\/en\\\/del-homo-sapiens-a-la-generacion-z\\\/#article\",\"isPartOf\":{\"@id\":\"https:\\\/\\\/www.ethikos.es\\\/en\\\/del-homo-sapiens-a-la-generacion-z\\\/\"},\"author\":{\"name\":\"alexandra.guldberg\",\"@id\":\"https:\\\/\\\/www.ethikos.es\\\/en\\\/#\\\/schema\\\/person\\\/42497927bf7dc4ec49272f9539b73c09\"},\"headline\":\"Del Homo Sapiens a la generaci\u00f3n Z\",\"datePublished\":\"2022-04-25T15:16:11+00:00\",\"dateModified\":\"2022-05-11T11:09:02+00:00\",\"mainEntityOfPage\":{\"@id\":\"https:\\\/\\\/www.ethikos.es\\\/en\\\/del-homo-sapiens-a-la-generacion-z\\\/\"},\"wordCount\":1144,\"commentCount\":0,\"publisher\":{\"@id\":\"https:\\\/\\\/www.ethikos.es\\\/en\\\/#organization\"},\"image\":{\"@id\":\"https:\\\/\\\/www.ethikos.es\\\/en\\\/del-homo-sapiens-a-la-generacion-z\\\/#primaryimage\"},\"thumbnailUrl\":\"https:\\\/\\\/www.ethikos.es\\\/wp-content\\\/uploads\\\/2022\\\/04\\\/Portada-art-GEN-Z.png\",\"keywords\":[\"Empat\u00eda\",\"empleo\",\"Ethikos 3.0\",\"generaciones\",\"gesti\u00f3n de personas\",\"gesti\u00f3n por valores\",\"impacto\",\"inclusi\u00f3n\",\"innovaci\u00f3n\",\"Naked culture\"],\"articleSection\":[\"Blog\",\"Cultura de empresa\",\"Gesti\u00f3n por valores\",\"Recursos Humanos\",\"Selecci\u00f3n por valores\"],\"inLanguage\":\"en-US\",\"potentialAction\":[{\"@type\":\"CommentAction\",\"name\":\"Comment\",\"target\":[\"https:\\\/\\\/www.ethikos.es\\\/en\\\/del-homo-sapiens-a-la-generacion-z\\\/#respond\"]}]},{\"@type\":\"WebPage\",\"@id\":\"https:\\\/\\\/www.ethikos.es\\\/en\\\/del-homo-sapiens-a-la-generacion-z\\\/\",\"url\":\"https:\\\/\\\/www.ethikos.es\\\/en\\\/del-homo-sapiens-a-la-generacion-z\\\/\",\"name\":\"T\u00edtulo P\u00e1gina | Consultora de talento y selecci\u00f3n de personal | Ethikos &#8212; Ethikos\",\"isPartOf\":{\"@id\":\"https:\\\/\\\/www.ethikos.es\\\/en\\\/#website\"},\"primaryImageOfPage\":{\"@id\":\"https:\\\/\\\/www.ethikos.es\\\/en\\\/del-homo-sapiens-a-la-generacion-z\\\/#primaryimage\"},\"image\":{\"@id\":\"https:\\\/\\\/www.ethikos.es\\\/en\\\/del-homo-sapiens-a-la-generacion-z\\\/#primaryimage\"},\"thumbnailUrl\":\"https:\\\/\\\/www.ethikos.es\\\/wp-content\\\/uploads\\\/2022\\\/04\\\/Portada-art-GEN-Z.png\",\"datePublished\":\"2022-04-25T15:16:11+00:00\",\"dateModified\":\"2022-05-11T11:09:02+00:00\",\"description\":\"La caracter\u00edstica m\u00e1s definitoria de la generaci\u00f3n Z es que un grupo humano muy vinculado al mundo digital.\",\"breadcrumb\":{\"@id\":\"https:\\\/\\\/www.ethikos.es\\\/en\\\/del-homo-sapiens-a-la-generacion-z\\\/#breadcrumb\"},\"inLanguage\":\"en-US\",\"potentialAction\":[{\"@type\":\"ReadAction\",\"target\":[\"https:\\\/\\\/www.ethikos.es\\\/en\\\/del-homo-sapiens-a-la-generacion-z\\\/\"]}]},{\"@type\":\"ImageObject\",\"inLanguage\":\"en-US\",\"@id\":\"https:\\\/\\\/www.ethikos.es\\\/en\\\/del-homo-sapiens-a-la-generacion-z\\\/#primaryimage\",\"url\":\"https:\\\/\\\/www.ethikos.es\\\/wp-content\\\/uploads\\\/2022\\\/04\\\/Portada-art-GEN-Z.png\",\"contentUrl\":\"https:\\\/\\\/www.ethikos.es\\\/wp-content\\\/uploads\\\/2022\\\/04\\\/Portada-art-GEN-Z.png\",\"width\":1640,\"height\":924},{\"@type\":\"BreadcrumbList\",\"@id\":\"https:\\\/\\\/www.ethikos.es\\\/en\\\/del-homo-sapiens-a-la-generacion-z\\\/#breadcrumb\",\"itemListElement\":[{\"@type\":\"ListItem\",\"position\":1,\"name\":\"Portada\",\"item\":\"https:\\\/\\\/www.ethikos.es\\\/\"},{\"@type\":\"ListItem\",\"position\":2,\"name\":\"Del Homo Sapiens a la generaci\u00f3n Z\"}]},{\"@type\":\"WebSite\",\"@id\":\"https:\\\/\\\/www.ethikos.es\\\/en\\\/#website\",\"url\":\"https:\\\/\\\/www.ethikos.es\\\/en\\\/\",\"name\":\"Ethikos 3.0\",\"description\":\"Ethikos es una consultora de transformaci\u00f3n organizacional especializada en cultura empresarial, liderazgo consciente y selecci\u00f3n por valores.\",\"publisher\":{\"@id\":\"https:\\\/\\\/www.ethikos.es\\\/en\\\/#organization\"},\"alternateName\":\"Ethikos Consultor\u00eda\",\"potentialAction\":[{\"@type\":\"SearchAction\",\"target\":{\"@type\":\"EntryPoint\",\"urlTemplate\":\"https:\\\/\\\/www.ethikos.es\\\/en\\\/?s={search_term_string}\"},\"query-input\":{\"@type\":\"PropertyValueSpecification\",\"valueRequired\":true,\"valueName\":\"search_term_string\"}}],\"inLanguage\":\"en-US\"},{\"@type\":\"Organization\",\"@id\":\"https:\\\/\\\/www.ethikos.es\\\/en\\\/#organization\",\"name\":\"Ethikos 3.0\",\"url\":\"https:\\\/\\\/www.ethikos.es\\\/en\\\/\",\"logo\":{\"@type\":\"ImageObject\",\"inLanguage\":\"en-US\",\"@id\":\"https:\\\/\\\/www.ethikos.es\\\/en\\\/#\\\/schema\\\/logo\\\/image\\\/\",\"url\":\"https:\\\/\\\/www.ethikos.es\\\/wp-content\\\/uploads\\\/2019\\\/01\\\/43606559961_5f343a820a_o.png\",\"contentUrl\":\"https:\\\/\\\/www.ethikos.es\\\/wp-content\\\/uploads\\\/2019\\\/01\\\/43606559961_5f343a820a_o.png\",\"width\":646,\"height\":218,\"caption\":\"Ethikos 3.0\"},\"image\":{\"@id\":\"https:\\\/\\\/www.ethikos.es\\\/en\\\/#\\\/schema\\\/logo\\\/image\\\/\"},\"sameAs\":[\"http:\\\/\\\/www.facebook.com\\\/ethikos.es\\\/\",\"https:\\\/\\\/x.com\\\/Ethikos30\",\"https:\\\/\\\/www.instagram.com\\\/ethikos_3.0\\\/\",\"https:\\\/\\\/www.linkedin.com\\\/company\\\/ethikos-3-0\\\/\"]},{\"@type\":\"Person\",\"@id\":\"https:\\\/\\\/www.ethikos.es\\\/en\\\/#\\\/schema\\\/person\\\/42497927bf7dc4ec49272f9539b73c09\",\"name\":\"alexandra.guldberg\",\"image\":{\"@type\":\"ImageObject\",\"inLanguage\":\"en-US\",\"@id\":\"https:\\\/\\\/secure.gravatar.com\\\/avatar\\\/2759471252d647c5a026aa036549973b6f0f211daaf0268da6d017a68aeda83e?s=96&d=mm&r=g\",\"url\":\"https:\\\/\\\/secure.gravatar.com\\\/avatar\\\/2759471252d647c5a026aa036549973b6f0f211daaf0268da6d017a68aeda83e?s=96&d=mm&r=g\",\"contentUrl\":\"https:\\\/\\\/secure.gravatar.com\\\/avatar\\\/2759471252d647c5a026aa036549973b6f0f211daaf0268da6d017a68aeda83e?s=96&d=mm&r=g\",\"caption\":\"alexandra.guldberg\"}}]}<\/script>\n<!-- \/ Yoast SEO plugin. -->","yoast_head_json":{"title":"T\u00edtulo P\u00e1gina | Consultora de talento y selecci\u00f3n de personal | Ethikos &#8212; Ethikos","description":"La caracter\u00edstica m\u00e1s definitoria de la generaci\u00f3n Z es que un grupo humano muy vinculado al mundo digital.","robots":{"index":"index","follow":"follow","max-snippet":"max-snippet:-1","max-image-preview":"max-image-preview:large","max-video-preview":"max-video-preview:-1"},"canonical":"https:\/\/www.ethikos.es\/en\/del-homo-sapiens-a-la-generacion-z\/","og_locale":"en_US","og_type":"article","og_title":"T\u00edtulo P\u00e1gina | Consultora de talento y selecci\u00f3n de personal | Ethikos &#8212; Ethikos","og_description":"La caracter\u00edstica m\u00e1s definitoria de la generaci\u00f3n Z es que un grupo humano muy vinculado al mundo digital.","og_url":"https:\/\/www.ethikos.es\/en\/del-homo-sapiens-a-la-generacion-z\/","og_site_name":"Ethikos","article_publisher":"http:\/\/www.facebook.com\/ethikos.es\/","article_published_time":"2022-04-25T15:16:11+00:00","article_modified_time":"2022-05-11T11:09:02+00:00","og_image":[{"width":1640,"height":924,"url":"https:\/\/www.ethikos.es\/wp-content\/uploads\/2022\/04\/Portada-art-GEN-Z.png","type":"image\/png"}],"author":"alexandra.guldberg","twitter_card":"summary_large_image","twitter_creator":"@Ethikos30","twitter_site":"@Ethikos30","twitter_misc":{"Written by":"alexandra.guldberg","Est. reading time":"5 minutes"},"schema":{"@context":"https:\/\/schema.org","@graph":[{"@type":"Article","@id":"https:\/\/www.ethikos.es\/en\/del-homo-sapiens-a-la-generacion-z\/#article","isPartOf":{"@id":"https:\/\/www.ethikos.es\/en\/del-homo-sapiens-a-la-generacion-z\/"},"author":{"name":"alexandra.guldberg","@id":"https:\/\/www.ethikos.es\/en\/#\/schema\/person\/42497927bf7dc4ec49272f9539b73c09"},"headline":"Del Homo Sapiens a la generaci\u00f3n Z","datePublished":"2022-04-25T15:16:11+00:00","dateModified":"2022-05-11T11:09:02+00:00","mainEntityOfPage":{"@id":"https:\/\/www.ethikos.es\/en\/del-homo-sapiens-a-la-generacion-z\/"},"wordCount":1144,"commentCount":0,"publisher":{"@id":"https:\/\/www.ethikos.es\/en\/#organization"},"image":{"@id":"https:\/\/www.ethikos.es\/en\/del-homo-sapiens-a-la-generacion-z\/#primaryimage"},"thumbnailUrl":"https:\/\/www.ethikos.es\/wp-content\/uploads\/2022\/04\/Portada-art-GEN-Z.png","keywords":["Empat\u00eda","empleo","Ethikos 3.0","generaciones","gesti\u00f3n de personas","gesti\u00f3n por valores","impacto","inclusi\u00f3n","innovaci\u00f3n","Naked culture"],"articleSection":["Blog","Cultura de empresa","Gesti\u00f3n por valores","Recursos Humanos","Selecci\u00f3n por valores"],"inLanguage":"en-US","potentialAction":[{"@type":"CommentAction","name":"Comment","target":["https:\/\/www.ethikos.es\/en\/del-homo-sapiens-a-la-generacion-z\/#respond"]}]},{"@type":"WebPage","@id":"https:\/\/www.ethikos.es\/en\/del-homo-sapiens-a-la-generacion-z\/","url":"https:\/\/www.ethikos.es\/en\/del-homo-sapiens-a-la-generacion-z\/","name":"T\u00edtulo P\u00e1gina | Consultora de talento y selecci\u00f3n de personal | Ethikos &#8212; Ethikos","isPartOf":{"@id":"https:\/\/www.ethikos.es\/en\/#website"},"primaryImageOfPage":{"@id":"https:\/\/www.ethikos.es\/en\/del-homo-sapiens-a-la-generacion-z\/#primaryimage"},"image":{"@id":"https:\/\/www.ethikos.es\/en\/del-homo-sapiens-a-la-generacion-z\/#primaryimage"},"thumbnailUrl":"https:\/\/www.ethikos.es\/wp-content\/uploads\/2022\/04\/Portada-art-GEN-Z.png","datePublished":"2022-04-25T15:16:11+00:00","dateModified":"2022-05-11T11:09:02+00:00","description":"La caracter\u00edstica m\u00e1s definitoria de la generaci\u00f3n Z es que un grupo humano muy vinculado al mundo digital.","breadcrumb":{"@id":"https:\/\/www.ethikos.es\/en\/del-homo-sapiens-a-la-generacion-z\/#breadcrumb"},"inLanguage":"en-US","potentialAction":[{"@type":"ReadAction","target":["https:\/\/www.ethikos.es\/en\/del-homo-sapiens-a-la-generacion-z\/"]}]},{"@type":"ImageObject","inLanguage":"en-US","@id":"https:\/\/www.ethikos.es\/en\/del-homo-sapiens-a-la-generacion-z\/#primaryimage","url":"https:\/\/www.ethikos.es\/wp-content\/uploads\/2022\/04\/Portada-art-GEN-Z.png","contentUrl":"https:\/\/www.ethikos.es\/wp-content\/uploads\/2022\/04\/Portada-art-GEN-Z.png","width":1640,"height":924},{"@type":"BreadcrumbList","@id":"https:\/\/www.ethikos.es\/en\/del-homo-sapiens-a-la-generacion-z\/#breadcrumb","itemListElement":[{"@type":"ListItem","position":1,"name":"Portada","item":"https:\/\/www.ethikos.es\/"},{"@type":"ListItem","position":2,"name":"Del Homo Sapiens a la generaci\u00f3n Z"}]},{"@type":"WebSite","@id":"https:\/\/www.ethikos.es\/en\/#website","url":"https:\/\/www.ethikos.es\/en\/","name":"Ethikos 3.0","description":"Ethikos es una consultora de transformaci\u00f3n organizacional especializada en cultura empresarial, liderazgo consciente y selecci\u00f3n por valores.","publisher":{"@id":"https:\/\/www.ethikos.es\/en\/#organization"},"alternateName":"Ethikos Consultor\u00eda","potentialAction":[{"@type":"SearchAction","target":{"@type":"EntryPoint","urlTemplate":"https:\/\/www.ethikos.es\/en\/?s={search_term_string}"},"query-input":{"@type":"PropertyValueSpecification","valueRequired":true,"valueName":"search_term_string"}}],"inLanguage":"en-US"},{"@type":"Organization","@id":"https:\/\/www.ethikos.es\/en\/#organization","name":"Ethikos 3.0","url":"https:\/\/www.ethikos.es\/en\/","logo":{"@type":"ImageObject","inLanguage":"en-US","@id":"https:\/\/www.ethikos.es\/en\/#\/schema\/logo\/image\/","url":"https:\/\/www.ethikos.es\/wp-content\/uploads\/2019\/01\/43606559961_5f343a820a_o.png","contentUrl":"https:\/\/www.ethikos.es\/wp-content\/uploads\/2019\/01\/43606559961_5f343a820a_o.png","width":646,"height":218,"caption":"Ethikos 3.0"},"image":{"@id":"https:\/\/www.ethikos.es\/en\/#\/schema\/logo\/image\/"},"sameAs":["http:\/\/www.facebook.com\/ethikos.es\/","https:\/\/x.com\/Ethikos30","https:\/\/www.instagram.com\/ethikos_3.0\/","https:\/\/www.linkedin.com\/company\/ethikos-3-0\/"]},{"@type":"Person","@id":"https:\/\/www.ethikos.es\/en\/#\/schema\/person\/42497927bf7dc4ec49272f9539b73c09","name":"alexandra.guldberg","image":{"@type":"ImageObject","inLanguage":"en-US","@id":"https:\/\/secure.gravatar.com\/avatar\/2759471252d647c5a026aa036549973b6f0f211daaf0268da6d017a68aeda83e?s=96&d=mm&r=g","url":"https:\/\/secure.gravatar.com\/avatar\/2759471252d647c5a026aa036549973b6f0f211daaf0268da6d017a68aeda83e?s=96&d=mm&r=g","contentUrl":"https:\/\/secure.gravatar.com\/avatar\/2759471252d647c5a026aa036549973b6f0f211daaf0268da6d017a68aeda83e?s=96&d=mm&r=g","caption":"alexandra.guldberg"}}]}},"_links":{"self":[{"href":"https:\/\/www.ethikos.es\/en\/wp-json\/wp\/v2\/posts\/17252","targetHints":{"allow":["GET"]}}],"collection":[{"href":"https:\/\/www.ethikos.es\/en\/wp-json\/wp\/v2\/posts"}],"about":[{"href":"https:\/\/www.ethikos.es\/en\/wp-json\/wp\/v2\/types\/post"}],"author":[{"embeddable":true,"href":"https:\/\/www.ethikos.es\/en\/wp-json\/wp\/v2\/users\/21"}],"replies":[{"embeddable":true,"href":"https:\/\/www.ethikos.es\/en\/wp-json\/wp\/v2\/comments?post=17252"}],"version-history":[{"count":0,"href":"https:\/\/www.ethikos.es\/en\/wp-json\/wp\/v2\/posts\/17252\/revisions"}],"wp:featuredmedia":[{"embeddable":true,"href":"https:\/\/www.ethikos.es\/en\/wp-json\/wp\/v2\/media\/17253"}],"wp:attachment":[{"href":"https:\/\/www.ethikos.es\/en\/wp-json\/wp\/v2\/media?parent=17252"}],"wp:term":[{"taxonomy":"category","embeddable":true,"href":"https:\/\/www.ethikos.es\/en\/wp-json\/wp\/v2\/categories?post=17252"},{"taxonomy":"post_tag","embeddable":true,"href":"https:\/\/www.ethikos.es\/en\/wp-json\/wp\/v2\/tags?post=17252"}],"curies":[{"name":"wp","href":"https:\/\/api.w.org\/{rel}","templated":true}]}}