{"id":17565,"date":"2022-05-27T11:05:58","date_gmt":"2022-05-27T09:05:58","guid":{"rendered":"https:\/\/www.ethikos.es\/?p=17565"},"modified":"2022-05-27T11:05:58","modified_gmt":"2022-05-27T09:05:58","slug":"personas-trans-en-el-trabajo","status":"publish","type":"post","link":"https:\/\/www.ethikos.es\/en\/personas-trans-en-el-trabajo\/","title":{"rendered":"Diversidad en el trabajo: Las personas trans"},"content":{"rendered":"<h3><em>Una es m\u00e1s aut\u00e9ntica cuanto m\u00e1s se parece a lo que ha so\u00f1ado de s\u00ed misma<\/em>\u00a0\u2013 Agrado (Todo sobre mi Madre, 1999).<\/h3>\n<h3>\u00bfQui\u00e9nes somos?<\/h3>\n<p>Las personas trans nos vemos obligadas a justificar nuestra existencia. Si bien las palabras como diversidad o inclusi\u00f3n est\u00e1n muy presentes en la publicidad, las empresas y hasta en el habla cotidiana, pareciera que se trata solo de una moda cuando llega el 28 de junio. Desconocemos mucho la importancia de los conceptos, ya que las normas est\u00e1n pensadas para un mundo binario. Aqu\u00ed me voy a detener. \u00bfQu\u00e9 quiere decir \u201cbinario\u201d? \u00bfQu\u00e9 significa ser trans*? \u00bfTiene algo que ver con las grasas trans o transg\u00e9nicas? \u00bfSon da\u00f1inas? Vamos por partes y sin \u00e1nimos de dar una c\u00e1tedra. Desde ya, adelanto que no somos t\u00f3xicas ni perjudiciales para la salud, pero s\u00ed para el conservadurismo.<\/p>\n<p>El binarismo de g\u00e9nero es una forma limitada de vernos y comprendernos como personas. Nacemos con la idea de que solo existen hombres y mujeres que se sienten y se comportan como tales. Sin embargo, dentro del g\u00e9nero tambi\u00e9n hay una gran diversidad. Es aqu\u00ed donde podemos hablar de las identidades trans, pues nos salimos del molde masculino\/femenino impuesto por nuestros genitales y desarrollamos identidades acordes a c\u00f3mo nos sentimos: mujeres trans, hombres trans, personas no binarias, personas trans femeninas etc. Entiendo que puede ser abrumador conocer una cantidad tan variada de identidades como si de galaxias se tratase, pero la diversidad de g\u00e9nero existe desde siempre y en diversas especies (<a href=\"https:\/\/www.vice.com\/en\/article\/8x8bez\/yes-there-are-trans-animals\" target=\"_blank\" rel=\"nofollow noopener\">Yes, There Are Trans Animals (vice.com)<\/a>. Adem\u00e1s, la Organizaci\u00f3n Mundial de la Salud retir\u00f3 la denominaci\u00f3n de las identidades trans como enfermedades mentales (<a href=\"https:\/\/agenciapresentes.org\/2018\/06\/19\/para-la-oms-ser-trans-no-es-mas-una-enfermedad-mental\/\" target=\"_blank\" rel=\"nofollow noopener\">Para la OMS ser trans no es m\u00e1s una enfermedad mental &#8211; Agencia Presentes<\/a>).<\/p>\n<p>Dentro de la l\u00f3gica binaria, las personas trans vivimos el rechazo desde nuestras familias hasta la sociedad. Por ejemplo, nos resulta m\u00e1s dif\u00edcil y tramitosa la b\u00fasqueda de trabajo que a nuestres compis gais, lesbianas y bisexuales dentro del colectivo LGTB+**. Seg\u00fan la\u00a0<em>European Union Agency for Fundamental Rights<\/em>, el 77% de mujeres trans han manifestado sufrir discriminaci\u00f3n a la hora de buscar trabajo, mientras que el 34% de personas trans han sufrido discriminaci\u00f3n en sus mismos entornos laborales (<a href=\"https:\/\/fra.europa.eu\/en\/about-fra\" target=\"_blank\" rel=\"nofollow noopener\">About FRA | European Union Agency for Fundamental Rights (europa.eu)<\/a>.<\/p>\n<p>Una vez en el entorno laboral, estamos expuestas a sufrir discriminaci\u00f3n sutil y no tan sutil. Veamos dos ejemplos: 1. Cuando Irene transicion\u00f3 en Mario, en su trabajo le cambiaron de rol a uno que NO implicara tanta interacci\u00f3n con el p\u00fablico (acto sutil); 2. Cuando Juan transicion\u00f3 en Luc\u00eda, fue despedida porque \u201cminti\u00f3\u201d cuando dijo que se identificaba como chico (<a href=\"https:\/\/hbr.org\/2008\/12\/when-steve-becomes-stephanie-2\" target=\"_blank\" rel=\"nofollow noopener\">When Steve Becomes Stephanie (hbr.org)<\/a>.<\/p>\n<h3>Entonces, \u00bfc\u00f3mo podemos construir un espacio m\u00e1s seguro para las personas trans?<\/h3>\n<p>Primero, si asumes un cargo directivo, administrativo o t\u00e9cnico: inf\u00f3rmate. Tal como dije al inicio, este art\u00edculo est\u00e1 muy lejos de ser una c\u00e1tedra sobre la transexualidad y la diversidad. Sin embargo, existen muchos materiales did\u00e1cticos, te\u00f3ricos y del entretenimiento para entrar en el tema. Adem\u00e1s, esto repercute directamente con los buenos resultados en aras de la productividad e innovaci\u00f3n. La Gu\u00eda ADMIN LGBT+, realizada por la Universidad Complutense de Madrid, menciona que incurrir en pol\u00edticas restrictivas contra la diversidad, atenta con la retenci\u00f3n del talento en las empresas, colocando un techo de cristal en personas potencialmente capaces de asumir cargos importantes. Asimismo, y no menos importante, se trata de un tema de derechos humanos estipulado por distintas leyes (<a href=\"https:\/\/eprints.ucm.es\/id\/eprint\/59897\/1\/191110%20-%20Gu%C3%ADa%20ADIM%20-%20ES.pdf\" target=\"_blank\" rel=\"nofollow noopener\">191110 &#8211; Gu\u00eda ADIM &#8211; ES.pdf (ucm.es)<\/a>.<\/p>\n<p>Segundo, si est\u00e1s haciendo una entrevista laboral, homogeniza la pregunta clave para cualquier persona candidata, independientemente de c\u00f3mo se vea: \u00bfCon qu\u00e9 pronombre(s) quieres que me dirija? \u00bfElla, \u00e9l o elle? Con este pre\u00e1mbulo, facilitas un ambiente c\u00f3modo, donde la persona puede desplegar sus competencias y valores con tranquilidad, y hasta la oportunidad de compartir un tema dilem\u00e1tico, delicado y conflictivo. Esto \u00faltimo porque nunca sabemos si nuestras identidades ser\u00e1n bienvenidas o rechazadas.<\/p>\n<p>Adem\u00e1s, muchas personas trans tenemos documentaci\u00f3n que no representa nuestra identidad sentida. Es decir, el nombre y el g\u00e9nero con el que preferimos ser llamadas. Las razones se deben a que todav\u00eda tenemos complicado acceder al cambio. Tambi\u00e9n porque venimos de pa\u00edses donde resulta legalmente imposible.<\/p>\n<p>Tercero, incluir a las personas en sus propias visibilidades dentro del trabajo. En un entorno donde la mayor\u00eda de colegas son cisg\u00e9nero***, es muy com\u00fan que incurran en actos de discriminaci\u00f3n sutil por desconocimiento. Es importante preguntar a las mismas personas por el material formador y sensibilizador a impartir, pues somos quienes vivimos y conocemos en carne propia lo que implica ser trans. Por ejemplo, en Ethikos 3.0 me preguntaron sobre mi experiencia como trans en un entorno laboral y me dieron la oportunidad de redactar el presente art\u00edculo. Esto puede ser el inicio de toda una campa\u00f1a de impacto social en el \u00e1mbito de la diversidad.<\/p>\n<p>Cuarto, independientemente de tus creencias religiosas, pol\u00edticas, ideol\u00f3gicas o culturales, es importante que consideres a la identidad de g\u00e9nero como un atributo personal que requiere respeto. Los principales ataques por ser quienes somos vienen de discursos legitimados por c\u00edrculos de poder que repercuten en la discriminaci\u00f3n.<\/p>\n<p>Finalmente, quiero resaltar que las reflexiones compartidas han sido planteadas desde mi propia experiencia como una persona trans femenina en un entorno laboral formal. Esta situaci\u00f3n no es la misma para otras que conformamos el colectivo (concretamente, la letra T de las siglas LGBT+), ya que se pierden muchos talentos por la discriminaci\u00f3n. Esto no solo va por la identidad de g\u00e9nero, sino por otras normas sociales que convergen y condicionan experiencias diferenciadas (como ser trans e inmigrante, por ejemplo).<\/p>\n<p>Entonces, la intenci\u00f3n del texto no fue generar da\u00f1o a la salud como las grasas trans, pero s\u00ed preguntas, cuestionamientos, dudas y cierta incomodidad.<\/p>\n<p>____________________________________________________________________________<\/p>\n<p>*Hemos utilizado el t\u00e9rmino trans para referirnos a todas las identidades dentro del espectro (transexuales, transg\u00e9nero, no binarias, trans femeninas etc.) para economizar la redacci\u00f3n y fluidez de la lectura.<\/p>\n<p>**Sigla que congrega todas las identidades de g\u00e9nero y orientaciones sexuales. Colocamos el + al final de la B con el prop\u00f3sito de darle libertad a las identidades que no necesariamente se identifican con el colectivo.<\/p>\n<p>***Personas que nacen con genitales acorde con las identidades de g\u00e9nero asignadas socialmente.<\/p>\n<p>&nbsp;<\/p>\n<p>Por: Chebi Bouroncle &#8211;\u00a0 People Consultant<\/p>","protected":false},"excerpt":{"rendered":"<p>Una es m\u00e1s aut\u00e9ntica cuanto m\u00e1s se parece a lo que ha so\u00f1ado de s\u00ed misma\u00a0\u2013 Agrado (Todo sobre mi Madre, 1999). \u00bfQui\u00e9nes somos? Las personas trans nos vemos obligadas a justificar nuestra existencia. Si bien las palabras como diversidad o inclusi\u00f3n est\u00e1n muy presentes en la publicidad, las empresas y hasta en el habla [&hellip;]<\/p>\n","protected":false},"author":21,"featured_media":17566,"comment_status":"open","ping_status":"closed","sticky":false,"template":"","format":"standard","meta":{"_exactmetrics_skip_tracking":false,"_exactmetrics_sitenote_active":false,"_exactmetrics_sitenote_note":"","_exactmetrics_sitenote_category":0,"footnotes":""},"categories":[151,142,141,7],"tags":[46,437,638,68,491,355,51,91,197,611,544],"class_list":["post-17565","post","type-post","status-publish","format-standard","has-post-thumbnail","hentry","category-blog","category-cultura-de-empresa","category-gestion-por-valores","category-personal","tag-cultura-organizativa","tag-cultural-fit","tag-diversidad","tag-empatia","tag-empleo","tag-empresas","tag-ethikos-3-0","tag-gestion-de-personas","tag-gestion-por-valores","tag-naked-culture","tag-responsabilidad"],"yoast_head":"<!-- This site is optimized with the Yoast SEO plugin v27.5 - https:\/\/yoast.com\/product\/yoast-seo-wordpress\/ -->\n<title>T\u00edtulo P\u00e1gina | Consultora de talento y selecci\u00f3n de personal | Ethikos &#8212; Ethikos<\/title>\n<meta name=\"description\" content=\"Las personas trans nos vemos obligadas a justificar nuestra existencia. Aunque palabras como diversidad o inclusi\u00f3n se usan publicitariamente\" \/>\n<meta name=\"robots\" content=\"index, follow, max-snippet:-1, max-image-preview:large, max-video-preview:-1\" \/>\n<link rel=\"canonical\" href=\"https:\/\/www.ethikos.es\/en\/personas-trans-en-el-trabajo\/\" \/>\n<meta property=\"og:locale\" content=\"en_US\" \/>\n<meta property=\"og:type\" content=\"article\" \/>\n<meta property=\"og:title\" content=\"T\u00edtulo P\u00e1gina | Consultora de talento y selecci\u00f3n de personal | Ethikos &#8212; Ethikos\" \/>\n<meta property=\"og:description\" content=\"Las personas trans nos vemos obligadas a justificar nuestra existencia. Aunque palabras como diversidad o inclusi\u00f3n se usan publicitariamente\" \/>\n<meta property=\"og:url\" content=\"https:\/\/www.ethikos.es\/en\/personas-trans-en-el-trabajo\/\" \/>\n<meta property=\"og:site_name\" content=\"Ethikos\" \/>\n<meta property=\"article:publisher\" content=\"http:\/\/www.facebook.com\/ethikos.es\/\" \/>\n<meta property=\"article:published_time\" content=\"2022-05-27T09:05:58+00:00\" \/>\n<meta property=\"og:image\" content=\"https:\/\/www.ethikos.es\/wp-content\/uploads\/2022\/05\/portada-chebi-articulo-1.png\" \/>\n\t<meta property=\"og:image:width\" content=\"1920\" \/>\n\t<meta property=\"og:image:height\" content=\"850\" \/>\n\t<meta property=\"og:image:type\" content=\"image\/png\" \/>\n<meta name=\"author\" content=\"alexandra.guldberg\" \/>\n<meta name=\"twitter:card\" content=\"summary_large_image\" \/>\n<meta name=\"twitter:creator\" content=\"@Ethikos30\" \/>\n<meta name=\"twitter:site\" content=\"@Ethikos30\" \/>\n<meta name=\"twitter:label1\" content=\"Written by\" \/>\n\t<meta name=\"twitter:data1\" content=\"alexandra.guldberg\" \/>\n\t<meta name=\"twitter:label2\" content=\"Est. reading time\" \/>\n\t<meta name=\"twitter:data2\" content=\"6 minutes\" \/>\n<script type=\"application\/ld+json\" class=\"yoast-schema-graph\">{\"@context\":\"https:\\\/\\\/schema.org\",\"@graph\":[{\"@type\":\"Article\",\"@id\":\"https:\\\/\\\/www.ethikos.es\\\/en\\\/personas-trans-en-el-trabajo\\\/#article\",\"isPartOf\":{\"@id\":\"https:\\\/\\\/www.ethikos.es\\\/en\\\/personas-trans-en-el-trabajo\\\/\"},\"author\":{\"name\":\"alexandra.guldberg\",\"@id\":\"https:\\\/\\\/www.ethikos.es\\\/en\\\/#\\\/schema\\\/person\\\/42497927bf7dc4ec49272f9539b73c09\"},\"headline\":\"Diversidad en el trabajo: Las personas trans\",\"datePublished\":\"2022-05-27T09:05:58+00:00\",\"mainEntityOfPage\":{\"@id\":\"https:\\\/\\\/www.ethikos.es\\\/en\\\/personas-trans-en-el-trabajo\\\/\"},\"wordCount\":1126,\"commentCount\":0,\"publisher\":{\"@id\":\"https:\\\/\\\/www.ethikos.es\\\/en\\\/#organization\"},\"image\":{\"@id\":\"https:\\\/\\\/www.ethikos.es\\\/en\\\/personas-trans-en-el-trabajo\\\/#primaryimage\"},\"thumbnailUrl\":\"https:\\\/\\\/www.ethikos.es\\\/wp-content\\\/uploads\\\/2022\\\/05\\\/portada-chebi-articulo-1.png\",\"keywords\":[\"Cultura organizativa\",\"cultural fit\",\"diversidad\",\"Empat\u00eda\",\"empleo\",\"empresas\",\"Ethikos 3.0\",\"gesti\u00f3n de personas\",\"gesti\u00f3n por valores\",\"Naked culture\",\"responsabilidad\"],\"articleSection\":[\"Blog\",\"Cultura de empresa\",\"Gesti\u00f3n por valores\",\"Personal\"],\"inLanguage\":\"en-US\",\"potentialAction\":[{\"@type\":\"CommentAction\",\"name\":\"Comment\",\"target\":[\"https:\\\/\\\/www.ethikos.es\\\/en\\\/personas-trans-en-el-trabajo\\\/#respond\"]}]},{\"@type\":\"WebPage\",\"@id\":\"https:\\\/\\\/www.ethikos.es\\\/en\\\/personas-trans-en-el-trabajo\\\/\",\"url\":\"https:\\\/\\\/www.ethikos.es\\\/en\\\/personas-trans-en-el-trabajo\\\/\",\"name\":\"T\u00edtulo P\u00e1gina | Consultora de talento y selecci\u00f3n de personal | Ethikos &#8212; Ethikos\",\"isPartOf\":{\"@id\":\"https:\\\/\\\/www.ethikos.es\\\/en\\\/#website\"},\"primaryImageOfPage\":{\"@id\":\"https:\\\/\\\/www.ethikos.es\\\/en\\\/personas-trans-en-el-trabajo\\\/#primaryimage\"},\"image\":{\"@id\":\"https:\\\/\\\/www.ethikos.es\\\/en\\\/personas-trans-en-el-trabajo\\\/#primaryimage\"},\"thumbnailUrl\":\"https:\\\/\\\/www.ethikos.es\\\/wp-content\\\/uploads\\\/2022\\\/05\\\/portada-chebi-articulo-1.png\",\"datePublished\":\"2022-05-27T09:05:58+00:00\",\"description\":\"Las personas trans nos vemos obligadas a justificar nuestra existencia. Aunque palabras como diversidad o inclusi\u00f3n se usan publicitariamente\",\"breadcrumb\":{\"@id\":\"https:\\\/\\\/www.ethikos.es\\\/en\\\/personas-trans-en-el-trabajo\\\/#breadcrumb\"},\"inLanguage\":\"en-US\",\"potentialAction\":[{\"@type\":\"ReadAction\",\"target\":[\"https:\\\/\\\/www.ethikos.es\\\/en\\\/personas-trans-en-el-trabajo\\\/\"]}]},{\"@type\":\"ImageObject\",\"inLanguage\":\"en-US\",\"@id\":\"https:\\\/\\\/www.ethikos.es\\\/en\\\/personas-trans-en-el-trabajo\\\/#primaryimage\",\"url\":\"https:\\\/\\\/www.ethikos.es\\\/wp-content\\\/uploads\\\/2022\\\/05\\\/portada-chebi-articulo-1.png\",\"contentUrl\":\"https:\\\/\\\/www.ethikos.es\\\/wp-content\\\/uploads\\\/2022\\\/05\\\/portada-chebi-articulo-1.png\",\"width\":1920,\"height\":850,\"caption\":\"diversidad\"},{\"@type\":\"BreadcrumbList\",\"@id\":\"https:\\\/\\\/www.ethikos.es\\\/en\\\/personas-trans-en-el-trabajo\\\/#breadcrumb\",\"itemListElement\":[{\"@type\":\"ListItem\",\"position\":1,\"name\":\"Portada\",\"item\":\"https:\\\/\\\/www.ethikos.es\\\/\"},{\"@type\":\"ListItem\",\"position\":2,\"name\":\"Diversidad en el trabajo: Las personas trans\"}]},{\"@type\":\"WebSite\",\"@id\":\"https:\\\/\\\/www.ethikos.es\\\/en\\\/#website\",\"url\":\"https:\\\/\\\/www.ethikos.es\\\/en\\\/\",\"name\":\"Ethikos 3.0\",\"description\":\"Ethikos es una consultora de transformaci\u00f3n organizacional especializada en cultura empresarial, liderazgo consciente y selecci\u00f3n por valores.\",\"publisher\":{\"@id\":\"https:\\\/\\\/www.ethikos.es\\\/en\\\/#organization\"},\"alternateName\":\"Ethikos Consultor\u00eda\",\"potentialAction\":[{\"@type\":\"SearchAction\",\"target\":{\"@type\":\"EntryPoint\",\"urlTemplate\":\"https:\\\/\\\/www.ethikos.es\\\/en\\\/?s={search_term_string}\"},\"query-input\":{\"@type\":\"PropertyValueSpecification\",\"valueRequired\":true,\"valueName\":\"search_term_string\"}}],\"inLanguage\":\"en-US\"},{\"@type\":\"Organization\",\"@id\":\"https:\\\/\\\/www.ethikos.es\\\/en\\\/#organization\",\"name\":\"Ethikos 3.0\",\"url\":\"https:\\\/\\\/www.ethikos.es\\\/en\\\/\",\"logo\":{\"@type\":\"ImageObject\",\"inLanguage\":\"en-US\",\"@id\":\"https:\\\/\\\/www.ethikos.es\\\/en\\\/#\\\/schema\\\/logo\\\/image\\\/\",\"url\":\"https:\\\/\\\/www.ethikos.es\\\/wp-content\\\/uploads\\\/2019\\\/01\\\/43606559961_5f343a820a_o.png\",\"contentUrl\":\"https:\\\/\\\/www.ethikos.es\\\/wp-content\\\/uploads\\\/2019\\\/01\\\/43606559961_5f343a820a_o.png\",\"width\":646,\"height\":218,\"caption\":\"Ethikos 3.0\"},\"image\":{\"@id\":\"https:\\\/\\\/www.ethikos.es\\\/en\\\/#\\\/schema\\\/logo\\\/image\\\/\"},\"sameAs\":[\"http:\\\/\\\/www.facebook.com\\\/ethikos.es\\\/\",\"https:\\\/\\\/x.com\\\/Ethikos30\",\"https:\\\/\\\/www.instagram.com\\\/ethikos_3.0\\\/\",\"https:\\\/\\\/www.linkedin.com\\\/company\\\/ethikos-3-0\\\/\"]},{\"@type\":\"Person\",\"@id\":\"https:\\\/\\\/www.ethikos.es\\\/en\\\/#\\\/schema\\\/person\\\/42497927bf7dc4ec49272f9539b73c09\",\"name\":\"alexandra.guldberg\",\"image\":{\"@type\":\"ImageObject\",\"inLanguage\":\"en-US\",\"@id\":\"https:\\\/\\\/secure.gravatar.com\\\/avatar\\\/2759471252d647c5a026aa036549973b6f0f211daaf0268da6d017a68aeda83e?s=96&d=mm&r=g\",\"url\":\"https:\\\/\\\/secure.gravatar.com\\\/avatar\\\/2759471252d647c5a026aa036549973b6f0f211daaf0268da6d017a68aeda83e?s=96&d=mm&r=g\",\"contentUrl\":\"https:\\\/\\\/secure.gravatar.com\\\/avatar\\\/2759471252d647c5a026aa036549973b6f0f211daaf0268da6d017a68aeda83e?s=96&d=mm&r=g\",\"caption\":\"alexandra.guldberg\"}}]}<\/script>\n<!-- \/ Yoast SEO plugin. -->","yoast_head_json":{"title":"T\u00edtulo P\u00e1gina | Consultora de talento y selecci\u00f3n de personal | Ethikos &#8212; Ethikos","description":"Las personas trans nos vemos obligadas a justificar nuestra existencia. Aunque palabras como diversidad o inclusi\u00f3n se usan publicitariamente","robots":{"index":"index","follow":"follow","max-snippet":"max-snippet:-1","max-image-preview":"max-image-preview:large","max-video-preview":"max-video-preview:-1"},"canonical":"https:\/\/www.ethikos.es\/en\/personas-trans-en-el-trabajo\/","og_locale":"en_US","og_type":"article","og_title":"T\u00edtulo P\u00e1gina | Consultora de talento y selecci\u00f3n de personal | Ethikos &#8212; Ethikos","og_description":"Las personas trans nos vemos obligadas a justificar nuestra existencia. Aunque palabras como diversidad o inclusi\u00f3n se usan publicitariamente","og_url":"https:\/\/www.ethikos.es\/en\/personas-trans-en-el-trabajo\/","og_site_name":"Ethikos","article_publisher":"http:\/\/www.facebook.com\/ethikos.es\/","article_published_time":"2022-05-27T09:05:58+00:00","og_image":[{"width":1920,"height":850,"url":"https:\/\/www.ethikos.es\/wp-content\/uploads\/2022\/05\/portada-chebi-articulo-1.png","type":"image\/png"}],"author":"alexandra.guldberg","twitter_card":"summary_large_image","twitter_creator":"@Ethikos30","twitter_site":"@Ethikos30","twitter_misc":{"Written by":"alexandra.guldberg","Est. reading time":"6 minutes"},"schema":{"@context":"https:\/\/schema.org","@graph":[{"@type":"Article","@id":"https:\/\/www.ethikos.es\/en\/personas-trans-en-el-trabajo\/#article","isPartOf":{"@id":"https:\/\/www.ethikos.es\/en\/personas-trans-en-el-trabajo\/"},"author":{"name":"alexandra.guldberg","@id":"https:\/\/www.ethikos.es\/en\/#\/schema\/person\/42497927bf7dc4ec49272f9539b73c09"},"headline":"Diversidad en el trabajo: Las personas trans","datePublished":"2022-05-27T09:05:58+00:00","mainEntityOfPage":{"@id":"https:\/\/www.ethikos.es\/en\/personas-trans-en-el-trabajo\/"},"wordCount":1126,"commentCount":0,"publisher":{"@id":"https:\/\/www.ethikos.es\/en\/#organization"},"image":{"@id":"https:\/\/www.ethikos.es\/en\/personas-trans-en-el-trabajo\/#primaryimage"},"thumbnailUrl":"https:\/\/www.ethikos.es\/wp-content\/uploads\/2022\/05\/portada-chebi-articulo-1.png","keywords":["Cultura organizativa","cultural fit","diversidad","Empat\u00eda","empleo","empresas","Ethikos 3.0","gesti\u00f3n de personas","gesti\u00f3n por valores","Naked culture","responsabilidad"],"articleSection":["Blog","Cultura de empresa","Gesti\u00f3n por valores","Personal"],"inLanguage":"en-US","potentialAction":[{"@type":"CommentAction","name":"Comment","target":["https:\/\/www.ethikos.es\/en\/personas-trans-en-el-trabajo\/#respond"]}]},{"@type":"WebPage","@id":"https:\/\/www.ethikos.es\/en\/personas-trans-en-el-trabajo\/","url":"https:\/\/www.ethikos.es\/en\/personas-trans-en-el-trabajo\/","name":"T\u00edtulo P\u00e1gina | Consultora de talento y selecci\u00f3n de personal | Ethikos &#8212; Ethikos","isPartOf":{"@id":"https:\/\/www.ethikos.es\/en\/#website"},"primaryImageOfPage":{"@id":"https:\/\/www.ethikos.es\/en\/personas-trans-en-el-trabajo\/#primaryimage"},"image":{"@id":"https:\/\/www.ethikos.es\/en\/personas-trans-en-el-trabajo\/#primaryimage"},"thumbnailUrl":"https:\/\/www.ethikos.es\/wp-content\/uploads\/2022\/05\/portada-chebi-articulo-1.png","datePublished":"2022-05-27T09:05:58+00:00","description":"Las personas trans nos vemos obligadas a justificar nuestra existencia. Aunque palabras como diversidad o inclusi\u00f3n se usan publicitariamente","breadcrumb":{"@id":"https:\/\/www.ethikos.es\/en\/personas-trans-en-el-trabajo\/#breadcrumb"},"inLanguage":"en-US","potentialAction":[{"@type":"ReadAction","target":["https:\/\/www.ethikos.es\/en\/personas-trans-en-el-trabajo\/"]}]},{"@type":"ImageObject","inLanguage":"en-US","@id":"https:\/\/www.ethikos.es\/en\/personas-trans-en-el-trabajo\/#primaryimage","url":"https:\/\/www.ethikos.es\/wp-content\/uploads\/2022\/05\/portada-chebi-articulo-1.png","contentUrl":"https:\/\/www.ethikos.es\/wp-content\/uploads\/2022\/05\/portada-chebi-articulo-1.png","width":1920,"height":850,"caption":"diversidad"},{"@type":"BreadcrumbList","@id":"https:\/\/www.ethikos.es\/en\/personas-trans-en-el-trabajo\/#breadcrumb","itemListElement":[{"@type":"ListItem","position":1,"name":"Portada","item":"https:\/\/www.ethikos.es\/"},{"@type":"ListItem","position":2,"name":"Diversidad en el trabajo: Las personas trans"}]},{"@type":"WebSite","@id":"https:\/\/www.ethikos.es\/en\/#website","url":"https:\/\/www.ethikos.es\/en\/","name":"Ethikos 3.0","description":"Ethikos es una consultora de transformaci\u00f3n organizacional especializada en cultura empresarial, liderazgo consciente y selecci\u00f3n por valores.","publisher":{"@id":"https:\/\/www.ethikos.es\/en\/#organization"},"alternateName":"Ethikos Consultor\u00eda","potentialAction":[{"@type":"SearchAction","target":{"@type":"EntryPoint","urlTemplate":"https:\/\/www.ethikos.es\/en\/?s={search_term_string}"},"query-input":{"@type":"PropertyValueSpecification","valueRequired":true,"valueName":"search_term_string"}}],"inLanguage":"en-US"},{"@type":"Organization","@id":"https:\/\/www.ethikos.es\/en\/#organization","name":"Ethikos 3.0","url":"https:\/\/www.ethikos.es\/en\/","logo":{"@type":"ImageObject","inLanguage":"en-US","@id":"https:\/\/www.ethikos.es\/en\/#\/schema\/logo\/image\/","url":"https:\/\/www.ethikos.es\/wp-content\/uploads\/2019\/01\/43606559961_5f343a820a_o.png","contentUrl":"https:\/\/www.ethikos.es\/wp-content\/uploads\/2019\/01\/43606559961_5f343a820a_o.png","width":646,"height":218,"caption":"Ethikos 3.0"},"image":{"@id":"https:\/\/www.ethikos.es\/en\/#\/schema\/logo\/image\/"},"sameAs":["http:\/\/www.facebook.com\/ethikos.es\/","https:\/\/x.com\/Ethikos30","https:\/\/www.instagram.com\/ethikos_3.0\/","https:\/\/www.linkedin.com\/company\/ethikos-3-0\/"]},{"@type":"Person","@id":"https:\/\/www.ethikos.es\/en\/#\/schema\/person\/42497927bf7dc4ec49272f9539b73c09","name":"alexandra.guldberg","image":{"@type":"ImageObject","inLanguage":"en-US","@id":"https:\/\/secure.gravatar.com\/avatar\/2759471252d647c5a026aa036549973b6f0f211daaf0268da6d017a68aeda83e?s=96&d=mm&r=g","url":"https:\/\/secure.gravatar.com\/avatar\/2759471252d647c5a026aa036549973b6f0f211daaf0268da6d017a68aeda83e?s=96&d=mm&r=g","contentUrl":"https:\/\/secure.gravatar.com\/avatar\/2759471252d647c5a026aa036549973b6f0f211daaf0268da6d017a68aeda83e?s=96&d=mm&r=g","caption":"alexandra.guldberg"}}]}},"_links":{"self":[{"href":"https:\/\/www.ethikos.es\/en\/wp-json\/wp\/v2\/posts\/17565","targetHints":{"allow":["GET"]}}],"collection":[{"href":"https:\/\/www.ethikos.es\/en\/wp-json\/wp\/v2\/posts"}],"about":[{"href":"https:\/\/www.ethikos.es\/en\/wp-json\/wp\/v2\/types\/post"}],"author":[{"embeddable":true,"href":"https:\/\/www.ethikos.es\/en\/wp-json\/wp\/v2\/users\/21"}],"replies":[{"embeddable":true,"href":"https:\/\/www.ethikos.es\/en\/wp-json\/wp\/v2\/comments?post=17565"}],"version-history":[{"count":0,"href":"https:\/\/www.ethikos.es\/en\/wp-json\/wp\/v2\/posts\/17565\/revisions"}],"wp:featuredmedia":[{"embeddable":true,"href":"https:\/\/www.ethikos.es\/en\/wp-json\/wp\/v2\/media\/17566"}],"wp:attachment":[{"href":"https:\/\/www.ethikos.es\/en\/wp-json\/wp\/v2\/media?parent=17565"}],"wp:term":[{"taxonomy":"category","embeddable":true,"href":"https:\/\/www.ethikos.es\/en\/wp-json\/wp\/v2\/categories?post=17565"},{"taxonomy":"post_tag","embeddable":true,"href":"https:\/\/www.ethikos.es\/en\/wp-json\/wp\/v2\/tags?post=17565"}],"curies":[{"name":"wp","href":"https:\/\/api.w.org\/{rel}","templated":true}]}}