{"id":18190,"date":"2022-07-18T09:57:51","date_gmt":"2022-07-18T07:57:51","guid":{"rendered":"https:\/\/www.ethikos.es\/?p=18190"},"modified":"2022-07-19T15:24:04","modified_gmt":"2022-07-19T13:24:04","slug":"como-preparar-una-conversa-por-bajo-desempen","status":"publish","type":"post","link":"https:\/\/www.ethikos.es\/en\/como-preparar-una-conversa-por-bajo-desempen\/","title":{"rendered":"C\u00f3mo preparar una conversa por bajo desempe\u00f1o"},"content":{"rendered":"<p>Es un cl\u00e1sico de las empresas la \u201cconversa de julio\u201d o \u201cconversa de desempe\u00f1o\u201d para ver si entidad y empleado van alineados o no a nivel estrat\u00e9gico y el punto en el que se encuentran en ese momento a diversos niveles: rendimiento, mentalidad, motivaci\u00f3n\u2026<\/p>\n<p>En enero, tradicionalmente, las organizaciones hablan con sus empleados y establecen unos objetivos (cl\u00e1sica <strong>conversaci\u00f3n de objetivos) <\/strong>mientras que en julio se suele concretar otra reuni\u00f3n, que es para dilucidar si los objetivos se est\u00e1n cumpliendo, la situaci\u00f3n actual etc Lo que, a principios de a\u00f1o, hab\u00edamos acordado, se revisa en verano con una conversaci\u00f3n que sirve para ver en qu\u00e9 punto estamos.<\/p>\n<p>Esta metodolog\u00eda no se aplica en todas las empresas, hay muchas otras, tambi\u00e9n v\u00e1lidas. Muchas entidades optan por estar en comunicaci\u00f3n y <em>feedback<\/em> con sus empleados constantemente, pero quer\u00edamos hacer referencia al concepto para introducir el tema que trataremos hoy: \u00bfQu\u00e9 hago, como l\u00edder, cuando tengo un empleado que no rinde y no cumple las expectativas? Trataremos de dar respuesta a eso, no es f\u00e1cil, pero es posible.<\/p>\n<h3>\u00bfQu\u00e9 hacemos?<\/h3>\n<p>Normalmente cuando te ves en una situaci\u00f3n as\u00ed sueles preguntarte, \u00bfQu\u00e9 debo hacer, le despido, abronco, le animo, le castigo, le grito, me voy de birras con \u00e9l\/ella, intento motivarle&#8230;?<\/p>\n<p>Antes de llegar a esta situaci\u00f3n y plantear qu\u00e9 medidas tomar debes plantearte si, previamente, has hecho lo que ten\u00edas que hacer como l\u00edder. Como por ejemplo, haber tratado de desarrollar su talento, incentivar y facilitar un correcto desempe\u00f1o, establecer objetivos claros y medibles etc Tambi\u00e9n es interesante la figura, en la empresa, de la persona especializada en <em>skills<\/em> y, por tanto, encargada de desarrollar habilidades de los empleados y guiarles.<\/p>\n<p>Pero, por mucho que se intente, estas medidas no siempre funcionan, por la raz\u00f3n que sea. Llegado el caso, hay que tomar una decisi\u00f3n. A veces dr\u00e1stica y definitiva, aunque no siempre. En ocasiones podremos darle un giro a la situaci\u00f3n y volver al rendimiento esperado y una situaci\u00f3n positiva para todas las partes.<\/p>\n<h3>Entender cu\u00e1l es el verdadero problema y qu\u00e9 hacer para solucionarlo<\/h3>\n<p>\u00bfC\u00f3mo vinculamos objetivos, lo has hecho bien como l\u00edder? Quiz\u00e1 el problema ha sido que no has sabido trasladar a tus empleados lo que esperas de ellos. Este problema es m\u00e1s com\u00fan de lo que parece. En ocasiones hay equipos de trabajo que no tienen claro qu\u00e9 proyectos priorizar o cu\u00e1les son los objetivos primordiales que cumplir, ni siquiera c\u00f3mo abordar seg\u00fan qu\u00e9 proyectos o qu\u00e9 metodolog\u00edas utilizar.<\/p>\n<p>No todo el mundo es plenamente aut\u00f3nomo, algunos necesitan gu\u00eda. \u00bfEs una desventaja? Puede que s\u00ed, seg\u00fan el contexto. Pero tambi\u00e9n es frecuente que aquellos que necesiten un empuje y una gu\u00eda acaben rindiendo excepcionalmente cuando tienen claro qu\u00e9 hacer. Cada persona es un mundo y hay que adaptarse en la medida de lo posible. El caf\u00e9 para todos no vale a la hora de dirigir un equipo.<\/p>\n<p>El quid de la cuesti\u00f3n es: \u00bfC\u00f3mo abordamos una conversaci\u00f3n por bajo desempe\u00f1o, cuando las personas no est\u00e1n haciendo bien su trabajo? Hay que huir de los simplismos: es evidente que se necesita un feedback honesto por las dos partes, pero hacer hincapi\u00e9 en eso es una obviedad.<\/p>\n<p><strong>Necesitamos utilizar mecanismos \u00fatiles, una comunicaci\u00f3n efectiva. <\/strong>Por ejemplo, es importante no hablar de la persona, sino de la tarea. Es decir, no convertirlo en un ataque personal. No es lo mismo decirle a alguien \u201cHaces mal tu trabajo\u201d que \u201cEsta tarea\/actividad no est\u00e1 dando los frutos deseados, veamos qu\u00e9 es lo que falla en el procedimiento y\/o aplicaci\u00f3n de la metodolog\u00eda y qu\u00e9 podemos hacer para remediarlo.\u201d<\/p>\n<h3>T\u00f3matelo en serio<\/h3>\n<p>Es vital que te lo prepares bien para cada empleado. Si vas a tener una conversa tan importante sin estudiar el caso en concreto, para eso mejor no la tengas. Acude a la reuni\u00f3n con los datos del desempe\u00f1o y los puntos que debe mejorar. Tambi\u00e9n es relevante dar un feedback positivo, si solo transmitimos negatividad podemos hundir al empleado. Eso no significa que haya que mentir o pasar por alto un mal desempe\u00f1o, hay que ser claros, pero la informaci\u00f3n se puede transmitir de una forma mucho m\u00e1s efectiva si lo hacemos mediante buenas palabras y con una actitud constructiva. Dicho esto, repetimos que cada persona es un mundo. Hay sujetos a los que les ir\u00e1 mejor un toque de atenci\u00f3n m\u00e1s \u201cserio\u201d que a otros, pero para ser conscientes de qu\u00e9 tipo de <em>approachment<\/em> necesita cada persona es necesario tener cierta formaci\u00f3n y capacidades, <a href=\"https:\/\/www.ethikos.es\/servicios-de-ethikos\/\">podemos ayudarte en ese sentido<\/a>.<\/p>\n<p>Tienes que darle un <em>feedback<\/em> espec\u00edfico al empleado. Que sienta que, de verdad, conoces al dedillo sus funciones y su rendimiento. Si la persona en cuesti\u00f3n piensa que le est\u00e1s dando un discurso gen\u00e9rico y que realmente no conoces la situaci\u00f3n, la conversa no servir\u00e1 de nada. Por eso hacemos tanto hincapi\u00e9 en la importancia de prepararnos bien antes de reunirnos.<\/p>\n<p>Previamente a la conversa, si es posible: recoge las aportaciones de sus compa\u00f1eros\/superiores, toma notas, haz un repaso detallado de los objetivos y responsabilidades y c\u00f3mo los ha cumplido. Finalmente, planifica los puntos de debate para estructurar la reuni\u00f3n de forma positiva y constructiva.<\/p>\n<h3>La conexi\u00f3n es vital<\/h3>\n<p>Debes tener en cuenta que con esta conversaci\u00f3n debes conectar con los empleados y recopilar informaci\u00f3n sobre c\u00f3mo se sienten con sus funciones. Con la utilizaci\u00f3n de la informaci\u00f3n que saques podr\u00e1s ayudar a los miembros del equipo (no solo a \u00e9l\/ella, sino a todos) a mejorar su rendimiento y, tambi\u00e9n, a mejorar su moral.<\/p>\n<p>Los buenos m\u00e1nagers entienden que los empleados deben salir de la reuni\u00f3n provistos con lo que necesitan para cumplir con lo que se espera de ellos y, al mismo tiempo, sentirse renovados y motivados para afrontar los pr\u00f3ximos meses.<\/p>\n<p>Que los empleados tengan objetivos alcanzables y medibles suele ser una garant\u00eda para, cuando llega esta conversa, poder abordarla con precisi\u00f3n y con conocimiento de causa. Mostrar al empleado su impacto en la compa\u00f1\u00eda, tanto el positivo como el negativo, sirve como motivaci\u00f3n.<\/p>\n<p>El sistema del <em>mid year review (conversa de julio), <\/em>nombrado anteriormente, es uno de los m\u00e9todos, pero hay otros. Este sobre todo se usa en empresas grandes, pero, sea como sea, es importante tener un espacio para tener una conversa en la que expresarse sin recriminaciones y de manera constructiva. No caer en el \u201ct\u00fa no has hecho esto, t\u00fa lo otro\u2026\u201d Es importante sacar la verdad, expresar bilateralmente c\u00f3mo nos sentimos, ah\u00ed pueden salir mil cosas, como decepci\u00f3n, necesidad de apoyo, sensaci\u00f3n de que no se est\u00e1 haciendo un buen trabajo, burnout, workaholism etc<\/p>\n<h3>Estudio al respecto<\/h3>\n<p>Universidades punteras, <a href=\"https:\/\/hbr.org\/2020\/06\/how-to-do-performance-reviews-remotely\">como la de Harvard<\/a>, destacan la importancia que tiene este tipo de conversas y c\u00f3mo pueden influir definitivamente en el desempe\u00f1o de los diversos equipos de trabajo.<\/p>\n<p>Los l\u00edderes, seg\u00fan indican los acad\u00e9micos de Massachussets, deben actuar haciendo alarde de empat\u00eda y flexibilidad. Asimismo, es importante mostrar agradecimiento a los empleados que est\u00e1n comprometidos y trabajan duramente. Ayuda mucho a la moral esta clase de apoyo, tambi\u00e9n a la retenci\u00f3n de talento. Del mismo modo, hace que los que no rindan tambi\u00e9n se den cuenta que, cuando lo hagan, su trabajo ser\u00e1 valorado en consecuencia.<\/p>\n<p>Es decir, es importante la humanizaci\u00f3n del trabajo, ahora m\u00e1s que nunca. Porque es lo justo, porque es lo correcto y porque es lo que funciona. No est\u00e1 de m\u00e1s recordarlo.<\/p>\n<h3>El enfoque correcto<\/h3>\n<p>Muchos \u201cjefes\u201d tienen la sensaci\u00f3n de que tratan de complacer a sus empleados pero que nunca lo logran, teletrabajo, gimnasio de empresa, seguro m\u00e9dico, fruta\/snacks en el trabajo etc A veces es m\u00e1s importante una comunicaci\u00f3n efectiva que toda esta clase de beneficios. No es sencillo ser l\u00edder, pero el poder que se tiene es demasiado elevado como para despreocuparse y no ejercer bien el liderazgo. Si necesitas mejorar tus skills de leadership, nosotros somos especialistas. <a href=\"https:\/\/www.ethikos.es\/mensaje-de-contacto\/\">No pierdas la oportunidad de crecer como profesional y mejorar tu empresa.<\/a><\/p>\n<p>&nbsp;<\/p>\n<p>Te dejamos estamos formaciones de liderazgo: <a href=\"https:\/\/www.ethikos.es\/servicios-de-ethikos\/\">https:\/\/www.ethikos.es\/servicios-de-ethikos\/<\/a><\/p>\n<p>&nbsp;<\/p>\n<p>Por: Sergio L\u00f3pez &#8211; Content Creator<\/p>","protected":false},"excerpt":{"rendered":"<p>Es un cl\u00e1sico de las empresas la \u201cconversa de julio\u201d o \u201cconversa de desempe\u00f1o\u201d para ver si entidad y empleado van alineados o no a nivel estrat\u00e9gico y el punto en el que se encuentran en ese momento a diversos niveles: rendimiento, mentalidad, motivaci\u00f3n\u2026 En enero, tradicionalmente, las organizaciones hablan con sus empleados y establecen [&hellip;]<\/p>\n","protected":false},"author":21,"featured_media":18191,"comment_status":"open","ping_status":"closed","sticky":false,"template":"","format":"standard","meta":{"_exactmetrics_skip_tracking":false,"_exactmetrics_sitenote_active":false,"_exactmetrics_sitenote_note":"","_exactmetrics_sitenote_category":0,"footnotes":""},"categories":[151,142,141,7,139],"tags":[46,437,491,355,51,91,197,622,89,629,193],"class_list":["post-18190","post","type-post","status-publish","format-standard","has-post-thumbnail","hentry","category-blog","category-cultura-de-empresa","category-gestion-por-valores","category-personal","category-rrhh","tag-cultura-organizativa","tag-cultural-fit","tag-empleo","tag-empresas","tag-ethikos-3-0","tag-gestion-de-personas","tag-gestion-por-valores","tag-humanizar","tag-recursos-humanos","tag-rrhh","tag-trabajo"],"yoast_head":"<!-- This site is optimized with the Yoast SEO plugin v27.5 - https:\/\/yoast.com\/product\/yoast-seo-wordpress\/ -->\n<title>T\u00edtulo P\u00e1gina | Consultora de talento y selecci\u00f3n de personal | Ethikos &#8212; Ethikos<\/title>\n<meta name=\"description\" content=\"Es un cl\u00e1sico de las empresas la \u201cconversa de julio\u201d o \u201cconversa de desempe\u00f1o\u201d para ver si entidad y empleado van alineados o no.\" \/>\n<meta name=\"robots\" content=\"index, follow, max-snippet:-1, max-image-preview:large, max-video-preview:-1\" \/>\n<link rel=\"canonical\" href=\"https:\/\/www.ethikos.es\/en\/como-preparar-una-conversa-por-bajo-desempen\/\" \/>\n<meta property=\"og:locale\" content=\"en_US\" \/>\n<meta property=\"og:type\" content=\"article\" \/>\n<meta property=\"og:title\" content=\"T\u00edtulo P\u00e1gina | Consultora de talento y selecci\u00f3n de personal | Ethikos &#8212; Ethikos\" \/>\n<meta property=\"og:description\" content=\"Es un cl\u00e1sico de las empresas la \u201cconversa de julio\u201d o \u201cconversa de desempe\u00f1o\u201d para ver si entidad y empleado van alineados o no.\" \/>\n<meta property=\"og:url\" content=\"https:\/\/www.ethikos.es\/en\/como-preparar-una-conversa-por-bajo-desempen\/\" \/>\n<meta property=\"og:site_name\" content=\"Ethikos\" \/>\n<meta property=\"article:publisher\" content=\"http:\/\/www.facebook.com\/ethikos.es\/\" \/>\n<meta property=\"article:published_time\" content=\"2022-07-18T07:57:51+00:00\" \/>\n<meta property=\"article:modified_time\" content=\"2022-07-19T13:24:04+00:00\" \/>\n<meta property=\"og:image\" content=\"https:\/\/www.ethikos.es\/wp-content\/uploads\/2022\/07\/PB-Conversacion-desempeno-1030x580.png\" \/>\n\t<meta property=\"og:image:width\" content=\"1030\" \/>\n\t<meta property=\"og:image:height\" content=\"580\" \/>\n\t<meta property=\"og:image:type\" content=\"image\/png\" \/>\n<meta name=\"author\" content=\"alexandra.guldberg\" \/>\n<meta name=\"twitter:card\" content=\"summary_large_image\" \/>\n<meta name=\"twitter:creator\" content=\"@Ethikos30\" \/>\n<meta name=\"twitter:site\" content=\"@Ethikos30\" \/>\n<meta name=\"twitter:label1\" content=\"Written by\" \/>\n\t<meta name=\"twitter:data1\" content=\"alexandra.guldberg\" \/>\n\t<meta name=\"twitter:label2\" content=\"Est. reading time\" \/>\n\t<meta name=\"twitter:data2\" content=\"7 minutes\" \/>\n<script type=\"application\/ld+json\" class=\"yoast-schema-graph\">{\"@context\":\"https:\\\/\\\/schema.org\",\"@graph\":[{\"@type\":\"Article\",\"@id\":\"https:\\\/\\\/www.ethikos.es\\\/en\\\/como-preparar-una-conversa-por-bajo-desempen\\\/#article\",\"isPartOf\":{\"@id\":\"https:\\\/\\\/www.ethikos.es\\\/en\\\/como-preparar-una-conversa-por-bajo-desempen\\\/\"},\"author\":{\"name\":\"alexandra.guldberg\",\"@id\":\"https:\\\/\\\/www.ethikos.es\\\/en\\\/#\\\/schema\\\/person\\\/42497927bf7dc4ec49272f9539b73c09\"},\"headline\":\"C\u00f3mo preparar una conversa por bajo desempe\u00f1o\",\"datePublished\":\"2022-07-18T07:57:51+00:00\",\"dateModified\":\"2022-07-19T13:24:04+00:00\",\"mainEntityOfPage\":{\"@id\":\"https:\\\/\\\/www.ethikos.es\\\/en\\\/como-preparar-una-conversa-por-bajo-desempen\\\/\"},\"wordCount\":1454,\"commentCount\":1,\"publisher\":{\"@id\":\"https:\\\/\\\/www.ethikos.es\\\/en\\\/#organization\"},\"image\":{\"@id\":\"https:\\\/\\\/www.ethikos.es\\\/en\\\/como-preparar-una-conversa-por-bajo-desempen\\\/#primaryimage\"},\"thumbnailUrl\":\"https:\\\/\\\/www.ethikos.es\\\/wp-content\\\/uploads\\\/2022\\\/07\\\/PB-Conversacion-desempeno.png\",\"keywords\":[\"Cultura organizativa\",\"cultural fit\",\"empleo\",\"empresas\",\"Ethikos 3.0\",\"gesti\u00f3n de personas\",\"gesti\u00f3n por valores\",\"humanizar\",\"recursos humanos\",\"RRHH\",\"trabajo\"],\"articleSection\":[\"Blog\",\"Cultura de empresa\",\"Gesti\u00f3n por valores\",\"Personal\",\"Recursos Humanos\"],\"inLanguage\":\"en-US\",\"potentialAction\":[{\"@type\":\"CommentAction\",\"name\":\"Comment\",\"target\":[\"https:\\\/\\\/www.ethikos.es\\\/en\\\/como-preparar-una-conversa-por-bajo-desempen\\\/#respond\"]}]},{\"@type\":\"WebPage\",\"@id\":\"https:\\\/\\\/www.ethikos.es\\\/en\\\/como-preparar-una-conversa-por-bajo-desempen\\\/\",\"url\":\"https:\\\/\\\/www.ethikos.es\\\/en\\\/como-preparar-una-conversa-por-bajo-desempen\\\/\",\"name\":\"T\u00edtulo P\u00e1gina | Consultora de talento y selecci\u00f3n de personal | Ethikos &#8212; Ethikos\",\"isPartOf\":{\"@id\":\"https:\\\/\\\/www.ethikos.es\\\/en\\\/#website\"},\"primaryImageOfPage\":{\"@id\":\"https:\\\/\\\/www.ethikos.es\\\/en\\\/como-preparar-una-conversa-por-bajo-desempen\\\/#primaryimage\"},\"image\":{\"@id\":\"https:\\\/\\\/www.ethikos.es\\\/en\\\/como-preparar-una-conversa-por-bajo-desempen\\\/#primaryimage\"},\"thumbnailUrl\":\"https:\\\/\\\/www.ethikos.es\\\/wp-content\\\/uploads\\\/2022\\\/07\\\/PB-Conversacion-desempeno.png\",\"datePublished\":\"2022-07-18T07:57:51+00:00\",\"dateModified\":\"2022-07-19T13:24:04+00:00\",\"description\":\"Es un cl\u00e1sico de las empresas la \u201cconversa de julio\u201d o \u201cconversa de desempe\u00f1o\u201d para ver si entidad y empleado van alineados o no.\",\"breadcrumb\":{\"@id\":\"https:\\\/\\\/www.ethikos.es\\\/en\\\/como-preparar-una-conversa-por-bajo-desempen\\\/#breadcrumb\"},\"inLanguage\":\"en-US\",\"potentialAction\":[{\"@type\":\"ReadAction\",\"target\":[\"https:\\\/\\\/www.ethikos.es\\\/en\\\/como-preparar-una-conversa-por-bajo-desempen\\\/\"]}]},{\"@type\":\"ImageObject\",\"inLanguage\":\"en-US\",\"@id\":\"https:\\\/\\\/www.ethikos.es\\\/en\\\/como-preparar-una-conversa-por-bajo-desempen\\\/#primaryimage\",\"url\":\"https:\\\/\\\/www.ethikos.es\\\/wp-content\\\/uploads\\\/2022\\\/07\\\/PB-Conversacion-desempeno.png\",\"contentUrl\":\"https:\\\/\\\/www.ethikos.es\\\/wp-content\\\/uploads\\\/2022\\\/07\\\/PB-Conversacion-desempeno.png\",\"width\":1640,\"height\":924,\"caption\":\"The middle year review is very important.\"},{\"@type\":\"BreadcrumbList\",\"@id\":\"https:\\\/\\\/www.ethikos.es\\\/en\\\/como-preparar-una-conversa-por-bajo-desempen\\\/#breadcrumb\",\"itemListElement\":[{\"@type\":\"ListItem\",\"position\":1,\"name\":\"Portada\",\"item\":\"https:\\\/\\\/www.ethikos.es\\\/\"},{\"@type\":\"ListItem\",\"position\":2,\"name\":\"C\u00f3mo preparar una conversa por bajo desempe\u00f1o\"}]},{\"@type\":\"WebSite\",\"@id\":\"https:\\\/\\\/www.ethikos.es\\\/en\\\/#website\",\"url\":\"https:\\\/\\\/www.ethikos.es\\\/en\\\/\",\"name\":\"Ethikos 3.0\",\"description\":\"Ethikos es una consultora de transformaci\u00f3n organizacional especializada en cultura empresarial, liderazgo consciente y selecci\u00f3n por valores.\",\"publisher\":{\"@id\":\"https:\\\/\\\/www.ethikos.es\\\/en\\\/#organization\"},\"alternateName\":\"Ethikos Consultor\u00eda\",\"potentialAction\":[{\"@type\":\"SearchAction\",\"target\":{\"@type\":\"EntryPoint\",\"urlTemplate\":\"https:\\\/\\\/www.ethikos.es\\\/en\\\/?s={search_term_string}\"},\"query-input\":{\"@type\":\"PropertyValueSpecification\",\"valueRequired\":true,\"valueName\":\"search_term_string\"}}],\"inLanguage\":\"en-US\"},{\"@type\":\"Organization\",\"@id\":\"https:\\\/\\\/www.ethikos.es\\\/en\\\/#organization\",\"name\":\"Ethikos 3.0\",\"url\":\"https:\\\/\\\/www.ethikos.es\\\/en\\\/\",\"logo\":{\"@type\":\"ImageObject\",\"inLanguage\":\"en-US\",\"@id\":\"https:\\\/\\\/www.ethikos.es\\\/en\\\/#\\\/schema\\\/logo\\\/image\\\/\",\"url\":\"https:\\\/\\\/www.ethikos.es\\\/wp-content\\\/uploads\\\/2019\\\/01\\\/43606559961_5f343a820a_o.png\",\"contentUrl\":\"https:\\\/\\\/www.ethikos.es\\\/wp-content\\\/uploads\\\/2019\\\/01\\\/43606559961_5f343a820a_o.png\",\"width\":646,\"height\":218,\"caption\":\"Ethikos 3.0\"},\"image\":{\"@id\":\"https:\\\/\\\/www.ethikos.es\\\/en\\\/#\\\/schema\\\/logo\\\/image\\\/\"},\"sameAs\":[\"http:\\\/\\\/www.facebook.com\\\/ethikos.es\\\/\",\"https:\\\/\\\/x.com\\\/Ethikos30\",\"https:\\\/\\\/www.instagram.com\\\/ethikos_3.0\\\/\",\"https:\\\/\\\/www.linkedin.com\\\/company\\\/ethikos-3-0\\\/\"]},{\"@type\":\"Person\",\"@id\":\"https:\\\/\\\/www.ethikos.es\\\/en\\\/#\\\/schema\\\/person\\\/42497927bf7dc4ec49272f9539b73c09\",\"name\":\"alexandra.guldberg\",\"image\":{\"@type\":\"ImageObject\",\"inLanguage\":\"en-US\",\"@id\":\"https:\\\/\\\/secure.gravatar.com\\\/avatar\\\/2759471252d647c5a026aa036549973b6f0f211daaf0268da6d017a68aeda83e?s=96&d=mm&r=g\",\"url\":\"https:\\\/\\\/secure.gravatar.com\\\/avatar\\\/2759471252d647c5a026aa036549973b6f0f211daaf0268da6d017a68aeda83e?s=96&d=mm&r=g\",\"contentUrl\":\"https:\\\/\\\/secure.gravatar.com\\\/avatar\\\/2759471252d647c5a026aa036549973b6f0f211daaf0268da6d017a68aeda83e?s=96&d=mm&r=g\",\"caption\":\"alexandra.guldberg\"}}]}<\/script>\n<!-- \/ Yoast SEO plugin. -->","yoast_head_json":{"title":"T\u00edtulo P\u00e1gina | Consultora de talento y selecci\u00f3n de personal | Ethikos &#8212; Ethikos","description":"Es un cl\u00e1sico de las empresas la \u201cconversa de julio\u201d o \u201cconversa de desempe\u00f1o\u201d para ver si entidad y empleado van alineados o no.","robots":{"index":"index","follow":"follow","max-snippet":"max-snippet:-1","max-image-preview":"max-image-preview:large","max-video-preview":"max-video-preview:-1"},"canonical":"https:\/\/www.ethikos.es\/en\/como-preparar-una-conversa-por-bajo-desempen\/","og_locale":"en_US","og_type":"article","og_title":"T\u00edtulo P\u00e1gina | Consultora de talento y selecci\u00f3n de personal | Ethikos &#8212; Ethikos","og_description":"Es un cl\u00e1sico de las empresas la \u201cconversa de julio\u201d o \u201cconversa de desempe\u00f1o\u201d para ver si entidad y empleado van alineados o no.","og_url":"https:\/\/www.ethikos.es\/en\/como-preparar-una-conversa-por-bajo-desempen\/","og_site_name":"Ethikos","article_publisher":"http:\/\/www.facebook.com\/ethikos.es\/","article_published_time":"2022-07-18T07:57:51+00:00","article_modified_time":"2022-07-19T13:24:04+00:00","og_image":[{"width":1030,"height":580,"url":"https:\/\/www.ethikos.es\/wp-content\/uploads\/2022\/07\/PB-Conversacion-desempeno-1030x580.png","type":"image\/png"}],"author":"alexandra.guldberg","twitter_card":"summary_large_image","twitter_creator":"@Ethikos30","twitter_site":"@Ethikos30","twitter_misc":{"Written by":"alexandra.guldberg","Est. reading time":"7 minutes"},"schema":{"@context":"https:\/\/schema.org","@graph":[{"@type":"Article","@id":"https:\/\/www.ethikos.es\/en\/como-preparar-una-conversa-por-bajo-desempen\/#article","isPartOf":{"@id":"https:\/\/www.ethikos.es\/en\/como-preparar-una-conversa-por-bajo-desempen\/"},"author":{"name":"alexandra.guldberg","@id":"https:\/\/www.ethikos.es\/en\/#\/schema\/person\/42497927bf7dc4ec49272f9539b73c09"},"headline":"C\u00f3mo preparar una conversa por bajo desempe\u00f1o","datePublished":"2022-07-18T07:57:51+00:00","dateModified":"2022-07-19T13:24:04+00:00","mainEntityOfPage":{"@id":"https:\/\/www.ethikos.es\/en\/como-preparar-una-conversa-por-bajo-desempen\/"},"wordCount":1454,"commentCount":1,"publisher":{"@id":"https:\/\/www.ethikos.es\/en\/#organization"},"image":{"@id":"https:\/\/www.ethikos.es\/en\/como-preparar-una-conversa-por-bajo-desempen\/#primaryimage"},"thumbnailUrl":"https:\/\/www.ethikos.es\/wp-content\/uploads\/2022\/07\/PB-Conversacion-desempeno.png","keywords":["Cultura organizativa","cultural fit","empleo","empresas","Ethikos 3.0","gesti\u00f3n de personas","gesti\u00f3n por valores","humanizar","recursos humanos","RRHH","trabajo"],"articleSection":["Blog","Cultura de empresa","Gesti\u00f3n por valores","Personal","Recursos Humanos"],"inLanguage":"en-US","potentialAction":[{"@type":"CommentAction","name":"Comment","target":["https:\/\/www.ethikos.es\/en\/como-preparar-una-conversa-por-bajo-desempen\/#respond"]}]},{"@type":"WebPage","@id":"https:\/\/www.ethikos.es\/en\/como-preparar-una-conversa-por-bajo-desempen\/","url":"https:\/\/www.ethikos.es\/en\/como-preparar-una-conversa-por-bajo-desempen\/","name":"T\u00edtulo P\u00e1gina | Consultora de talento y selecci\u00f3n de personal | Ethikos &#8212; Ethikos","isPartOf":{"@id":"https:\/\/www.ethikos.es\/en\/#website"},"primaryImageOfPage":{"@id":"https:\/\/www.ethikos.es\/en\/como-preparar-una-conversa-por-bajo-desempen\/#primaryimage"},"image":{"@id":"https:\/\/www.ethikos.es\/en\/como-preparar-una-conversa-por-bajo-desempen\/#primaryimage"},"thumbnailUrl":"https:\/\/www.ethikos.es\/wp-content\/uploads\/2022\/07\/PB-Conversacion-desempeno.png","datePublished":"2022-07-18T07:57:51+00:00","dateModified":"2022-07-19T13:24:04+00:00","description":"Es un cl\u00e1sico de las empresas la \u201cconversa de julio\u201d o \u201cconversa de desempe\u00f1o\u201d para ver si entidad y empleado van alineados o no.","breadcrumb":{"@id":"https:\/\/www.ethikos.es\/en\/como-preparar-una-conversa-por-bajo-desempen\/#breadcrumb"},"inLanguage":"en-US","potentialAction":[{"@type":"ReadAction","target":["https:\/\/www.ethikos.es\/en\/como-preparar-una-conversa-por-bajo-desempen\/"]}]},{"@type":"ImageObject","inLanguage":"en-US","@id":"https:\/\/www.ethikos.es\/en\/como-preparar-una-conversa-por-bajo-desempen\/#primaryimage","url":"https:\/\/www.ethikos.es\/wp-content\/uploads\/2022\/07\/PB-Conversacion-desempeno.png","contentUrl":"https:\/\/www.ethikos.es\/wp-content\/uploads\/2022\/07\/PB-Conversacion-desempeno.png","width":1640,"height":924,"caption":"The middle year review is very important."},{"@type":"BreadcrumbList","@id":"https:\/\/www.ethikos.es\/en\/como-preparar-una-conversa-por-bajo-desempen\/#breadcrumb","itemListElement":[{"@type":"ListItem","position":1,"name":"Portada","item":"https:\/\/www.ethikos.es\/"},{"@type":"ListItem","position":2,"name":"C\u00f3mo preparar una conversa por bajo desempe\u00f1o"}]},{"@type":"WebSite","@id":"https:\/\/www.ethikos.es\/en\/#website","url":"https:\/\/www.ethikos.es\/en\/","name":"Ethikos 3.0","description":"Ethikos es una consultora de transformaci\u00f3n organizacional especializada en cultura empresarial, liderazgo consciente y selecci\u00f3n por valores.","publisher":{"@id":"https:\/\/www.ethikos.es\/en\/#organization"},"alternateName":"Ethikos Consultor\u00eda","potentialAction":[{"@type":"SearchAction","target":{"@type":"EntryPoint","urlTemplate":"https:\/\/www.ethikos.es\/en\/?s={search_term_string}"},"query-input":{"@type":"PropertyValueSpecification","valueRequired":true,"valueName":"search_term_string"}}],"inLanguage":"en-US"},{"@type":"Organization","@id":"https:\/\/www.ethikos.es\/en\/#organization","name":"Ethikos 3.0","url":"https:\/\/www.ethikos.es\/en\/","logo":{"@type":"ImageObject","inLanguage":"en-US","@id":"https:\/\/www.ethikos.es\/en\/#\/schema\/logo\/image\/","url":"https:\/\/www.ethikos.es\/wp-content\/uploads\/2019\/01\/43606559961_5f343a820a_o.png","contentUrl":"https:\/\/www.ethikos.es\/wp-content\/uploads\/2019\/01\/43606559961_5f343a820a_o.png","width":646,"height":218,"caption":"Ethikos 3.0"},"image":{"@id":"https:\/\/www.ethikos.es\/en\/#\/schema\/logo\/image\/"},"sameAs":["http:\/\/www.facebook.com\/ethikos.es\/","https:\/\/x.com\/Ethikos30","https:\/\/www.instagram.com\/ethikos_3.0\/","https:\/\/www.linkedin.com\/company\/ethikos-3-0\/"]},{"@type":"Person","@id":"https:\/\/www.ethikos.es\/en\/#\/schema\/person\/42497927bf7dc4ec49272f9539b73c09","name":"alexandra.guldberg","image":{"@type":"ImageObject","inLanguage":"en-US","@id":"https:\/\/secure.gravatar.com\/avatar\/2759471252d647c5a026aa036549973b6f0f211daaf0268da6d017a68aeda83e?s=96&d=mm&r=g","url":"https:\/\/secure.gravatar.com\/avatar\/2759471252d647c5a026aa036549973b6f0f211daaf0268da6d017a68aeda83e?s=96&d=mm&r=g","contentUrl":"https:\/\/secure.gravatar.com\/avatar\/2759471252d647c5a026aa036549973b6f0f211daaf0268da6d017a68aeda83e?s=96&d=mm&r=g","caption":"alexandra.guldberg"}}]}},"_links":{"self":[{"href":"https:\/\/www.ethikos.es\/en\/wp-json\/wp\/v2\/posts\/18190","targetHints":{"allow":["GET"]}}],"collection":[{"href":"https:\/\/www.ethikos.es\/en\/wp-json\/wp\/v2\/posts"}],"about":[{"href":"https:\/\/www.ethikos.es\/en\/wp-json\/wp\/v2\/types\/post"}],"author":[{"embeddable":true,"href":"https:\/\/www.ethikos.es\/en\/wp-json\/wp\/v2\/users\/21"}],"replies":[{"embeddable":true,"href":"https:\/\/www.ethikos.es\/en\/wp-json\/wp\/v2\/comments?post=18190"}],"version-history":[{"count":0,"href":"https:\/\/www.ethikos.es\/en\/wp-json\/wp\/v2\/posts\/18190\/revisions"}],"wp:featuredmedia":[{"embeddable":true,"href":"https:\/\/www.ethikos.es\/en\/wp-json\/wp\/v2\/media\/18191"}],"wp:attachment":[{"href":"https:\/\/www.ethikos.es\/en\/wp-json\/wp\/v2\/media?parent=18190"}],"wp:term":[{"taxonomy":"category","embeddable":true,"href":"https:\/\/www.ethikos.es\/en\/wp-json\/wp\/v2\/categories?post=18190"},{"taxonomy":"post_tag","embeddable":true,"href":"https:\/\/www.ethikos.es\/en\/wp-json\/wp\/v2\/tags?post=18190"}],"curies":[{"name":"wp","href":"https:\/\/api.w.org\/{rel}","templated":true}]}}