{"id":18285,"date":"2022-08-16T09:24:34","date_gmt":"2022-08-16T07:24:34","guid":{"rendered":"https:\/\/www.ethikos.es\/?p=18285"},"modified":"2022-08-16T09:24:34","modified_gmt":"2022-08-16T07:24:34","slug":"preocupacion-empresas-inflacion-talento","status":"publish","type":"post","link":"https:\/\/www.ethikos.es\/en\/preocupacion-empresas-inflacion-talento\/","title":{"rendered":"Lo que preocupa a las empresas: inflaci\u00f3n y talento"},"content":{"rendered":"<p>La inflaci\u00f3n, la escasez de talento, la innovaci\u00f3n tecnol\u00f3gica, la crisis energ\u00e9tica y los problemas en la cadena de suministros son las principales preocupaciones de los altos cargos de las empresas estadounidenses.<\/p>\n<p>A continuaci\u00f3n, os traemos un an\u00e1lisis del siguiente estudio realizado por PwC, pod\u00e9is encontrar el original aqu\u00ed: <a href=\"https:\/\/www.pwc.com\/us\/en\/library\/pulse-survey\/executive-views-2022.html\">Executive views on business in 2022: PwC.<\/a><\/p>\n<p>En dicho informe de la consultora PriceWaterhouseCoopers se explica la situaci\u00f3n de las empresas desde la visi\u00f3n de los altos ejecutivos. El estudio se basa principalmente en Estados Unidos, pero es extrapolable debido a la influencia que las tendencias estadounidenses tienen en el resto del mundo.<\/p>\n<p>A escala global, una de cada cinco personas quiere cambiar de trabajo o est\u00e1 a punto de cambiarlo. Para la inmensa mayor\u00eda de directivos, la escasez de talento es el mayor problema y\/o reto que afrontan las empresas en 2022.<\/p>\n<p>Sin ir m\u00e1s lejos, el 77% de los ejecutivos afirma que la contrataci\u00f3n\/retenci\u00f3n de talento diferencial es su motor de crecimiento m\u00e1s importante. Por otro lado, el 60% de directivos creen que la transformaci\u00f3n digital es otra palanca de crecimiento de vital importancia.<\/p>\n<p>Pero, si hablamos de riesgos inminentes, entran m\u00e1s factores en juego.<\/p>\n<p>Si en el apartado \u201cpositivo\u201d la captaci\u00f3n de talento era vista como la forma m\u00e1s \u00fatil de hacer crecer a la empresa, en el \u201cnegativo\u201d, tambi\u00e9n encontramos al talento como principal preocupaci\u00f3n. Pr\u00e1cticamente la mitad de los altos ejecutivos (48%) creen que retener y captar personas con altas capacidades es el mayor peligro que afrontan las empresas, entendiendo \u201cpeligro\u201d como la falta de posibilidad de captarlo y, por tanto, sufriendo una desventaja competitiva que puede llevar a la ruina a la entidad.<\/p>\n<p>&nbsp;<\/p>\n<h4><strong>Otros temas que preocupan mucho a los directivos son los siguientes: <\/strong><\/h4>\n<p>-Problemas con la cadena de suministros (32%).<\/p>\n<p>-Nuevas variantes del COVID-19 (29%).<\/p>\n<p>-Pol\u00edticas de regulaci\u00f3n para el cuidado del medio ambiente (29%).<\/p>\n<p>-Quedarse atr\u00e1s en los cambios de los modelos de negocio (28%).<\/p>\n<p>&nbsp;<\/p>\n<h4><strong>Adem\u00e1s, la inmensa mayor\u00eda de ejecutivos dan por hecho lo siguiente:<\/strong><\/h4>\n<p>-El COVID-19 se establecer\u00e1 como un mal end\u00e9mico y dejar\u00e1 de ser considerado pandemia (69%).<\/p>\n<p>-La inflaci\u00f3n continuar\u00e1 muy elevada cuando empiece el 2023.<\/p>\n<p>-Las compa\u00f1\u00edas necesitar\u00e1n aumentar los precios de sus bienes y servicios en 2022.<\/p>\n<p>&#8211; El gobierno ambiental, social y corporativo y la sostenibilidad ser\u00e1n cr\u00edticos en el largo plazo para las empresas.<\/p>\n<p>&nbsp;<\/p>\n<h4><strong>Por otro lado, el informe tambi\u00e9n destaca en qu\u00e9 est\u00e1n invirtiendo m\u00e1s las empresas punteras de los Estados Unidos de Am\u00e9rica.<\/strong><\/h4>\n<p>Sus inversiones m\u00e1s potentes son en las siguientes materias:<\/p>\n<p>-Contrataci\u00f3n y retenci\u00f3n de talento (60%),<\/p>\n<p>-Transformaci\u00f3n digital e iniciativas relacionadas (59%).<\/p>\n<p>-Desarrollo de nuevos productos en respuesta a los cambios en las tendencias de consumo (50%).<\/p>\n<p>-Mejoras en la agilidad con la que funcionan las operaciones de la empresa, teniendo en cuenta el turbulento entorno actual (46%).<\/p>\n<p>-Mejorando la resiliencia de la cadena de suministros, en previsi\u00f3n a un futuro incierto (41%).<\/p>\n<p>-B\u00fasqueda de fusiones con otras empresas o entrando en alianzas empresariales (41%).<\/p>\n<p>&nbsp;<\/p>\n<p>Estos son los datos m\u00e1s relevantes, <strong>\u00bfqu\u00e9 podemos sacar en claro si los tenemos todos en cuenta?<\/strong><\/p>\n<p>La escasez de talento es un problema muy grave. El cual est\u00e1 relacionado con el fen\u00f3meno de La Gran Renuncia, <a href=\"https:\/\/www.ethikos.es\/la-gran-renuncia-de-los-trabajadores-en-estados-unidos\/\">os hablamos sobre esto aqu\u00ed<\/a>.<\/p>\n<p>Por otro lado, la mayor\u00eda de empresarios se han resignado ante el COVID-19, lo ven como algo que ya formar\u00e1 parte de nuestro d\u00eda a d\u00eda y habr\u00e1 que convivir con ello y adaptarse.<\/p>\n<p>La ferviente revoluci\u00f3n digital y la transformaci\u00f3n que comporta sirve para aumentar la agilidad de las empresas. Aunar esta tendencia con la eficiencia fiscal y las estrategias de precios es una prioridad para muchas empresas. Este cambio es remarcable, teniendo en cuenta que en el pasado las corporaciones se basaban m\u00e1s en objetivos funcionales espec\u00edficos.<\/p>\n<p>Dicha transformaci\u00f3n digital aumenta la agilidad en medio de la preocupaci\u00f3n por las regulaciones tecnol\u00f3gicas y de datos. A su vez, tambi\u00e9n crece la preocupaci\u00f3n de las organizaciones respecto a las regulaciones tecnol\u00f3gicas y de datos.<\/p>\n<p>Los riesgos en la cadena de suministros son elevados, estando esta sufriendo mucho debido, en parte, a la escasez de trabajadores y a la crisis energ\u00e9tica. La guerra de Ucrania ha contribuido, tambi\u00e9n, a incrementar la gravedad de esta situaci\u00f3n.<\/p>\n<h3><strong>\u00bfPor d\u00f3nde pasa el futuro de las empresas?<\/strong><\/h3>\n<p>Dejando a un lado la vertiente econ\u00f3mica y de rendimiento que ya hemos mencionado; innovaci\u00f3n tecnol\u00f3gica, nuevos modelos de negocio, captaci\u00f3n de talento\u2026 encontramos otra, la social, que tambi\u00e9n ser\u00e1 muy importante.<\/p>\n<p>El ma\u00f1ana de las empresas pasa por tener un prop\u00f3sito, por aportar a la sociedad de forma positiva. Los tiempos en los que las corporaciones pod\u00edan hacer y deshacer a diestro y siniestro sin tener a nadie que les pusiera l\u00edmites, van quedando atr\u00e1s. Es evidente que este ser\u00e1 un proceso largo, una carrera de fondo. Pero se llegar\u00e1 a ello. Asuntos como el cambio clim\u00e1tico o la diversidad, equidad e inclusi\u00f3n, (DE&amp;I) han llegado para quedarse. No debemos quedarnos atr\u00e1s.<\/p>\n<p>Por: Sergio L\u00f3pez Esteban \u2013 Content Creator<\/p>\n<p><strong>Encuentra las mejores oportunidades laborales del mercado<\/strong>: <a href=\"https:\/\/jobs.ethikos.es\/jobs\">Una carrera profesional \u00fanica &#8211; Ethikos<\/a><\/p>\n<p><strong>Cuenta con nosotros si necesitas asesor\u00eda en gesti\u00f3n de personas o servicios de recruitment: <\/strong><a href=\"https:\/\/www.ethikos.es\/mensaje-de-contacto\/\">Primer Contacto &#8211; Ethikos<\/a><\/p>","protected":false},"excerpt":{"rendered":"<p>La inflaci\u00f3n, la escasez de talento, la innovaci\u00f3n tecnol\u00f3gica, la crisis energ\u00e9tica y los problemas en la cadena de suministros son las principales preocupaciones de los altos cargos de las empresas estadounidenses. A continuaci\u00f3n, os traemos un an\u00e1lisis del siguiente estudio realizado por PwC, pod\u00e9is encontrar el original aqu\u00ed: Executive views on business in 2022: [&hellip;]<\/p>\n","protected":false},"author":21,"featured_media":18287,"comment_status":"open","ping_status":"closed","sticky":false,"template":"","format":"standard","meta":{"_exactmetrics_skip_tracking":false,"_exactmetrics_sitenote_active":false,"_exactmetrics_sitenote_note":"","_exactmetrics_sitenote_category":0,"footnotes":""},"categories":[151,142,6,139,705],"tags":[641,491,355,51,91,622,551,639,436,496,452,629,353,654],"class_list":["post-18285","post","type-post","status-publish","format-standard","has-post-thumbnail","hentry","category-blog","category-cultura-de-empresa","category-news","category-rrhh","category-trabajo","tag-dei","tag-empleo","tag-empresas","tag-ethikos-3-0","tag-gestion-de-personas","tag-humanizar","tag-impacto","tag-inclusion","tag-innovacion","tag-liderazgo","tag-rotacion-laboral","tag-rrhh","tag-seleccion","tag-work"],"yoast_head":"<!-- This site is optimized with the Yoast SEO plugin v27.5 - https:\/\/yoast.com\/product\/yoast-seo-wordpress\/ -->\n<title>T\u00edtulo P\u00e1gina | Consultora de talento y selecci\u00f3n de personal | Ethikos &#8212; Ethikos<\/title>\n<meta name=\"description\" content=\"Para la inmensa mayor\u00eda de directivos, la escasez de talento es el mayor problema y\/o reto que afrontan las empresas en 2022.\" \/>\n<meta name=\"robots\" content=\"index, follow, max-snippet:-1, max-image-preview:large, max-video-preview:-1\" \/>\n<link rel=\"canonical\" href=\"https:\/\/www.ethikos.es\/en\/preocupacion-empresas-inflacion-talento\/\" \/>\n<meta property=\"og:locale\" content=\"en_US\" \/>\n<meta property=\"og:type\" content=\"article\" \/>\n<meta property=\"og:title\" content=\"T\u00edtulo P\u00e1gina | Consultora de talento y selecci\u00f3n de personal | Ethikos &#8212; Ethikos\" \/>\n<meta property=\"og:description\" content=\"Para la inmensa mayor\u00eda de directivos, la escasez de talento es el mayor problema y\/o reto que afrontan las empresas en 2022.\" \/>\n<meta property=\"og:url\" content=\"https:\/\/www.ethikos.es\/en\/preocupacion-empresas-inflacion-talento\/\" \/>\n<meta property=\"og:site_name\" content=\"Ethikos\" \/>\n<meta property=\"article:publisher\" content=\"http:\/\/www.facebook.com\/ethikos.es\/\" \/>\n<meta property=\"article:published_time\" content=\"2022-08-16T07:24:34+00:00\" \/>\n<meta property=\"og:image\" content=\"https:\/\/www.ethikos.es\/wp-content\/uploads\/2022\/08\/pb-lo-que-preocupa-a-las-empresas.jpg\" \/>\n\t<meta property=\"og:image:width\" content=\"1920\" \/>\n\t<meta property=\"og:image:height\" content=\"1080\" \/>\n\t<meta property=\"og:image:type\" content=\"image\/jpeg\" \/>\n<meta name=\"author\" content=\"alexandra.guldberg\" \/>\n<meta name=\"twitter:card\" content=\"summary_large_image\" \/>\n<meta name=\"twitter:creator\" content=\"@Ethikos30\" \/>\n<meta name=\"twitter:site\" content=\"@Ethikos30\" \/>\n<meta name=\"twitter:label1\" content=\"Written by\" \/>\n\t<meta name=\"twitter:data1\" content=\"alexandra.guldberg\" \/>\n\t<meta name=\"twitter:label2\" content=\"Est. reading time\" \/>\n\t<meta name=\"twitter:data2\" content=\"5 minutes\" \/>\n<script type=\"application\/ld+json\" class=\"yoast-schema-graph\">{\"@context\":\"https:\\\/\\\/schema.org\",\"@graph\":[{\"@type\":\"Article\",\"@id\":\"https:\\\/\\\/www.ethikos.es\\\/en\\\/preocupacion-empresas-inflacion-talento\\\/#article\",\"isPartOf\":{\"@id\":\"https:\\\/\\\/www.ethikos.es\\\/en\\\/preocupacion-empresas-inflacion-talento\\\/\"},\"author\":{\"name\":\"alexandra.guldberg\",\"@id\":\"https:\\\/\\\/www.ethikos.es\\\/en\\\/#\\\/schema\\\/person\\\/42497927bf7dc4ec49272f9539b73c09\"},\"headline\":\"Lo que preocupa a las empresas: inflaci\u00f3n y talento\",\"datePublished\":\"2022-08-16T07:24:34+00:00\",\"mainEntityOfPage\":{\"@id\":\"https:\\\/\\\/www.ethikos.es\\\/en\\\/preocupacion-empresas-inflacion-talento\\\/\"},\"wordCount\":936,\"commentCount\":0,\"publisher\":{\"@id\":\"https:\\\/\\\/www.ethikos.es\\\/en\\\/#organization\"},\"image\":{\"@id\":\"https:\\\/\\\/www.ethikos.es\\\/en\\\/preocupacion-empresas-inflacion-talento\\\/#primaryimage\"},\"thumbnailUrl\":\"https:\\\/\\\/www.ethikos.es\\\/wp-content\\\/uploads\\\/2022\\\/08\\\/pb-lo-que-preocupa-a-las-empresas.jpg\",\"keywords\":[\"DEI\",\"empleo\",\"empresas\",\"Ethikos 3.0\",\"gesti\u00f3n de personas\",\"humanizar\",\"impacto\",\"inclusi\u00f3n\",\"innovaci\u00f3n\",\"liderazgo\",\"rotaci\u00f3n laboral\",\"RRHH\",\"selecci\u00f3n\",\"work\"],\"articleSection\":[\"Blog\",\"Cultura de empresa\",\"News\",\"Recursos Humanos\",\"Trabajo\"],\"inLanguage\":\"en-US\",\"potentialAction\":[{\"@type\":\"CommentAction\",\"name\":\"Comment\",\"target\":[\"https:\\\/\\\/www.ethikos.es\\\/en\\\/preocupacion-empresas-inflacion-talento\\\/#respond\"]}]},{\"@type\":\"WebPage\",\"@id\":\"https:\\\/\\\/www.ethikos.es\\\/en\\\/preocupacion-empresas-inflacion-talento\\\/\",\"url\":\"https:\\\/\\\/www.ethikos.es\\\/en\\\/preocupacion-empresas-inflacion-talento\\\/\",\"name\":\"T\u00edtulo P\u00e1gina | Consultora de talento y selecci\u00f3n de personal | Ethikos &#8212; Ethikos\",\"isPartOf\":{\"@id\":\"https:\\\/\\\/www.ethikos.es\\\/en\\\/#website\"},\"primaryImageOfPage\":{\"@id\":\"https:\\\/\\\/www.ethikos.es\\\/en\\\/preocupacion-empresas-inflacion-talento\\\/#primaryimage\"},\"image\":{\"@id\":\"https:\\\/\\\/www.ethikos.es\\\/en\\\/preocupacion-empresas-inflacion-talento\\\/#primaryimage\"},\"thumbnailUrl\":\"https:\\\/\\\/www.ethikos.es\\\/wp-content\\\/uploads\\\/2022\\\/08\\\/pb-lo-que-preocupa-a-las-empresas.jpg\",\"datePublished\":\"2022-08-16T07:24:34+00:00\",\"description\":\"Para la inmensa mayor\u00eda de directivos, la escasez de talento es el mayor problema y\\\/o reto que afrontan las empresas en 2022.\",\"breadcrumb\":{\"@id\":\"https:\\\/\\\/www.ethikos.es\\\/en\\\/preocupacion-empresas-inflacion-talento\\\/#breadcrumb\"},\"inLanguage\":\"en-US\",\"potentialAction\":[{\"@type\":\"ReadAction\",\"target\":[\"https:\\\/\\\/www.ethikos.es\\\/en\\\/preocupacion-empresas-inflacion-talento\\\/\"]}]},{\"@type\":\"ImageObject\",\"inLanguage\":\"en-US\",\"@id\":\"https:\\\/\\\/www.ethikos.es\\\/en\\\/preocupacion-empresas-inflacion-talento\\\/#primaryimage\",\"url\":\"https:\\\/\\\/www.ethikos.es\\\/wp-content\\\/uploads\\\/2022\\\/08\\\/pb-lo-que-preocupa-a-las-empresas.jpg\",\"contentUrl\":\"https:\\\/\\\/www.ethikos.es\\\/wp-content\\\/uploads\\\/2022\\\/08\\\/pb-lo-que-preocupa-a-las-empresas.jpg\",\"width\":1920,\"height\":1080},{\"@type\":\"BreadcrumbList\",\"@id\":\"https:\\\/\\\/www.ethikos.es\\\/en\\\/preocupacion-empresas-inflacion-talento\\\/#breadcrumb\",\"itemListElement\":[{\"@type\":\"ListItem\",\"position\":1,\"name\":\"Portada\",\"item\":\"https:\\\/\\\/www.ethikos.es\\\/\"},{\"@type\":\"ListItem\",\"position\":2,\"name\":\"Lo que preocupa a las empresas: inflaci\u00f3n y talento\"}]},{\"@type\":\"WebSite\",\"@id\":\"https:\\\/\\\/www.ethikos.es\\\/en\\\/#website\",\"url\":\"https:\\\/\\\/www.ethikos.es\\\/en\\\/\",\"name\":\"Ethikos 3.0\",\"description\":\"Ethikos es una consultora de transformaci\u00f3n organizacional especializada en cultura empresarial, liderazgo consciente y selecci\u00f3n por valores.\",\"publisher\":{\"@id\":\"https:\\\/\\\/www.ethikos.es\\\/en\\\/#organization\"},\"alternateName\":\"Ethikos Consultor\u00eda\",\"potentialAction\":[{\"@type\":\"SearchAction\",\"target\":{\"@type\":\"EntryPoint\",\"urlTemplate\":\"https:\\\/\\\/www.ethikos.es\\\/en\\\/?s={search_term_string}\"},\"query-input\":{\"@type\":\"PropertyValueSpecification\",\"valueRequired\":true,\"valueName\":\"search_term_string\"}}],\"inLanguage\":\"en-US\"},{\"@type\":\"Organization\",\"@id\":\"https:\\\/\\\/www.ethikos.es\\\/en\\\/#organization\",\"name\":\"Ethikos 3.0\",\"url\":\"https:\\\/\\\/www.ethikos.es\\\/en\\\/\",\"logo\":{\"@type\":\"ImageObject\",\"inLanguage\":\"en-US\",\"@id\":\"https:\\\/\\\/www.ethikos.es\\\/en\\\/#\\\/schema\\\/logo\\\/image\\\/\",\"url\":\"https:\\\/\\\/www.ethikos.es\\\/wp-content\\\/uploads\\\/2019\\\/01\\\/43606559961_5f343a820a_o.png\",\"contentUrl\":\"https:\\\/\\\/www.ethikos.es\\\/wp-content\\\/uploads\\\/2019\\\/01\\\/43606559961_5f343a820a_o.png\",\"width\":646,\"height\":218,\"caption\":\"Ethikos 3.0\"},\"image\":{\"@id\":\"https:\\\/\\\/www.ethikos.es\\\/en\\\/#\\\/schema\\\/logo\\\/image\\\/\"},\"sameAs\":[\"http:\\\/\\\/www.facebook.com\\\/ethikos.es\\\/\",\"https:\\\/\\\/x.com\\\/Ethikos30\",\"https:\\\/\\\/www.instagram.com\\\/ethikos_3.0\\\/\",\"https:\\\/\\\/www.linkedin.com\\\/company\\\/ethikos-3-0\\\/\"]},{\"@type\":\"Person\",\"@id\":\"https:\\\/\\\/www.ethikos.es\\\/en\\\/#\\\/schema\\\/person\\\/42497927bf7dc4ec49272f9539b73c09\",\"name\":\"alexandra.guldberg\",\"image\":{\"@type\":\"ImageObject\",\"inLanguage\":\"en-US\",\"@id\":\"https:\\\/\\\/secure.gravatar.com\\\/avatar\\\/2759471252d647c5a026aa036549973b6f0f211daaf0268da6d017a68aeda83e?s=96&d=mm&r=g\",\"url\":\"https:\\\/\\\/secure.gravatar.com\\\/avatar\\\/2759471252d647c5a026aa036549973b6f0f211daaf0268da6d017a68aeda83e?s=96&d=mm&r=g\",\"contentUrl\":\"https:\\\/\\\/secure.gravatar.com\\\/avatar\\\/2759471252d647c5a026aa036549973b6f0f211daaf0268da6d017a68aeda83e?s=96&d=mm&r=g\",\"caption\":\"alexandra.guldberg\"}}]}<\/script>\n<!-- \/ Yoast SEO plugin. -->","yoast_head_json":{"title":"T\u00edtulo P\u00e1gina | Consultora de talento y selecci\u00f3n de personal | Ethikos &#8212; Ethikos","description":"Para la inmensa mayor\u00eda de directivos, la escasez de talento es el mayor problema y\/o reto que afrontan las empresas en 2022.","robots":{"index":"index","follow":"follow","max-snippet":"max-snippet:-1","max-image-preview":"max-image-preview:large","max-video-preview":"max-video-preview:-1"},"canonical":"https:\/\/www.ethikos.es\/en\/preocupacion-empresas-inflacion-talento\/","og_locale":"en_US","og_type":"article","og_title":"T\u00edtulo P\u00e1gina | Consultora de talento y selecci\u00f3n de personal | Ethikos &#8212; Ethikos","og_description":"Para la inmensa mayor\u00eda de directivos, la escasez de talento es el mayor problema y\/o reto que afrontan las empresas en 2022.","og_url":"https:\/\/www.ethikos.es\/en\/preocupacion-empresas-inflacion-talento\/","og_site_name":"Ethikos","article_publisher":"http:\/\/www.facebook.com\/ethikos.es\/","article_published_time":"2022-08-16T07:24:34+00:00","og_image":[{"width":1920,"height":1080,"url":"https:\/\/www.ethikos.es\/wp-content\/uploads\/2022\/08\/pb-lo-que-preocupa-a-las-empresas.jpg","type":"image\/jpeg"}],"author":"alexandra.guldberg","twitter_card":"summary_large_image","twitter_creator":"@Ethikos30","twitter_site":"@Ethikos30","twitter_misc":{"Written by":"alexandra.guldberg","Est. reading time":"5 minutes"},"schema":{"@context":"https:\/\/schema.org","@graph":[{"@type":"Article","@id":"https:\/\/www.ethikos.es\/en\/preocupacion-empresas-inflacion-talento\/#article","isPartOf":{"@id":"https:\/\/www.ethikos.es\/en\/preocupacion-empresas-inflacion-talento\/"},"author":{"name":"alexandra.guldberg","@id":"https:\/\/www.ethikos.es\/en\/#\/schema\/person\/42497927bf7dc4ec49272f9539b73c09"},"headline":"Lo que preocupa a las empresas: inflaci\u00f3n y talento","datePublished":"2022-08-16T07:24:34+00:00","mainEntityOfPage":{"@id":"https:\/\/www.ethikos.es\/en\/preocupacion-empresas-inflacion-talento\/"},"wordCount":936,"commentCount":0,"publisher":{"@id":"https:\/\/www.ethikos.es\/en\/#organization"},"image":{"@id":"https:\/\/www.ethikos.es\/en\/preocupacion-empresas-inflacion-talento\/#primaryimage"},"thumbnailUrl":"https:\/\/www.ethikos.es\/wp-content\/uploads\/2022\/08\/pb-lo-que-preocupa-a-las-empresas.jpg","keywords":["DEI","empleo","empresas","Ethikos 3.0","gesti\u00f3n de personas","humanizar","impacto","inclusi\u00f3n","innovaci\u00f3n","liderazgo","rotaci\u00f3n laboral","RRHH","selecci\u00f3n","work"],"articleSection":["Blog","Cultura de empresa","News","Recursos Humanos","Trabajo"],"inLanguage":"en-US","potentialAction":[{"@type":"CommentAction","name":"Comment","target":["https:\/\/www.ethikos.es\/en\/preocupacion-empresas-inflacion-talento\/#respond"]}]},{"@type":"WebPage","@id":"https:\/\/www.ethikos.es\/en\/preocupacion-empresas-inflacion-talento\/","url":"https:\/\/www.ethikos.es\/en\/preocupacion-empresas-inflacion-talento\/","name":"T\u00edtulo P\u00e1gina | Consultora de talento y selecci\u00f3n de personal | Ethikos &#8212; Ethikos","isPartOf":{"@id":"https:\/\/www.ethikos.es\/en\/#website"},"primaryImageOfPage":{"@id":"https:\/\/www.ethikos.es\/en\/preocupacion-empresas-inflacion-talento\/#primaryimage"},"image":{"@id":"https:\/\/www.ethikos.es\/en\/preocupacion-empresas-inflacion-talento\/#primaryimage"},"thumbnailUrl":"https:\/\/www.ethikos.es\/wp-content\/uploads\/2022\/08\/pb-lo-que-preocupa-a-las-empresas.jpg","datePublished":"2022-08-16T07:24:34+00:00","description":"Para la inmensa mayor\u00eda de directivos, la escasez de talento es el mayor problema y\/o reto que afrontan las empresas en 2022.","breadcrumb":{"@id":"https:\/\/www.ethikos.es\/en\/preocupacion-empresas-inflacion-talento\/#breadcrumb"},"inLanguage":"en-US","potentialAction":[{"@type":"ReadAction","target":["https:\/\/www.ethikos.es\/en\/preocupacion-empresas-inflacion-talento\/"]}]},{"@type":"ImageObject","inLanguage":"en-US","@id":"https:\/\/www.ethikos.es\/en\/preocupacion-empresas-inflacion-talento\/#primaryimage","url":"https:\/\/www.ethikos.es\/wp-content\/uploads\/2022\/08\/pb-lo-que-preocupa-a-las-empresas.jpg","contentUrl":"https:\/\/www.ethikos.es\/wp-content\/uploads\/2022\/08\/pb-lo-que-preocupa-a-las-empresas.jpg","width":1920,"height":1080},{"@type":"BreadcrumbList","@id":"https:\/\/www.ethikos.es\/en\/preocupacion-empresas-inflacion-talento\/#breadcrumb","itemListElement":[{"@type":"ListItem","position":1,"name":"Portada","item":"https:\/\/www.ethikos.es\/"},{"@type":"ListItem","position":2,"name":"Lo que preocupa a las empresas: inflaci\u00f3n y talento"}]},{"@type":"WebSite","@id":"https:\/\/www.ethikos.es\/en\/#website","url":"https:\/\/www.ethikos.es\/en\/","name":"Ethikos 3.0","description":"Ethikos es una consultora de transformaci\u00f3n organizacional especializada en cultura empresarial, liderazgo consciente y selecci\u00f3n por valores.","publisher":{"@id":"https:\/\/www.ethikos.es\/en\/#organization"},"alternateName":"Ethikos Consultor\u00eda","potentialAction":[{"@type":"SearchAction","target":{"@type":"EntryPoint","urlTemplate":"https:\/\/www.ethikos.es\/en\/?s={search_term_string}"},"query-input":{"@type":"PropertyValueSpecification","valueRequired":true,"valueName":"search_term_string"}}],"inLanguage":"en-US"},{"@type":"Organization","@id":"https:\/\/www.ethikos.es\/en\/#organization","name":"Ethikos 3.0","url":"https:\/\/www.ethikos.es\/en\/","logo":{"@type":"ImageObject","inLanguage":"en-US","@id":"https:\/\/www.ethikos.es\/en\/#\/schema\/logo\/image\/","url":"https:\/\/www.ethikos.es\/wp-content\/uploads\/2019\/01\/43606559961_5f343a820a_o.png","contentUrl":"https:\/\/www.ethikos.es\/wp-content\/uploads\/2019\/01\/43606559961_5f343a820a_o.png","width":646,"height":218,"caption":"Ethikos 3.0"},"image":{"@id":"https:\/\/www.ethikos.es\/en\/#\/schema\/logo\/image\/"},"sameAs":["http:\/\/www.facebook.com\/ethikos.es\/","https:\/\/x.com\/Ethikos30","https:\/\/www.instagram.com\/ethikos_3.0\/","https:\/\/www.linkedin.com\/company\/ethikos-3-0\/"]},{"@type":"Person","@id":"https:\/\/www.ethikos.es\/en\/#\/schema\/person\/42497927bf7dc4ec49272f9539b73c09","name":"alexandra.guldberg","image":{"@type":"ImageObject","inLanguage":"en-US","@id":"https:\/\/secure.gravatar.com\/avatar\/2759471252d647c5a026aa036549973b6f0f211daaf0268da6d017a68aeda83e?s=96&d=mm&r=g","url":"https:\/\/secure.gravatar.com\/avatar\/2759471252d647c5a026aa036549973b6f0f211daaf0268da6d017a68aeda83e?s=96&d=mm&r=g","contentUrl":"https:\/\/secure.gravatar.com\/avatar\/2759471252d647c5a026aa036549973b6f0f211daaf0268da6d017a68aeda83e?s=96&d=mm&r=g","caption":"alexandra.guldberg"}}]}},"_links":{"self":[{"href":"https:\/\/www.ethikos.es\/en\/wp-json\/wp\/v2\/posts\/18285","targetHints":{"allow":["GET"]}}],"collection":[{"href":"https:\/\/www.ethikos.es\/en\/wp-json\/wp\/v2\/posts"}],"about":[{"href":"https:\/\/www.ethikos.es\/en\/wp-json\/wp\/v2\/types\/post"}],"author":[{"embeddable":true,"href":"https:\/\/www.ethikos.es\/en\/wp-json\/wp\/v2\/users\/21"}],"replies":[{"embeddable":true,"href":"https:\/\/www.ethikos.es\/en\/wp-json\/wp\/v2\/comments?post=18285"}],"version-history":[{"count":0,"href":"https:\/\/www.ethikos.es\/en\/wp-json\/wp\/v2\/posts\/18285\/revisions"}],"wp:featuredmedia":[{"embeddable":true,"href":"https:\/\/www.ethikos.es\/en\/wp-json\/wp\/v2\/media\/18287"}],"wp:attachment":[{"href":"https:\/\/www.ethikos.es\/en\/wp-json\/wp\/v2\/media?parent=18285"}],"wp:term":[{"taxonomy":"category","embeddable":true,"href":"https:\/\/www.ethikos.es\/en\/wp-json\/wp\/v2\/categories?post=18285"},{"taxonomy":"post_tag","embeddable":true,"href":"https:\/\/www.ethikos.es\/en\/wp-json\/wp\/v2\/tags?post=18285"}],"curies":[{"name":"wp","href":"https:\/\/api.w.org\/{rel}","templated":true}]}}