{"id":18350,"date":"2022-08-23T12:13:52","date_gmt":"2022-08-23T10:13:52","guid":{"rendered":"https:\/\/www.ethikos.es\/?p=18350"},"modified":"2022-08-23T12:52:38","modified_gmt":"2022-08-23T10:52:38","slug":"semana-del-agua-y-la-responsabilidad-de-las-empresas","status":"publish","type":"post","link":"https:\/\/www.ethikos.es\/en\/semana-del-agua-y-la-responsabilidad-de-las-empresas\/","title":{"rendered":"Semana del agua y la responsabilidad de las empresas"},"content":{"rendered":"<p>La semana mundial del agua se celebra este a\u00f1o desde el 26 al 31 de agosto. Es una semana para reflexionar sobre los problemas de la falta del agua en el mundo y, \u00bfqu\u00e9 mejor que durante el verano para hablar de ello?<\/p>\n<p>En Espa\u00f1a el derroche ya no es una opci\u00f3n y se escucha mucho que las comunidades aut\u00f3nomas est\u00e1n haciendo cambios y poniendo restricciones ya que los embalses espa\u00f1oles se encuentran al 37,9% de su capacidad.<\/p>\n<h2><strong>Datos sobre el agua a tener en cuenta<\/strong><\/h2>\n<p>Antes de comenzar, est\u00e1 bien comentar los datos aterradores sobre la escasez y calidad del agua a nivel mundial:<\/p>\n<p>Seg\u00fan UNICEF y la Organizaci\u00f3n Mundial de la Salud:<\/p>\n<ul>\n<li>2,1 billones de personas carecen de acceso a servicios de agua potable gestionados de manera segura. O lo que es lo mismo 44.270 veces la poblaci\u00f3n de Espa\u00f1a.<\/li>\n<li>4,5 billones de personas carecen de servicios de saneamiento seguros.<\/li>\n<li>340.000 ni\u00f1os menores de cinco a\u00f1os mueren cada a\u00f1o por enfermedades diarreicas. Para hacerlo m\u00e1s cercano, este n\u00famero equivale los habitantes de la ciudad de Bilbao.<\/li>\n<li>Al menos 1.800 millones de personas en todo el mundo beben agua que no est\u00e1 protegida contra la contaminaci\u00f3n de las heces.<\/li>\n<\/ul>\n<p>El agua constituye el elemento m\u00e1s frecuente en el planeta Tierra. Sin embargo, \u00fanicamente el 2,5% del total es agua dulce y el resto es salada. Ahora, los datos anteriormente comentados dan m\u00e1s miedo a\u00fan. Y es que todos, sin excluir a nadie, dependemos del agua para sobrevivir y prosperar. Sin ella ser\u00eda imposible la vida.<\/p>\n<h2><strong>\u00bfQu\u00e9 papel cumplen las empresas en cuanto al agua?\u00a0<\/strong><\/h2>\n<p>Las compa\u00f1\u00edas son cada vez m\u00e1s conscientes de que el cambio que pueden ejercer es enorme por tanto su responsabilidad aumenta a\u00f1o tras a\u00f1o. Por eso, es fundamental que realicen un an\u00e1lisis constantemente para conocer y mejorar el impacto de su huella h\u00eddrica y actuar en consecuencia, buscando siempre el ahorro de este recurso.<\/p>\n<p>Un paso primordial es asumir el compromiso como empresa socialmente responsable y buscar las mejores alternativas para reducir el despilfarro de agua. Incluyendo a todos los trabajadores de todos los rangos. Es indispensable involucrar a todos hacia un camino cada vez m\u00e1s ecol\u00f3gico. Hay que hacerlos part\u00edcipes de las iniciativas dirigidas al cuidado del agua. Igualmente, motivarlos a que ahorren este recurso vital y hagan todo lo posible para que quienes los rodean lo apliquen tambi\u00e9n.<\/p>\n<p>Adem\u00e1s de la concienciaci\u00f3n del personal, las compa\u00f1\u00edas deben seguir los criterios ESG para evolucionar y conseguir ser atractivas: tanto en su reputaci\u00f3n con los consumidores cada vez m\u00e1s concienciados e informados, como para cumplir con una regulaci\u00f3n cada vez m\u00e1s estricta.<\/p>\n<h2><strong>ESG Criteria <\/strong><\/h2>\n<p>Desde hace unos a\u00f1os se habla de los criterios ESG que en ingl\u00e9s responden a las palabras <strong>E<\/strong>nviromental (ambiental), <strong>S<\/strong>ocial y <strong>G<\/strong>overnance (gobernanza), estas 3 palabras hacen referencia a los factores que hacen que una compa\u00f1\u00eda sea sostenible, sin perder de vista el factor financiero, obviamente.<\/p>\n<p><u>Criterios Ambientales (enviroment)<\/u>: estos criterios est\u00e1n enfocados a las actividades que las empresas realizan para crear un impacto positivo en el medio ambiente. Los ejemplos de actuaci\u00f3n de este criterio pueden ser la reducci\u00f3n de la contaminaci\u00f3n y la generaci\u00f3n de residuos o la emisi\u00f3n de gases de efecto invernadero.<\/p>\n<p>Las actividades no se reducen solo a mitigar los efectos negativos de la propia compa\u00f1\u00eda, sino que hay muchas que son proactivas y realizan acciones fuera de su actividad principal como empresa como la reconversi\u00f3n de la matriz energ\u00e9tica o la protecci\u00f3n de la biodiversidad.<\/p>\n<p><u>Criterios Sociales:<\/u> En este apartado encontramos principalmente las acciones relacionadas con condiciones laborales y de respeto a los Derechos Humanos. Se incluye la gesti\u00f3n de relaciones con comunidades donde se opera, la protecci\u00f3n y la promoci\u00f3n de una empresa diversa e inclusiva, as\u00ed como un espacio saludable para los empleados y la comunidad en general.<\/p>\n<p><u>Criterios de Buen Gobierno<\/u>: en estos criterios se engloban las cuestiones relacionadas con el gobierno corporativo de las organizaciones, su calidad corporativa, su cultura y sus procesos de gesti\u00f3n. Pasando por planes de transparencia y lucha contra las pr\u00e1cticas anti\u00e9ticas, la externalizaci\u00f3n, el cumplimiento normativo o la aptitud de los empleados, hasta las acertadas estrategias fiscales.<\/p>\n<h2><strong>Acciones para proteger el agua pero tambi\u00e9n para los inversores <\/strong><\/h2>\n<p>Estos criterios est\u00e1n muy ligados a la inversi\u00f3n de las organizaciones. Cuanto m\u00e1s tangibles sean las acciones de ESG, mejores inversores encontrar\u00e1n o apostar\u00e1n por ellas.<\/p>\n<p>La encuesta de <a href=\"https:\/\/www.im.natixis.com\/es\/research\/esg-insights-from-2021-individual-investors-survey\">Natixis IM<\/a>, publicada mientras los l\u00edderes mundiales se reun\u00edan en Glasgow con motivo de la conferencia sobre cambio clim\u00e1tico COP26, revela un dato interesante sobre esto:<\/p>\n<ul>\n<li>73 % de los milenials reconoce que una mejor huella de carbono puede llegar a ser un factor clave a la hora de decidir su inversi\u00f3n. 60% en el caso de la generaci\u00f3n de los Baby Boomers.<\/li>\n<\/ul>\n<p>Teniendo en cuenta que las compa\u00f1\u00edas necesitan evolucionar a unos objetivos y prop\u00f3sitos m\u00e1s sostenibles hay otras ventajas como: que los directivos y ejecutivos tomen decisiones m\u00e1s acertadas dentro de la compa\u00f1\u00eda y que los inversores reconozcan y premien los esfuerzos de las empresas con capital que se mantenga en el tiempo.<\/p>\n<h2><strong>Criterios ESG, \u00bfarmas de doble filo?<\/strong><\/h2>\n<p>Como mencionado anteriormente, la E de ESG equivale a las actividades referentes al medio ambiente y, por tanto, reducci\u00f3n de la contaminaci\u00f3n del agua.<\/p>\n<p>En muchas empresas se est\u00e1n gestionando diferentes acciones para frenar el desperdicio y minimizar la contaminaci\u00f3n del agua, pero no hay que olvidarse que las compa\u00f1\u00edas m\u00e1s grandes siempre contaminan, y que ellas son las que tienen la responsabilidad m\u00e1s grande.<\/p>\n<h3>Estrella Damm<\/h3>\n<p>Estrella Damm en 2019 se uni\u00f3 al Pacto Mundial de las Naciones Unidas y, a pesar de que ya llevaba 20 a\u00f1os realizando actividades para cuidar el medio ambiente, en febrero 2021 ya hab\u00edan sustituido las anillas de las cervezas por cart\u00f3n biodegradable<\/p>\n<p>\u201cOtra de las preocupaciones que hemos querido abarcar con nuestras pol\u00edticas medioambientales es la reducci\u00f3n del uso de recursos naturales. Conscientes de su escasez, apostamos por la promoci\u00f3n de su uso responsable. Desde 2008 hemos conseguido reducir un 36% la ratio de consumo de aguas en nuestras f\u00e1bricas, impulsando adem\u00e1s medidas pioneras como el c\u00e1lculo de la huella h\u00eddrica de cada uno de nuestros productos o la formaci\u00f3n a agricultores para reducir el consumo de agua desde el campo\u201d, comenta en una <a href=\"https:\/\/www.pactomundial.org\/tribuna\/la-economia-azul-y-su-papel-en-las-empresas\/\">entrevista<\/a>, Juan Antonio L\u00f3pez Abad\u00eda, director de optimizaci\u00f3n de energ\u00eda y medio ambiente de Damm.<\/p>\n<p>La empresa cervecera realiza acciones para minimizar su impacto en el medio ambiente pero a\u00fan le queda mucho camino que recorrer ya que, por ejemplo, solo el 50% de sus envases son retornables o ha reducido su consumos del agua en solo un 34%.<\/p>\n<h3>Amazon<\/h3>\n<p>Amazon, ese gran monstruo de ventas, durante los \u00faltimos a\u00f1os se ha involucrado con <a href=\"https:\/\/sostenibilidad.aboutamazon.es\/medio-ambiente\/la-nube\/asesoramiento-sobre-el-uso-del-agua#metricas-de-eficiencia-del-uso-de-agua\">varios proyectos<\/a> como con el Ayuntamiento de Umatilla y el West Extension Irrigation District para proporcionar agua a los granjeros o que financian las iniciativas de recuperaci\u00f3n de cuencas, con The Nature Conservancy en Ciudad del Cabo y Sao Paulo, que tienen como objetivo aumentar el suministro de agua a unos 41 millones de galones al a\u00f1o.<\/p>\n<p>Por otro lado, seg\u00fan el <a href=\"https:\/\/oceana.org\/wp-content\/uploads\/sites\/18\/Exposed-Amazons-enormous-and-rapidly-growing-plastic-pollution-problem-2021.pdf\">estudio de Oceana<\/a> sobre la contaminaci\u00f3n que genera Amazon, revela que la basura que produce puede dar la vuelta al mundo 600 veces y que 10,7 millones de kilogramos de desperdicio acaban en los mares, lo que equivale a tirar una furgoneta llena de pl\u00e1stico al mar cada 67 minutos.<\/p>\n<p>Como el caso de Amazon, tambi\u00e9n est\u00e1 Coca Cola, Procter &amp; Gamble y muchas compa\u00f1\u00edas m\u00e1s. Por presi\u00f3n de cumplir con los accionistas y ese 73% de milenials que apostar\u00edan por empresas verdes, las empresas han reaccionado al cambio clim\u00e1tico y al impacto negativo que generan. Pero es importante recordar que es su producto el que contamina y el que requiere crear una producci\u00f3n con residuos 0.<\/p>\n<p>\u00bfHasta qu\u00e9 punto somos conscientes de lo que contaminan las organizaciones? Con la informaci\u00f3n a nuestro alcance siempre es importante revisar diferentes fuentes para saber realmente si una empresa genera o no impacto positivo al planeta.<\/p>\n<p>No hay que confundir sostenibilidad con greenwashing<\/p>\n<p>&nbsp;<\/p>\n<p>Si quieres saber m\u00e1s sobre la responsabilidad de las empresas visita:<\/p>\n<ul>\n<li><a title=\"Enlace permanente: La sostenibilidad en los procesos de selecci\u00f3n\" href=\"https:\/\/www.ethikos.es\/la-sostenibilidad-en-los-procesos-de-seleccion\/\" rel=\"bookmark\">La sostenibilidad en los procesos de selecci\u00f3n<\/a><\/li>\n<li><a title=\"Enlace permanente: Uno de cada diez espa\u00f1oles est\u00e1 en riesgo de pobreza severa\" href=\"https:\/\/www.ethikos.es\/uno-de-cada-diez-espanoles-esta-en-riesgo-de-pobreza-severa\/\" rel=\"bookmark\">Uno de cada diez espa\u00f1oles est\u00e1 en riesgo de pobreza severa<\/a><\/li>\n<\/ul>\n<p>&nbsp;<\/p>\n<p style=\"text-align: right;\">Alexandra Guldberg &#8211; Marketing Manager<\/p>","protected":false},"excerpt":{"rendered":"<p>La semana mundial del agua se celebra este a\u00f1o desde el 26 al 31 de agosto. Es una semana para reflexionar sobre los problemas de la falta del agua en el mundo y, \u00bfqu\u00e9 mejor que durante el verano para hablar de ello? En Espa\u00f1a el derroche ya no es una opci\u00f3n y se escucha [&hellip;]<\/p>\n","protected":false},"author":21,"featured_media":18358,"comment_status":"open","ping_status":"closed","sticky":false,"template":"","format":"standard","meta":{"_exactmetrics_skip_tracking":false,"_exactmetrics_sitenote_active":false,"_exactmetrics_sitenote_note":"","_exactmetrics_sitenote_category":0,"footnotes":""},"categories":[151,142,700,705],"tags":[731,732,733,445,663,664,730,54],"class_list":["post-18350","post","type-post","status-publish","format-standard","has-post-thumbnail","hentry","category-blog","category-cultura-de-empresa","category-sostenibilidad","category-trabajo","tag-agua2022","tag-criteriosesg","tag-esg","tag-ethikos","tag-nakedculture","tag-seleccionporvalores","tag-semanadelagua22","tag-sostenibilidad"],"yoast_head":"<!-- This site is optimized with the Yoast SEO plugin v27.5 - https:\/\/yoast.com\/product\/yoast-seo-wordpress\/ -->\n<title>Semana del Agua y la responsabilidad de las empresas<\/title>\n<meta name=\"description\" content=\"La semana mundial del agua se celebra para reflexionar sobre los problemas de la falta del agua en el mundo.\" \/>\n<meta name=\"robots\" content=\"index, follow, max-snippet:-1, max-image-preview:large, max-video-preview:-1\" \/>\n<link rel=\"canonical\" href=\"https:\/\/www.ethikos.es\/en\/semana-del-agua-y-la-responsabilidad-de-las-empresas\/\" \/>\n<meta property=\"og:locale\" content=\"en_US\" \/>\n<meta property=\"og:type\" content=\"article\" \/>\n<meta property=\"og:title\" content=\"Semana del Agua y la responsabilidad de las empresas\" \/>\n<meta property=\"og:description\" content=\"La semana mundial del agua se celebra para reflexionar sobre los problemas de la falta del agua en el mundo.\" \/>\n<meta property=\"og:url\" content=\"https:\/\/www.ethikos.es\/en\/semana-del-agua-y-la-responsabilidad-de-las-empresas\/\" \/>\n<meta property=\"og:site_name\" content=\"Ethikos\" \/>\n<meta property=\"article:publisher\" content=\"http:\/\/www.facebook.com\/ethikos.es\/\" \/>\n<meta property=\"article:published_time\" content=\"2022-08-23T10:13:52+00:00\" \/>\n<meta property=\"article:modified_time\" content=\"2022-08-23T10:52:38+00:00\" \/>\n<meta property=\"og:image\" content=\"https:\/\/www.ethikos.es\/wp-content\/uploads\/2022\/08\/Agua-y-empresa.png\" \/>\n\t<meta property=\"og:image:width\" content=\"960\" \/>\n\t<meta property=\"og:image:height\" content=\"540\" \/>\n\t<meta property=\"og:image:type\" content=\"image\/png\" \/>\n<meta name=\"author\" content=\"alexandra.guldberg\" \/>\n<meta name=\"twitter:card\" content=\"summary_large_image\" \/>\n<meta name=\"twitter:creator\" content=\"@Ethikos30\" \/>\n<meta name=\"twitter:site\" content=\"@Ethikos30\" \/>\n<meta name=\"twitter:label1\" content=\"Written by\" \/>\n\t<meta name=\"twitter:data1\" content=\"alexandra.guldberg\" \/>\n\t<meta name=\"twitter:label2\" content=\"Est. reading time\" \/>\n\t<meta name=\"twitter:data2\" content=\"7 minutes\" \/>\n<script type=\"application\/ld+json\" class=\"yoast-schema-graph\">{\"@context\":\"https:\\\/\\\/schema.org\",\"@graph\":[{\"@type\":\"Article\",\"@id\":\"https:\\\/\\\/www.ethikos.es\\\/en\\\/semana-del-agua-y-la-responsabilidad-de-las-empresas\\\/#article\",\"isPartOf\":{\"@id\":\"https:\\\/\\\/www.ethikos.es\\\/en\\\/semana-del-agua-y-la-responsabilidad-de-las-empresas\\\/\"},\"author\":{\"name\":\"alexandra.guldberg\",\"@id\":\"https:\\\/\\\/www.ethikos.es\\\/en\\\/#\\\/schema\\\/person\\\/42497927bf7dc4ec49272f9539b73c09\"},\"headline\":\"Semana del agua y la responsabilidad de las empresas\",\"datePublished\":\"2022-08-23T10:13:52+00:00\",\"dateModified\":\"2022-08-23T10:52:38+00:00\",\"mainEntityOfPage\":{\"@id\":\"https:\\\/\\\/www.ethikos.es\\\/en\\\/semana-del-agua-y-la-responsabilidad-de-las-empresas\\\/\"},\"wordCount\":1471,\"commentCount\":1,\"publisher\":{\"@id\":\"https:\\\/\\\/www.ethikos.es\\\/en\\\/#organization\"},\"image\":{\"@id\":\"https:\\\/\\\/www.ethikos.es\\\/en\\\/semana-del-agua-y-la-responsabilidad-de-las-empresas\\\/#primaryimage\"},\"thumbnailUrl\":\"https:\\\/\\\/www.ethikos.es\\\/wp-content\\\/uploads\\\/2022\\\/08\\\/Agua-y-empresa.png\",\"keywords\":[\"agua2022\",\"criteriosesg\",\"esg\",\"ethikos\",\"Nakedculture\",\"Selecci\u00f3nporvalores\",\"semanadelagua22\",\"sostenibilidad\"],\"articleSection\":[\"Blog\",\"Cultura de empresa\",\"Sostenibilidad\",\"Trabajo\"],\"inLanguage\":\"en-US\",\"potentialAction\":[{\"@type\":\"CommentAction\",\"name\":\"Comment\",\"target\":[\"https:\\\/\\\/www.ethikos.es\\\/en\\\/semana-del-agua-y-la-responsabilidad-de-las-empresas\\\/#respond\"]}]},{\"@type\":\"WebPage\",\"@id\":\"https:\\\/\\\/www.ethikos.es\\\/en\\\/semana-del-agua-y-la-responsabilidad-de-las-empresas\\\/\",\"url\":\"https:\\\/\\\/www.ethikos.es\\\/en\\\/semana-del-agua-y-la-responsabilidad-de-las-empresas\\\/\",\"name\":\"Semana del Agua y la responsabilidad de las empresas\",\"isPartOf\":{\"@id\":\"https:\\\/\\\/www.ethikos.es\\\/en\\\/#website\"},\"primaryImageOfPage\":{\"@id\":\"https:\\\/\\\/www.ethikos.es\\\/en\\\/semana-del-agua-y-la-responsabilidad-de-las-empresas\\\/#primaryimage\"},\"image\":{\"@id\":\"https:\\\/\\\/www.ethikos.es\\\/en\\\/semana-del-agua-y-la-responsabilidad-de-las-empresas\\\/#primaryimage\"},\"thumbnailUrl\":\"https:\\\/\\\/www.ethikos.es\\\/wp-content\\\/uploads\\\/2022\\\/08\\\/Agua-y-empresa.png\",\"datePublished\":\"2022-08-23T10:13:52+00:00\",\"dateModified\":\"2022-08-23T10:52:38+00:00\",\"description\":\"La semana mundial del agua se celebra para reflexionar sobre los problemas de la falta del agua en el mundo.\",\"breadcrumb\":{\"@id\":\"https:\\\/\\\/www.ethikos.es\\\/en\\\/semana-del-agua-y-la-responsabilidad-de-las-empresas\\\/#breadcrumb\"},\"inLanguage\":\"en-US\",\"potentialAction\":[{\"@type\":\"ReadAction\",\"target\":[\"https:\\\/\\\/www.ethikos.es\\\/en\\\/semana-del-agua-y-la-responsabilidad-de-las-empresas\\\/\"]}]},{\"@type\":\"ImageObject\",\"inLanguage\":\"en-US\",\"@id\":\"https:\\\/\\\/www.ethikos.es\\\/en\\\/semana-del-agua-y-la-responsabilidad-de-las-empresas\\\/#primaryimage\",\"url\":\"https:\\\/\\\/www.ethikos.es\\\/wp-content\\\/uploads\\\/2022\\\/08\\\/Agua-y-empresa.png\",\"contentUrl\":\"https:\\\/\\\/www.ethikos.es\\\/wp-content\\\/uploads\\\/2022\\\/08\\\/Agua-y-empresa.png\",\"width\":960,\"height\":540,\"caption\":\"agua y empresa\"},{\"@type\":\"BreadcrumbList\",\"@id\":\"https:\\\/\\\/www.ethikos.es\\\/en\\\/semana-del-agua-y-la-responsabilidad-de-las-empresas\\\/#breadcrumb\",\"itemListElement\":[{\"@type\":\"ListItem\",\"position\":1,\"name\":\"Portada\",\"item\":\"https:\\\/\\\/www.ethikos.es\\\/\"},{\"@type\":\"ListItem\",\"position\":2,\"name\":\"Semana del agua y la responsabilidad de las empresas\"}]},{\"@type\":\"WebSite\",\"@id\":\"https:\\\/\\\/www.ethikos.es\\\/en\\\/#website\",\"url\":\"https:\\\/\\\/www.ethikos.es\\\/en\\\/\",\"name\":\"Ethikos 3.0\",\"description\":\"Ethikos es una consultora de transformaci\u00f3n organizacional especializada en cultura empresarial, liderazgo consciente y selecci\u00f3n por valores.\",\"publisher\":{\"@id\":\"https:\\\/\\\/www.ethikos.es\\\/en\\\/#organization\"},\"alternateName\":\"Ethikos Consultor\u00eda\",\"potentialAction\":[{\"@type\":\"SearchAction\",\"target\":{\"@type\":\"EntryPoint\",\"urlTemplate\":\"https:\\\/\\\/www.ethikos.es\\\/en\\\/?s={search_term_string}\"},\"query-input\":{\"@type\":\"PropertyValueSpecification\",\"valueRequired\":true,\"valueName\":\"search_term_string\"}}],\"inLanguage\":\"en-US\"},{\"@type\":\"Organization\",\"@id\":\"https:\\\/\\\/www.ethikos.es\\\/en\\\/#organization\",\"name\":\"Ethikos 3.0\",\"url\":\"https:\\\/\\\/www.ethikos.es\\\/en\\\/\",\"logo\":{\"@type\":\"ImageObject\",\"inLanguage\":\"en-US\",\"@id\":\"https:\\\/\\\/www.ethikos.es\\\/en\\\/#\\\/schema\\\/logo\\\/image\\\/\",\"url\":\"https:\\\/\\\/www.ethikos.es\\\/wp-content\\\/uploads\\\/2019\\\/01\\\/43606559961_5f343a820a_o.png\",\"contentUrl\":\"https:\\\/\\\/www.ethikos.es\\\/wp-content\\\/uploads\\\/2019\\\/01\\\/43606559961_5f343a820a_o.png\",\"width\":646,\"height\":218,\"caption\":\"Ethikos 3.0\"},\"image\":{\"@id\":\"https:\\\/\\\/www.ethikos.es\\\/en\\\/#\\\/schema\\\/logo\\\/image\\\/\"},\"sameAs\":[\"http:\\\/\\\/www.facebook.com\\\/ethikos.es\\\/\",\"https:\\\/\\\/x.com\\\/Ethikos30\",\"https:\\\/\\\/www.instagram.com\\\/ethikos_3.0\\\/\",\"https:\\\/\\\/www.linkedin.com\\\/company\\\/ethikos-3-0\\\/\"]},{\"@type\":\"Person\",\"@id\":\"https:\\\/\\\/www.ethikos.es\\\/en\\\/#\\\/schema\\\/person\\\/42497927bf7dc4ec49272f9539b73c09\",\"name\":\"alexandra.guldberg\",\"image\":{\"@type\":\"ImageObject\",\"inLanguage\":\"en-US\",\"@id\":\"https:\\\/\\\/secure.gravatar.com\\\/avatar\\\/2759471252d647c5a026aa036549973b6f0f211daaf0268da6d017a68aeda83e?s=96&d=mm&r=g\",\"url\":\"https:\\\/\\\/secure.gravatar.com\\\/avatar\\\/2759471252d647c5a026aa036549973b6f0f211daaf0268da6d017a68aeda83e?s=96&d=mm&r=g\",\"contentUrl\":\"https:\\\/\\\/secure.gravatar.com\\\/avatar\\\/2759471252d647c5a026aa036549973b6f0f211daaf0268da6d017a68aeda83e?s=96&d=mm&r=g\",\"caption\":\"alexandra.guldberg\"}}]}<\/script>\n<!-- \/ Yoast SEO plugin. -->","yoast_head_json":{"title":"Semana del Agua y la responsabilidad de las empresas","description":"La semana mundial del agua se celebra para reflexionar sobre los problemas de la falta del agua en el mundo.","robots":{"index":"index","follow":"follow","max-snippet":"max-snippet:-1","max-image-preview":"max-image-preview:large","max-video-preview":"max-video-preview:-1"},"canonical":"https:\/\/www.ethikos.es\/en\/semana-del-agua-y-la-responsabilidad-de-las-empresas\/","og_locale":"en_US","og_type":"article","og_title":"Semana del Agua y la responsabilidad de las empresas","og_description":"La semana mundial del agua se celebra para reflexionar sobre los problemas de la falta del agua en el mundo.","og_url":"https:\/\/www.ethikos.es\/en\/semana-del-agua-y-la-responsabilidad-de-las-empresas\/","og_site_name":"Ethikos","article_publisher":"http:\/\/www.facebook.com\/ethikos.es\/","article_published_time":"2022-08-23T10:13:52+00:00","article_modified_time":"2022-08-23T10:52:38+00:00","og_image":[{"width":960,"height":540,"url":"https:\/\/www.ethikos.es\/wp-content\/uploads\/2022\/08\/Agua-y-empresa.png","type":"image\/png"}],"author":"alexandra.guldberg","twitter_card":"summary_large_image","twitter_creator":"@Ethikos30","twitter_site":"@Ethikos30","twitter_misc":{"Written by":"alexandra.guldberg","Est. reading time":"7 minutes"},"schema":{"@context":"https:\/\/schema.org","@graph":[{"@type":"Article","@id":"https:\/\/www.ethikos.es\/en\/semana-del-agua-y-la-responsabilidad-de-las-empresas\/#article","isPartOf":{"@id":"https:\/\/www.ethikos.es\/en\/semana-del-agua-y-la-responsabilidad-de-las-empresas\/"},"author":{"name":"alexandra.guldberg","@id":"https:\/\/www.ethikos.es\/en\/#\/schema\/person\/42497927bf7dc4ec49272f9539b73c09"},"headline":"Semana del agua y la responsabilidad de las empresas","datePublished":"2022-08-23T10:13:52+00:00","dateModified":"2022-08-23T10:52:38+00:00","mainEntityOfPage":{"@id":"https:\/\/www.ethikos.es\/en\/semana-del-agua-y-la-responsabilidad-de-las-empresas\/"},"wordCount":1471,"commentCount":1,"publisher":{"@id":"https:\/\/www.ethikos.es\/en\/#organization"},"image":{"@id":"https:\/\/www.ethikos.es\/en\/semana-del-agua-y-la-responsabilidad-de-las-empresas\/#primaryimage"},"thumbnailUrl":"https:\/\/www.ethikos.es\/wp-content\/uploads\/2022\/08\/Agua-y-empresa.png","keywords":["agua2022","criteriosesg","esg","ethikos","Nakedculture","Selecci\u00f3nporvalores","semanadelagua22","sostenibilidad"],"articleSection":["Blog","Cultura de empresa","Sostenibilidad","Trabajo"],"inLanguage":"en-US","potentialAction":[{"@type":"CommentAction","name":"Comment","target":["https:\/\/www.ethikos.es\/en\/semana-del-agua-y-la-responsabilidad-de-las-empresas\/#respond"]}]},{"@type":"WebPage","@id":"https:\/\/www.ethikos.es\/en\/semana-del-agua-y-la-responsabilidad-de-las-empresas\/","url":"https:\/\/www.ethikos.es\/en\/semana-del-agua-y-la-responsabilidad-de-las-empresas\/","name":"Semana del Agua y la responsabilidad de las empresas","isPartOf":{"@id":"https:\/\/www.ethikos.es\/en\/#website"},"primaryImageOfPage":{"@id":"https:\/\/www.ethikos.es\/en\/semana-del-agua-y-la-responsabilidad-de-las-empresas\/#primaryimage"},"image":{"@id":"https:\/\/www.ethikos.es\/en\/semana-del-agua-y-la-responsabilidad-de-las-empresas\/#primaryimage"},"thumbnailUrl":"https:\/\/www.ethikos.es\/wp-content\/uploads\/2022\/08\/Agua-y-empresa.png","datePublished":"2022-08-23T10:13:52+00:00","dateModified":"2022-08-23T10:52:38+00:00","description":"La semana mundial del agua se celebra para reflexionar sobre los problemas de la falta del agua en el mundo.","breadcrumb":{"@id":"https:\/\/www.ethikos.es\/en\/semana-del-agua-y-la-responsabilidad-de-las-empresas\/#breadcrumb"},"inLanguage":"en-US","potentialAction":[{"@type":"ReadAction","target":["https:\/\/www.ethikos.es\/en\/semana-del-agua-y-la-responsabilidad-de-las-empresas\/"]}]},{"@type":"ImageObject","inLanguage":"en-US","@id":"https:\/\/www.ethikos.es\/en\/semana-del-agua-y-la-responsabilidad-de-las-empresas\/#primaryimage","url":"https:\/\/www.ethikos.es\/wp-content\/uploads\/2022\/08\/Agua-y-empresa.png","contentUrl":"https:\/\/www.ethikos.es\/wp-content\/uploads\/2022\/08\/Agua-y-empresa.png","width":960,"height":540,"caption":"agua y empresa"},{"@type":"BreadcrumbList","@id":"https:\/\/www.ethikos.es\/en\/semana-del-agua-y-la-responsabilidad-de-las-empresas\/#breadcrumb","itemListElement":[{"@type":"ListItem","position":1,"name":"Portada","item":"https:\/\/www.ethikos.es\/"},{"@type":"ListItem","position":2,"name":"Semana del agua y la responsabilidad de las empresas"}]},{"@type":"WebSite","@id":"https:\/\/www.ethikos.es\/en\/#website","url":"https:\/\/www.ethikos.es\/en\/","name":"Ethikos 3.0","description":"Ethikos es una consultora de transformaci\u00f3n organizacional especializada en cultura empresarial, liderazgo consciente y selecci\u00f3n por valores.","publisher":{"@id":"https:\/\/www.ethikos.es\/en\/#organization"},"alternateName":"Ethikos Consultor\u00eda","potentialAction":[{"@type":"SearchAction","target":{"@type":"EntryPoint","urlTemplate":"https:\/\/www.ethikos.es\/en\/?s={search_term_string}"},"query-input":{"@type":"PropertyValueSpecification","valueRequired":true,"valueName":"search_term_string"}}],"inLanguage":"en-US"},{"@type":"Organization","@id":"https:\/\/www.ethikos.es\/en\/#organization","name":"Ethikos 3.0","url":"https:\/\/www.ethikos.es\/en\/","logo":{"@type":"ImageObject","inLanguage":"en-US","@id":"https:\/\/www.ethikos.es\/en\/#\/schema\/logo\/image\/","url":"https:\/\/www.ethikos.es\/wp-content\/uploads\/2019\/01\/43606559961_5f343a820a_o.png","contentUrl":"https:\/\/www.ethikos.es\/wp-content\/uploads\/2019\/01\/43606559961_5f343a820a_o.png","width":646,"height":218,"caption":"Ethikos 3.0"},"image":{"@id":"https:\/\/www.ethikos.es\/en\/#\/schema\/logo\/image\/"},"sameAs":["http:\/\/www.facebook.com\/ethikos.es\/","https:\/\/x.com\/Ethikos30","https:\/\/www.instagram.com\/ethikos_3.0\/","https:\/\/www.linkedin.com\/company\/ethikos-3-0\/"]},{"@type":"Person","@id":"https:\/\/www.ethikos.es\/en\/#\/schema\/person\/42497927bf7dc4ec49272f9539b73c09","name":"alexandra.guldberg","image":{"@type":"ImageObject","inLanguage":"en-US","@id":"https:\/\/secure.gravatar.com\/avatar\/2759471252d647c5a026aa036549973b6f0f211daaf0268da6d017a68aeda83e?s=96&d=mm&r=g","url":"https:\/\/secure.gravatar.com\/avatar\/2759471252d647c5a026aa036549973b6f0f211daaf0268da6d017a68aeda83e?s=96&d=mm&r=g","contentUrl":"https:\/\/secure.gravatar.com\/avatar\/2759471252d647c5a026aa036549973b6f0f211daaf0268da6d017a68aeda83e?s=96&d=mm&r=g","caption":"alexandra.guldberg"}}]}},"_links":{"self":[{"href":"https:\/\/www.ethikos.es\/en\/wp-json\/wp\/v2\/posts\/18350","targetHints":{"allow":["GET"]}}],"collection":[{"href":"https:\/\/www.ethikos.es\/en\/wp-json\/wp\/v2\/posts"}],"about":[{"href":"https:\/\/www.ethikos.es\/en\/wp-json\/wp\/v2\/types\/post"}],"author":[{"embeddable":true,"href":"https:\/\/www.ethikos.es\/en\/wp-json\/wp\/v2\/users\/21"}],"replies":[{"embeddable":true,"href":"https:\/\/www.ethikos.es\/en\/wp-json\/wp\/v2\/comments?post=18350"}],"version-history":[{"count":0,"href":"https:\/\/www.ethikos.es\/en\/wp-json\/wp\/v2\/posts\/18350\/revisions"}],"wp:featuredmedia":[{"embeddable":true,"href":"https:\/\/www.ethikos.es\/en\/wp-json\/wp\/v2\/media\/18358"}],"wp:attachment":[{"href":"https:\/\/www.ethikos.es\/en\/wp-json\/wp\/v2\/media?parent=18350"}],"wp:term":[{"taxonomy":"category","embeddable":true,"href":"https:\/\/www.ethikos.es\/en\/wp-json\/wp\/v2\/categories?post=18350"},{"taxonomy":"post_tag","embeddable":true,"href":"https:\/\/www.ethikos.es\/en\/wp-json\/wp\/v2\/tags?post=18350"}],"curies":[{"name":"wp","href":"https:\/\/api.w.org\/{rel}","templated":true}]}}