{"id":18514,"date":"2022-10-13T12:07:42","date_gmt":"2022-10-13T10:07:42","guid":{"rendered":"https:\/\/www.ethikos.es\/?p=18514"},"modified":"2022-10-13T13:54:40","modified_gmt":"2022-10-13T11:54:40","slug":"salud-mental-de-ceos","status":"publish","type":"post","link":"https:\/\/www.ethikos.es\/en\/salud-mental-de-ceos\/","title":{"rendered":"\u00bfCEOs con sentimientos? Salud mental y liderazgo"},"content":{"rendered":"<p class=\"reader-text-block__paragraph\">\u00bfY qui\u00e9n piensa en la salud mental de las y los CEOs?<\/p>\n<p class=\"reader-text-block__paragraph\">En los \u00faltimos a\u00f1os las organizaciones han puesto el foco en la salud y el bienestar de las personas trabajadoras. Sobre todo despu\u00e9s de la pandemia se ha empezado a tomar mayor importancia a la salud mental, donde las organizaciones m\u00e1s reconocidas han buscado invertir el m\u00e1ximo de sus esfuerzos.<\/p>\n<p class=\"reader-text-block__paragraph\">As\u00ed, mientras que el bienestar de las personas trabajadoras se ha convertido en un punto clave en las empresas, a menudo se descuida el apoyo a la salud mental de CEOs, equipos de liderazgo y direcciones generales.<\/p>\n<h3 class=\"reader-text-block__heading2\">Datos a tomar en cuenta<\/h3>\n<p class=\"reader-text-block__paragraph\">Un estudio sobre\u00a0<a href=\"https:\/\/www.econstor.eu\/bitstream\/10419\/240469\/1\/wp1326.pdf\">la salud de CEOs y gobierno corporativo<\/a>, examin\u00f3 la salud mental de CEOs en Suecia donde se les comparaba con la poblaci\u00f3n en general en un periodo de 15 a\u00f1os. Se encontr\u00f3 que, durante \u00e9pocas econ\u00f3micas estables estos cargos gozan de una salud mental mejor que el promedio.<\/p>\n<p class=\"reader-text-block__paragraph\">Sin embargo, pasa lo contrario en \u00e9pocas de crisis. Si tomamos en cuenta el Covid, la guerra, las crisis econ\u00f3micas y la recesi\u00f3n que estamos atravesando, el mismo estudio demuestra datos impactantes: \u201cLas tasas de mortalidad de CEOs aumenta si la empresa atraviesa una crisis\u201d<\/p>\n<p class=\"reader-text-block__paragraph\">As\u00ed mismo, un estudio de Deloitte en 2022 afirma que cerca del 70% de los altos ejecutivos est\u00e1 pensando seriamente en dejar sus empleos, en su gran mayor\u00eda para cuidar su salud mental. El 57% dijo que tuvo lo suficiente como para renunciar, el 76% dijo que la pandemia tuvo un impacto negativo en todos los niveles de su salud y el 80% dijo que mejorar su salud mental era m\u00e1s importante que su carrera.<\/p>\n<h3 class=\"reader-text-block__heading2\">\u00bfQu\u00e9 est\u00e1 pasando con lxs CEO\u2019s?<\/h3>\n<p class=\"reader-text-block__paragraph\">La psicolog\u00eda explica esta realidad a los rasgos de car\u00e1cter y a los atributos psicol\u00f3gicos que se le atribuyen a los grandes l\u00edderes. Atributos como ser excelentes multitareas y planificadores de futuro, que siempre se preparan para los peores escenarios. Suelen identificarse a s\u00ed mismos como hiper vigilantes para garantizar la alta calidad en todo momento, afectando as\u00ed a los niveles de ansiedad.<\/p>\n<p class=\"reader-text-block__paragraph\">Adem\u00e1s, se sienten responsables de la reputaci\u00f3n y el estado de \u00e1nimo de toda la organizaci\u00f3n, lo que puede resultar negativo para la salud mental de CEO\u2019s. A esto se une la sensaci\u00f3n que tienen que presentarse como fuertes, capaces, al mando y con el control. Sentimientos que muchas veces estas mismas personas no toman en cuenta.<\/p>\n<p class=\"reader-text-block__paragraph\">Por todo ello, a nivel CEO puede ser dif\u00edcil encontrar a alguien con quien hablar o compartir la carga. Sin embargo, al igual que muchos aspectos de la organizaci\u00f3n, el autocuidado y la priorizaci\u00f3n de la salud mental es una cuesti\u00f3n de liderazgo y debe comenzar en lo m\u00e1s alto.<\/p>\n<p class=\"reader-text-block__paragraph\">Desde este foco, la vulnerabilidad es una cosa que a CEO\u2019s les cuesta practicar, se convierte en un poder que quiz\u00e1 se les escapa de las manos y que la sociedad a\u00fan no est\u00e1 acostumbrada a percibir, incluso desde este entorno de poder. Por ello, la pregunta sigue ah\u00ed: \u00bfEst\u00e1 preparada la sociedad para un\/una CEO vulnerable?<\/p>\n<h3 class=\"reader-text-block__heading2\">CEO\u2019s \u00bfC\u00f3mo promover la propia salud mental en momentos de crisis?<\/h3>\n<p class=\"reader-text-block__paragraph\"><strong>1. Ac\u00e9ptate vulnerable y busca con quien hablar de ello.<\/strong><\/p>\n<p class=\"reader-text-block__paragraph\">La vulnerabilidad en los puestos de CEO sigue siendo un taboo. Buscar ayuda profesional en estos casos suele ser un gran apoyo para gestionar tus emociones. Perm\u00edtete cometer errores, tomar riesgos. Ser capaz de aceptar que no siempre se tienen todas las respuestas es una forma de liderazgo efectivo.<\/p>\n<p class=\"reader-text-block__paragraph\"><strong>2. Promueve la cultura de salud mental en tu organizaci\u00f3n.<\/strong><\/p>\n<p class=\"reader-text-block__paragraph\">Crea una cultura de aprendizaje y crecimiento en toda la organizaci\u00f3n, donde las personas se sienten c\u00f3modas para compartir ideas (incluso si no son perfectas) ayudan a desarrollar estrategias de manera conjunta.<\/p>\n<p class=\"reader-text-block__paragraph\"><strong>3. Capacita a tu plantilla<\/strong><\/p>\n<p class=\"reader-text-block__paragraph\">Formar a las personas trabajadoras y l\u00edderes para que puedan autogestionarse y promover el autocuidado. Recordemos que el mayor activo de cada organizaci\u00f3n es su fuerza laboral, por lo que priorizar su autocuidado y bienestar en todos los niveles de la estructura organizacional, es vital.<\/p>\n<p class=\"reader-text-block__paragraph\"><strong>4. La generosidad y la empat\u00eda.<\/strong><\/p>\n<p class=\"reader-text-block__paragraph\">Una de las mejores formas de ayudar a mejorar tu salud mental es ser generoso y emp\u00e1tico con el entorno. Invertir en poder contribuir a las nuevas demandas sociales como el cambio clim\u00e1tico, la diversidad, etc. es indispensable. Te recomendamos que le eches un vistazo a los ODS 2030 y elige uno en el que creas que tu empresa pueda contribuir.<\/p>\n<p class=\"reader-text-block__paragraph\"><strong>5. Date un tiempo.<\/strong><\/p>\n<p class=\"reader-text-block__paragraph\">Muchas veces la presi\u00f3n y las cargas hacen que renunciemos al descanso y actividades que nos gustan. Aunque parezca algo muy simple, muchas veces hay que record\u00e1rselo a los y las CEOs. Date ese tiempo para hacer eso que te relaja y hace feliz.<\/p>\n<p class=\"reader-text-block__paragraph\"><strong>6. \u00bfQu\u00e9 podemos hacer todas las personas del entorno laboral?<\/strong><\/p>\n<p class=\"reader-text-block__paragraph\">Reevaluemos nuestras perspectivas y trabajemos la empat\u00eda. A veces nos cuesta empatizar con las personas en altos cargos, pero recordemos que tambi\u00e9n son personas y que todos y todas tenemos experiencias que pueden afectar nuestra salud mental.<\/p>\n<p class=\"reader-text-block__paragraph\">Un \u00faltimo consejo de Marina Go, ex directora de Hearst Australia:<\/p>\n<p class=\"reader-text-block__paragraph\"><em>\u00abPodemos compararlo con las aerol\u00edneas cuando dicen que, en caso de emergencia, tenemos que ponernos primero las propias m\u00e1scaras de ox\u00edgeno antes de atender al resto del equipo\u201d<\/em><\/p>\n<p class=\"reader-text-block__paragraph\">By Katherine Tanta &#8211; Community Manager and Sales<\/p>\n<p class=\"reader-text-block__paragraph\"><strong>CEO: \u00bfHace tiempo que quieres cambiar de carrera? en Ethikos sabemos que los gustos, hobbies e intereses cambian. Por ello hemos desarrollado un programa donde te guiamos en todo el proceso:\u00a0<\/strong><a href=\"https:\/\/www.ethikos.es\/formulario-informacion-careersupport\/\"><strong>Contacta con nuestro equipo para saber m\u00e1s sobre nuestro servicio de Career support.<\/strong><\/a><\/p>\n<p class=\"reader-text-block__paragraph\"><strong>Contacta con nuestro equipo para conocer todas nuestras formaciones de liderazgo\u00a0<\/strong><a href=\"https:\/\/www.ethikos.es\/servicios-de-ethikos\/\"><strong>aqu\u00ed.<\/strong><\/a><\/p>","protected":false},"excerpt":{"rendered":"<p>\u00bfY qui\u00e9n piensa en la salud mental de las y los CEOs? En los \u00faltimos a\u00f1os las organizaciones han puesto el foco en la salud y el bienestar de las personas trabajadoras. Sobre todo despu\u00e9s de la pandemia se ha empezado a tomar mayor importancia a la salud mental, donde las organizaciones m\u00e1s reconocidas han [&hellip;]<\/p>\n","protected":false},"author":21,"featured_media":18516,"comment_status":"open","ping_status":"closed","sticky":false,"template":"","format":"standard","meta":{"_exactmetrics_skip_tracking":false,"_exactmetrics_sitenote_active":false,"_exactmetrics_sitenote_note":"","_exactmetrics_sitenote_category":0,"footnotes":""},"categories":[151,142,139,705],"tags":[],"class_list":["post-18514","post","type-post","status-publish","format-standard","has-post-thumbnail","hentry","category-blog","category-cultura-de-empresa","category-rrhh","category-trabajo"],"yoast_head":"<!-- This site is optimized with the Yoast SEO plugin v27.5 - https:\/\/yoast.com\/product\/yoast-seo-wordpress\/ -->\n<title>T\u00edtulo P\u00e1gina | Consultora de talento y selecci\u00f3n de personal | Ethikos &#8212; Ethikos<\/title>\n<meta name=\"description\" content=\"La salud mental se ha convertido en un punto clave en las empresas, pero en su mayor\u00eda se descuida el apoyo a la salud mental de CEOs.\" \/>\n<meta name=\"robots\" content=\"index, follow, max-snippet:-1, max-image-preview:large, max-video-preview:-1\" \/>\n<link rel=\"canonical\" href=\"https:\/\/www.ethikos.es\/en\/salud-mental-de-ceos\/\" \/>\n<meta property=\"og:locale\" content=\"en_US\" \/>\n<meta property=\"og:type\" content=\"article\" \/>\n<meta property=\"og:title\" content=\"T\u00edtulo P\u00e1gina | Consultora de talento y selecci\u00f3n de personal | Ethikos &#8212; Ethikos\" \/>\n<meta property=\"og:description\" content=\"La salud mental se ha convertido en un punto clave en las empresas, pero en su mayor\u00eda se descuida el apoyo a la salud mental de CEOs.\" \/>\n<meta property=\"og:url\" content=\"https:\/\/www.ethikos.es\/en\/salud-mental-de-ceos\/\" \/>\n<meta property=\"og:site_name\" content=\"Ethikos\" \/>\n<meta property=\"article:publisher\" content=\"http:\/\/www.facebook.com\/ethikos.es\/\" \/>\n<meta property=\"article:published_time\" content=\"2022-10-13T10:07:42+00:00\" \/>\n<meta property=\"article:modified_time\" content=\"2022-10-13T11:54:40+00:00\" \/>\n<meta property=\"og:image\" content=\"https:\/\/www.ethikos.es\/wp-content\/uploads\/2022\/10\/salud-mental-de-CEOs.png\" \/>\n\t<meta property=\"og:image:width\" content=\"1280\" \/>\n\t<meta property=\"og:image:height\" content=\"720\" \/>\n\t<meta property=\"og:image:type\" content=\"image\/png\" \/>\n<meta name=\"author\" content=\"alexandra.guldberg\" \/>\n<meta name=\"twitter:card\" content=\"summary_large_image\" \/>\n<meta name=\"twitter:creator\" content=\"@Ethikos30\" \/>\n<meta name=\"twitter:site\" content=\"@Ethikos30\" \/>\n<meta name=\"twitter:label1\" content=\"Written by\" \/>\n\t<meta name=\"twitter:data1\" content=\"alexandra.guldberg\" \/>\n\t<meta name=\"twitter:label2\" content=\"Est. reading time\" \/>\n\t<meta name=\"twitter:data2\" content=\"5 minutes\" \/>\n<script type=\"application\/ld+json\" class=\"yoast-schema-graph\">{\"@context\":\"https:\\\/\\\/schema.org\",\"@graph\":[{\"@type\":\"Article\",\"@id\":\"https:\\\/\\\/www.ethikos.es\\\/en\\\/salud-mental-de-ceos\\\/#article\",\"isPartOf\":{\"@id\":\"https:\\\/\\\/www.ethikos.es\\\/en\\\/salud-mental-de-ceos\\\/\"},\"author\":{\"name\":\"alexandra.guldberg\",\"@id\":\"https:\\\/\\\/www.ethikos.es\\\/en\\\/#\\\/schema\\\/person\\\/42497927bf7dc4ec49272f9539b73c09\"},\"headline\":\"\u00bfCEOs con sentimientos? Salud mental y liderazgo\",\"datePublished\":\"2022-10-13T10:07:42+00:00\",\"dateModified\":\"2022-10-13T11:54:40+00:00\",\"mainEntityOfPage\":{\"@id\":\"https:\\\/\\\/www.ethikos.es\\\/en\\\/salud-mental-de-ceos\\\/\"},\"wordCount\":979,\"commentCount\":0,\"publisher\":{\"@id\":\"https:\\\/\\\/www.ethikos.es\\\/en\\\/#organization\"},\"image\":{\"@id\":\"https:\\\/\\\/www.ethikos.es\\\/en\\\/salud-mental-de-ceos\\\/#primaryimage\"},\"thumbnailUrl\":\"https:\\\/\\\/www.ethikos.es\\\/wp-content\\\/uploads\\\/2022\\\/10\\\/salud-mental-de-CEOs.png\",\"articleSection\":[\"Blog\",\"Cultura de empresa\",\"Recursos Humanos\",\"Trabajo\"],\"inLanguage\":\"en-US\",\"potentialAction\":[{\"@type\":\"CommentAction\",\"name\":\"Comment\",\"target\":[\"https:\\\/\\\/www.ethikos.es\\\/en\\\/salud-mental-de-ceos\\\/#respond\"]}]},{\"@type\":\"WebPage\",\"@id\":\"https:\\\/\\\/www.ethikos.es\\\/en\\\/salud-mental-de-ceos\\\/\",\"url\":\"https:\\\/\\\/www.ethikos.es\\\/en\\\/salud-mental-de-ceos\\\/\",\"name\":\"T\u00edtulo P\u00e1gina | Consultora de talento y selecci\u00f3n de personal | Ethikos &#8212; Ethikos\",\"isPartOf\":{\"@id\":\"https:\\\/\\\/www.ethikos.es\\\/en\\\/#website\"},\"primaryImageOfPage\":{\"@id\":\"https:\\\/\\\/www.ethikos.es\\\/en\\\/salud-mental-de-ceos\\\/#primaryimage\"},\"image\":{\"@id\":\"https:\\\/\\\/www.ethikos.es\\\/en\\\/salud-mental-de-ceos\\\/#primaryimage\"},\"thumbnailUrl\":\"https:\\\/\\\/www.ethikos.es\\\/wp-content\\\/uploads\\\/2022\\\/10\\\/salud-mental-de-CEOs.png\",\"datePublished\":\"2022-10-13T10:07:42+00:00\",\"dateModified\":\"2022-10-13T11:54:40+00:00\",\"description\":\"La salud mental se ha convertido en un punto clave en las empresas, pero en su mayor\u00eda se descuida el apoyo a la salud mental de CEOs.\",\"breadcrumb\":{\"@id\":\"https:\\\/\\\/www.ethikos.es\\\/en\\\/salud-mental-de-ceos\\\/#breadcrumb\"},\"inLanguage\":\"en-US\",\"potentialAction\":[{\"@type\":\"ReadAction\",\"target\":[\"https:\\\/\\\/www.ethikos.es\\\/en\\\/salud-mental-de-ceos\\\/\"]}]},{\"@type\":\"ImageObject\",\"inLanguage\":\"en-US\",\"@id\":\"https:\\\/\\\/www.ethikos.es\\\/en\\\/salud-mental-de-ceos\\\/#primaryimage\",\"url\":\"https:\\\/\\\/www.ethikos.es\\\/wp-content\\\/uploads\\\/2022\\\/10\\\/salud-mental-de-CEOs.png\",\"contentUrl\":\"https:\\\/\\\/www.ethikos.es\\\/wp-content\\\/uploads\\\/2022\\\/10\\\/salud-mental-de-CEOs.png\",\"width\":1280,\"height\":720,\"caption\":\"salud mental de CEOs\"},{\"@type\":\"BreadcrumbList\",\"@id\":\"https:\\\/\\\/www.ethikos.es\\\/en\\\/salud-mental-de-ceos\\\/#breadcrumb\",\"itemListElement\":[{\"@type\":\"ListItem\",\"position\":1,\"name\":\"Portada\",\"item\":\"https:\\\/\\\/www.ethikos.es\\\/\"},{\"@type\":\"ListItem\",\"position\":2,\"name\":\"\u00bfCEOs con sentimientos? Salud mental y liderazgo\"}]},{\"@type\":\"WebSite\",\"@id\":\"https:\\\/\\\/www.ethikos.es\\\/en\\\/#website\",\"url\":\"https:\\\/\\\/www.ethikos.es\\\/en\\\/\",\"name\":\"Ethikos 3.0\",\"description\":\"Ethikos es una consultora de transformaci\u00f3n organizacional especializada en cultura empresarial, liderazgo consciente y selecci\u00f3n por valores.\",\"publisher\":{\"@id\":\"https:\\\/\\\/www.ethikos.es\\\/en\\\/#organization\"},\"alternateName\":\"Ethikos Consultor\u00eda\",\"potentialAction\":[{\"@type\":\"SearchAction\",\"target\":{\"@type\":\"EntryPoint\",\"urlTemplate\":\"https:\\\/\\\/www.ethikos.es\\\/en\\\/?s={search_term_string}\"},\"query-input\":{\"@type\":\"PropertyValueSpecification\",\"valueRequired\":true,\"valueName\":\"search_term_string\"}}],\"inLanguage\":\"en-US\"},{\"@type\":\"Organization\",\"@id\":\"https:\\\/\\\/www.ethikos.es\\\/en\\\/#organization\",\"name\":\"Ethikos 3.0\",\"url\":\"https:\\\/\\\/www.ethikos.es\\\/en\\\/\",\"logo\":{\"@type\":\"ImageObject\",\"inLanguage\":\"en-US\",\"@id\":\"https:\\\/\\\/www.ethikos.es\\\/en\\\/#\\\/schema\\\/logo\\\/image\\\/\",\"url\":\"https:\\\/\\\/www.ethikos.es\\\/wp-content\\\/uploads\\\/2019\\\/01\\\/43606559961_5f343a820a_o.png\",\"contentUrl\":\"https:\\\/\\\/www.ethikos.es\\\/wp-content\\\/uploads\\\/2019\\\/01\\\/43606559961_5f343a820a_o.png\",\"width\":646,\"height\":218,\"caption\":\"Ethikos 3.0\"},\"image\":{\"@id\":\"https:\\\/\\\/www.ethikos.es\\\/en\\\/#\\\/schema\\\/logo\\\/image\\\/\"},\"sameAs\":[\"http:\\\/\\\/www.facebook.com\\\/ethikos.es\\\/\",\"https:\\\/\\\/x.com\\\/Ethikos30\",\"https:\\\/\\\/www.instagram.com\\\/ethikos_3.0\\\/\",\"https:\\\/\\\/www.linkedin.com\\\/company\\\/ethikos-3-0\\\/\"]},{\"@type\":\"Person\",\"@id\":\"https:\\\/\\\/www.ethikos.es\\\/en\\\/#\\\/schema\\\/person\\\/42497927bf7dc4ec49272f9539b73c09\",\"name\":\"alexandra.guldberg\",\"image\":{\"@type\":\"ImageObject\",\"inLanguage\":\"en-US\",\"@id\":\"https:\\\/\\\/secure.gravatar.com\\\/avatar\\\/2759471252d647c5a026aa036549973b6f0f211daaf0268da6d017a68aeda83e?s=96&d=mm&r=g\",\"url\":\"https:\\\/\\\/secure.gravatar.com\\\/avatar\\\/2759471252d647c5a026aa036549973b6f0f211daaf0268da6d017a68aeda83e?s=96&d=mm&r=g\",\"contentUrl\":\"https:\\\/\\\/secure.gravatar.com\\\/avatar\\\/2759471252d647c5a026aa036549973b6f0f211daaf0268da6d017a68aeda83e?s=96&d=mm&r=g\",\"caption\":\"alexandra.guldberg\"}}]}<\/script>\n<!-- \/ Yoast SEO plugin. -->","yoast_head_json":{"title":"T\u00edtulo P\u00e1gina | Consultora de talento y selecci\u00f3n de personal | Ethikos &#8212; Ethikos","description":"La salud mental se ha convertido en un punto clave en las empresas, pero en su mayor\u00eda se descuida el apoyo a la salud mental de CEOs.","robots":{"index":"index","follow":"follow","max-snippet":"max-snippet:-1","max-image-preview":"max-image-preview:large","max-video-preview":"max-video-preview:-1"},"canonical":"https:\/\/www.ethikos.es\/en\/salud-mental-de-ceos\/","og_locale":"en_US","og_type":"article","og_title":"T\u00edtulo P\u00e1gina | Consultora de talento y selecci\u00f3n de personal | Ethikos &#8212; Ethikos","og_description":"La salud mental se ha convertido en un punto clave en las empresas, pero en su mayor\u00eda se descuida el apoyo a la salud mental de CEOs.","og_url":"https:\/\/www.ethikos.es\/en\/salud-mental-de-ceos\/","og_site_name":"Ethikos","article_publisher":"http:\/\/www.facebook.com\/ethikos.es\/","article_published_time":"2022-10-13T10:07:42+00:00","article_modified_time":"2022-10-13T11:54:40+00:00","og_image":[{"width":1280,"height":720,"url":"https:\/\/www.ethikos.es\/wp-content\/uploads\/2022\/10\/salud-mental-de-CEOs.png","type":"image\/png"}],"author":"alexandra.guldberg","twitter_card":"summary_large_image","twitter_creator":"@Ethikos30","twitter_site":"@Ethikos30","twitter_misc":{"Written by":"alexandra.guldberg","Est. reading time":"5 minutes"},"schema":{"@context":"https:\/\/schema.org","@graph":[{"@type":"Article","@id":"https:\/\/www.ethikos.es\/en\/salud-mental-de-ceos\/#article","isPartOf":{"@id":"https:\/\/www.ethikos.es\/en\/salud-mental-de-ceos\/"},"author":{"name":"alexandra.guldberg","@id":"https:\/\/www.ethikos.es\/en\/#\/schema\/person\/42497927bf7dc4ec49272f9539b73c09"},"headline":"\u00bfCEOs con sentimientos? Salud mental y liderazgo","datePublished":"2022-10-13T10:07:42+00:00","dateModified":"2022-10-13T11:54:40+00:00","mainEntityOfPage":{"@id":"https:\/\/www.ethikos.es\/en\/salud-mental-de-ceos\/"},"wordCount":979,"commentCount":0,"publisher":{"@id":"https:\/\/www.ethikos.es\/en\/#organization"},"image":{"@id":"https:\/\/www.ethikos.es\/en\/salud-mental-de-ceos\/#primaryimage"},"thumbnailUrl":"https:\/\/www.ethikos.es\/wp-content\/uploads\/2022\/10\/salud-mental-de-CEOs.png","articleSection":["Blog","Cultura de empresa","Recursos Humanos","Trabajo"],"inLanguage":"en-US","potentialAction":[{"@type":"CommentAction","name":"Comment","target":["https:\/\/www.ethikos.es\/en\/salud-mental-de-ceos\/#respond"]}]},{"@type":"WebPage","@id":"https:\/\/www.ethikos.es\/en\/salud-mental-de-ceos\/","url":"https:\/\/www.ethikos.es\/en\/salud-mental-de-ceos\/","name":"T\u00edtulo P\u00e1gina | Consultora de talento y selecci\u00f3n de personal | Ethikos &#8212; Ethikos","isPartOf":{"@id":"https:\/\/www.ethikos.es\/en\/#website"},"primaryImageOfPage":{"@id":"https:\/\/www.ethikos.es\/en\/salud-mental-de-ceos\/#primaryimage"},"image":{"@id":"https:\/\/www.ethikos.es\/en\/salud-mental-de-ceos\/#primaryimage"},"thumbnailUrl":"https:\/\/www.ethikos.es\/wp-content\/uploads\/2022\/10\/salud-mental-de-CEOs.png","datePublished":"2022-10-13T10:07:42+00:00","dateModified":"2022-10-13T11:54:40+00:00","description":"La salud mental se ha convertido en un punto clave en las empresas, pero en su mayor\u00eda se descuida el apoyo a la salud mental de CEOs.","breadcrumb":{"@id":"https:\/\/www.ethikos.es\/en\/salud-mental-de-ceos\/#breadcrumb"},"inLanguage":"en-US","potentialAction":[{"@type":"ReadAction","target":["https:\/\/www.ethikos.es\/en\/salud-mental-de-ceos\/"]}]},{"@type":"ImageObject","inLanguage":"en-US","@id":"https:\/\/www.ethikos.es\/en\/salud-mental-de-ceos\/#primaryimage","url":"https:\/\/www.ethikos.es\/wp-content\/uploads\/2022\/10\/salud-mental-de-CEOs.png","contentUrl":"https:\/\/www.ethikos.es\/wp-content\/uploads\/2022\/10\/salud-mental-de-CEOs.png","width":1280,"height":720,"caption":"salud mental de CEOs"},{"@type":"BreadcrumbList","@id":"https:\/\/www.ethikos.es\/en\/salud-mental-de-ceos\/#breadcrumb","itemListElement":[{"@type":"ListItem","position":1,"name":"Portada","item":"https:\/\/www.ethikos.es\/"},{"@type":"ListItem","position":2,"name":"\u00bfCEOs con sentimientos? Salud mental y liderazgo"}]},{"@type":"WebSite","@id":"https:\/\/www.ethikos.es\/en\/#website","url":"https:\/\/www.ethikos.es\/en\/","name":"Ethikos 3.0","description":"Ethikos es una consultora de transformaci\u00f3n organizacional especializada en cultura empresarial, liderazgo consciente y selecci\u00f3n por valores.","publisher":{"@id":"https:\/\/www.ethikos.es\/en\/#organization"},"alternateName":"Ethikos Consultor\u00eda","potentialAction":[{"@type":"SearchAction","target":{"@type":"EntryPoint","urlTemplate":"https:\/\/www.ethikos.es\/en\/?s={search_term_string}"},"query-input":{"@type":"PropertyValueSpecification","valueRequired":true,"valueName":"search_term_string"}}],"inLanguage":"en-US"},{"@type":"Organization","@id":"https:\/\/www.ethikos.es\/en\/#organization","name":"Ethikos 3.0","url":"https:\/\/www.ethikos.es\/en\/","logo":{"@type":"ImageObject","inLanguage":"en-US","@id":"https:\/\/www.ethikos.es\/en\/#\/schema\/logo\/image\/","url":"https:\/\/www.ethikos.es\/wp-content\/uploads\/2019\/01\/43606559961_5f343a820a_o.png","contentUrl":"https:\/\/www.ethikos.es\/wp-content\/uploads\/2019\/01\/43606559961_5f343a820a_o.png","width":646,"height":218,"caption":"Ethikos 3.0"},"image":{"@id":"https:\/\/www.ethikos.es\/en\/#\/schema\/logo\/image\/"},"sameAs":["http:\/\/www.facebook.com\/ethikos.es\/","https:\/\/x.com\/Ethikos30","https:\/\/www.instagram.com\/ethikos_3.0\/","https:\/\/www.linkedin.com\/company\/ethikos-3-0\/"]},{"@type":"Person","@id":"https:\/\/www.ethikos.es\/en\/#\/schema\/person\/42497927bf7dc4ec49272f9539b73c09","name":"alexandra.guldberg","image":{"@type":"ImageObject","inLanguage":"en-US","@id":"https:\/\/secure.gravatar.com\/avatar\/2759471252d647c5a026aa036549973b6f0f211daaf0268da6d017a68aeda83e?s=96&d=mm&r=g","url":"https:\/\/secure.gravatar.com\/avatar\/2759471252d647c5a026aa036549973b6f0f211daaf0268da6d017a68aeda83e?s=96&d=mm&r=g","contentUrl":"https:\/\/secure.gravatar.com\/avatar\/2759471252d647c5a026aa036549973b6f0f211daaf0268da6d017a68aeda83e?s=96&d=mm&r=g","caption":"alexandra.guldberg"}}]}},"_links":{"self":[{"href":"https:\/\/www.ethikos.es\/en\/wp-json\/wp\/v2\/posts\/18514","targetHints":{"allow":["GET"]}}],"collection":[{"href":"https:\/\/www.ethikos.es\/en\/wp-json\/wp\/v2\/posts"}],"about":[{"href":"https:\/\/www.ethikos.es\/en\/wp-json\/wp\/v2\/types\/post"}],"author":[{"embeddable":true,"href":"https:\/\/www.ethikos.es\/en\/wp-json\/wp\/v2\/users\/21"}],"replies":[{"embeddable":true,"href":"https:\/\/www.ethikos.es\/en\/wp-json\/wp\/v2\/comments?post=18514"}],"version-history":[{"count":0,"href":"https:\/\/www.ethikos.es\/en\/wp-json\/wp\/v2\/posts\/18514\/revisions"}],"wp:featuredmedia":[{"embeddable":true,"href":"https:\/\/www.ethikos.es\/en\/wp-json\/wp\/v2\/media\/18516"}],"wp:attachment":[{"href":"https:\/\/www.ethikos.es\/en\/wp-json\/wp\/v2\/media?parent=18514"}],"wp:term":[{"taxonomy":"category","embeddable":true,"href":"https:\/\/www.ethikos.es\/en\/wp-json\/wp\/v2\/categories?post=18514"},{"taxonomy":"post_tag","embeddable":true,"href":"https:\/\/www.ethikos.es\/en\/wp-json\/wp\/v2\/tags?post=18514"}],"curies":[{"name":"wp","href":"https:\/\/api.w.org\/{rel}","templated":true}]}}