{"id":18934,"date":"2023-01-18T13:07:03","date_gmt":"2023-01-18T12:07:03","guid":{"rendered":"https:\/\/www.ethikos.es\/?p=18934"},"modified":"2023-01-23T11:34:54","modified_gmt":"2023-01-23T10:34:54","slug":"la-era-silenciosa-en-las-organizaciones-quiet-quitting-quiet-hiring-quiet-firing","status":"publish","type":"post","link":"https:\/\/www.ethikos.es\/en\/la-era-silenciosa-en-las-organizaciones-quiet-quitting-quiet-hiring-quiet-firing\/","title":{"rendered":"C\u00f3mo afrontar la era silenciosa en las organizaciones"},"content":{"rendered":"<p><span data-contrast=\"auto\">\u00bfLa era silenciosa es el nuevo desafi\u00f3 al que se enfrentan las organizaciones de hoy?<\/span><span data-ccp-props=\"{&quot;201341983&quot;:0,&quot;335559739&quot;:160,&quot;335559740&quot;:259}\">\u00a0<\/span><\/p>\n<h3>FORO DE DAVOS 2023<\/h3>\n<p><span data-contrast=\"auto\">Esta semana se celebra la reuni\u00f3n anual 2023 del Foro Econ\u00f3mico Mundial o como se conoce en castellano \u201cForo de Davos\u201d. El mundo del trabajo est\u00e1 siendo unos de los pilares que est\u00e1n marcando la discusi\u00f3n sobre los desaf\u00edos globales y el talento es parte fundamental.<\/span><span data-ccp-props=\"{&quot;201341983&quot;:0,&quot;335559739&quot;:160,&quot;335559740&quot;:259}\">\u00a0<\/span><\/p>\n<p><span data-contrast=\"auto\">La naturaleza del trabajo est\u00e1 cambiando r\u00e1pidamente, y la pandemia no ha hecho sino acelerar ese hecho. Las organizaciones se enfrentan a retos como una mayor competencia por el talento y su escasez, la recesi\u00f3n econ\u00f3mica y la presi\u00f3n para reducir costes. Esto hace que sea dif\u00edcil atraer a nuevo talento y, al mismo tiempo, conservar a los que ya tienen un buen rendimiento y aptitudes valiosas.\u00a0<\/span><span data-ccp-props=\"{&quot;201341983&quot;:0,&quot;335559739&quot;:160,&quot;335559740&quot;:259}\">\u00a0<\/span><\/p>\n<h3>\u00bfQu\u00e9 es la renuncia silenciosa?<\/h3>\n<p><span data-contrast=\"auto\">Este a\u00f1o, el Foro Econ\u00f3mico Mundial ha contado con un panel dedicado espec\u00edficamente a debatir el fen\u00f3meno de \u201c<\/span><i><span data-contrast=\"auto\">quiet quitting<\/span><\/i><span data-contrast=\"auto\">\u00bb o como se traduce en castellano \u201crenuncia silenciosa\u201d. Una tendencia que sali\u00f3 a flota a ra\u00edz de la pandemia y que se refiere b\u00e1sicamente a que los trabajadores hac\u00edan\u00a0lo m\u00ednimo en su trabajo mientras buscaban uno nuevo. Todo esto se atribu\u00eda al descontento de los empleados y el cambio de valores que se ten\u00eda frente al empleo.<\/span><span data-ccp-props=\"{&quot;201341983&quot;:0,&quot;335559739&quot;:160,&quot;335559740&quot;:259}\">\u00a0<\/span><\/p>\n<p><span data-contrast=\"auto\">As\u00ed mismo, numerosos t\u00e9rminos relacionados con el lugar de trabajo han sido tendencia en el \u00faltimo a\u00f1o y el equipo de personas debe estar muy atenta a ellas.<\/span><span data-ccp-props=\"{&quot;201341983&quot;:0,&quot;335559739&quot;:160,&quot;335559740&quot;:259}\">\u00a0<\/span><\/p>\n<h3>\u00bfQu\u00e9 es el despido silencioso?<\/h3>\n<p><span data-contrast=\"auto\">Poco tiempo despu\u00e9s del nacimiento de <\/span><i><span data-contrast=\"auto\">quiet quitting<\/span><\/i><span data-contrast=\"auto\">, parece que como respuesta apareci\u00f3 el t\u00e9rmino de \u201cdespido silencioso\u201d o <\/span><i><span data-contrast=\"auto\">quiet firing<\/span><\/i><span data-contrast=\"auto\">. Un t\u00e9rmino atribuido a empleadores, refiri\u00e9ndose a que estos en lugar de dar a un empleado informaci\u00f3n sincera y medidas para mejorar, ignoraban sus peticiones de ascensos, mejoras salariales o no les formaban con la esperanza de que se desmoralicen lo suficiente como para renunciar.<\/span><span data-ccp-props=\"{&quot;201341983&quot;:0,&quot;335559739&quot;:160,&quot;335559740&quot;:259}\">\u00a0<\/span><\/p>\n<p><span data-contrast=\"auto\">Por otro lado, hemos visto como un nuevo t\u00e9rmino se ha vuelto tendencia. Hace un par de semanas vimos como los y las expertas de la consultora Gartner nombraban a la \u201ccontrataci\u00f3n silenciosa\u201d o <\/span><i><span data-contrast=\"auto\">quiet hiring<\/span><\/i><span data-contrast=\"auto\"> como una de las principales previsiones laborales para 2023.<\/span><span data-ccp-props=\"{&quot;201341983&quot;:0,&quot;335559739&quot;:160,&quot;335559740&quot;:259}\">\u00a0<\/span><\/p>\n<h3><span data-contrast=\"none\">\u00bfQu\u00e9<\/span><span data-contrast=\"auto\"> es la contrataci\u00f3n silenciosa?<\/span><span data-ccp-props=\"{&quot;201341983&quot;:0,&quot;335559739&quot;:160,&quot;335559740&quot;:259}\">\u00a0<\/span><\/h3>\n<p><i><span data-contrast=\"auto\">\u00abLa contrataci\u00f3n silenciosa es cuando una empresa obtiene nuevo talento sin contratar a nuevos trabajadores a tiempo completo<\/span><\/i><span data-contrast=\"auto\">\u00ab, afirma Emily Rose McRae, d<\/span><span data-contrast=\"none\">irectora <\/span><span data-contrast=\"auto\">de investigaci\u00f3n de Gartner. Esto puede referirse a:<\/span><span data-ccp-props=\"{&quot;201341983&quot;:0,&quot;335559739&quot;:160,&quot;335559740&quot;:259}\">\u00a0<\/span><\/p>\n<ul>\n<li data-leveltext=\"-\" data-font=\"Calibri\" data-listid=\"2\" data-list-defn-props=\"{&quot;335551671&quot;:0,&quot;335552541&quot;:1,&quot;335559684&quot;:-2,&quot;335559685&quot;:720,&quot;335559991&quot;:360,&quot;469769226&quot;:&quot;Calibri&quot;,&quot;469769242&quot;:[8226],&quot;469777803&quot;:&quot;left&quot;,&quot;469777804&quot;:&quot;-&quot;,&quot;469777815&quot;:&quot;hybridMultilevel&quot;}\" aria-setsize=\"-1\" data-aria-posinset=\"0\" data-aria-level=\"1\"><span data-contrast=\"auto\">Asignar al personal actual una mayor responsabilidad fuera de sus actuales funciones o para las que fueron contratados. Por ejemplo, cambiar de funciones o asumir nuevas iniciativas dentro de la empresa.<\/span><span data-ccp-props=\"{&quot;201341983&quot;:0,&quot;335559739&quot;:160,&quot;335559740&quot;:259}\">\u00a0<\/span><\/li>\n<li data-leveltext=\"-\" data-font=\"Calibri\" data-listid=\"2\" data-list-defn-props=\"{&quot;335551671&quot;:0,&quot;335552541&quot;:1,&quot;335559684&quot;:-2,&quot;335559685&quot;:720,&quot;335559991&quot;:360,&quot;469769226&quot;:&quot;Calibri&quot;,&quot;469769242&quot;:[8226],&quot;469777803&quot;:&quot;left&quot;,&quot;469777804&quot;:&quot;-&quot;,&quot;469777815&quot;:&quot;hybridMultilevel&quot;}\" aria-setsize=\"-1\" data-aria-posinset=\"0\" data-aria-level=\"1\"><span data-contrast=\"auto\">Contratar trabajadores temporales, aunque en menor medida.<\/span><span data-ccp-props=\"{&quot;201341983&quot;:0,&quot;335559739&quot;:160,&quot;335559740&quot;:259}\">\u00a0<\/span><\/li>\n<\/ul>\n<p><span data-contrast=\"auto\">\u00bfC\u00f3mo hacer frente a esta realidad?\u00a0<\/span><span data-ccp-props=\"{&quot;201341983&quot;:0,&quot;335559739&quot;:160,&quot;335559740&quot;:259}\">\u00a0<\/span><\/p>\n<p><span data-contrast=\"auto\">Para hacer frente a esta realidad hemos podido extraer algunas reflexiones.<\/span><span data-ccp-props=\"{&quot;201341983&quot;:0,&quot;335559739&quot;:160,&quot;335559740&quot;:259}\">\u00a0<\/span><\/p>\n<h2><b><span data-contrast=\"auto\">Cultura y prop\u00f3sito para combatir el quiet quitting<\/span><\/b><span data-ccp-props=\"{&quot;201341983&quot;:0,&quot;335559739&quot;:160,&quot;335559740&quot;:259}\">\u00a0<\/span><\/h2>\n<p><span data-contrast=\"auto\">En el panel de discusi\u00f3n sobre la renuncia silenciosa en el Foro de Davos, las y los expertos llegaron a una conclusi\u00f3n: lo que los empleados buscan es entrar a una organizaci\u00f3n que cuente con una cultura coherente, busca sentirse parte de ella y que encaje con su prop\u00f3sito. <\/span><span data-ccp-props=\"{&quot;201341983&quot;:0,&quot;335559739&quot;:160,&quot;335559740&quot;:259}\">\u00a0<\/span><\/p>\n<p>Thierry Delaporte, CEO y director general de Wipro Limited afirma que el 50% de los 260.000 trabajadores de su organizaci\u00f3n se incorpor\u00f3 durante la pandemia como respuesta a la \u201cGran Renuncia\u201d. <span data-contrast=\"auto\">Delaporte, <\/span><span data-contrast=\"none\">afirma que el motivo de las personas para trabajar y quedarse en su empresa<\/span><span data-contrast=\"auto\">\u00a0fue ese constante compromiso con crear una cultura y un prop\u00f3sito que identifique a sus colaboradores.<\/span><span data-ccp-props=\"{&quot;201341983&quot;:0,&quot;335559739&quot;:160,&quot;335559740&quot;:259}\">\u00a0<\/span><\/p>\n<p><span data-contrast=\"auto\">As\u00ed mismo, el profesor en la \u00a0Universidad de Pensilvania, Adam Grant, asegura que para evitar este fen\u00f3meno de descontento se debe empezar a discutir el prop\u00f3sito y cultura con los candidatos desde el inicio de su proceso de contrataci\u00f3n e incorporaci\u00f3n.<\/span><span data-ccp-props=\"{&quot;201341983&quot;:0,&quot;335559739&quot;:160,&quot;335559740&quot;:259}\">\u00a0<\/span><\/p>\n<h2><b><span data-contrast=\"none\">Upskilling y Reskilling <\/span><\/b><b><span data-contrast=\"none\">para hacer frente al quiet hiring<\/span><\/b><\/h2>\n<p><span data-contrast=\"auto\">Esta puede ser una forma de hacer frente a la escasez de talento. As\u00ed, <\/span><span data-contrast=\"none\">I<\/span><span data-contrast=\"auto\">nvertir en programas internos de formaci\u00f3n y desarrollo de nuestros colaboradores puede beneficiar a las personas trabajadoras y a nuestra organizaci\u00f3n de distintas maneras.<\/span><span data-ccp-props=\"{&quot;201341983&quot;:0,&quot;335559739&quot;:160,&quot;335559740&quot;:259}\">\u00a0<\/span><\/p>\n<h3><span data-contrast=\"auto\">Desarrollar las cualificaciones de los trabajadores y hacerlos m\u00e1s vers\u00e1tiles<\/span><\/h3>\n<p><span data-contrast=\"auto\">Permiti\u00e9ndoles desempe\u00f1ar diferentes funciones seg\u00fan sea necesario. As\u00ed mismo, los empleadores deben reiterar c\u00f3mo el cambio no s\u00f3lo ayuda a la organizaci\u00f3n, sino tambi\u00e9n a los puntos fuertes y la trayectoria profesional de sus trabajadores.<\/span><\/p>\n<p><span data-contrast=\"auto\">La investigadora de Gartner, McRae, anima a las y los trabajadores a pensar en aprovechar la contrataci\u00f3n silenciosa como una forma de avanzar en sus carreras.<\/span><span data-ccp-props=\"{&quot;201341983&quot;:0,&quot;335559685&quot;:720,&quot;335559739&quot;:160,&quot;335559740&quot;:259}\">\u00a0<\/span><\/p>\n<h3><span data-contrast=\"auto\">Mejorar el compromiso, la motivaci\u00f3n y la retenci\u00f3n de los empleados<\/span><\/h3>\n<p><span data-contrast=\"auto\">Lo que puede reducir a\u00fan m\u00e1s los costes al disminuir la rotaci\u00f3n. Las empresas pueden identificar las funciones clave dentro de la organizaci\u00f3n por las que pueden establecer un proceso de rotaci\u00f3n interna. As\u00ed, podr\u00e1n establecer un proceso claro de selecci\u00f3n y formaci\u00f3n de los empleados para estas funciones, adem\u00e1s de proporcionar apoyo y comunicaci\u00f3n continua para garantizar el \u00e9xito del programa.<\/span><span data-ccp-props=\"{&quot;201341983&quot;:0,&quot;335559739&quot;:160,&quot;335559740&quot;:259}\">\u00a0<\/span><\/p>\n<h3><span data-contrast=\"auto\">Mejora de la retenci\u00f3n<\/span><\/h3>\n<p><span data-contrast=\"auto\">Cuando los empleados sienten que su empresa invierte en su crecimiento y desarrollo, es m\u00e1s probable que est\u00e9n satisfechos con su trabajo y permanezcan m\u00e1s tiempo en la empresa, lo que reduce los costes asociados a la rotaci\u00f3n de personal.<\/span><span data-ccp-props=\"{&quot;201341983&quot;:0,&quot;335559739&quot;:160,&quot;335559740&quot;:259}\">\u00a0<\/span><\/p>\n<h3><span data-contrast=\"auto\">Aumento de la productividad<\/span><\/h3>\n<p><span data-contrast=\"auto\">El perfeccionamiento de los trabajadores actuales puede conducir a un aumento de la productividad a medida que asumen nuevas responsabilidades y se vuelven m\u00e1s eficientes en sus funciones.<\/span><span data-ccp-props=\"{&quot;201341983&quot;:0,&quot;335559739&quot;:160,&quot;335559740&quot;:259}\">\u00a0<\/span><\/p>\n<p><span data-contrast=\"auto\">Si bien es cierto, parte del fen\u00f3meno del <\/span><i><span data-contrast=\"auto\">quiet hiring<\/span><\/i><span data-contrast=\"auto\"> requiere apostar por la creciente rotaci\u00f3n interna. Esto tambi\u00e9n puede frustrar a los trabajadores <\/span><span data-contrast=\"none\">que no desean cambiar sus funciones por unas que no les interesan<\/span><span data-contrast=\"auto\">. Algunos trabajadores pueden preferir permanecer en sus puestos actuales, mientras que otros pueden no estar interesados en las funciones que se les pide que desempe\u00f1en.<\/span><span data-ccp-props=\"{&quot;201341983&quot;:0,&quot;335559739&quot;:160,&quot;335559740&quot;:259}\">\u00a0<\/span><\/p>\n<p><span data-contrast=\"auto\">Sin embargo, esto puede solucionarse con una cultura bien definida, con estrategias de comunicaci\u00f3n y estableciendo objetivos <\/span><span data-contrast=\"none\">claros<\/span><span data-contrast=\"auto\"> para que se obtengan beneficios mutuos.<\/span><span data-ccp-props=\"{&quot;201341983&quot;:0,&quot;335559739&quot;:160,&quot;335559740&quot;:259}\">\u00a0<\/span><\/p>\n<h2><b><span data-contrast=\"none\">Formar en liderazgo para hacer frente al <\/span><\/b><b>quiet firing <\/b><b><span data-contrast=\"none\">y a todas <\/span><\/b><b><span data-contrast=\"none\">las nuevas <\/span><\/b><b><span data-contrast=\"none\">demandas sociales<\/span><\/b><span data-ccp-props=\"{&quot;134233117&quot;:true,&quot;134233118&quot;:true,&quot;201341983&quot;:0,&quot;335559740&quot;:240}\">\u00a0<\/span><\/h2>\n<p><span data-contrast=\"none\">El liderazgo engloba todo lo anteriormente dicho y es el responsable de que todo lo anterior funcione. Las y los expertos del Foro de Davos 2023 afirman que los l\u00edderes no est\u00e1n preparados para el actual mundo laboral. Cada vez m\u00e1s se necesitan l\u00edderes que est\u00e9n formados en diversidad e inclusi\u00f3n, tecnolog\u00edas, cultura y prop\u00f3sito, etc.<\/span><span data-ccp-props=\"{&quot;134233117&quot;:true,&quot;134233118&quot;:true,&quot;201341983&quot;:0,&quot;335559740&quot;:240}\">\u00a0<\/span><\/p>\n<p><span data-ccp-props=\"{&quot;134233117&quot;:true,&quot;134233118&quot;:true,&quot;201341983&quot;:0,&quot;335559740&quot;:240}\">\u00a0<\/span><\/p>\n<p><span data-contrast=\"none\">Finalmente, es importante destacar que estos nombres \u201cde moda\u201d puedan identificar a fen\u00f3menos que han existido desde siempre. Sin embargo, es importante<\/span><span data-contrast=\"none\"> mencionar <\/span><span data-contrast=\"none\">que la tendencia global del empleo es cada vez m\u00e1s fluctuante y est\u00e1 requiriendo cada vez m\u00e1s nuevos m\u00e9todos para hacerle frente a las nuevas realidades.<\/span><span data-ccp-props=\"{&quot;134233117&quot;:true,&quot;134233118&quot;:true,&quot;201341983&quot;:0,&quot;335559740&quot;:240}\">\u00a0<\/span><\/p>\n<p><span data-ccp-props=\"{&quot;134233117&quot;:true,&quot;134233118&quot;:true,&quot;201341983&quot;:0,&quot;335559740&quot;:240}\">\u00a0<\/span><\/p>\n<p><span data-contrast=\"none\">By Katherine Tanta \u2013 Community Manager\u00a0<\/span><span data-ccp-props=\"{&quot;134233117&quot;:true,&quot;134233118&quot;:true,&quot;201341983&quot;:0,&quot;335559740&quot;:240}\"> and Impact Strategiest<\/span><\/p>\n<p><span data-ccp-props=\"{&quot;134233117&quot;:true,&quot;134233118&quot;:true,&quot;201341983&quot;:0,&quot;335559740&quot;:240}\">\u00a0<\/span><\/p>\n<p><span data-contrast=\"auto\">En Ethikos tiene cada vez m\u00e1s sentido lo que hacemos. La cultura, el prop\u00f3sito y talento es la base de nuestra existencia. Por ello, te invitamos a que conozcas m\u00e1s de nuestros <a href=\"https:\/\/www.ethikos.es\/servicios-de-ethikos\/\">servicios<\/a> y <a href=\"https:\/\/www.ethikos.es\/programas-formativos\/\">programas formativos<\/a>\u00a0<\/span><span data-ccp-props=\"{&quot;201341983&quot;:0,&quot;335559739&quot;:160,&quot;335559740&quot;:259}\">\u00a0<\/span><\/p>\n<p><span data-contrast=\"auto\">\u00a1<a href=\"https:\/\/www.ethikos.es\/mensaje-de-contacto\/\">Conversemos<\/a>! Quiz\u00e1 podamos ayudarte.<\/span><\/p>\n<p><span data-contrast=\"auto\">Si quieres seguir lo que est\u00e1 pasando en el mundo del trabajo, inscr\u00edbete a nuestra <a href=\"https:\/\/www.ethikos.es\/formulario-de-inscripcion-a-la-newsletter-de-ethikos\/\">newsletter.\u00a0<\/a><\/span><\/p>\n<p><span data-contrast=\"auto\">No te pierdas nuestro programa formativo en Selecci\u00f3n por valores, pide informaci\u00f3n a:\u00a0<\/span><span data-ccp-props=\"{&quot;201341983&quot;:0,&quot;335559739&quot;:160,&quot;335559740&quot;:259}\"> info@ethikos.es<\/span><\/p>\n<p>Puedes leer temas relacionados, <a href=\"https:\/\/www.ethikos.es\/cambio-de-cultura-organizacional\/\">aqu\u00ed<\/a><\/p>\n","protected":false},"excerpt":{"rendered":"<p>\u00bfLa era silenciosa es el nuevo desafi\u00f3 al que se enfrentan las organizaciones de hoy?\u00a0 FORO DE DAVOS 2023 Esta semana se celebra la reuni\u00f3n anual 2023 del Foro Econ\u00f3mico Mundial o como se conoce en castellano \u201cForo de Davos\u201d. El mundo del trabajo est\u00e1 siendo unos de los pilares que est\u00e1n marcando la discusi\u00f3n [&hellip;]<\/p>\n","protected":false},"author":21,"featured_media":18937,"comment_status":"open","ping_status":"closed","sticky":false,"template":"","format":"standard","meta":{"_exactmetrics_skip_tracking":false,"_exactmetrics_sitenote_active":false,"_exactmetrics_sitenote_note":"","_exactmetrics_sitenote_category":0,"footnotes":""},"categories":[151,142,141,7,139,705],"tags":[784,785,781,779,777,778,783,780,782],"class_list":["post-18934","post","type-post","status-publish","format-standard","has-post-thumbnail","hentry","category-blog","category-cultura-de-empresa","category-gestion-por-valores","category-personal","category-rrhh","category-trabajo","tag-contratacion-silenciosa","tag-despido-silencioso","tag-foro-de-davos-2023","tag-quiet-firing","tag-quiet-hiring","tag-quiet-quitting","tag-renuncia-silenciosa","tag-wef23","tag-world-economic-forum"],"yoast_head":"<!-- This site is optimized with the Yoast SEO plugin v27.5 - https:\/\/yoast.com\/product\/yoast-seo-wordpress\/ -->\n<title>C\u00f3mo afrontar la era silenciosa en las organizaciones<\/title>\n<meta name=\"description\" content=\"\u00bfLa era silenciosa es el nuevo desafi\u00f3 para las organizaciones de hoy? Seguro te suena el quiet quitting, quiet hiring y quiet firing?\" \/>\n<meta name=\"robots\" content=\"index, follow, max-snippet:-1, max-image-preview:large, max-video-preview:-1\" \/>\n<link rel=\"canonical\" href=\"https:\/\/www.ethikos.es\/en\/la-era-silenciosa-en-las-organizaciones-quiet-quitting-quiet-hiring-quiet-firing\/\" \/>\n<meta property=\"og:locale\" content=\"en_US\" \/>\n<meta property=\"og:type\" content=\"article\" \/>\n<meta property=\"og:title\" content=\"C\u00f3mo afrontar la era silenciosa en las organizaciones\" \/>\n<meta property=\"og:description\" content=\"\u00bfLa era silenciosa es el nuevo desafi\u00f3 para las organizaciones de hoy? Seguro te suena el quiet quitting, quiet hiring y quiet firing?\" \/>\n<meta property=\"og:url\" content=\"https:\/\/www.ethikos.es\/en\/la-era-silenciosa-en-las-organizaciones-quiet-quitting-quiet-hiring-quiet-firing\/\" \/>\n<meta property=\"og:site_name\" content=\"Ethikos\" \/>\n<meta property=\"article:publisher\" content=\"http:\/\/www.facebook.com\/ethikos.es\/\" \/>\n<meta property=\"article:published_time\" content=\"2023-01-18T12:07:03+00:00\" \/>\n<meta property=\"article:modified_time\" content=\"2023-01-23T10:34:54+00:00\" \/>\n<meta property=\"og:image\" content=\"https:\/\/www.ethikos.es\/wp-content\/uploads\/2023\/01\/La-era-silenciosa-1030x579.png\" \/>\n\t<meta property=\"og:image:width\" content=\"1030\" \/>\n\t<meta property=\"og:image:height\" content=\"579\" \/>\n\t<meta property=\"og:image:type\" content=\"image\/png\" \/>\n<meta name=\"author\" content=\"alexandra.guldberg\" \/>\n<meta name=\"twitter:card\" content=\"summary_large_image\" \/>\n<meta name=\"twitter:creator\" content=\"@Ethikos30\" \/>\n<meta name=\"twitter:site\" content=\"@Ethikos30\" \/>\n<meta name=\"twitter:label1\" content=\"Written by\" \/>\n\t<meta name=\"twitter:data1\" content=\"alexandra.guldberg\" \/>\n\t<meta name=\"twitter:label2\" content=\"Est. reading time\" \/>\n\t<meta name=\"twitter:data2\" content=\"6 minutes\" \/>\n<script type=\"application\/ld+json\" class=\"yoast-schema-graph\">{\"@context\":\"https:\\\/\\\/schema.org\",\"@graph\":[{\"@type\":\"Article\",\"@id\":\"https:\\\/\\\/www.ethikos.es\\\/en\\\/la-era-silenciosa-en-las-organizaciones-quiet-quitting-quiet-hiring-quiet-firing\\\/#article\",\"isPartOf\":{\"@id\":\"https:\\\/\\\/www.ethikos.es\\\/en\\\/la-era-silenciosa-en-las-organizaciones-quiet-quitting-quiet-hiring-quiet-firing\\\/\"},\"author\":{\"name\":\"alexandra.guldberg\",\"@id\":\"https:\\\/\\\/www.ethikos.es\\\/en\\\/#\\\/schema\\\/person\\\/42497927bf7dc4ec49272f9539b73c09\"},\"headline\":\"C\u00f3mo afrontar la era silenciosa en las organizaciones\",\"datePublished\":\"2023-01-18T12:07:03+00:00\",\"dateModified\":\"2023-01-23T10:34:54+00:00\",\"mainEntityOfPage\":{\"@id\":\"https:\\\/\\\/www.ethikos.es\\\/en\\\/la-era-silenciosa-en-las-organizaciones-quiet-quitting-quiet-hiring-quiet-firing\\\/\"},\"wordCount\":1270,\"commentCount\":1,\"publisher\":{\"@id\":\"https:\\\/\\\/www.ethikos.es\\\/en\\\/#organization\"},\"image\":{\"@id\":\"https:\\\/\\\/www.ethikos.es\\\/en\\\/la-era-silenciosa-en-las-organizaciones-quiet-quitting-quiet-hiring-quiet-firing\\\/#primaryimage\"},\"thumbnailUrl\":\"https:\\\/\\\/www.ethikos.es\\\/wp-content\\\/uploads\\\/2023\\\/01\\\/La-era-silenciosa.png\",\"keywords\":[\"contratacion silenciosa\",\"despido silencioso\",\"foro de davos 2023\",\"quiet firing\",\"quiet hiring\",\"quiet quitting\",\"renuncia silenciosa\",\"WEF23\",\"World Economic Forum\"],\"articleSection\":[\"Blog\",\"Cultura de empresa\",\"Gesti\u00f3n por valores\",\"Personal\",\"Recursos Humanos\",\"Trabajo\"],\"inLanguage\":\"en-US\",\"potentialAction\":[{\"@type\":\"CommentAction\",\"name\":\"Comment\",\"target\":[\"https:\\\/\\\/www.ethikos.es\\\/en\\\/la-era-silenciosa-en-las-organizaciones-quiet-quitting-quiet-hiring-quiet-firing\\\/#respond\"]}]},{\"@type\":\"WebPage\",\"@id\":\"https:\\\/\\\/www.ethikos.es\\\/en\\\/la-era-silenciosa-en-las-organizaciones-quiet-quitting-quiet-hiring-quiet-firing\\\/\",\"url\":\"https:\\\/\\\/www.ethikos.es\\\/en\\\/la-era-silenciosa-en-las-organizaciones-quiet-quitting-quiet-hiring-quiet-firing\\\/\",\"name\":\"C\u00f3mo afrontar la era silenciosa en las organizaciones\",\"isPartOf\":{\"@id\":\"https:\\\/\\\/www.ethikos.es\\\/en\\\/#website\"},\"primaryImageOfPage\":{\"@id\":\"https:\\\/\\\/www.ethikos.es\\\/en\\\/la-era-silenciosa-en-las-organizaciones-quiet-quitting-quiet-hiring-quiet-firing\\\/#primaryimage\"},\"image\":{\"@id\":\"https:\\\/\\\/www.ethikos.es\\\/en\\\/la-era-silenciosa-en-las-organizaciones-quiet-quitting-quiet-hiring-quiet-firing\\\/#primaryimage\"},\"thumbnailUrl\":\"https:\\\/\\\/www.ethikos.es\\\/wp-content\\\/uploads\\\/2023\\\/01\\\/La-era-silenciosa.png\",\"datePublished\":\"2023-01-18T12:07:03+00:00\",\"dateModified\":\"2023-01-23T10:34:54+00:00\",\"description\":\"\u00bfLa era silenciosa es el nuevo desafi\u00f3 para las organizaciones de hoy? Seguro te suena el quiet quitting, quiet hiring y quiet firing?\",\"breadcrumb\":{\"@id\":\"https:\\\/\\\/www.ethikos.es\\\/en\\\/la-era-silenciosa-en-las-organizaciones-quiet-quitting-quiet-hiring-quiet-firing\\\/#breadcrumb\"},\"inLanguage\":\"en-US\",\"potentialAction\":[{\"@type\":\"ReadAction\",\"target\":[\"https:\\\/\\\/www.ethikos.es\\\/en\\\/la-era-silenciosa-en-las-organizaciones-quiet-quitting-quiet-hiring-quiet-firing\\\/\"]}]},{\"@type\":\"ImageObject\",\"inLanguage\":\"en-US\",\"@id\":\"https:\\\/\\\/www.ethikos.es\\\/en\\\/la-era-silenciosa-en-las-organizaciones-quiet-quitting-quiet-hiring-quiet-firing\\\/#primaryimage\",\"url\":\"https:\\\/\\\/www.ethikos.es\\\/wp-content\\\/uploads\\\/2023\\\/01\\\/La-era-silenciosa.png\",\"contentUrl\":\"https:\\\/\\\/www.ethikos.es\\\/wp-content\\\/uploads\\\/2023\\\/01\\\/La-era-silenciosa.png\",\"width\":1920,\"height\":1080,\"caption\":\"la era silenciosa\"},{\"@type\":\"BreadcrumbList\",\"@id\":\"https:\\\/\\\/www.ethikos.es\\\/en\\\/la-era-silenciosa-en-las-organizaciones-quiet-quitting-quiet-hiring-quiet-firing\\\/#breadcrumb\",\"itemListElement\":[{\"@type\":\"ListItem\",\"position\":1,\"name\":\"Portada\",\"item\":\"https:\\\/\\\/www.ethikos.es\\\/\"},{\"@type\":\"ListItem\",\"position\":2,\"name\":\"C\u00f3mo afrontar la era silenciosa en las organizaciones\"}]},{\"@type\":\"WebSite\",\"@id\":\"https:\\\/\\\/www.ethikos.es\\\/en\\\/#website\",\"url\":\"https:\\\/\\\/www.ethikos.es\\\/en\\\/\",\"name\":\"Ethikos 3.0\",\"description\":\"Ethikos es una consultora de transformaci\u00f3n organizacional especializada en cultura empresarial, liderazgo consciente y selecci\u00f3n por valores.\",\"publisher\":{\"@id\":\"https:\\\/\\\/www.ethikos.es\\\/en\\\/#organization\"},\"alternateName\":\"Ethikos Consultor\u00eda\",\"potentialAction\":[{\"@type\":\"SearchAction\",\"target\":{\"@type\":\"EntryPoint\",\"urlTemplate\":\"https:\\\/\\\/www.ethikos.es\\\/en\\\/?s={search_term_string}\"},\"query-input\":{\"@type\":\"PropertyValueSpecification\",\"valueRequired\":true,\"valueName\":\"search_term_string\"}}],\"inLanguage\":\"en-US\"},{\"@type\":\"Organization\",\"@id\":\"https:\\\/\\\/www.ethikos.es\\\/en\\\/#organization\",\"name\":\"Ethikos 3.0\",\"url\":\"https:\\\/\\\/www.ethikos.es\\\/en\\\/\",\"logo\":{\"@type\":\"ImageObject\",\"inLanguage\":\"en-US\",\"@id\":\"https:\\\/\\\/www.ethikos.es\\\/en\\\/#\\\/schema\\\/logo\\\/image\\\/\",\"url\":\"https:\\\/\\\/www.ethikos.es\\\/wp-content\\\/uploads\\\/2019\\\/01\\\/43606559961_5f343a820a_o.png\",\"contentUrl\":\"https:\\\/\\\/www.ethikos.es\\\/wp-content\\\/uploads\\\/2019\\\/01\\\/43606559961_5f343a820a_o.png\",\"width\":646,\"height\":218,\"caption\":\"Ethikos 3.0\"},\"image\":{\"@id\":\"https:\\\/\\\/www.ethikos.es\\\/en\\\/#\\\/schema\\\/logo\\\/image\\\/\"},\"sameAs\":[\"http:\\\/\\\/www.facebook.com\\\/ethikos.es\\\/\",\"https:\\\/\\\/x.com\\\/Ethikos30\",\"https:\\\/\\\/www.instagram.com\\\/ethikos_3.0\\\/\",\"https:\\\/\\\/www.linkedin.com\\\/company\\\/ethikos-3-0\\\/\"]},{\"@type\":\"Person\",\"@id\":\"https:\\\/\\\/www.ethikos.es\\\/en\\\/#\\\/schema\\\/person\\\/42497927bf7dc4ec49272f9539b73c09\",\"name\":\"alexandra.guldberg\",\"image\":{\"@type\":\"ImageObject\",\"inLanguage\":\"en-US\",\"@id\":\"https:\\\/\\\/secure.gravatar.com\\\/avatar\\\/2759471252d647c5a026aa036549973b6f0f211daaf0268da6d017a68aeda83e?s=96&d=mm&r=g\",\"url\":\"https:\\\/\\\/secure.gravatar.com\\\/avatar\\\/2759471252d647c5a026aa036549973b6f0f211daaf0268da6d017a68aeda83e?s=96&d=mm&r=g\",\"contentUrl\":\"https:\\\/\\\/secure.gravatar.com\\\/avatar\\\/2759471252d647c5a026aa036549973b6f0f211daaf0268da6d017a68aeda83e?s=96&d=mm&r=g\",\"caption\":\"alexandra.guldberg\"}}]}<\/script>\n<!-- \/ Yoast SEO plugin. -->","yoast_head_json":{"title":"C\u00f3mo afrontar la era silenciosa en las organizaciones","description":"\u00bfLa era silenciosa es el nuevo desafi\u00f3 para las organizaciones de hoy? Seguro te suena el quiet quitting, quiet hiring y quiet firing?","robots":{"index":"index","follow":"follow","max-snippet":"max-snippet:-1","max-image-preview":"max-image-preview:large","max-video-preview":"max-video-preview:-1"},"canonical":"https:\/\/www.ethikos.es\/en\/la-era-silenciosa-en-las-organizaciones-quiet-quitting-quiet-hiring-quiet-firing\/","og_locale":"en_US","og_type":"article","og_title":"C\u00f3mo afrontar la era silenciosa en las organizaciones","og_description":"\u00bfLa era silenciosa es el nuevo desafi\u00f3 para las organizaciones de hoy? Seguro te suena el quiet quitting, quiet hiring y quiet firing?","og_url":"https:\/\/www.ethikos.es\/en\/la-era-silenciosa-en-las-organizaciones-quiet-quitting-quiet-hiring-quiet-firing\/","og_site_name":"Ethikos","article_publisher":"http:\/\/www.facebook.com\/ethikos.es\/","article_published_time":"2023-01-18T12:07:03+00:00","article_modified_time":"2023-01-23T10:34:54+00:00","og_image":[{"width":1030,"height":579,"url":"https:\/\/www.ethikos.es\/wp-content\/uploads\/2023\/01\/La-era-silenciosa-1030x579.png","type":"image\/png"}],"author":"alexandra.guldberg","twitter_card":"summary_large_image","twitter_creator":"@Ethikos30","twitter_site":"@Ethikos30","twitter_misc":{"Written by":"alexandra.guldberg","Est. reading time":"6 minutes"},"schema":{"@context":"https:\/\/schema.org","@graph":[{"@type":"Article","@id":"https:\/\/www.ethikos.es\/en\/la-era-silenciosa-en-las-organizaciones-quiet-quitting-quiet-hiring-quiet-firing\/#article","isPartOf":{"@id":"https:\/\/www.ethikos.es\/en\/la-era-silenciosa-en-las-organizaciones-quiet-quitting-quiet-hiring-quiet-firing\/"},"author":{"name":"alexandra.guldberg","@id":"https:\/\/www.ethikos.es\/en\/#\/schema\/person\/42497927bf7dc4ec49272f9539b73c09"},"headline":"C\u00f3mo afrontar la era silenciosa en las organizaciones","datePublished":"2023-01-18T12:07:03+00:00","dateModified":"2023-01-23T10:34:54+00:00","mainEntityOfPage":{"@id":"https:\/\/www.ethikos.es\/en\/la-era-silenciosa-en-las-organizaciones-quiet-quitting-quiet-hiring-quiet-firing\/"},"wordCount":1270,"commentCount":1,"publisher":{"@id":"https:\/\/www.ethikos.es\/en\/#organization"},"image":{"@id":"https:\/\/www.ethikos.es\/en\/la-era-silenciosa-en-las-organizaciones-quiet-quitting-quiet-hiring-quiet-firing\/#primaryimage"},"thumbnailUrl":"https:\/\/www.ethikos.es\/wp-content\/uploads\/2023\/01\/La-era-silenciosa.png","keywords":["contratacion silenciosa","despido silencioso","foro de davos 2023","quiet firing","quiet hiring","quiet quitting","renuncia silenciosa","WEF23","World Economic Forum"],"articleSection":["Blog","Cultura de empresa","Gesti\u00f3n por valores","Personal","Recursos Humanos","Trabajo"],"inLanguage":"en-US","potentialAction":[{"@type":"CommentAction","name":"Comment","target":["https:\/\/www.ethikos.es\/en\/la-era-silenciosa-en-las-organizaciones-quiet-quitting-quiet-hiring-quiet-firing\/#respond"]}]},{"@type":"WebPage","@id":"https:\/\/www.ethikos.es\/en\/la-era-silenciosa-en-las-organizaciones-quiet-quitting-quiet-hiring-quiet-firing\/","url":"https:\/\/www.ethikos.es\/en\/la-era-silenciosa-en-las-organizaciones-quiet-quitting-quiet-hiring-quiet-firing\/","name":"C\u00f3mo afrontar la era silenciosa en las organizaciones","isPartOf":{"@id":"https:\/\/www.ethikos.es\/en\/#website"},"primaryImageOfPage":{"@id":"https:\/\/www.ethikos.es\/en\/la-era-silenciosa-en-las-organizaciones-quiet-quitting-quiet-hiring-quiet-firing\/#primaryimage"},"image":{"@id":"https:\/\/www.ethikos.es\/en\/la-era-silenciosa-en-las-organizaciones-quiet-quitting-quiet-hiring-quiet-firing\/#primaryimage"},"thumbnailUrl":"https:\/\/www.ethikos.es\/wp-content\/uploads\/2023\/01\/La-era-silenciosa.png","datePublished":"2023-01-18T12:07:03+00:00","dateModified":"2023-01-23T10:34:54+00:00","description":"\u00bfLa era silenciosa es el nuevo desafi\u00f3 para las organizaciones de hoy? Seguro te suena el quiet quitting, quiet hiring y quiet firing?","breadcrumb":{"@id":"https:\/\/www.ethikos.es\/en\/la-era-silenciosa-en-las-organizaciones-quiet-quitting-quiet-hiring-quiet-firing\/#breadcrumb"},"inLanguage":"en-US","potentialAction":[{"@type":"ReadAction","target":["https:\/\/www.ethikos.es\/en\/la-era-silenciosa-en-las-organizaciones-quiet-quitting-quiet-hiring-quiet-firing\/"]}]},{"@type":"ImageObject","inLanguage":"en-US","@id":"https:\/\/www.ethikos.es\/en\/la-era-silenciosa-en-las-organizaciones-quiet-quitting-quiet-hiring-quiet-firing\/#primaryimage","url":"https:\/\/www.ethikos.es\/wp-content\/uploads\/2023\/01\/La-era-silenciosa.png","contentUrl":"https:\/\/www.ethikos.es\/wp-content\/uploads\/2023\/01\/La-era-silenciosa.png","width":1920,"height":1080,"caption":"la era silenciosa"},{"@type":"BreadcrumbList","@id":"https:\/\/www.ethikos.es\/en\/la-era-silenciosa-en-las-organizaciones-quiet-quitting-quiet-hiring-quiet-firing\/#breadcrumb","itemListElement":[{"@type":"ListItem","position":1,"name":"Portada","item":"https:\/\/www.ethikos.es\/"},{"@type":"ListItem","position":2,"name":"C\u00f3mo afrontar la era silenciosa en las organizaciones"}]},{"@type":"WebSite","@id":"https:\/\/www.ethikos.es\/en\/#website","url":"https:\/\/www.ethikos.es\/en\/","name":"Ethikos 3.0","description":"Ethikos es una consultora de transformaci\u00f3n organizacional especializada en cultura empresarial, liderazgo consciente y selecci\u00f3n por valores.","publisher":{"@id":"https:\/\/www.ethikos.es\/en\/#organization"},"alternateName":"Ethikos Consultor\u00eda","potentialAction":[{"@type":"SearchAction","target":{"@type":"EntryPoint","urlTemplate":"https:\/\/www.ethikos.es\/en\/?s={search_term_string}"},"query-input":{"@type":"PropertyValueSpecification","valueRequired":true,"valueName":"search_term_string"}}],"inLanguage":"en-US"},{"@type":"Organization","@id":"https:\/\/www.ethikos.es\/en\/#organization","name":"Ethikos 3.0","url":"https:\/\/www.ethikos.es\/en\/","logo":{"@type":"ImageObject","inLanguage":"en-US","@id":"https:\/\/www.ethikos.es\/en\/#\/schema\/logo\/image\/","url":"https:\/\/www.ethikos.es\/wp-content\/uploads\/2019\/01\/43606559961_5f343a820a_o.png","contentUrl":"https:\/\/www.ethikos.es\/wp-content\/uploads\/2019\/01\/43606559961_5f343a820a_o.png","width":646,"height":218,"caption":"Ethikos 3.0"},"image":{"@id":"https:\/\/www.ethikos.es\/en\/#\/schema\/logo\/image\/"},"sameAs":["http:\/\/www.facebook.com\/ethikos.es\/","https:\/\/x.com\/Ethikos30","https:\/\/www.instagram.com\/ethikos_3.0\/","https:\/\/www.linkedin.com\/company\/ethikos-3-0\/"]},{"@type":"Person","@id":"https:\/\/www.ethikos.es\/en\/#\/schema\/person\/42497927bf7dc4ec49272f9539b73c09","name":"alexandra.guldberg","image":{"@type":"ImageObject","inLanguage":"en-US","@id":"https:\/\/secure.gravatar.com\/avatar\/2759471252d647c5a026aa036549973b6f0f211daaf0268da6d017a68aeda83e?s=96&d=mm&r=g","url":"https:\/\/secure.gravatar.com\/avatar\/2759471252d647c5a026aa036549973b6f0f211daaf0268da6d017a68aeda83e?s=96&d=mm&r=g","contentUrl":"https:\/\/secure.gravatar.com\/avatar\/2759471252d647c5a026aa036549973b6f0f211daaf0268da6d017a68aeda83e?s=96&d=mm&r=g","caption":"alexandra.guldberg"}}]}},"_links":{"self":[{"href":"https:\/\/www.ethikos.es\/en\/wp-json\/wp\/v2\/posts\/18934","targetHints":{"allow":["GET"]}}],"collection":[{"href":"https:\/\/www.ethikos.es\/en\/wp-json\/wp\/v2\/posts"}],"about":[{"href":"https:\/\/www.ethikos.es\/en\/wp-json\/wp\/v2\/types\/post"}],"author":[{"embeddable":true,"href":"https:\/\/www.ethikos.es\/en\/wp-json\/wp\/v2\/users\/21"}],"replies":[{"embeddable":true,"href":"https:\/\/www.ethikos.es\/en\/wp-json\/wp\/v2\/comments?post=18934"}],"version-history":[{"count":0,"href":"https:\/\/www.ethikos.es\/en\/wp-json\/wp\/v2\/posts\/18934\/revisions"}],"wp:featuredmedia":[{"embeddable":true,"href":"https:\/\/www.ethikos.es\/en\/wp-json\/wp\/v2\/media\/18937"}],"wp:attachment":[{"href":"https:\/\/www.ethikos.es\/en\/wp-json\/wp\/v2\/media?parent=18934"}],"wp:term":[{"taxonomy":"category","embeddable":true,"href":"https:\/\/www.ethikos.es\/en\/wp-json\/wp\/v2\/categories?post=18934"},{"taxonomy":"post_tag","embeddable":true,"href":"https:\/\/www.ethikos.es\/en\/wp-json\/wp\/v2\/tags?post=18934"}],"curies":[{"name":"wp","href":"https:\/\/api.w.org\/{rel}","templated":true}]}}