{"id":19264,"date":"2023-04-05T12:46:45","date_gmt":"2023-04-05T10:46:45","guid":{"rendered":"https:\/\/www.ethikos.es\/?p=19264"},"modified":"2023-04-05T12:53:49","modified_gmt":"2023-04-05T10:53:49","slug":"el-teletrabajo-en-espana-llega-a-su-fin","status":"publish","type":"post","link":"https:\/\/www.ethikos.es\/en\/el-teletrabajo-en-espana-llega-a-su-fin\/","title":{"rendered":"\u00bfEl teletrabajo en Espa\u00f1a llega a su fin?"},"content":{"rendered":"<p><span data-contrast=\"auto\">No es un secreto para nadie que el mundo ha tenido un cambio inmensurable durante los \u00faltimos 3 a\u00f1os. No solo por el continuo avance de los desarrollos e implementaciones tecnol\u00f3gicos a nuestro alrededor, sino porque como consecuencia de la pandemia, se aceleraron cambios sociales que antes consider\u00e1bamos imposibles, como es el caso del teletrabajo.<\/span><span data-ccp-props=\"{&quot;201341983&quot;:0,&quot;335551550&quot;:6,&quot;335551620&quot;:6,&quot;335559739&quot;:0,&quot;335559740&quot;:276}\">\u00a0<\/span><\/p>\n<p><span data-contrast=\"auto\">Hay que tener en cuenta que este proceso de expansi\u00f3n se inici\u00f3 con el objetivo de impedir la suspensi\u00f3n del crecimiento econ\u00f3mico y afortunadamente se extendi\u00f3 hasta el d\u00eda de hoy, como una forma de conciliar la vida laboral y personal.<\/span><span data-ccp-props=\"{&quot;201341983&quot;:0,&quot;335551550&quot;:6,&quot;335551620&quot;:6,&quot;335559739&quot;:0,&quot;335559740&quot;:276}\">\u00a0<\/span><\/p>\n<p><span data-contrast=\"auto\">Lo que en un inicio se expandi\u00f3 como una situaci\u00f3n circunstancial en Espa\u00f1a, se convirti\u00f3 en algo primordial no solo para los empleados, sino para las organizaciones, ya que les ofrece la oportunidad de captar y retener el talento.\u00a0<\/span><span data-ccp-props=\"{&quot;201341983&quot;:0,&quot;335551550&quot;:6,&quot;335551620&quot;:6,&quot;335559739&quot;:0,&quot;335559740&quot;:276}\">\u00a0<\/span><\/p>\n<p><span data-contrast=\"auto\">Pero si el trabajo en remoto ha sido un \u00e9xito, \u00bfa qu\u00e9 se debe la disminuci\u00f3n de teletrabajo en la actualidad? Para empezar, analicemos el panorama del teletrabajo en Espa\u00f1a en sus inicios y la evoluci\u00f3n hasta el d\u00eda de hoy.\u00a0<\/span><span data-ccp-props=\"{&quot;201341983&quot;:0,&quot;335551550&quot;:6,&quot;335551620&quot;:6,&quot;335559739&quot;:0,&quot;335559740&quot;:276}\">\u00a0<\/span><\/p>\n<p>&nbsp;<\/p>\n<h3><b><span data-contrast=\"auto\">El teletrabajo en sus inicios<\/span><\/b><span data-ccp-props=\"{&quot;201341983&quot;:0,&quot;335551550&quot;:6,&quot;335551620&quot;:6,&quot;335559739&quot;:0,&quot;335559740&quot;:276}\">\u00a0<\/span><\/h3>\n<p><span data-contrast=\"auto\">Aunque el trabajo en remoto tuvo su auge de crecimiento durante los primeros meses de pandemia, Espa\u00f1a era quiz\u00e1s uno de los pa\u00edses europeos menos preparados para afrontar este nuevo reto. De acuerdo con un estudio de <\/span><a href=\"https:\/\/www.eurofound.europa.eu\/data\/covid-19\"><span data-contrast=\"none\">Eurofound<\/span><\/a><span data-contrast=\"auto\"> realizado durante el 2020, el 74,5% de los encuestados espa\u00f1oles afirmaban no haber trabajado anteriormente desde casa, siendo el porcentaje m\u00e1s alto, comparado con los otros estados de la UE.\u00a0<\/span><span data-ccp-props=\"{&quot;201341983&quot;:0,&quot;335551550&quot;:6,&quot;335551620&quot;:6,&quot;335559739&quot;:0,&quot;335559740&quot;:276}\">\u00a0<\/span><\/p>\n<p><span data-contrast=\"auto\">Mientras en pa\u00edses como Finlandia y Estonia, m\u00e1s de la mitad de la poblaci\u00f3n aseguraba haber trabajado anteriormente desde casa, debido a las pol\u00edticas de digitalizaci\u00f3n en ambos pa\u00edses, en Espa\u00f1a antes de la pandemia solo el 7,3% teletrabajaba a diario, un 5,3% lo hac\u00eda varias veces a la semana y un 4,6%, varias veces al mes.<\/span><span data-ccp-props=\"{&quot;201341983&quot;:0,&quot;335551550&quot;:6,&quot;335551620&quot;:6,&quot;335559739&quot;:0,&quot;335559740&quot;:276}\">\u00a0<\/span><\/p>\n<p><span data-contrast=\"auto\">Debido a los datos recopilados y la urgencia de empezar a actuar con inmediatez, la administraci\u00f3n espa\u00f1ola tuvo que asumir varios retos, para iniciar la incorporaci\u00f3n del teletrabajo a partir de abril y marzo de 2020.<\/span><span data-ccp-props=\"{&quot;201341983&quot;:0,&quot;335551550&quot;:6,&quot;335551620&quot;:6,&quot;335559739&quot;:0,&quot;335559740&quot;:276}\">\u00a0<\/span><\/p>\n<p><span data-contrast=\"auto\">La baja penetraci\u00f3n de este modelo en nuestro pa\u00eds fue uno de los obst\u00e1culos para hacerle frente a las actividades productivas en una temporada de confinamiento. Y as\u00ed, a pesar del esfuerzo por parte de las empresas espa\u00f1olas de salvaguardar la producci\u00f3n, solo el 31,7% de la poblaci\u00f3n empez\u00f3 a trabajar desde casa.<\/span><span data-ccp-props=\"{&quot;201341983&quot;:0,&quot;335551550&quot;:6,&quot;335551620&quot;:6,&quot;335559739&quot;:0,&quot;335559740&quot;:276}\">\u00a0<\/span><\/p>\n<p>&nbsp;<\/p>\n<p><b><i><span data-contrast=\"auto\">Recomendamos: <\/span><\/i><\/b><a href=\"https:\/\/www.ethikos.es\/consejos-para-desconectar-del-trabajo\/\"><b><i><span data-contrast=\"none\">5 consejos para desconectar del trabajo en la era digital<\/span><\/i><\/b><\/a><span data-ccp-props=\"{&quot;201341983&quot;:0,&quot;335559739&quot;:0,&quot;335559740&quot;:240}\">\u00a0<\/span><\/p>\n<p><span data-ccp-props=\"{&quot;201341983&quot;:0,&quot;335551550&quot;:6,&quot;335551620&quot;:6,&quot;335559739&quot;:0,&quot;335559740&quot;:276}\">\u00a0<\/span><\/p>\n<h3><b><span data-contrast=\"auto\">La evoluci\u00f3n del teletrabajo<\/span><\/b><span data-ccp-props=\"{&quot;201341983&quot;:0,&quot;335551550&quot;:6,&quot;335551620&quot;:6,&quot;335559739&quot;:0,&quot;335559740&quot;:276}\">\u00a0<\/span><\/h3>\n<p><span data-contrast=\"auto\">Con el paso del tiempo y la reducci\u00f3n de medidas de confinamiento, en Espa\u00f1a tambi\u00e9n se iba reduciendo el tiempo en que la poblaci\u00f3n trabajaba en l\u00ednea, el cu\u00e1l pas\u00f3 de 16,7 horas durante el verano de 2020, a 15,1 horas en la primavera de 2021.<\/span><span data-ccp-props=\"{&quot;201341983&quot;:0,&quot;335551550&quot;:6,&quot;335551620&quot;:6,&quot;335559739&quot;:0,&quot;335559740&quot;:276}\">\u00a0<\/span><\/p>\n<p><span data-contrast=\"auto\">A pesar de la reducci\u00f3n del tiempo de trabajo en casa, Espa\u00f1a decidi\u00f3 aprobar la ley de trabajo a distancia en julio de 2021. La cu\u00e1l permitir\u00eda al trabajador elegir el lugar para ejercer su actividad profesional.\u202f<\/span><span data-ccp-props=\"{&quot;201341983&quot;:0,&quot;335551550&quot;:6,&quot;335551620&quot;:6,&quot;335559739&quot;:0,&quot;335559740&quot;:276}\">\u00a0<\/span><\/p>\n<p><span data-contrast=\"auto\">A\u00fan con la ley aprobada, segu\u00eda siendo inevitable poder adoptar la medida del trabajo en casa para todas las industrias o sectores donde la atenci\u00f3n f\u00edsica era primordial. No obstante, el 83,7% de la poblaci\u00f3n espa\u00f1ola aseguraba que a\u00fan sin restricciones por confinamiento, les gustar\u00eda adoptar esta modalidad de teletrabajo, o al menos poder adaptar un poco de esta flexibilidad dentro de sus rutinas laborales; convirti\u00e9ndonos en el tercer pa\u00eds de Europa con mayor preferencia para teletrabajar.<\/span><span data-ccp-props=\"{&quot;201341983&quot;:0,&quot;335551550&quot;:6,&quot;335551620&quot;:6,&quot;335559739&quot;:0,&quot;335559740&quot;:276}\">\u00a0<\/span><\/p>\n<p>&nbsp;<\/p>\n<h3><b><span data-contrast=\"auto\">De teletrabajo a modelo h\u00edbrido<\/span><\/b><span data-ccp-props=\"{&quot;201341983&quot;:0,&quot;335551550&quot;:6,&quot;335551620&quot;:6,&quot;335559739&quot;:0,&quot;335559740&quot;:276}\">\u00a0<\/span><\/h3>\n<p><span data-contrast=\"auto\">De acuerdo con lo anterior, parec\u00eda que el teletrabajo hab\u00eda llegado para quedarse. Consecuentemente, seg\u00fan las estimaciones realizadas por Gartner y citadas por el <\/span><a href=\"https:\/\/www.worldbank.org\/en\/events\/2021\/02\/02\/from-remote-work-to-smart-work-in-the-post-covid-era-an-illustrative-case-for-leapfrogging-into-smart-government\"><span data-contrast=\"none\">Banco Mundial<\/span><\/a><span data-contrast=\"auto\"> a inicios de 2021, el 30% de los profesionales de todo el mundo ya trabajaban desde casa y ese porcentaje aumentar\u00eda hasta el 48% en la etapa posterior a la pandemia.<\/span><span data-ccp-props=\"{&quot;201341983&quot;:0,&quot;335551550&quot;:6,&quot;335551620&quot;:6,&quot;335559739&quot;:0,&quot;335559740&quot;:276}\">\u00a0<\/span><\/p>\n<p><span data-contrast=\"auto\">Sin embargo, parec\u00eda que esta tendencia no iba a llegar para quedarse en Espa\u00f1a y existen diferentes razones para explicar el fen\u00f3meno de estancamiento del teletrabajo en Espa\u00f1a. En primer lugar, la estructura econ\u00f3mica de la que depende el pa\u00eds, ya que depende en mayor parte de industrias y sectores donde el trabajo remoto a\u00fan no es una posibilidad.<\/span><span data-ccp-props=\"{&quot;201341983&quot;:0,&quot;335551550&quot;:6,&quot;335551620&quot;:6,&quot;335559739&quot;:0,&quot;335559740&quot;:276}\">\u00a0<\/span><\/p>\n<p><span data-contrast=\"auto\">En segundo lugar, la geograf\u00eda. En los pa\u00edses de gran extensi\u00f3n geogr\u00e1fica como Estados Unidos, desplazarse al trabajo requiere m\u00e1s tiempo, mientras que en el caso de Espa\u00f1a no es as\u00ed.<\/span><span data-ccp-props=\"{&quot;201341983&quot;:0,&quot;335551550&quot;:6,&quot;335551620&quot;:6,&quot;335559739&quot;:0,&quot;335559740&quot;:276}\">\u00a0<\/span><\/p>\n<p><span data-contrast=\"auto\">Por \u00faltimo, se trata del acceso a internet y la calidad de la tecnolog\u00eda, ya que a\u00fan hay empresas en Espa\u00f1a que no se han adaptado a este nuevo modelo, por ende, no ofrecen una f\u00f3rmula adecuada para la implementaci\u00f3n de teletrabajo para sus empleados.\u202f<\/span><span data-ccp-props=\"{&quot;201341983&quot;:0,&quot;335551550&quot;:6,&quot;335551620&quot;:6,&quot;335559739&quot;:0,&quot;335559740&quot;:276}\">\u00a0<\/span><\/p>\n<p><span data-contrast=\"auto\">Por estas razones el crecimiento del teletrabajo se ha estancado en Espa\u00f1a, pero por otro lado, han surgido alternativas y nuevos modelos de digitalizaci\u00f3n y coworking, que parecen ser el futuro para nuestro pa\u00eds. Tal como el incremento del modelo h\u00edbrido, ya que mientras el 33,6% de los teletrabajadores han trabajado a distancia de forma completa, el 26,1% lo han hecho de manera h\u00edbrida, asistiendo entre tres y cuatro d\u00edas a la oficina.\u00a0<\/span><span data-ccp-props=\"{&quot;201341983&quot;:0,&quot;335551550&quot;:6,&quot;335551620&quot;:6,&quot;335559739&quot;:0,&quot;335559740&quot;:276}\">\u00a0<\/span><\/p>\n<p><span data-ccp-props=\"{&quot;201341983&quot;:0,&quot;335551550&quot;:6,&quot;335551620&quot;:6,&quot;335559739&quot;:0,&quot;335559740&quot;:276}\">\u00a0<\/span><\/p>\n<p><b><i><span data-contrast=\"auto\">Tambi\u00e9n sugerimos: <\/span><\/i><\/b><a href=\"https:\/\/www.ethikos.es\/conectar-con-tu-equipo-en-el-teletrabajo\/\"><b><i><span data-contrast=\"none\">Teletrabajo: tips para conectar con tu equipo<\/span><\/i><\/b><\/a><span data-ccp-props=\"{&quot;201341983&quot;:0,&quot;335559739&quot;:0,&quot;335559740&quot;:240}\">\u00a0<\/span><\/p>\n<p><span data-ccp-props=\"{&quot;201341983&quot;:0,&quot;335551550&quot;:6,&quot;335551620&quot;:6,&quot;335559739&quot;:0,&quot;335559740&quot;:276}\">\u00a0<\/span><\/p>\n<h3><b><span data-contrast=\"auto\">Otra raz\u00f3n para decirle adi\u00f3s al teletrabajo<\/span><\/b><span data-ccp-props=\"{&quot;201341983&quot;:0,&quot;335551550&quot;:6,&quot;335551620&quot;:6,&quot;335559739&quot;:0,&quot;335559740&quot;:276}\">\u00a0<\/span><\/h3>\n<p><span data-contrast=\"auto\">Aunque hemos analizado diferentes situaciones que afectan la implementaci\u00f3n del teletrabajo en Espa\u00f1a, tambi\u00e9n debemos ver las tendencias que se quieren incorporar durante los pr\u00f3ximos a\u00f1os.<\/span><span data-ccp-props=\"{&quot;201341983&quot;:0,&quot;335551550&quot;:6,&quot;335551620&quot;:6,&quot;335559739&quot;:0,&quot;335559740&quot;:276}\">\u00a0<\/span><\/p>\n<p><span data-contrast=\"auto\">As\u00ed, en Espa\u00f1a los expertos plantean que\u202fla sostenibilidad es la gran tendencia de los nuevos espacios de oficinas. Por esto se plantean la posibilidad de creaci\u00f3n de espacios enfocados en coworking, donde la tecnolog\u00eda est\u00e9 siempre acompa\u00f1ada de naturaleza.<\/span><span data-ccp-props=\"{&quot;201341983&quot;:0,&quot;335551550&quot;:6,&quot;335551620&quot;:6,&quot;335559739&quot;:0,&quot;335559740&quot;:276}\">\u00a0<\/span><\/p>\n<p>&nbsp;<\/p>\n<p><span data-contrast=\"auto\">Cabe recordar que cada una de las implementaciones de estos modelos de trabajo, solo dependen de cada organizaci\u00f3n y el formato de liderazgo que funcione mejor para cada una de ellas. En tu caso, \u00bfya sabes qu\u00e9 modelo aplicar con tus empleados?<\/span><span data-ccp-props=\"{&quot;201341983&quot;:0,&quot;335551550&quot;:6,&quot;335551620&quot;:6,&quot;335559739&quot;:0,&quot;335559740&quot;:276}\">\u00a0<\/span><\/p>\n<p><span data-contrast=\"auto\">Si a\u00fan no lo sabes y tienes dudas en la implementaci\u00f3n de liderazgo para modelos de negocios alternativos, <\/span><a href=\"https:\/\/www.ethikos.es\/mensaje-de-contacto\/\"><span data-contrast=\"none\">no dudes en contactarnos.<\/span><\/a><span data-ccp-props=\"{&quot;201341983&quot;:0,&quot;335551550&quot;:6,&quot;335551620&quot;:6,&quot;335559739&quot;:0,&quot;335559740&quot;:276}\">\u00a0<\/span><\/p>\n<p>&nbsp;<\/p>\n<p><b><i><span data-contrast=\"auto\">By: Alejandra Rodr\u00edguez Aguas \u2013 Content Creator<\/span><\/i><\/b><span data-ccp-props=\"{&quot;201341983&quot;:0,&quot;335551550&quot;:6,&quot;335551620&quot;:6,&quot;335559739&quot;:0,&quot;335559740&quot;:276}\">\u00a0<\/span><\/p>","protected":false},"excerpt":{"rendered":"<p>No es un secreto para nadie que el mundo ha tenido un cambio inmensurable durante los \u00faltimos 3 a\u00f1os. No solo por el continuo avance de los desarrollos e implementaciones tecnol\u00f3gicos a nuestro alrededor, sino porque como consecuencia de la pandemia, se aceleraron cambios sociales que antes consider\u00e1bamos imposibles, como es el caso del teletrabajo.\u00a0 [&hellip;]<\/p>\n","protected":false},"author":25,"featured_media":19265,"comment_status":"open","ping_status":"closed","sticky":false,"template":"","format":"standard","meta":{"_exactmetrics_skip_tracking":false,"_exactmetrics_sitenote_active":false,"_exactmetrics_sitenote_note":"","_exactmetrics_sitenote_category":0,"footnotes":""},"categories":[151,142,139,838,705],"tags":[73,445,629,145,682,841,839,840,752],"class_list":["post-19264","post","type-post","status-publish","format-standard","has-post-thumbnail","hentry","category-blog","category-cultura-de-empresa","category-rrhh","category-teletrabajo","category-trabajo","tag-espana","tag-ethikos","tag-rrhh","tag-seleccion-por-valores","tag-teletrabajo","tag-teletrabajo-en-espana","tag-trabajo-en-remoto","tag-trabajo-hibrido","tag-trabajo-remoto"],"yoast_head":"<!-- This site is optimized with the Yoast SEO plugin v27.5 - https:\/\/yoast.com\/product\/yoast-seo-wordpress\/ -->\n<title>T\u00edtulo P\u00e1gina | Consultora de talento y selecci\u00f3n de personal | Ethikos &#8212; Ethikos<\/title>\n<meta name=\"description\" content=\"El teletrabajo se expandi\u00f3 como una situaci\u00f3n circunstancial en Espa\u00f1a, pero se convirti\u00f3 en algo primordial para organizaciones y empleados.\" \/>\n<meta name=\"robots\" content=\"index, follow, max-snippet:-1, max-image-preview:large, max-video-preview:-1\" \/>\n<link rel=\"canonical\" href=\"https:\/\/www.ethikos.es\/en\/el-teletrabajo-en-espana-llega-a-su-fin\/\" \/>\n<meta property=\"og:locale\" content=\"en_US\" \/>\n<meta property=\"og:type\" content=\"article\" \/>\n<meta property=\"og:title\" content=\"T\u00edtulo P\u00e1gina | Consultora de talento y selecci\u00f3n de personal | Ethikos &#8212; Ethikos\" \/>\n<meta property=\"og:description\" content=\"El teletrabajo se expandi\u00f3 como una situaci\u00f3n circunstancial en Espa\u00f1a, pero se convirti\u00f3 en algo primordial para organizaciones y empleados.\" \/>\n<meta property=\"og:url\" content=\"https:\/\/www.ethikos.es\/en\/el-teletrabajo-en-espana-llega-a-su-fin\/\" \/>\n<meta property=\"og:site_name\" content=\"Ethikos\" \/>\n<meta property=\"article:publisher\" content=\"http:\/\/www.facebook.com\/ethikos.es\/\" \/>\n<meta property=\"article:published_time\" content=\"2023-04-05T10:46:45+00:00\" \/>\n<meta property=\"article:modified_time\" content=\"2023-04-05T10:53:49+00:00\" \/>\n<meta property=\"og:image\" content=\"https:\/\/www.ethikos.es\/wp-content\/uploads\/2023\/04\/teletrabajo-en-espana.png\" \/>\n\t<meta property=\"og:image:width\" content=\"1640\" \/>\n\t<meta property=\"og:image:height\" content=\"924\" \/>\n\t<meta property=\"og:image:type\" content=\"image\/png\" \/>\n<meta name=\"author\" content=\"Alejandra rodriguez\" \/>\n<meta name=\"twitter:card\" content=\"summary_large_image\" \/>\n<meta name=\"twitter:creator\" content=\"@Ethikos30\" \/>\n<meta name=\"twitter:site\" content=\"@Ethikos30\" \/>\n<meta name=\"twitter:label1\" content=\"Written by\" \/>\n\t<meta name=\"twitter:data1\" content=\"Alejandra rodriguez\" \/>\n\t<meta name=\"twitter:label2\" content=\"Est. reading time\" \/>\n\t<meta name=\"twitter:data2\" content=\"5 minutes\" \/>\n<script type=\"application\/ld+json\" class=\"yoast-schema-graph\">{\"@context\":\"https:\\\/\\\/schema.org\",\"@graph\":[{\"@type\":\"Article\",\"@id\":\"https:\\\/\\\/www.ethikos.es\\\/en\\\/el-teletrabajo-en-espana-llega-a-su-fin\\\/#article\",\"isPartOf\":{\"@id\":\"https:\\\/\\\/www.ethikos.es\\\/en\\\/el-teletrabajo-en-espana-llega-a-su-fin\\\/\"},\"author\":{\"name\":\"Alejandra rodriguez\",\"@id\":\"https:\\\/\\\/www.ethikos.es\\\/en\\\/#\\\/schema\\\/person\\\/38d1d104e838727040e3df30856ae4dd\"},\"headline\":\"\u00bfEl teletrabajo en Espa\u00f1a llega a su fin?\",\"datePublished\":\"2023-04-05T10:46:45+00:00\",\"dateModified\":\"2023-04-05T10:53:49+00:00\",\"mainEntityOfPage\":{\"@id\":\"https:\\\/\\\/www.ethikos.es\\\/en\\\/el-teletrabajo-en-espana-llega-a-su-fin\\\/\"},\"wordCount\":1087,\"commentCount\":1,\"publisher\":{\"@id\":\"https:\\\/\\\/www.ethikos.es\\\/en\\\/#organization\"},\"image\":{\"@id\":\"https:\\\/\\\/www.ethikos.es\\\/en\\\/el-teletrabajo-en-espana-llega-a-su-fin\\\/#primaryimage\"},\"thumbnailUrl\":\"https:\\\/\\\/www.ethikos.es\\\/wp-content\\\/uploads\\\/2023\\\/04\\\/teletrabajo-en-espana.png\",\"keywords\":[\"Espa\u00f1a\",\"ethikos\",\"RRHH\",\"selecci\u00f3n por valores\",\"teletrabajo\",\"teletrabajo en Espa\u00f1a\",\"trabajo en remoto\",\"trabajo h\u00edbrido\",\"trabajo remoto\"],\"articleSection\":[\"Blog\",\"Cultura de empresa\",\"Recursos Humanos\",\"Teletrabajo\",\"Trabajo\"],\"inLanguage\":\"en-US\",\"potentialAction\":[{\"@type\":\"CommentAction\",\"name\":\"Comment\",\"target\":[\"https:\\\/\\\/www.ethikos.es\\\/en\\\/el-teletrabajo-en-espana-llega-a-su-fin\\\/#respond\"]}]},{\"@type\":\"WebPage\",\"@id\":\"https:\\\/\\\/www.ethikos.es\\\/en\\\/el-teletrabajo-en-espana-llega-a-su-fin\\\/\",\"url\":\"https:\\\/\\\/www.ethikos.es\\\/en\\\/el-teletrabajo-en-espana-llega-a-su-fin\\\/\",\"name\":\"T\u00edtulo P\u00e1gina | Consultora de talento y selecci\u00f3n de personal | Ethikos &#8212; Ethikos\",\"isPartOf\":{\"@id\":\"https:\\\/\\\/www.ethikos.es\\\/en\\\/#website\"},\"primaryImageOfPage\":{\"@id\":\"https:\\\/\\\/www.ethikos.es\\\/en\\\/el-teletrabajo-en-espana-llega-a-su-fin\\\/#primaryimage\"},\"image\":{\"@id\":\"https:\\\/\\\/www.ethikos.es\\\/en\\\/el-teletrabajo-en-espana-llega-a-su-fin\\\/#primaryimage\"},\"thumbnailUrl\":\"https:\\\/\\\/www.ethikos.es\\\/wp-content\\\/uploads\\\/2023\\\/04\\\/teletrabajo-en-espana.png\",\"datePublished\":\"2023-04-05T10:46:45+00:00\",\"dateModified\":\"2023-04-05T10:53:49+00:00\",\"description\":\"El teletrabajo se expandi\u00f3 como una situaci\u00f3n circunstancial en Espa\u00f1a, pero se convirti\u00f3 en algo primordial para organizaciones y empleados.\",\"breadcrumb\":{\"@id\":\"https:\\\/\\\/www.ethikos.es\\\/en\\\/el-teletrabajo-en-espana-llega-a-su-fin\\\/#breadcrumb\"},\"inLanguage\":\"en-US\",\"potentialAction\":[{\"@type\":\"ReadAction\",\"target\":[\"https:\\\/\\\/www.ethikos.es\\\/en\\\/el-teletrabajo-en-espana-llega-a-su-fin\\\/\"]}]},{\"@type\":\"ImageObject\",\"inLanguage\":\"en-US\",\"@id\":\"https:\\\/\\\/www.ethikos.es\\\/en\\\/el-teletrabajo-en-espana-llega-a-su-fin\\\/#primaryimage\",\"url\":\"https:\\\/\\\/www.ethikos.es\\\/wp-content\\\/uploads\\\/2023\\\/04\\\/teletrabajo-en-espana.png\",\"contentUrl\":\"https:\\\/\\\/www.ethikos.es\\\/wp-content\\\/uploads\\\/2023\\\/04\\\/teletrabajo-en-espana.png\",\"width\":1640,\"height\":924,\"caption\":\"trabajo remoto en espa\u00f1a\"},{\"@type\":\"BreadcrumbList\",\"@id\":\"https:\\\/\\\/www.ethikos.es\\\/en\\\/el-teletrabajo-en-espana-llega-a-su-fin\\\/#breadcrumb\",\"itemListElement\":[{\"@type\":\"ListItem\",\"position\":1,\"name\":\"Portada\",\"item\":\"https:\\\/\\\/www.ethikos.es\\\/\"},{\"@type\":\"ListItem\",\"position\":2,\"name\":\"\u00bfEl teletrabajo en Espa\u00f1a llega a su fin?\"}]},{\"@type\":\"WebSite\",\"@id\":\"https:\\\/\\\/www.ethikos.es\\\/en\\\/#website\",\"url\":\"https:\\\/\\\/www.ethikos.es\\\/en\\\/\",\"name\":\"Ethikos 3.0\",\"description\":\"Ethikos es una consultora de transformaci\u00f3n organizacional especializada en cultura empresarial, liderazgo consciente y selecci\u00f3n por valores.\",\"publisher\":{\"@id\":\"https:\\\/\\\/www.ethikos.es\\\/en\\\/#organization\"},\"alternateName\":\"Ethikos Consultor\u00eda\",\"potentialAction\":[{\"@type\":\"SearchAction\",\"target\":{\"@type\":\"EntryPoint\",\"urlTemplate\":\"https:\\\/\\\/www.ethikos.es\\\/en\\\/?s={search_term_string}\"},\"query-input\":{\"@type\":\"PropertyValueSpecification\",\"valueRequired\":true,\"valueName\":\"search_term_string\"}}],\"inLanguage\":\"en-US\"},{\"@type\":\"Organization\",\"@id\":\"https:\\\/\\\/www.ethikos.es\\\/en\\\/#organization\",\"name\":\"Ethikos 3.0\",\"url\":\"https:\\\/\\\/www.ethikos.es\\\/en\\\/\",\"logo\":{\"@type\":\"ImageObject\",\"inLanguage\":\"en-US\",\"@id\":\"https:\\\/\\\/www.ethikos.es\\\/en\\\/#\\\/schema\\\/logo\\\/image\\\/\",\"url\":\"https:\\\/\\\/www.ethikos.es\\\/wp-content\\\/uploads\\\/2019\\\/01\\\/43606559961_5f343a820a_o.png\",\"contentUrl\":\"https:\\\/\\\/www.ethikos.es\\\/wp-content\\\/uploads\\\/2019\\\/01\\\/43606559961_5f343a820a_o.png\",\"width\":646,\"height\":218,\"caption\":\"Ethikos 3.0\"},\"image\":{\"@id\":\"https:\\\/\\\/www.ethikos.es\\\/en\\\/#\\\/schema\\\/logo\\\/image\\\/\"},\"sameAs\":[\"http:\\\/\\\/www.facebook.com\\\/ethikos.es\\\/\",\"https:\\\/\\\/x.com\\\/Ethikos30\",\"https:\\\/\\\/www.instagram.com\\\/ethikos_3.0\\\/\",\"https:\\\/\\\/www.linkedin.com\\\/company\\\/ethikos-3-0\\\/\"]},{\"@type\":\"Person\",\"@id\":\"https:\\\/\\\/www.ethikos.es\\\/en\\\/#\\\/schema\\\/person\\\/38d1d104e838727040e3df30856ae4dd\",\"name\":\"Alejandra rodriguez\",\"image\":{\"@type\":\"ImageObject\",\"inLanguage\":\"en-US\",\"@id\":\"https:\\\/\\\/secure.gravatar.com\\\/avatar\\\/b3ec99a542e73e094bd13bf9b8fe038b27fe1dbe92b83688ebec44c31eac8fae?s=96&d=mm&r=g\",\"url\":\"https:\\\/\\\/secure.gravatar.com\\\/avatar\\\/b3ec99a542e73e094bd13bf9b8fe038b27fe1dbe92b83688ebec44c31eac8fae?s=96&d=mm&r=g\",\"contentUrl\":\"https:\\\/\\\/secure.gravatar.com\\\/avatar\\\/b3ec99a542e73e094bd13bf9b8fe038b27fe1dbe92b83688ebec44c31eac8fae?s=96&d=mm&r=g\",\"caption\":\"Alejandra rodriguez\"}}]}<\/script>\n<!-- \/ Yoast SEO plugin. -->","yoast_head_json":{"title":"T\u00edtulo P\u00e1gina | Consultora de talento y selecci\u00f3n de personal | Ethikos &#8212; Ethikos","description":"El teletrabajo se expandi\u00f3 como una situaci\u00f3n circunstancial en Espa\u00f1a, pero se convirti\u00f3 en algo primordial para organizaciones y empleados.","robots":{"index":"index","follow":"follow","max-snippet":"max-snippet:-1","max-image-preview":"max-image-preview:large","max-video-preview":"max-video-preview:-1"},"canonical":"https:\/\/www.ethikos.es\/en\/el-teletrabajo-en-espana-llega-a-su-fin\/","og_locale":"en_US","og_type":"article","og_title":"T\u00edtulo P\u00e1gina | Consultora de talento y selecci\u00f3n de personal | Ethikos &#8212; Ethikos","og_description":"El teletrabajo se expandi\u00f3 como una situaci\u00f3n circunstancial en Espa\u00f1a, pero se convirti\u00f3 en algo primordial para organizaciones y empleados.","og_url":"https:\/\/www.ethikos.es\/en\/el-teletrabajo-en-espana-llega-a-su-fin\/","og_site_name":"Ethikos","article_publisher":"http:\/\/www.facebook.com\/ethikos.es\/","article_published_time":"2023-04-05T10:46:45+00:00","article_modified_time":"2023-04-05T10:53:49+00:00","og_image":[{"width":1640,"height":924,"url":"https:\/\/www.ethikos.es\/wp-content\/uploads\/2023\/04\/teletrabajo-en-espana.png","type":"image\/png"}],"author":"Alejandra rodriguez","twitter_card":"summary_large_image","twitter_creator":"@Ethikos30","twitter_site":"@Ethikos30","twitter_misc":{"Written by":"Alejandra rodriguez","Est. reading time":"5 minutes"},"schema":{"@context":"https:\/\/schema.org","@graph":[{"@type":"Article","@id":"https:\/\/www.ethikos.es\/en\/el-teletrabajo-en-espana-llega-a-su-fin\/#article","isPartOf":{"@id":"https:\/\/www.ethikos.es\/en\/el-teletrabajo-en-espana-llega-a-su-fin\/"},"author":{"name":"Alejandra rodriguez","@id":"https:\/\/www.ethikos.es\/en\/#\/schema\/person\/38d1d104e838727040e3df30856ae4dd"},"headline":"\u00bfEl teletrabajo en Espa\u00f1a llega a su fin?","datePublished":"2023-04-05T10:46:45+00:00","dateModified":"2023-04-05T10:53:49+00:00","mainEntityOfPage":{"@id":"https:\/\/www.ethikos.es\/en\/el-teletrabajo-en-espana-llega-a-su-fin\/"},"wordCount":1087,"commentCount":1,"publisher":{"@id":"https:\/\/www.ethikos.es\/en\/#organization"},"image":{"@id":"https:\/\/www.ethikos.es\/en\/el-teletrabajo-en-espana-llega-a-su-fin\/#primaryimage"},"thumbnailUrl":"https:\/\/www.ethikos.es\/wp-content\/uploads\/2023\/04\/teletrabajo-en-espana.png","keywords":["Espa\u00f1a","ethikos","RRHH","selecci\u00f3n por valores","teletrabajo","teletrabajo en Espa\u00f1a","trabajo en remoto","trabajo h\u00edbrido","trabajo remoto"],"articleSection":["Blog","Cultura de empresa","Recursos Humanos","Teletrabajo","Trabajo"],"inLanguage":"en-US","potentialAction":[{"@type":"CommentAction","name":"Comment","target":["https:\/\/www.ethikos.es\/en\/el-teletrabajo-en-espana-llega-a-su-fin\/#respond"]}]},{"@type":"WebPage","@id":"https:\/\/www.ethikos.es\/en\/el-teletrabajo-en-espana-llega-a-su-fin\/","url":"https:\/\/www.ethikos.es\/en\/el-teletrabajo-en-espana-llega-a-su-fin\/","name":"T\u00edtulo P\u00e1gina | Consultora de talento y selecci\u00f3n de personal | Ethikos &#8212; Ethikos","isPartOf":{"@id":"https:\/\/www.ethikos.es\/en\/#website"},"primaryImageOfPage":{"@id":"https:\/\/www.ethikos.es\/en\/el-teletrabajo-en-espana-llega-a-su-fin\/#primaryimage"},"image":{"@id":"https:\/\/www.ethikos.es\/en\/el-teletrabajo-en-espana-llega-a-su-fin\/#primaryimage"},"thumbnailUrl":"https:\/\/www.ethikos.es\/wp-content\/uploads\/2023\/04\/teletrabajo-en-espana.png","datePublished":"2023-04-05T10:46:45+00:00","dateModified":"2023-04-05T10:53:49+00:00","description":"El teletrabajo se expandi\u00f3 como una situaci\u00f3n circunstancial en Espa\u00f1a, pero se convirti\u00f3 en algo primordial para organizaciones y empleados.","breadcrumb":{"@id":"https:\/\/www.ethikos.es\/en\/el-teletrabajo-en-espana-llega-a-su-fin\/#breadcrumb"},"inLanguage":"en-US","potentialAction":[{"@type":"ReadAction","target":["https:\/\/www.ethikos.es\/en\/el-teletrabajo-en-espana-llega-a-su-fin\/"]}]},{"@type":"ImageObject","inLanguage":"en-US","@id":"https:\/\/www.ethikos.es\/en\/el-teletrabajo-en-espana-llega-a-su-fin\/#primaryimage","url":"https:\/\/www.ethikos.es\/wp-content\/uploads\/2023\/04\/teletrabajo-en-espana.png","contentUrl":"https:\/\/www.ethikos.es\/wp-content\/uploads\/2023\/04\/teletrabajo-en-espana.png","width":1640,"height":924,"caption":"trabajo remoto en espa\u00f1a"},{"@type":"BreadcrumbList","@id":"https:\/\/www.ethikos.es\/en\/el-teletrabajo-en-espana-llega-a-su-fin\/#breadcrumb","itemListElement":[{"@type":"ListItem","position":1,"name":"Portada","item":"https:\/\/www.ethikos.es\/"},{"@type":"ListItem","position":2,"name":"\u00bfEl teletrabajo en Espa\u00f1a llega a su fin?"}]},{"@type":"WebSite","@id":"https:\/\/www.ethikos.es\/en\/#website","url":"https:\/\/www.ethikos.es\/en\/","name":"Ethikos 3.0","description":"Ethikos es una consultora de transformaci\u00f3n organizacional especializada en cultura empresarial, liderazgo consciente y selecci\u00f3n por valores.","publisher":{"@id":"https:\/\/www.ethikos.es\/en\/#organization"},"alternateName":"Ethikos Consultor\u00eda","potentialAction":[{"@type":"SearchAction","target":{"@type":"EntryPoint","urlTemplate":"https:\/\/www.ethikos.es\/en\/?s={search_term_string}"},"query-input":{"@type":"PropertyValueSpecification","valueRequired":true,"valueName":"search_term_string"}}],"inLanguage":"en-US"},{"@type":"Organization","@id":"https:\/\/www.ethikos.es\/en\/#organization","name":"Ethikos 3.0","url":"https:\/\/www.ethikos.es\/en\/","logo":{"@type":"ImageObject","inLanguage":"en-US","@id":"https:\/\/www.ethikos.es\/en\/#\/schema\/logo\/image\/","url":"https:\/\/www.ethikos.es\/wp-content\/uploads\/2019\/01\/43606559961_5f343a820a_o.png","contentUrl":"https:\/\/www.ethikos.es\/wp-content\/uploads\/2019\/01\/43606559961_5f343a820a_o.png","width":646,"height":218,"caption":"Ethikos 3.0"},"image":{"@id":"https:\/\/www.ethikos.es\/en\/#\/schema\/logo\/image\/"},"sameAs":["http:\/\/www.facebook.com\/ethikos.es\/","https:\/\/x.com\/Ethikos30","https:\/\/www.instagram.com\/ethikos_3.0\/","https:\/\/www.linkedin.com\/company\/ethikos-3-0\/"]},{"@type":"Person","@id":"https:\/\/www.ethikos.es\/en\/#\/schema\/person\/38d1d104e838727040e3df30856ae4dd","name":"Alejandra rodriguez","image":{"@type":"ImageObject","inLanguage":"en-US","@id":"https:\/\/secure.gravatar.com\/avatar\/b3ec99a542e73e094bd13bf9b8fe038b27fe1dbe92b83688ebec44c31eac8fae?s=96&d=mm&r=g","url":"https:\/\/secure.gravatar.com\/avatar\/b3ec99a542e73e094bd13bf9b8fe038b27fe1dbe92b83688ebec44c31eac8fae?s=96&d=mm&r=g","contentUrl":"https:\/\/secure.gravatar.com\/avatar\/b3ec99a542e73e094bd13bf9b8fe038b27fe1dbe92b83688ebec44c31eac8fae?s=96&d=mm&r=g","caption":"Alejandra rodriguez"}}]}},"_links":{"self":[{"href":"https:\/\/www.ethikos.es\/en\/wp-json\/wp\/v2\/posts\/19264","targetHints":{"allow":["GET"]}}],"collection":[{"href":"https:\/\/www.ethikos.es\/en\/wp-json\/wp\/v2\/posts"}],"about":[{"href":"https:\/\/www.ethikos.es\/en\/wp-json\/wp\/v2\/types\/post"}],"author":[{"embeddable":true,"href":"https:\/\/www.ethikos.es\/en\/wp-json\/wp\/v2\/users\/25"}],"replies":[{"embeddable":true,"href":"https:\/\/www.ethikos.es\/en\/wp-json\/wp\/v2\/comments?post=19264"}],"version-history":[{"count":0,"href":"https:\/\/www.ethikos.es\/en\/wp-json\/wp\/v2\/posts\/19264\/revisions"}],"wp:featuredmedia":[{"embeddable":true,"href":"https:\/\/www.ethikos.es\/en\/wp-json\/wp\/v2\/media\/19265"}],"wp:attachment":[{"href":"https:\/\/www.ethikos.es\/en\/wp-json\/wp\/v2\/media?parent=19264"}],"wp:term":[{"taxonomy":"category","embeddable":true,"href":"https:\/\/www.ethikos.es\/en\/wp-json\/wp\/v2\/categories?post=19264"},{"taxonomy":"post_tag","embeddable":true,"href":"https:\/\/www.ethikos.es\/en\/wp-json\/wp\/v2\/tags?post=19264"}],"curies":[{"name":"wp","href":"https:\/\/api.w.org\/{rel}","templated":true}]}}