{"id":19944,"date":"2023-06-07T09:30:26","date_gmt":"2023-06-07T07:30:26","guid":{"rendered":"https:\/\/www.ethikos.es\/?p=19944"},"modified":"2023-06-06T15:41:11","modified_gmt":"2023-06-06T13:41:11","slug":"directiva-sostenibilidad-empresarial-ue","status":"publish","type":"post","link":"https:\/\/www.ethikos.es\/en\/directiva-sostenibilidad-empresarial-ue\/","title":{"rendered":"Directiva de Sostenibilidad Empresarial UE"},"content":{"rendered":"<p>En un avance significativo, el Parlamento Europeo ha adoptado una posici\u00f3n com\u00fan sobre las normas de la Directiva de Sostenibilidad Empresarial en la UE propuestas, destinadas a responsabilizar a las empresas por las violaciones de los derechos humanos y el medio ambiente en sus cadenas de valor.<\/p>\n<p>A pesar de enfrentar la resistencia de \u00faltimo momento de ciertos miembros del Parlamento, el voto a favor de la posici\u00f3n del Parlamento Europeo prepara el escenario para las negociaciones con los estados miembros.<\/p>\n<p>La adopci\u00f3n de la directiva de debida diligencia de sostenibilidad empresarial de la UE (CSDDD) se considera un paso crucial para garantizar que las empresas de la UE prevengan, identifiquen y mitiguen activamente los impactos adversos sobre los derechos humanos y el medio ambiente.<\/p>\n<p>A continuaci\u00f3n, exploraremos las implicaciones de la votaci\u00f3n del Parlamento y profundizaremos en los temas pol\u00e9micos que quedan por delante en el proceso de negociaci\u00f3n.<\/p>\n<p>&nbsp;<\/p>\n<p>Te puede interesar: <a href=\"https:\/\/www.ethikos.es\/sostenibilidad-corporativa\/\"><strong><em>Sostenibilidad Corporativa: una obligaci\u00f3n para el 2024<\/em><\/strong><\/a><\/p>\n<p>&nbsp;<\/p>\n<h2><strong>Navegando los desaf\u00edos: la UE se acerca a hacer cumplir la responsabilidad corporativa <\/strong><\/h2>\n<p>La adopci\u00f3n del informe por el Parlamento Europeo es un logro significativo, aunque no exento de desaf\u00edos.<\/p>\n<p>A pesar de un amplio consenso alcanzado a nivel de comisi\u00f3n, la oposici\u00f3n de \u00faltima hora de varios eurodiputados, en particular del Partido Popular Europeo (PPE) de centro-derecha, gener\u00f3 incertidumbre en torno a la adopci\u00f3n del informe. Estos eurodiputados buscaron diluir las obligaciones de diligencia debida clim\u00e1tica, aumentar la armonizaci\u00f3n total y eliminar los deberes de los directores de la ley, lo que gener\u00f3 preocupaciones entre las empresas.<\/p>\n<p>Si bien la mayor\u00eda de las enmiendas propuestas fueron rechazadas, lograron eliminar las responsabilidades de los directores del proyecto de ley, lo que provoc\u00f3 las cr\u00edticas de los partidarios del CSDDD.<\/p>\n<p>Por otra parte, la ponente Lara Wolters (S&amp;D) quien defini\u00f3 la votaci\u00f3n como una \u201cmonta\u00f1a rusa emocional\u201d dijo: \u201cEstoy muy satisfecha con el resultado de la votaci\u00f3n de hoy y de que hayamos superado la l\u00ednea a pesar de algunas maniobras de \u00faltima hora\u201d.<\/p>\n<p>&nbsp;<\/p>\n<h2><strong>Gobierno Corporativo y el Rol de los Directores en la Directiva de Sostenibilidad Empresarial UE<\/strong><\/h2>\n<p>La eliminaci\u00f3n de los deberes de los directores del CSDDD ha despertado preocupaciones entre los defensores de la responsabilidad corporativa. Argumentan que un cambio significativo debe originarse desde arriba, con juntas y directores corporativos supervisando activamente el cumplimiento de la ley por parte de una organizaci\u00f3n.<\/p>\n<p>Al eliminar las responsabilidades de los directores relacionadas con las obligaciones de diligencia debida, la ley enmendada corre el riesgo de disminuir la influencia de las juntas corporativas en el impulso de pr\u00e1cticas sostenibles. Sin embargo, todav\u00eda hay espacio para abordar este tema durante las pr\u00f3ximas negociaciones entre el Parlamento Europeo, la Comisi\u00f3n de la UE y los estados miembros.<\/p>\n<p>\u00abEl cambio debe venir de arriba hacia abajo\u00bb, dijo a <strong><em><a href=\"https:\/\/www.euractiv.com\/section\/economy-jobs\/news\/eu-parliament-agrees-common-position-on-corporate-due-diligence-law\/\">EURACTIV<\/a><\/em><\/strong> Richard Gardiner, l\u00edder de pol\u00edticas p\u00fablicas de la UE en la World Benchmarking Alliance. \u201cEs lamentable que la votaci\u00f3n final minimice el papel de la junta y los directores corporativos en la supervisi\u00f3n del cumplimiento de la ley por parte de una empresa\u201d.<\/p>\n<p>&nbsp;<\/p>\n<h2><strong>Reducci\u00f3n de las diferencias: puntos clave para las negociaciones tripartitas <\/strong><\/h2>\n<p>Se anticipa que las negociaciones tripartitas inminentes entre el Parlamento Europeo, la Comisi\u00f3n de la UE y los estados miembros ser\u00e1n desafiantes y se centrar\u00e1n en varios puntos cr\u00edticos. Uno de esos puntos de discordia es la inclusi\u00f3n del sector financiero en el CSDDD, ya que, si bien el Parlamento vot\u00f3 a favor de los controles de diligencia debida obligatorios para las instituciones y los servicios financieros, los estados miembros prefirieron mantenerlos como opcionales, pero es claro que conciliar estas posiciones opuestas, ser\u00e1 crucial para establecer un marco integral que garantice la rendici\u00f3n de cuentas en todos los sectores relevantes.<\/p>\n<p>Las negociaciones tambi\u00e9n abordar\u00e1n el alcance de la directiva y la extensi\u00f3n de la cadena de valor cubierta por las nuevas reglas. Es por esto que los estados miembros favorecieron una definici\u00f3n restringida de la &#8216;cadena de actividades&#8217;, mientras que el Parlamento presion\u00f3 por una aplicaci\u00f3n m\u00e1s amplia de las reglas de diligencia debida.<\/p>\n<p>La postura del Parlamento enfatiza la necesidad de la diligencia debida no solo dentro de la cadena de suministro, sino que tambi\u00e9n abarca la venta, distribuci\u00f3n, transporte, almacenamiento y gesti\u00f3n de residuos de productos y servicios. Lograr un equilibrio entre estos puntos de vista contrastantes ser\u00e1 vital para crear un marco efectivo y completo.<\/p>\n<p>Adem\u00e1s, la determinaci\u00f3n del umbral para la cobertura de la empresa estar\u00e1 sujeta a negociaci\u00f3n. Si bien los estados miembros acordaron aplicar la ley a empresas con m\u00e1s de 250 empleados y una facturaci\u00f3n de m\u00e1s de 40 millones de euros en Europa y 150 millones de euros en todo el mundo, el Parlamento vot\u00f3 a favor de una cobertura m\u00e1s amplia, que podr\u00eda abarcar a m\u00e1s empresas, para encontrar un equilibrio entre la amplia cobertura y la practicidad del cumplimiento, estableciendo regulaciones justas y efectivas.<\/p>\n<p>La responsabilidad civil y el acceso a la justicia tambi\u00e9n ser\u00e1n puntos focales en las negociaciones. El Parlamento Europeo ampli\u00f3 el acceso a la justicia para las v\u00edctimas y reforz\u00f3 los requisitos para que las empresas reparen los da\u00f1os causados \u200b\u200bpor sus actividades. Estos aspectos sin duda presentar\u00e1n desaf\u00edos importantes y requerir\u00e1n un debate y una negociaci\u00f3n s\u00f3lidos.<\/p>\n<p>&nbsp;<\/p>\n<p>Tambi\u00e9n te recomendamos: <strong><em><a href=\"https:\/\/www.ethikos.es\/criterios-esg-y-la-etica-empresarial\/\">Criterios ESG: la ruta hacia la \u00e9tica empresarial<\/a><\/em><\/strong><\/p>\n<p>&nbsp;<\/p>\n<p>La adopci\u00f3n por parte del Parlamento Europeo de una posici\u00f3n com\u00fan sobre la propuesta de directiva de diligencia debida de sostenibilidad empresarial de la UE es un paso significativo para garantizar la responsabilidad empresarial. A pesar de enfrentarse a la oposici\u00f3n, la votaci\u00f3n allana el camino para las negociaciones tripartitas con la Comisi\u00f3n de la UE y los estados miembros.<\/p>\n<p>A medida que avancen las negociaciones, ser\u00e1 necesario considerar detenidamente cuestiones controvertidas como los deberes de los directores, la inclusi\u00f3n del sector financiero, el alcance de la directiva y el acceso a la justicia. Lograr un equilibrio entre varias perspectivas es crucial para elaborar una legislaci\u00f3n que aborde de manera efectiva los derechos humanos y las preocupaciones medioambientales a lo largo de las cadenas de valor de las empresas de la UE.<\/p>\n<p>&nbsp;<\/p>\n<p>\u00bfTe gustar\u00eda aplicar criterios ESG dentro de tu organizaci\u00f3n? \u00a1Te ayudamos! Dale clic para\u00a0<a href=\"https:\/\/www.ethikos.es\/mensaje-de-contacto\/\"><strong><em>solicitar m\u00e1s informaci\u00f3n.<\/em><\/strong><\/a><\/p>\n<p>Tambi\u00e9n puedes conocer todos nuestros Programas de Desarrollo, enfocados en mejorar los principios ESG adapt\u00e1ndolos a cada organizaci\u00f3n\u00a0<a href=\"https:\/\/www.ethikos.es\/programas-formativos\/\"><strong><em>aqu\u00ed.<\/em><\/strong><\/a><\/p>\n<p>&nbsp;<\/p>\n<p><em><strong>By: Alejandra Rodr\u00edguez Aguas \u2013 Content Creator<\/strong><\/em><\/p>","protected":false},"excerpt":{"rendered":"<p>En un avance significativo, el Parlamento Europeo ha adoptado una posici\u00f3n com\u00fan sobre las normas de la Directiva de Sostenibilidad Empresarial en la UE propuestas, destinadas a responsabilizar a las empresas por las violaciones de los derechos humanos y el medio ambiente en sus cadenas de valor. A pesar de enfrentar la resistencia de \u00faltimo [&hellip;]<\/p>\n","protected":false},"author":25,"featured_media":19947,"comment_status":"open","ping_status":"closed","sticky":false,"template":"","format":"standard","meta":{"_exactmetrics_skip_tracking":false,"_exactmetrics_sitenote_active":false,"_exactmetrics_sitenote_note":"","_exactmetrics_sitenote_category":0,"footnotes":""},"categories":[151,859,142,765,141,6,700],"tags":[860,875,874,198,750,787,733,445,877,197,639,866,619,89,629,145,865,846,867,876],"class_list":["post-19944","post","type-post","status-publish","format-standard","has-post-thumbnail","hentry","category-blog","category-criterios-esg","category-cultura-de-empresa","category-estrategia","category-gestion-por-valores","category-news","category-sostenibilidad","tag-criterios-esg","tag-csddd","tag-csdr","tag-cultura-corporativa","tag-cultura-organizacional","tag-desarrollo-sostenible","tag-esg","tag-ethikos","tag-eu","tag-gestion-por-valores","tag-inclusion","tag-ods","tag-proceso-de-seleccion","tag-recursos-humanos","tag-rrhh","tag-seleccion-por-valores","tag-sostenibilidad-corporativa","tag-sostenibilidad-empresarial","tag-sostenibilidad-financiera","tag-ue"],"yoast_head":"<!-- This site is optimized with the Yoast SEO plugin v27.5 - https:\/\/yoast.com\/product\/yoast-seo-wordpress\/ -->\n<title>T\u00edtulo P\u00e1gina | Consultora de talento y selecci\u00f3n de personal | Ethikos &#8212; Ethikos<\/title>\n<meta name=\"description\" content=\"Descubre los desaf\u00edos y negociaciones para lograr un futuro sostenible, sobre la Directiva de Sostenibilidad Empresarial en la UE.\" \/>\n<meta name=\"robots\" content=\"index, follow, max-snippet:-1, max-image-preview:large, max-video-preview:-1\" \/>\n<link rel=\"canonical\" href=\"https:\/\/www.ethikos.es\/en\/directiva-sostenibilidad-empresarial-ue\/\" \/>\n<meta property=\"og:locale\" content=\"en_US\" \/>\n<meta property=\"og:type\" content=\"article\" \/>\n<meta property=\"og:title\" content=\"T\u00edtulo P\u00e1gina | Consultora de talento y selecci\u00f3n de personal | Ethikos &#8212; Ethikos\" \/>\n<meta property=\"og:description\" content=\"Descubre los desaf\u00edos y negociaciones para lograr un futuro sostenible, sobre la Directiva de Sostenibilidad Empresarial en la UE.\" \/>\n<meta property=\"og:url\" content=\"https:\/\/www.ethikos.es\/en\/directiva-sostenibilidad-empresarial-ue\/\" \/>\n<meta property=\"og:site_name\" content=\"Ethikos\" \/>\n<meta property=\"article:publisher\" content=\"http:\/\/www.facebook.com\/ethikos.es\/\" \/>\n<meta property=\"article:published_time\" content=\"2023-06-07T07:30:26+00:00\" \/>\n<meta property=\"og:image\" content=\"https:\/\/www.ethikos.es\/wp-content\/uploads\/2023\/06\/directiva-sostenibilidad-empresarial-ue.png\" \/>\n\t<meta property=\"og:image:width\" content=\"1640\" \/>\n\t<meta property=\"og:image:height\" content=\"924\" \/>\n\t<meta property=\"og:image:type\" content=\"image\/png\" \/>\n<meta name=\"author\" content=\"Alejandra rodriguez\" \/>\n<meta name=\"twitter:card\" content=\"summary_large_image\" \/>\n<meta name=\"twitter:creator\" content=\"@Ethikos30\" \/>\n<meta name=\"twitter:site\" content=\"@Ethikos30\" \/>\n<meta name=\"twitter:label1\" content=\"Written by\" \/>\n\t<meta name=\"twitter:data1\" content=\"Alejandra rodriguez\" \/>\n\t<meta name=\"twitter:label2\" content=\"Est. reading time\" \/>\n\t<meta name=\"twitter:data2\" content=\"6 minutes\" \/>\n<script type=\"application\/ld+json\" class=\"yoast-schema-graph\">{\"@context\":\"https:\\\/\\\/schema.org\",\"@graph\":[{\"@type\":\"Article\",\"@id\":\"https:\\\/\\\/www.ethikos.es\\\/en\\\/directiva-sostenibilidad-empresarial-ue\\\/#article\",\"isPartOf\":{\"@id\":\"https:\\\/\\\/www.ethikos.es\\\/en\\\/directiva-sostenibilidad-empresarial-ue\\\/\"},\"author\":{\"name\":\"Alejandra rodriguez\",\"@id\":\"https:\\\/\\\/www.ethikos.es\\\/en\\\/#\\\/schema\\\/person\\\/38d1d104e838727040e3df30856ae4dd\"},\"headline\":\"Directiva de Sostenibilidad Empresarial UE\",\"datePublished\":\"2023-06-07T07:30:26+00:00\",\"mainEntityOfPage\":{\"@id\":\"https:\\\/\\\/www.ethikos.es\\\/en\\\/directiva-sostenibilidad-empresarial-ue\\\/\"},\"wordCount\":1151,\"commentCount\":0,\"publisher\":{\"@id\":\"https:\\\/\\\/www.ethikos.es\\\/en\\\/#organization\"},\"image\":{\"@id\":\"https:\\\/\\\/www.ethikos.es\\\/en\\\/directiva-sostenibilidad-empresarial-ue\\\/#primaryimage\"},\"thumbnailUrl\":\"https:\\\/\\\/www.ethikos.es\\\/wp-content\\\/uploads\\\/2023\\\/06\\\/directiva-sostenibilidad-empresarial-ue.png\",\"keywords\":[\"criterios ESG\",\"CSDDD\",\"CSDR\",\"cultura corporativa\",\"cultura organizacional\",\"desarrollo sostenible\",\"esg\",\"ethikos\",\"EU\",\"gesti\u00f3n por valores\",\"inclusi\u00f3n\",\"ods\",\"proceso de selecci\u00f3n\",\"recursos humanos\",\"RRHH\",\"selecci\u00f3n por valores\",\"sostenibilidad corporativa\",\"sostenibilidad empresarial\",\"sostenibilidad financiera\",\"UE\"],\"articleSection\":[\"Blog\",\"Criterios ESG\",\"Cultura de empresa\",\"Estrategia\",\"Gesti\u00f3n por valores\",\"News\",\"Sostenibilidad\"],\"inLanguage\":\"en-US\",\"potentialAction\":[{\"@type\":\"CommentAction\",\"name\":\"Comment\",\"target\":[\"https:\\\/\\\/www.ethikos.es\\\/en\\\/directiva-sostenibilidad-empresarial-ue\\\/#respond\"]}]},{\"@type\":\"WebPage\",\"@id\":\"https:\\\/\\\/www.ethikos.es\\\/en\\\/directiva-sostenibilidad-empresarial-ue\\\/\",\"url\":\"https:\\\/\\\/www.ethikos.es\\\/en\\\/directiva-sostenibilidad-empresarial-ue\\\/\",\"name\":\"T\u00edtulo P\u00e1gina | Consultora de talento y selecci\u00f3n de personal | Ethikos &#8212; Ethikos\",\"isPartOf\":{\"@id\":\"https:\\\/\\\/www.ethikos.es\\\/en\\\/#website\"},\"primaryImageOfPage\":{\"@id\":\"https:\\\/\\\/www.ethikos.es\\\/en\\\/directiva-sostenibilidad-empresarial-ue\\\/#primaryimage\"},\"image\":{\"@id\":\"https:\\\/\\\/www.ethikos.es\\\/en\\\/directiva-sostenibilidad-empresarial-ue\\\/#primaryimage\"},\"thumbnailUrl\":\"https:\\\/\\\/www.ethikos.es\\\/wp-content\\\/uploads\\\/2023\\\/06\\\/directiva-sostenibilidad-empresarial-ue.png\",\"datePublished\":\"2023-06-07T07:30:26+00:00\",\"description\":\"Descubre los desaf\u00edos y negociaciones para lograr un futuro sostenible, sobre la Directiva de Sostenibilidad Empresarial en la UE.\",\"breadcrumb\":{\"@id\":\"https:\\\/\\\/www.ethikos.es\\\/en\\\/directiva-sostenibilidad-empresarial-ue\\\/#breadcrumb\"},\"inLanguage\":\"en-US\",\"potentialAction\":[{\"@type\":\"ReadAction\",\"target\":[\"https:\\\/\\\/www.ethikos.es\\\/en\\\/directiva-sostenibilidad-empresarial-ue\\\/\"]}]},{\"@type\":\"ImageObject\",\"inLanguage\":\"en-US\",\"@id\":\"https:\\\/\\\/www.ethikos.es\\\/en\\\/directiva-sostenibilidad-empresarial-ue\\\/#primaryimage\",\"url\":\"https:\\\/\\\/www.ethikos.es\\\/wp-content\\\/uploads\\\/2023\\\/06\\\/directiva-sostenibilidad-empresarial-ue.png\",\"contentUrl\":\"https:\\\/\\\/www.ethikos.es\\\/wp-content\\\/uploads\\\/2023\\\/06\\\/directiva-sostenibilidad-empresarial-ue.png\",\"width\":1640,\"height\":924,\"caption\":\"La adopci\u00f3n de la directiva de debida diligencia de sostenibilidad empresarial de la UE (CSDDD) se considera un paso crucial para garantizar que las empresas de la UE prevengan, identifiquen y mitiguen activamente los impactos adversos sobre los derechos humanos y el medio ambiente.\"},{\"@type\":\"BreadcrumbList\",\"@id\":\"https:\\\/\\\/www.ethikos.es\\\/en\\\/directiva-sostenibilidad-empresarial-ue\\\/#breadcrumb\",\"itemListElement\":[{\"@type\":\"ListItem\",\"position\":1,\"name\":\"Portada\",\"item\":\"https:\\\/\\\/www.ethikos.es\\\/\"},{\"@type\":\"ListItem\",\"position\":2,\"name\":\"Directiva de Sostenibilidad Empresarial UE\"}]},{\"@type\":\"WebSite\",\"@id\":\"https:\\\/\\\/www.ethikos.es\\\/en\\\/#website\",\"url\":\"https:\\\/\\\/www.ethikos.es\\\/en\\\/\",\"name\":\"Ethikos 3.0\",\"description\":\"Ethikos es una consultora de transformaci\u00f3n organizacional especializada en cultura empresarial, liderazgo consciente y selecci\u00f3n por valores.\",\"publisher\":{\"@id\":\"https:\\\/\\\/www.ethikos.es\\\/en\\\/#organization\"},\"alternateName\":\"Ethikos Consultor\u00eda\",\"potentialAction\":[{\"@type\":\"SearchAction\",\"target\":{\"@type\":\"EntryPoint\",\"urlTemplate\":\"https:\\\/\\\/www.ethikos.es\\\/en\\\/?s={search_term_string}\"},\"query-input\":{\"@type\":\"PropertyValueSpecification\",\"valueRequired\":true,\"valueName\":\"search_term_string\"}}],\"inLanguage\":\"en-US\"},{\"@type\":\"Organization\",\"@id\":\"https:\\\/\\\/www.ethikos.es\\\/en\\\/#organization\",\"name\":\"Ethikos 3.0\",\"url\":\"https:\\\/\\\/www.ethikos.es\\\/en\\\/\",\"logo\":{\"@type\":\"ImageObject\",\"inLanguage\":\"en-US\",\"@id\":\"https:\\\/\\\/www.ethikos.es\\\/en\\\/#\\\/schema\\\/logo\\\/image\\\/\",\"url\":\"https:\\\/\\\/www.ethikos.es\\\/wp-content\\\/uploads\\\/2019\\\/01\\\/43606559961_5f343a820a_o.png\",\"contentUrl\":\"https:\\\/\\\/www.ethikos.es\\\/wp-content\\\/uploads\\\/2019\\\/01\\\/43606559961_5f343a820a_o.png\",\"width\":646,\"height\":218,\"caption\":\"Ethikos 3.0\"},\"image\":{\"@id\":\"https:\\\/\\\/www.ethikos.es\\\/en\\\/#\\\/schema\\\/logo\\\/image\\\/\"},\"sameAs\":[\"http:\\\/\\\/www.facebook.com\\\/ethikos.es\\\/\",\"https:\\\/\\\/x.com\\\/Ethikos30\",\"https:\\\/\\\/www.instagram.com\\\/ethikos_3.0\\\/\",\"https:\\\/\\\/www.linkedin.com\\\/company\\\/ethikos-3-0\\\/\"]},{\"@type\":\"Person\",\"@id\":\"https:\\\/\\\/www.ethikos.es\\\/en\\\/#\\\/schema\\\/person\\\/38d1d104e838727040e3df30856ae4dd\",\"name\":\"Alejandra rodriguez\",\"image\":{\"@type\":\"ImageObject\",\"inLanguage\":\"en-US\",\"@id\":\"https:\\\/\\\/secure.gravatar.com\\\/avatar\\\/b3ec99a542e73e094bd13bf9b8fe038b27fe1dbe92b83688ebec44c31eac8fae?s=96&d=mm&r=g\",\"url\":\"https:\\\/\\\/secure.gravatar.com\\\/avatar\\\/b3ec99a542e73e094bd13bf9b8fe038b27fe1dbe92b83688ebec44c31eac8fae?s=96&d=mm&r=g\",\"contentUrl\":\"https:\\\/\\\/secure.gravatar.com\\\/avatar\\\/b3ec99a542e73e094bd13bf9b8fe038b27fe1dbe92b83688ebec44c31eac8fae?s=96&d=mm&r=g\",\"caption\":\"Alejandra rodriguez\"}}]}<\/script>\n<!-- \/ Yoast SEO plugin. -->","yoast_head_json":{"title":"T\u00edtulo P\u00e1gina | Consultora de talento y selecci\u00f3n de personal | Ethikos &#8212; Ethikos","description":"Descubre los desaf\u00edos y negociaciones para lograr un futuro sostenible, sobre la Directiva de Sostenibilidad Empresarial en la UE.","robots":{"index":"index","follow":"follow","max-snippet":"max-snippet:-1","max-image-preview":"max-image-preview:large","max-video-preview":"max-video-preview:-1"},"canonical":"https:\/\/www.ethikos.es\/en\/directiva-sostenibilidad-empresarial-ue\/","og_locale":"en_US","og_type":"article","og_title":"T\u00edtulo P\u00e1gina | Consultora de talento y selecci\u00f3n de personal | Ethikos &#8212; Ethikos","og_description":"Descubre los desaf\u00edos y negociaciones para lograr un futuro sostenible, sobre la Directiva de Sostenibilidad Empresarial en la UE.","og_url":"https:\/\/www.ethikos.es\/en\/directiva-sostenibilidad-empresarial-ue\/","og_site_name":"Ethikos","article_publisher":"http:\/\/www.facebook.com\/ethikos.es\/","article_published_time":"2023-06-07T07:30:26+00:00","og_image":[{"width":1640,"height":924,"url":"https:\/\/www.ethikos.es\/wp-content\/uploads\/2023\/06\/directiva-sostenibilidad-empresarial-ue.png","type":"image\/png"}],"author":"Alejandra rodriguez","twitter_card":"summary_large_image","twitter_creator":"@Ethikos30","twitter_site":"@Ethikos30","twitter_misc":{"Written by":"Alejandra rodriguez","Est. reading time":"6 minutes"},"schema":{"@context":"https:\/\/schema.org","@graph":[{"@type":"Article","@id":"https:\/\/www.ethikos.es\/en\/directiva-sostenibilidad-empresarial-ue\/#article","isPartOf":{"@id":"https:\/\/www.ethikos.es\/en\/directiva-sostenibilidad-empresarial-ue\/"},"author":{"name":"Alejandra rodriguez","@id":"https:\/\/www.ethikos.es\/en\/#\/schema\/person\/38d1d104e838727040e3df30856ae4dd"},"headline":"Directiva de Sostenibilidad Empresarial UE","datePublished":"2023-06-07T07:30:26+00:00","mainEntityOfPage":{"@id":"https:\/\/www.ethikos.es\/en\/directiva-sostenibilidad-empresarial-ue\/"},"wordCount":1151,"commentCount":0,"publisher":{"@id":"https:\/\/www.ethikos.es\/en\/#organization"},"image":{"@id":"https:\/\/www.ethikos.es\/en\/directiva-sostenibilidad-empresarial-ue\/#primaryimage"},"thumbnailUrl":"https:\/\/www.ethikos.es\/wp-content\/uploads\/2023\/06\/directiva-sostenibilidad-empresarial-ue.png","keywords":["criterios ESG","CSDDD","CSDR","cultura corporativa","cultura organizacional","desarrollo sostenible","esg","ethikos","EU","gesti\u00f3n por valores","inclusi\u00f3n","ods","proceso de selecci\u00f3n","recursos humanos","RRHH","selecci\u00f3n por valores","sostenibilidad corporativa","sostenibilidad empresarial","sostenibilidad financiera","UE"],"articleSection":["Blog","Criterios ESG","Cultura de empresa","Estrategia","Gesti\u00f3n por valores","News","Sostenibilidad"],"inLanguage":"en-US","potentialAction":[{"@type":"CommentAction","name":"Comment","target":["https:\/\/www.ethikos.es\/en\/directiva-sostenibilidad-empresarial-ue\/#respond"]}]},{"@type":"WebPage","@id":"https:\/\/www.ethikos.es\/en\/directiva-sostenibilidad-empresarial-ue\/","url":"https:\/\/www.ethikos.es\/en\/directiva-sostenibilidad-empresarial-ue\/","name":"T\u00edtulo P\u00e1gina | Consultora de talento y selecci\u00f3n de personal | Ethikos &#8212; Ethikos","isPartOf":{"@id":"https:\/\/www.ethikos.es\/en\/#website"},"primaryImageOfPage":{"@id":"https:\/\/www.ethikos.es\/en\/directiva-sostenibilidad-empresarial-ue\/#primaryimage"},"image":{"@id":"https:\/\/www.ethikos.es\/en\/directiva-sostenibilidad-empresarial-ue\/#primaryimage"},"thumbnailUrl":"https:\/\/www.ethikos.es\/wp-content\/uploads\/2023\/06\/directiva-sostenibilidad-empresarial-ue.png","datePublished":"2023-06-07T07:30:26+00:00","description":"Descubre los desaf\u00edos y negociaciones para lograr un futuro sostenible, sobre la Directiva de Sostenibilidad Empresarial en la UE.","breadcrumb":{"@id":"https:\/\/www.ethikos.es\/en\/directiva-sostenibilidad-empresarial-ue\/#breadcrumb"},"inLanguage":"en-US","potentialAction":[{"@type":"ReadAction","target":["https:\/\/www.ethikos.es\/en\/directiva-sostenibilidad-empresarial-ue\/"]}]},{"@type":"ImageObject","inLanguage":"en-US","@id":"https:\/\/www.ethikos.es\/en\/directiva-sostenibilidad-empresarial-ue\/#primaryimage","url":"https:\/\/www.ethikos.es\/wp-content\/uploads\/2023\/06\/directiva-sostenibilidad-empresarial-ue.png","contentUrl":"https:\/\/www.ethikos.es\/wp-content\/uploads\/2023\/06\/directiva-sostenibilidad-empresarial-ue.png","width":1640,"height":924,"caption":"La adopci\u00f3n de la directiva de debida diligencia de sostenibilidad empresarial de la UE (CSDDD) se considera un paso crucial para garantizar que las empresas de la UE prevengan, identifiquen y mitiguen activamente los impactos adversos sobre los derechos humanos y el medio ambiente."},{"@type":"BreadcrumbList","@id":"https:\/\/www.ethikos.es\/en\/directiva-sostenibilidad-empresarial-ue\/#breadcrumb","itemListElement":[{"@type":"ListItem","position":1,"name":"Portada","item":"https:\/\/www.ethikos.es\/"},{"@type":"ListItem","position":2,"name":"Directiva de Sostenibilidad Empresarial UE"}]},{"@type":"WebSite","@id":"https:\/\/www.ethikos.es\/en\/#website","url":"https:\/\/www.ethikos.es\/en\/","name":"Ethikos 3.0","description":"Ethikos es una consultora de transformaci\u00f3n organizacional especializada en cultura empresarial, liderazgo consciente y selecci\u00f3n por valores.","publisher":{"@id":"https:\/\/www.ethikos.es\/en\/#organization"},"alternateName":"Ethikos Consultor\u00eda","potentialAction":[{"@type":"SearchAction","target":{"@type":"EntryPoint","urlTemplate":"https:\/\/www.ethikos.es\/en\/?s={search_term_string}"},"query-input":{"@type":"PropertyValueSpecification","valueRequired":true,"valueName":"search_term_string"}}],"inLanguage":"en-US"},{"@type":"Organization","@id":"https:\/\/www.ethikos.es\/en\/#organization","name":"Ethikos 3.0","url":"https:\/\/www.ethikos.es\/en\/","logo":{"@type":"ImageObject","inLanguage":"en-US","@id":"https:\/\/www.ethikos.es\/en\/#\/schema\/logo\/image\/","url":"https:\/\/www.ethikos.es\/wp-content\/uploads\/2019\/01\/43606559961_5f343a820a_o.png","contentUrl":"https:\/\/www.ethikos.es\/wp-content\/uploads\/2019\/01\/43606559961_5f343a820a_o.png","width":646,"height":218,"caption":"Ethikos 3.0"},"image":{"@id":"https:\/\/www.ethikos.es\/en\/#\/schema\/logo\/image\/"},"sameAs":["http:\/\/www.facebook.com\/ethikos.es\/","https:\/\/x.com\/Ethikos30","https:\/\/www.instagram.com\/ethikos_3.0\/","https:\/\/www.linkedin.com\/company\/ethikos-3-0\/"]},{"@type":"Person","@id":"https:\/\/www.ethikos.es\/en\/#\/schema\/person\/38d1d104e838727040e3df30856ae4dd","name":"Alejandra rodriguez","image":{"@type":"ImageObject","inLanguage":"en-US","@id":"https:\/\/secure.gravatar.com\/avatar\/b3ec99a542e73e094bd13bf9b8fe038b27fe1dbe92b83688ebec44c31eac8fae?s=96&d=mm&r=g","url":"https:\/\/secure.gravatar.com\/avatar\/b3ec99a542e73e094bd13bf9b8fe038b27fe1dbe92b83688ebec44c31eac8fae?s=96&d=mm&r=g","contentUrl":"https:\/\/secure.gravatar.com\/avatar\/b3ec99a542e73e094bd13bf9b8fe038b27fe1dbe92b83688ebec44c31eac8fae?s=96&d=mm&r=g","caption":"Alejandra rodriguez"}}]}},"_links":{"self":[{"href":"https:\/\/www.ethikos.es\/en\/wp-json\/wp\/v2\/posts\/19944","targetHints":{"allow":["GET"]}}],"collection":[{"href":"https:\/\/www.ethikos.es\/en\/wp-json\/wp\/v2\/posts"}],"about":[{"href":"https:\/\/www.ethikos.es\/en\/wp-json\/wp\/v2\/types\/post"}],"author":[{"embeddable":true,"href":"https:\/\/www.ethikos.es\/en\/wp-json\/wp\/v2\/users\/25"}],"replies":[{"embeddable":true,"href":"https:\/\/www.ethikos.es\/en\/wp-json\/wp\/v2\/comments?post=19944"}],"version-history":[{"count":0,"href":"https:\/\/www.ethikos.es\/en\/wp-json\/wp\/v2\/posts\/19944\/revisions"}],"wp:featuredmedia":[{"embeddable":true,"href":"https:\/\/www.ethikos.es\/en\/wp-json\/wp\/v2\/media\/19947"}],"wp:attachment":[{"href":"https:\/\/www.ethikos.es\/en\/wp-json\/wp\/v2\/media?parent=19944"}],"wp:term":[{"taxonomy":"category","embeddable":true,"href":"https:\/\/www.ethikos.es\/en\/wp-json\/wp\/v2\/categories?post=19944"},{"taxonomy":"post_tag","embeddable":true,"href":"https:\/\/www.ethikos.es\/en\/wp-json\/wp\/v2\/tags?post=19944"}],"curies":[{"name":"wp","href":"https:\/\/api.w.org\/{rel}","templated":true}]}}