{"id":20313,"date":"2023-07-12T12:06:14","date_gmt":"2023-07-12T10:06:14","guid":{"rendered":"https:\/\/www.ethikos.es\/?p=20313"},"modified":"2023-07-12T12:13:24","modified_gmt":"2023-07-12T10:13:24","slug":"ia-empleo-y-discapacidad","status":"publish","type":"post","link":"https:\/\/www.ethikos.es\/en\/ia-empleo-y-discapacidad\/","title":{"rendered":"AI in the employment of people with disabilities"},"content":{"rendered":"<p>En un contexto en el que la diversidad, la equidad y la inclusi\u00f3n son cada vez m\u00e1s valoradas en todos los aspectos de nuestra sociedad, incluido el \u00e1mbito laboral, se busca reducir los sesgos y riesgos de discriminaci\u00f3n. Sin embargo, cuando la Inteligencia Artificial (IA) entra en juego en la creaci\u00f3n de empleos para personas con discapacidad, surgen interrogantes, especialmente porque seg\u00fan un estudio reciente, el 65% de las personas con discapacidad teme que los sistemas de IA utilizados en los procesos de reclutamiento los excluyan de las oportunidades laborales.<\/p>\n<p>La IA tiene el potencial de desempe\u00f1ar un papel importante en la inclusi\u00f3n laboral de personas con discapacidad, ya que puede proporcionar oportunidades para superar barreras y fomentar su participaci\u00f3n en el mundo laboral. Sin embargo, tambi\u00e9n plantea riesgos relacionados con la posible eliminaci\u00f3n de empleos. En este contexto de avances tecnol\u00f3gicos r\u00e1pidos y constantes cambios, el Observatorio de la Vulnerabilidad de la Fundaci\u00f3n Adecco ha presentado durante doce a\u00f1os consecutivos el informe <em><strong><a href=\"https:\/\/fundacionadecco.org\/informes-y-estudios\/informe-tecnologia-y-discapacidad\/\">\u00abTecnolog\u00eda y Discapacidad\u00bb<\/a><\/strong> <\/em>en colaboraci\u00f3n con Keysight Technologies Sales Spain SLU. Este informe se ha destacado por profundizar en el papel de las nuevas tecnolog\u00edas como poderosos impulsores de la inclusi\u00f3n social y laboral de las personas con discapacidad en una sociedad altamente digitalizada.<\/p>\n<h3><strong>IA: tecnolog\u00eda y discapacidad<\/strong><\/h3>\n<p>Por duod\u00e9cimo a\u00f1o consecutivo, el Observatorio de la Vulnerabilidad de la Fundaci\u00f3n Adecco presenta el informe \u00abTecnolog\u00eda y Discapacidad\u00bb, en colaboraci\u00f3n con Keysight Technologies Sales Spain SLU. Este an\u00e1lisis exhaustivo profundiza en el papel de las nuevas tecnolog\u00edas como aceleradoras del proceso de inclusi\u00f3n social y laboral de las personas con discapacidad en una sociedad eminentemente digitalizada. En un a\u00f1o marcado por el despegue y la democratizaci\u00f3n de la Inteligencia Artificial (IA), este informe cobra una relevancia especial al examinar el impacto de la IA en el empleo de este colectivo.<\/p>\n<p>La investigaci\u00f3n se ha centrado en comprender el impacto de la IA en el empleo de este colectivo y ha explorado las oportunidades y desaf\u00edos que surgen en este contexto. Es esencial encontrar un equilibrio entre el uso de la IA para mejorar la inclusi\u00f3n laboral y garantizar que no se produzca una exclusi\u00f3n inadvertida debido a sesgos algor\u00edtmicos o discriminaci\u00f3n impl\u00edcita en los sistemas de reclutamiento.<\/p>\n<p>Sin embargo, tambi\u00e9n es crucial abordar los riesgos asociados con la IA en el empleo. La automatizaci\u00f3n de ciertos trabajos puede plantear preocupaciones sobre la p\u00e9rdida de empleos para las personas con discapacidad. Adem\u00e1s, la implementaci\u00f3n de sistemas de IA en los procesos de selecci\u00f3n debe realizarse con precauci\u00f3n para evitar la discriminaci\u00f3n basada en sesgos algor\u00edtmicos. Es fundamental garantizar que los sistemas de IA sean \u00e9ticos, inclusivos y transparentes.<\/p>\n<h3><strong>El impacto de la IA en el empleo de personas con discapacidad<\/strong><\/h3>\n<p>La Inteligencia Artificial (IA) ha demostrado tener un papel fundamental en el empleo de personas con discapacidad, ofreciendo oportunidades para superar barreras y promoviendo la inclusi\u00f3n laboral. Sin embargo, tambi\u00e9n plantea riesgos relacionados con la p\u00e9rdida de puestos de trabajo, de acuerdo con el informe \u00abTecnolog\u00eda y Discapacidad\u00bb, el cual destaca tanto las oportunidades como los desaf\u00edos que la IA presenta en el \u00e1mbito laboral para las personas con discapacidad.<\/p>\n<p>La IA tiene el potencial de facilitar la accesibilidad laboral y adaptar los entornos de trabajo a las necesidades individuales de las personas con discapacidad. Adem\u00e1s, puede proporcionar programas de capacitaci\u00f3n personalizados y fomentar la flexibilidad laboral, permitiendo nuevas formas de trabajo que se ajusten a las necesidades y habilidades de cada individuo.<\/p>\n<h3><strong>Oportunidades de la IA en el empleo inclusivo<\/strong><\/h3>\n<p>La IA puede mejorar la accesibilidad en los entornos laborales para las personas con discapacidad, facilitando la comunicaci\u00f3n y la realizaci\u00f3n de tareas. Mediante el desarrollo de sistemas de reconocimiento de voz o del lenguaje de se\u00f1as, se pueden superar las barreras f\u00edsicas y sensoriales. Adem\u00e1s, la IA puede contribuir a adaptar los espacios de trabajo, ajustando autom\u00e1ticamente la iluminaci\u00f3n, la temperatura y otras condiciones ambientales seg\u00fan las necesidades individuales.<\/p>\n<p>&nbsp;<\/p>\n<p>Te puede interesar: <em><strong><a href=\"https:\/\/www.ethikos.es\/rrhh-y-el-futuro-laboral\/\">RRHH y el futuro laboral: Informe del Foro Econ\u00f3mico Mundial 2023<\/a><\/strong><\/em><\/p>\n<p>&nbsp;<\/p>\n<h3><strong>Capacitaci\u00f3n y desarrollo profesional impulsados por la IA<\/strong><\/h3>\n<p>La IA ofrece programas de aprendizaje personalizados, adaptados a las necesidades y habilidades de las personas con discapacidad. Estos programas brindan retroalimentaci\u00f3n constante y orientaci\u00f3n para mejorar el desempe\u00f1o laboral. Adem\u00e1s, la IA puede facilitar la adquisici\u00f3n de nuevas habilidades y competencias necesarias para el empleo, asegurando la conexi\u00f3n con las demandas del mercado laboral en constante evoluci\u00f3n.<\/p>\n<h3><strong>Teletrabajo y flexibilidad laboral: nuevas oportunidades<\/strong><\/h3>\n<p>El desarrollo tecnol\u00f3gico y la IA han ampliado las oportunidades de acceso a trabajos remotos y flexibles. Esto beneficia especialmente a las personas con discapacidad, que pueden enfrentar barreras para desplazarse o trabajar en entornos tradicionales. La IA tambi\u00e9n facilita la colaboraci\u00f3n en l\u00ednea y la adaptaci\u00f3n de tareas y horarios, brindando mayor autonom\u00eda y flexibilidad seg\u00fan las necesidades individuales.<\/p>\n<h3><strong>Sesgos y discriminaci\u00f3n: los retos de los sistemas de IA<\/strong><\/h3>\n<p>El informe destaca que los sistemas de IA utilizados en los procesos de selecci\u00f3n de personal, como los softwares ATS (Applicant Tracking System), pueden presentar sesgos y discriminaci\u00f3n. Estas herramientas automatizadas comparan las candidaturas y descartan autom\u00e1ticamente aquellas que no cumplen con los requisitos establecidos mediante palabras clave espec\u00edficas. Si estos sistemas no est\u00e1n entrenados en base a criterios inclusivos, pueden perpetuar y amplificar los sesgos presentes en los datos utilizados para su entrenamiento, generando resultados discriminatorios en la contrataci\u00f3n laboral.<\/p>\n<h3><strong>Barreras de acceso y brecha digital<\/strong><\/h3>\n<p>El creciente uso de la IA en la vida cotidiana y laboral puede acentuar la brecha digital, dejando atr\u00e1s a las personas que no tienen acceso a estas tecnolog\u00edas o que enfrentan dificultades para utilizarlas. El informe revela que el 45.1% de las personas con discapacidad encuentra barreras en el uso y manejo de las Nuevas Tecnolog\u00edas. Estas barreras incluyen problemas econ\u00f3micos, dificultades de accesibilidad debido al tipo de discapacidad, problemas de usabilidad y desconfianza en lo digital.<\/p>\n<p>&nbsp;<\/p>\n<p>Tambi\u00e9n te recomendamos: <em><strong><a href=\"https:\/\/www.ethikos.es\/politicas-dei-entornos-inclusivos\/\">Pol\u00edticas DEI: Creando un lugar de trabajo inclusivo<\/a><\/strong><\/em><\/p>\n<p>&nbsp;<\/p>\n<h3><strong>Automatizaci\u00f3n del empleo y temores<\/strong><\/h3>\n<p>Con el avance de la IA, surge la preocupaci\u00f3n de que algunos trabajos sean automatizados, lo que podr\u00eda resultar en la p\u00e9rdida de empleo para aquellos que no puedan adaptarse. Aunque el 55.5% de las personas encuestadas no ve a la IA como una amenaza para su inclusi\u00f3n laboral, el 44.5% teme que la robotizaci\u00f3n ocupe los puestos de trabajo que tradicionalmente han desempe\u00f1ado, dej\u00e1ndolos sin oportunidades de empleo. Es necesario abordar este desaf\u00edo y garantizar que las personas con discapacidad puedan adaptarse al uso de la IA y adquirir competencias digitales relevantes para el mercado laboral.<\/p>\n<h3><strong>Necesidad de formaci\u00f3n y habilidades actualizadas<\/strong><\/h3>\n<p>El r\u00e1pido avance de la IA requiere que las personas con discapacidad adquieran habilidades actualizadas y relevantes para el empleo. Sin embargo, el informe revela que el 73.1% de las personas encuestadas no ha recibido ning\u00fan tipo de formaci\u00f3n en Nuevas Tecnolog\u00edas para mejorar su b\u00fasqueda de empleo y desempe\u00f1o profesional. Es esencial proporcionar oportunidades de capacitaci\u00f3n y desarrollo para asegurar su conexi\u00f3n con las demandas del mercado laboral y promover la inclusi\u00f3n laboral efectiva.<\/p>\n<h3><strong>El futuro de la IA para personas con discapacidad<\/strong><\/h3>\n<p>El informe \u00abTecnolog\u00eda y Discapacidad\u00bb destaca la importancia de garantizar que la IA sea un acelerador del empleo inclusivo en lugar de un freno. Para ello, es necesario adoptar pr\u00e1cticas de desarrollo \u00e9tico de la IA, como la selecci\u00f3n cuidadosa de los datos de entrenamiento y el monitoreo constante de sesgos.<\/p>\n<p>Adem\u00e1s, se deben superar las barreras de acceso y brecha digital, proporcionando recursos econ\u00f3micos, mejorando la accesibilidad y promoviendo la confianza en las tecnolog\u00edas digitales. La formaci\u00f3n y actualizaci\u00f3n de habilidades son fundamentales para asegurar la inclusi\u00f3n laboral de las personas con discapacidad en un mundo cada vez m\u00e1s tecnol\u00f3gico, por lo que en Ethikos continuamos trabajando para promover la inclusi\u00f3n laboral de las personas con discapacidad y as\u00ed garantizar que la IA sea una herramienta para la igualdad de oportunidades.<\/p>\n<p>&nbsp;<\/p>\n<p>\u00bfTe gustar\u00eda aplicar criterios ESG enfocados en diversidad, equidad e inclusi\u00f3n dentro de tu organizaci\u00f3n? \u00a1Te ayudamos! Dale clic para\u00a0<a href=\"https:\/\/www.ethikos.es\/mensaje-de-contacto\/\"><strong><em>solicitar m\u00e1s informaci\u00f3n.<\/em><\/strong><\/a><\/p>\n<p>Tambi\u00e9n puedes conocer todos nuestros Programas de Desarrollo, enfocados en mejorar los principios ESG adapt\u00e1ndolos a cada organizaci\u00f3n\u00a0<a href=\"https:\/\/www.ethikos.es\/programas-formativos\/\"><strong><em>aqu\u00ed.<\/em><\/strong><\/a><\/p>\n<p><em><strong>\u00a0<\/strong><\/em><\/p>\n<p><em><strong>By: Alejandra Rodr\u00edguez Aguas \u2013 Content Creator<\/strong><\/em><\/p>","protected":false},"excerpt":{"rendered":"<p>En un contexto en el que la diversidad, la equidad y la inclusi\u00f3n son cada vez m\u00e1s valoradas en todos los aspectos de nuestra sociedad, incluido el \u00e1mbito laboral, se busca reducir los sesgos y riesgos de discriminaci\u00f3n. Sin embargo, cuando la Inteligencia Artificial (IA) entra en juego en la creaci\u00f3n de empleos para personas [&hellip;]<\/p>\n","protected":false},"author":25,"featured_media":20320,"comment_status":"open","ping_status":"closed","sticky":false,"template":"","format":"standard","meta":{"_exactmetrics_skip_tracking":false,"_exactmetrics_sitenote_active":false,"_exactmetrics_sitenote_note":"","_exactmetrics_sitenote_category":0,"footnotes":""},"categories":[151,859,142,765,851,837,6,850,830,139,834,140],"tags":[860,874,198,750,641,749,890,891,892,638,690,882,889,640,733,445,197,660,639,796,866,888,873,619,89,836,452,629,145,738],"class_list":["post-20313","post","type-post","status-publish","format-standard","has-post-thumbnail","hentry","category-blog","category-criterios-esg","category-cultura-de-empresa","category-estrategia","category-inteligencia-artificial","category-iteletrabajo","category-news","category-politicas-dei","category-procesos-de-seleccion","category-rrhh","category-rotacion-de-personal","category-seleccion-por-valores","tag-criterios-esg","tag-csdr","tag-cultura-corporativa","tag-cultura-organizacional","tag-dei","tag-discapacidad","tag-discapacidad-laboral","tag-discriminacion","tag-discriminacion-laboral","tag-diversidad","tag-diversidad-e-inclusion","tag-empleados-nuevos","tag-empleo-para-discapacitados","tag-equidad","tag-esg","tag-ethikos","tag-gestion-por-valores","tag-ia","tag-inclusion","tag-inteligencia-artificial","tag-ods","tag-personas-con-discapacidad","tag-politicas-dei","tag-proceso-de-seleccion","tag-recursos-humanos","tag-rotacion-de-personal","tag-rotacion-laboral","tag-rrhh","tag-seleccion-por-valores","tag-sesgos"],"yoast_head":"<!-- This site is optimized with the Yoast SEO plugin v27.5 - https:\/\/yoast.com\/product\/yoast-seo-wordpress\/ -->\n<title>T\u00edtulo P\u00e1gina | Consultora de talento y selecci\u00f3n de personal | Ethikos &#8212; Ethikos<\/title>\n<meta name=\"description\" content=\"Descubre el impacto, las oportunidades y los riesgos que tiene la Inteligencia Artificial (IA) en el empleo de personas con discapacidad.\" \/>\n<meta name=\"robots\" content=\"index, follow, max-snippet:-1, max-image-preview:large, max-video-preview:-1\" \/>\n<link rel=\"canonical\" href=\"https:\/\/www.ethikos.es\/en\/ia-empleo-y-discapacidad\/\" \/>\n<meta property=\"og:locale\" content=\"en_US\" \/>\n<meta property=\"og:type\" content=\"article\" \/>\n<meta property=\"og:title\" content=\"T\u00edtulo P\u00e1gina | Consultora de talento y selecci\u00f3n de personal | Ethikos &#8212; Ethikos\" \/>\n<meta property=\"og:description\" content=\"Descubre el impacto, las oportunidades y los riesgos que tiene la Inteligencia Artificial (IA) en el empleo de personas con discapacidad.\" \/>\n<meta property=\"og:url\" content=\"https:\/\/www.ethikos.es\/en\/ia-empleo-y-discapacidad\/\" \/>\n<meta property=\"og:site_name\" content=\"Ethikos\" \/>\n<meta property=\"article:publisher\" content=\"http:\/\/www.facebook.com\/ethikos.es\/\" \/>\n<meta property=\"article:published_time\" content=\"2023-07-12T10:06:14+00:00\" \/>\n<meta property=\"article:modified_time\" content=\"2023-07-12T10:13:24+00:00\" \/>\n<meta property=\"og:image\" content=\"https:\/\/www.ethikos.es\/wp-content\/uploads\/2023\/07\/ia-empleo-y-discapacidad.png\" \/>\n\t<meta property=\"og:image:width\" content=\"1640\" \/>\n\t<meta property=\"og:image:height\" content=\"924\" \/>\n\t<meta property=\"og:image:type\" content=\"image\/png\" \/>\n<meta name=\"author\" content=\"Alejandra rodriguez\" \/>\n<meta name=\"twitter:card\" content=\"summary_large_image\" \/>\n<meta name=\"twitter:creator\" content=\"@Ethikos30\" \/>\n<meta name=\"twitter:site\" content=\"@Ethikos30\" \/>\n<meta name=\"twitter:label1\" content=\"Written by\" \/>\n\t<meta name=\"twitter:data1\" content=\"Alejandra rodriguez\" \/>\n\t<meta name=\"twitter:label2\" content=\"Est. reading time\" \/>\n\t<meta name=\"twitter:data2\" content=\"7 minutes\" \/>\n<script type=\"application\/ld+json\" class=\"yoast-schema-graph\">{\"@context\":\"https:\\\/\\\/schema.org\",\"@graph\":[{\"@type\":\"Article\",\"@id\":\"https:\\\/\\\/www.ethikos.es\\\/en\\\/ia-empleo-y-discapacidad\\\/#article\",\"isPartOf\":{\"@id\":\"https:\\\/\\\/www.ethikos.es\\\/en\\\/ia-empleo-y-discapacidad\\\/\"},\"author\":{\"name\":\"Alejandra rodriguez\",\"@id\":\"https:\\\/\\\/www.ethikos.es\\\/en\\\/#\\\/schema\\\/person\\\/38d1d104e838727040e3df30856ae4dd\"},\"headline\":\"La IA en el empleo de personas con discapacidad\",\"datePublished\":\"2023-07-12T10:06:14+00:00\",\"dateModified\":\"2023-07-12T10:13:24+00:00\",\"mainEntityOfPage\":{\"@id\":\"https:\\\/\\\/www.ethikos.es\\\/en\\\/ia-empleo-y-discapacidad\\\/\"},\"wordCount\":1493,\"commentCount\":0,\"publisher\":{\"@id\":\"https:\\\/\\\/www.ethikos.es\\\/en\\\/#organization\"},\"image\":{\"@id\":\"https:\\\/\\\/www.ethikos.es\\\/en\\\/ia-empleo-y-discapacidad\\\/#primaryimage\"},\"thumbnailUrl\":\"https:\\\/\\\/www.ethikos.es\\\/wp-content\\\/uploads\\\/2023\\\/07\\\/ia-empleo-y-discapacidad.png\",\"keywords\":[\"criterios ESG\",\"CSDR\",\"cultura corporativa\",\"cultura organizacional\",\"DEI\",\"discapacidad\",\"discapacidad laboral\",\"discriminaci\u00f3n\",\"discriminaci\u00f3n laboral\",\"diversidad\",\"diversidad e inclusi\u00f3n\",\"empleados nuevos\",\"empleo para discapacitados\",\"equidad\",\"esg\",\"ethikos\",\"gesti\u00f3n por valores\",\"IA\",\"inclusi\u00f3n\",\"inteligencia artificial\",\"ods\",\"personas con discapacidad\",\"pol\u00edticas DEI\",\"proceso de selecci\u00f3n\",\"recursos humanos\",\"rotaci\u00f3n de personal\",\"rotaci\u00f3n laboral\",\"RRHH\",\"selecci\u00f3n por valores\",\"sesgos\"],\"articleSection\":[\"Blog\",\"Criterios ESG\",\"Cultura de empresa\",\"Estrategia\",\"Inteligencia Artificial\",\"iTeletrabajo\",\"News\",\"Pol\u00edticas DEI\",\"Procesos de selecci\u00f3n\",\"Recursos Humanos\",\"Rotaci\u00f3n de personal\",\"Selecci\u00f3n por valores\"],\"inLanguage\":\"en-US\",\"potentialAction\":[{\"@type\":\"CommentAction\",\"name\":\"Comment\",\"target\":[\"https:\\\/\\\/www.ethikos.es\\\/en\\\/ia-empleo-y-discapacidad\\\/#respond\"]}]},{\"@type\":\"WebPage\",\"@id\":\"https:\\\/\\\/www.ethikos.es\\\/en\\\/ia-empleo-y-discapacidad\\\/\",\"url\":\"https:\\\/\\\/www.ethikos.es\\\/en\\\/ia-empleo-y-discapacidad\\\/\",\"name\":\"T\u00edtulo P\u00e1gina | Consultora de talento y selecci\u00f3n de personal | Ethikos &#8212; Ethikos\",\"isPartOf\":{\"@id\":\"https:\\\/\\\/www.ethikos.es\\\/en\\\/#website\"},\"primaryImageOfPage\":{\"@id\":\"https:\\\/\\\/www.ethikos.es\\\/en\\\/ia-empleo-y-discapacidad\\\/#primaryimage\"},\"image\":{\"@id\":\"https:\\\/\\\/www.ethikos.es\\\/en\\\/ia-empleo-y-discapacidad\\\/#primaryimage\"},\"thumbnailUrl\":\"https:\\\/\\\/www.ethikos.es\\\/wp-content\\\/uploads\\\/2023\\\/07\\\/ia-empleo-y-discapacidad.png\",\"datePublished\":\"2023-07-12T10:06:14+00:00\",\"dateModified\":\"2023-07-12T10:13:24+00:00\",\"description\":\"Descubre el impacto, las oportunidades y los riesgos que tiene la Inteligencia Artificial (IA) en el empleo de personas con discapacidad.\",\"breadcrumb\":{\"@id\":\"https:\\\/\\\/www.ethikos.es\\\/en\\\/ia-empleo-y-discapacidad\\\/#breadcrumb\"},\"inLanguage\":\"en-US\",\"potentialAction\":[{\"@type\":\"ReadAction\",\"target\":[\"https:\\\/\\\/www.ethikos.es\\\/en\\\/ia-empleo-y-discapacidad\\\/\"]}]},{\"@type\":\"ImageObject\",\"inLanguage\":\"en-US\",\"@id\":\"https:\\\/\\\/www.ethikos.es\\\/en\\\/ia-empleo-y-discapacidad\\\/#primaryimage\",\"url\":\"https:\\\/\\\/www.ethikos.es\\\/wp-content\\\/uploads\\\/2023\\\/07\\\/ia-empleo-y-discapacidad.png\",\"contentUrl\":\"https:\\\/\\\/www.ethikos.es\\\/wp-content\\\/uploads\\\/2023\\\/07\\\/ia-empleo-y-discapacidad.png\",\"width\":1640,\"height\":924,\"caption\":\"Descubre el impacto, las oportunidades y los riesgos que tiene la Inteligencia Artificial en el empleo de personas con discapacidad.\"},{\"@type\":\"BreadcrumbList\",\"@id\":\"https:\\\/\\\/www.ethikos.es\\\/en\\\/ia-empleo-y-discapacidad\\\/#breadcrumb\",\"itemListElement\":[{\"@type\":\"ListItem\",\"position\":1,\"name\":\"Portada\",\"item\":\"https:\\\/\\\/www.ethikos.es\\\/\"},{\"@type\":\"ListItem\",\"position\":2,\"name\":\"La IA en el empleo de personas con discapacidad\"}]},{\"@type\":\"WebSite\",\"@id\":\"https:\\\/\\\/www.ethikos.es\\\/en\\\/#website\",\"url\":\"https:\\\/\\\/www.ethikos.es\\\/en\\\/\",\"name\":\"Ethikos 3.0\",\"description\":\"Ethikos es una consultora de transformaci\u00f3n organizacional especializada en cultura empresarial, liderazgo consciente y selecci\u00f3n por valores.\",\"publisher\":{\"@id\":\"https:\\\/\\\/www.ethikos.es\\\/en\\\/#organization\"},\"alternateName\":\"Ethikos Consultor\u00eda\",\"potentialAction\":[{\"@type\":\"SearchAction\",\"target\":{\"@type\":\"EntryPoint\",\"urlTemplate\":\"https:\\\/\\\/www.ethikos.es\\\/en\\\/?s={search_term_string}\"},\"query-input\":{\"@type\":\"PropertyValueSpecification\",\"valueRequired\":true,\"valueName\":\"search_term_string\"}}],\"inLanguage\":\"en-US\"},{\"@type\":\"Organization\",\"@id\":\"https:\\\/\\\/www.ethikos.es\\\/en\\\/#organization\",\"name\":\"Ethikos 3.0\",\"url\":\"https:\\\/\\\/www.ethikos.es\\\/en\\\/\",\"logo\":{\"@type\":\"ImageObject\",\"inLanguage\":\"en-US\",\"@id\":\"https:\\\/\\\/www.ethikos.es\\\/en\\\/#\\\/schema\\\/logo\\\/image\\\/\",\"url\":\"https:\\\/\\\/www.ethikos.es\\\/wp-content\\\/uploads\\\/2019\\\/01\\\/43606559961_5f343a820a_o.png\",\"contentUrl\":\"https:\\\/\\\/www.ethikos.es\\\/wp-content\\\/uploads\\\/2019\\\/01\\\/43606559961_5f343a820a_o.png\",\"width\":646,\"height\":218,\"caption\":\"Ethikos 3.0\"},\"image\":{\"@id\":\"https:\\\/\\\/www.ethikos.es\\\/en\\\/#\\\/schema\\\/logo\\\/image\\\/\"},\"sameAs\":[\"http:\\\/\\\/www.facebook.com\\\/ethikos.es\\\/\",\"https:\\\/\\\/x.com\\\/Ethikos30\",\"https:\\\/\\\/www.instagram.com\\\/ethikos_3.0\\\/\",\"https:\\\/\\\/www.linkedin.com\\\/company\\\/ethikos-3-0\\\/\"]},{\"@type\":\"Person\",\"@id\":\"https:\\\/\\\/www.ethikos.es\\\/en\\\/#\\\/schema\\\/person\\\/38d1d104e838727040e3df30856ae4dd\",\"name\":\"Alejandra rodriguez\",\"image\":{\"@type\":\"ImageObject\",\"inLanguage\":\"en-US\",\"@id\":\"https:\\\/\\\/secure.gravatar.com\\\/avatar\\\/b3ec99a542e73e094bd13bf9b8fe038b27fe1dbe92b83688ebec44c31eac8fae?s=96&d=mm&r=g\",\"url\":\"https:\\\/\\\/secure.gravatar.com\\\/avatar\\\/b3ec99a542e73e094bd13bf9b8fe038b27fe1dbe92b83688ebec44c31eac8fae?s=96&d=mm&r=g\",\"contentUrl\":\"https:\\\/\\\/secure.gravatar.com\\\/avatar\\\/b3ec99a542e73e094bd13bf9b8fe038b27fe1dbe92b83688ebec44c31eac8fae?s=96&d=mm&r=g\",\"caption\":\"Alejandra rodriguez\"}}]}<\/script>\n<!-- \/ Yoast SEO plugin. -->","yoast_head_json":{"title":"T\u00edtulo P\u00e1gina | Consultora de talento y selecci\u00f3n de personal | Ethikos &#8212; Ethikos","description":"Descubre el impacto, las oportunidades y los riesgos que tiene la Inteligencia Artificial (IA) en el empleo de personas con discapacidad.","robots":{"index":"index","follow":"follow","max-snippet":"max-snippet:-1","max-image-preview":"max-image-preview:large","max-video-preview":"max-video-preview:-1"},"canonical":"https:\/\/www.ethikos.es\/en\/ia-empleo-y-discapacidad\/","og_locale":"en_US","og_type":"article","og_title":"T\u00edtulo P\u00e1gina | Consultora de talento y selecci\u00f3n de personal | Ethikos &#8212; Ethikos","og_description":"Descubre el impacto, las oportunidades y los riesgos que tiene la Inteligencia Artificial (IA) en el empleo de personas con discapacidad.","og_url":"https:\/\/www.ethikos.es\/en\/ia-empleo-y-discapacidad\/","og_site_name":"Ethikos","article_publisher":"http:\/\/www.facebook.com\/ethikos.es\/","article_published_time":"2023-07-12T10:06:14+00:00","article_modified_time":"2023-07-12T10:13:24+00:00","og_image":[{"width":1640,"height":924,"url":"https:\/\/www.ethikos.es\/wp-content\/uploads\/2023\/07\/ia-empleo-y-discapacidad.png","type":"image\/png"}],"author":"Alejandra rodriguez","twitter_card":"summary_large_image","twitter_creator":"@Ethikos30","twitter_site":"@Ethikos30","twitter_misc":{"Written by":"Alejandra rodriguez","Est. reading time":"7 minutes"},"schema":{"@context":"https:\/\/schema.org","@graph":[{"@type":"Article","@id":"https:\/\/www.ethikos.es\/en\/ia-empleo-y-discapacidad\/#article","isPartOf":{"@id":"https:\/\/www.ethikos.es\/en\/ia-empleo-y-discapacidad\/"},"author":{"name":"Alejandra rodriguez","@id":"https:\/\/www.ethikos.es\/en\/#\/schema\/person\/38d1d104e838727040e3df30856ae4dd"},"headline":"La IA en el empleo de personas con discapacidad","datePublished":"2023-07-12T10:06:14+00:00","dateModified":"2023-07-12T10:13:24+00:00","mainEntityOfPage":{"@id":"https:\/\/www.ethikos.es\/en\/ia-empleo-y-discapacidad\/"},"wordCount":1493,"commentCount":0,"publisher":{"@id":"https:\/\/www.ethikos.es\/en\/#organization"},"image":{"@id":"https:\/\/www.ethikos.es\/en\/ia-empleo-y-discapacidad\/#primaryimage"},"thumbnailUrl":"https:\/\/www.ethikos.es\/wp-content\/uploads\/2023\/07\/ia-empleo-y-discapacidad.png","keywords":["criterios ESG","CSDR","cultura corporativa","cultura organizacional","DEI","discapacidad","discapacidad laboral","discriminaci\u00f3n","discriminaci\u00f3n laboral","diversidad","diversidad e inclusi\u00f3n","empleados nuevos","empleo para discapacitados","equidad","esg","ethikos","gesti\u00f3n por valores","IA","inclusi\u00f3n","inteligencia artificial","ods","personas con discapacidad","pol\u00edticas DEI","proceso de selecci\u00f3n","recursos humanos","rotaci\u00f3n de personal","rotaci\u00f3n laboral","RRHH","selecci\u00f3n por valores","sesgos"],"articleSection":["Blog","Criterios ESG","Cultura de empresa","Estrategia","Inteligencia Artificial","iTeletrabajo","News","Pol\u00edticas DEI","Procesos de selecci\u00f3n","Recursos Humanos","Rotaci\u00f3n de personal","Selecci\u00f3n por valores"],"inLanguage":"en-US","potentialAction":[{"@type":"CommentAction","name":"Comment","target":["https:\/\/www.ethikos.es\/en\/ia-empleo-y-discapacidad\/#respond"]}]},{"@type":"WebPage","@id":"https:\/\/www.ethikos.es\/en\/ia-empleo-y-discapacidad\/","url":"https:\/\/www.ethikos.es\/en\/ia-empleo-y-discapacidad\/","name":"T\u00edtulo P\u00e1gina | Consultora de talento y selecci\u00f3n de personal | Ethikos &#8212; Ethikos","isPartOf":{"@id":"https:\/\/www.ethikos.es\/en\/#website"},"primaryImageOfPage":{"@id":"https:\/\/www.ethikos.es\/en\/ia-empleo-y-discapacidad\/#primaryimage"},"image":{"@id":"https:\/\/www.ethikos.es\/en\/ia-empleo-y-discapacidad\/#primaryimage"},"thumbnailUrl":"https:\/\/www.ethikos.es\/wp-content\/uploads\/2023\/07\/ia-empleo-y-discapacidad.png","datePublished":"2023-07-12T10:06:14+00:00","dateModified":"2023-07-12T10:13:24+00:00","description":"Descubre el impacto, las oportunidades y los riesgos que tiene la Inteligencia Artificial (IA) en el empleo de personas con discapacidad.","breadcrumb":{"@id":"https:\/\/www.ethikos.es\/en\/ia-empleo-y-discapacidad\/#breadcrumb"},"inLanguage":"en-US","potentialAction":[{"@type":"ReadAction","target":["https:\/\/www.ethikos.es\/en\/ia-empleo-y-discapacidad\/"]}]},{"@type":"ImageObject","inLanguage":"en-US","@id":"https:\/\/www.ethikos.es\/en\/ia-empleo-y-discapacidad\/#primaryimage","url":"https:\/\/www.ethikos.es\/wp-content\/uploads\/2023\/07\/ia-empleo-y-discapacidad.png","contentUrl":"https:\/\/www.ethikos.es\/wp-content\/uploads\/2023\/07\/ia-empleo-y-discapacidad.png","width":1640,"height":924,"caption":"Descubre el impacto, las oportunidades y los riesgos que tiene la Inteligencia Artificial en el empleo de personas con discapacidad."},{"@type":"BreadcrumbList","@id":"https:\/\/www.ethikos.es\/en\/ia-empleo-y-discapacidad\/#breadcrumb","itemListElement":[{"@type":"ListItem","position":1,"name":"Portada","item":"https:\/\/www.ethikos.es\/"},{"@type":"ListItem","position":2,"name":"La IA en el empleo de personas con discapacidad"}]},{"@type":"WebSite","@id":"https:\/\/www.ethikos.es\/en\/#website","url":"https:\/\/www.ethikos.es\/en\/","name":"Ethikos 3.0","description":"Ethikos es una consultora de transformaci\u00f3n organizacional especializada en cultura empresarial, liderazgo consciente y selecci\u00f3n por valores.","publisher":{"@id":"https:\/\/www.ethikos.es\/en\/#organization"},"alternateName":"Ethikos Consultor\u00eda","potentialAction":[{"@type":"SearchAction","target":{"@type":"EntryPoint","urlTemplate":"https:\/\/www.ethikos.es\/en\/?s={search_term_string}"},"query-input":{"@type":"PropertyValueSpecification","valueRequired":true,"valueName":"search_term_string"}}],"inLanguage":"en-US"},{"@type":"Organization","@id":"https:\/\/www.ethikos.es\/en\/#organization","name":"Ethikos 3.0","url":"https:\/\/www.ethikos.es\/en\/","logo":{"@type":"ImageObject","inLanguage":"en-US","@id":"https:\/\/www.ethikos.es\/en\/#\/schema\/logo\/image\/","url":"https:\/\/www.ethikos.es\/wp-content\/uploads\/2019\/01\/43606559961_5f343a820a_o.png","contentUrl":"https:\/\/www.ethikos.es\/wp-content\/uploads\/2019\/01\/43606559961_5f343a820a_o.png","width":646,"height":218,"caption":"Ethikos 3.0"},"image":{"@id":"https:\/\/www.ethikos.es\/en\/#\/schema\/logo\/image\/"},"sameAs":["http:\/\/www.facebook.com\/ethikos.es\/","https:\/\/x.com\/Ethikos30","https:\/\/www.instagram.com\/ethikos_3.0\/","https:\/\/www.linkedin.com\/company\/ethikos-3-0\/"]},{"@type":"Person","@id":"https:\/\/www.ethikos.es\/en\/#\/schema\/person\/38d1d104e838727040e3df30856ae4dd","name":"Alejandra rodriguez","image":{"@type":"ImageObject","inLanguage":"en-US","@id":"https:\/\/secure.gravatar.com\/avatar\/b3ec99a542e73e094bd13bf9b8fe038b27fe1dbe92b83688ebec44c31eac8fae?s=96&d=mm&r=g","url":"https:\/\/secure.gravatar.com\/avatar\/b3ec99a542e73e094bd13bf9b8fe038b27fe1dbe92b83688ebec44c31eac8fae?s=96&d=mm&r=g","contentUrl":"https:\/\/secure.gravatar.com\/avatar\/b3ec99a542e73e094bd13bf9b8fe038b27fe1dbe92b83688ebec44c31eac8fae?s=96&d=mm&r=g","caption":"Alejandra rodriguez"}}]}},"_links":{"self":[{"href":"https:\/\/www.ethikos.es\/en\/wp-json\/wp\/v2\/posts\/20313","targetHints":{"allow":["GET"]}}],"collection":[{"href":"https:\/\/www.ethikos.es\/en\/wp-json\/wp\/v2\/posts"}],"about":[{"href":"https:\/\/www.ethikos.es\/en\/wp-json\/wp\/v2\/types\/post"}],"author":[{"embeddable":true,"href":"https:\/\/www.ethikos.es\/en\/wp-json\/wp\/v2\/users\/25"}],"replies":[{"embeddable":true,"href":"https:\/\/www.ethikos.es\/en\/wp-json\/wp\/v2\/comments?post=20313"}],"version-history":[{"count":0,"href":"https:\/\/www.ethikos.es\/en\/wp-json\/wp\/v2\/posts\/20313\/revisions"}],"wp:featuredmedia":[{"embeddable":true,"href":"https:\/\/www.ethikos.es\/en\/wp-json\/wp\/v2\/media\/20320"}],"wp:attachment":[{"href":"https:\/\/www.ethikos.es\/en\/wp-json\/wp\/v2\/media?parent=20313"}],"wp:term":[{"taxonomy":"category","embeddable":true,"href":"https:\/\/www.ethikos.es\/en\/wp-json\/wp\/v2\/categories?post=20313"},{"taxonomy":"post_tag","embeddable":true,"href":"https:\/\/www.ethikos.es\/en\/wp-json\/wp\/v2\/tags?post=20313"}],"curies":[{"name":"wp","href":"https:\/\/api.w.org\/{rel}","templated":true}]}}