{"id":20325,"date":"2023-07-19T11:55:07","date_gmt":"2023-07-19T09:55:07","guid":{"rendered":"https:\/\/www.ethikos.es\/?p=20325"},"modified":"2023-07-19T13:25:06","modified_gmt":"2023-07-19T11:25:06","slug":"alcaraz-y-la-salud-mental","status":"publish","type":"post","link":"https:\/\/www.ethikos.es\/en\/alcaraz-y-la-salud-mental\/","title":{"rendered":"Mental health: the key to Alcaraz's success"},"content":{"rendered":"<p><span data-contrast=\"auto\">La historia de \u00e9xito de Carlos Alcaraz es un testimonio inspirador de c\u00f3mo el enfoque en la salud mental puede ser clave para alcanzar grandes logros. A medida que se codea con los mejores en el mundo del tenis, Alcaraz ha comprendido la importancia de cuidar su equilibrio emocional para potenciar su rendimiento. <\/span><span data-ccp-props=\"{&quot;201341983&quot;:0,&quot;335551550&quot;:6,&quot;335551620&quot;:6,&quot;335559739&quot;:0,&quot;335559740&quot;:259}\">\u00a0<\/span><\/p>\n<p><span data-contrast=\"auto\">Esta mentalidad de cuidado personal se extiende m\u00e1s all\u00e1 de la cancha y tiene relevancia en el entorno laboral. Enfocarse en la salud mental en el trabajo es fundamental para garantizar el bienestar y el \u00e9xito de los empleados. <\/span><span data-ccp-props=\"{&quot;201341983&quot;:0,&quot;335551550&quot;:6,&quot;335551620&quot;:6,&quot;335559739&quot;:0,&quot;335559740&quot;:259}\">\u00a0<\/span><\/p>\n<p><span data-contrast=\"auto\">De lo contrario, puede ocasionar \u201cburnout\u201d o s\u00edndrome de agotamiento laboral, que actualmente afecta a un creciente n\u00famero de trabajadores. Seg\u00fan la <\/span><em><a href=\"https:\/\/elpais.com\/sociedad\/2019\/05\/27\/actualidad\/1558956228_933147.html\"><b>Organizaci\u00f3n Mundial de la Salud (OMS),<\/b><\/a><\/em><span data-contrast=\"auto\">\u00a0en 2019, aproximadamente el 10% de los profesionales experimentaron este s\u00edndrome a nivel mundial. Sin embargo, seg\u00fan el estudio\u00a0<\/span><em><strong><a href=\"https:\/\/www.adeccoinstitute.es\/wp-content\/uploads\/2021\/12\/NdP-Resetting-Normal.-4-de-cada-10-espanoles-han-sufrido-burnout-durante-el-ultimo-ano-y-piden-a-las-empresas-que-apliquen-medidas-para-garantizar-la-sa.pdf\">\u201cResetting Normal: redefiniendo la nueva era del trabajo\u201d<\/a> <\/strong><\/em><span data-contrast=\"auto\">de Adecco, en 2021 esta cifra se elev\u00f3 al 40%. Estos datos subrayan la necesidad de priorizar la salud mental en el entorno laboral. <\/span><\/p>\n<p><span data-contrast=\"auto\">Es por eso que, en esta ocasi\u00f3n, exploraremos la trascendencia del bienestar emocional, inspirados por la historia de Carlos Alcaraz, el campe\u00f3n vigente del Campeonato de Wimbledon.<\/span><span data-ccp-props=\"{&quot;201341983&quot;:0,&quot;335551550&quot;:6,&quot;335551620&quot;:6,&quot;335559739&quot;:0,&quot;335559740&quot;:259}\">\u00a0<\/span><\/p>\n<p><span data-contrast=\"auto\">A medida que este joven prodigio se enfrenta a la presi\u00f3n de competir, <\/span> <span data-contrast=\"auto\">adem\u00e1s del esfuerzo f\u00edsico que requieren los deportes de alto rendimiento, comprende tambi\u00e9n la importancia de mantener la mente enfocada para potenciar su desempe\u00f1o. Estos aprendizajes se pueden trasladar al mundo empresarial, donde desaf\u00edos similares en rendimiento, exigencias y bienestar mental se presentan a diario.\u00a0<\/span><span data-ccp-props=\"{&quot;201341983&quot;:0,&quot;335551550&quot;:6,&quot;335551620&quot;:6,&quot;335559739&quot;:0,&quot;335559740&quot;:259}\">\u00a0<\/span><\/p>\n<p><span data-contrast=\"auto\">A lo largo de esta traves\u00eda, descubriremos t\u00e1cticas y estrategias que las organizaciones pueden emplear para respaldar a sus colaboradores y fomentar un entorno laboral saludable. Sum\u00e9rjanse con nosotros en la comprensi\u00f3n de c\u00f3mo la salud mental puede impulsar el \u00e9xito tanto en el deporte como en el trabajo.<\/span><span data-ccp-props=\"{&quot;201341983&quot;:0,&quot;335551550&quot;:6,&quot;335551620&quot;:6,&quot;335559739&quot;:0,&quot;335559740&quot;:259}\">\u00a0<\/span><\/p>\n<p><span data-ccp-props=\"{&quot;201341983&quot;:0,&quot;335551550&quot;:6,&quot;335551620&quot;:6,&quot;335559739&quot;:0,&quot;335559740&quot;:259}\">\u00a0<\/span><\/p>\n<h3><b><span data-contrast=\"auto\">La danza mental de un maestro del tenis<\/span><\/b><span data-ccp-props=\"{&quot;201341983&quot;:0,&quot;335551550&quot;:6,&quot;335551620&quot;:6,&quot;335559739&quot;:0,&quot;335559740&quot;:259}\">\u00a0<\/span><\/h3>\n<p><span data-contrast=\"auto\">Carlos Alcaraz, el joven campe\u00f3n del Abierto de Estados Unidos y del Campeonato de Wimbledon, es una revelaci\u00f3n en el mundo del tenis. Su nombre resuena entre los grandes, como el legendario Rafael Nadal, sin embargo, detr\u00e1s de sus logros se oculta una lucha interna, donde la clave para mejorar su juego radica en el enfoque mental.<\/span><span data-ccp-props=\"{&quot;201341983&quot;:0,&quot;335551550&quot;:6,&quot;335551620&quot;:6,&quot;335559739&quot;:0,&quot;335559740&quot;:259}\">\u00a0<\/span><\/p>\n<p><span data-contrast=\"auto\">Alcaraz confiesa que ha tenido que trabajar en el control de su mente, superando la creencia de no ser lo suficientemente bueno en la cancha. Para ello, ha establecido que la concentraci\u00f3n constante y la omisi\u00f3n de altibajos son elementos cruciales en su desempe\u00f1o, haciendo que la mejora en el \u00e1mbito mental se convierta en una meta constante para \u00e9l.<\/span><span data-ccp-props=\"{&quot;201341983&quot;:0,&quot;335551550&quot;:6,&quot;335551620&quot;:6,&quot;335559739&quot;:0,&quot;335559740&quot;:259}\">\u00a0<\/span><\/p>\n<p><span data-ccp-props=\"{&quot;201341983&quot;:0,&quot;335551550&quot;:6,&quot;335551620&quot;:6,&quot;335559739&quot;:0,&quot;335559740&quot;:259}\">\u00a0<\/span><\/p>\n<h3><b><span data-contrast=\"auto\">M\u00e1s all\u00e1 del deporte: la magia de la psicolog\u00eda del rendimiento<\/span><\/b><span data-ccp-props=\"{&quot;201341983&quot;:0,&quot;335551550&quot;:6,&quot;335551620&quot;:6,&quot;335559739&quot;:0,&quot;335559740&quot;:259}\">\u00a0<\/span><\/h3>\n<p><span data-contrast=\"auto\">Las experiencias de Alcaraz no son \u00fanicas. La psicolog\u00eda del rendimiento ha emergido como una disciplina dedicada a ayudar a los atletas a manejar la ansiedad, fortalecer la autoestima, construir confianza y alimentar la motivaci\u00f3n. Estos aspectos se vuelven a\u00fan m\u00e1s esenciales cuando se enfrentan a presiones externas:<\/span><span data-ccp-props=\"{&quot;201341983&quot;:0,&quot;335551550&quot;:6,&quot;335551620&quot;:6,&quot;335559739&quot;:0,&quot;335559740&quot;:259}\">\u00a0<\/span><\/p>\n<ul>\n<li><span data-contrast=\"auto\">La presi\u00f3n proveniente del entrenador.<\/span><\/li>\n<li><span data-contrast=\"auto\">La constante b\u00fasqueda de resultados.<\/span><span data-ccp-props=\"{&quot;201341983&quot;:0,&quot;335551550&quot;:6,&quot;335551620&quot;:6,&quot;335559739&quot;:0,&quot;335559740&quot;:259}\">\u00a0<\/span><\/li>\n<li><span data-contrast=\"auto\">La influencia de los compa\u00f1eros de equipo.<\/span><span data-ccp-props=\"{&quot;201341983&quot;:0,&quot;335551550&quot;:6,&quot;335551620&quot;:6,&quot;335559739&quot;:0,&quot;335559740&quot;:259}\">\u00a0<\/span><\/li>\n<li><span data-contrast=\"auto\">La exigencia social del p\u00fablico.<\/span><span data-ccp-props=\"{&quot;201341983&quot;:0,&quot;335551550&quot;:6,&quot;335551620&quot;:6,&quot;335559739&quot;:0,&quot;335559740&quot;:259}\">\u00a0<\/span><\/li>\n<\/ul>\n<p><span data-contrast=\"auto\">Adem\u00e1s, Alcaraz tambi\u00e9n menciona algunas de sus t\u00e9cnicas para encontrar inspiraci\u00f3n en los grandes del tenis, estudiando sus movimientos y estrategias, para poder desarrollar su estilo propio y alcanzar la victoria.<\/span><span data-ccp-props=\"{&quot;201341983&quot;:0,&quot;335551550&quot;:6,&quot;335551620&quot;:6,&quot;335559739&quot;:0,&quot;335559740&quot;:259}\">\u00a0<\/span><\/p>\n<p><span data-ccp-props=\"{&quot;201341983&quot;:0,&quot;335551550&quot;:6,&quot;335551620&quot;:6,&quot;335559739&quot;:0,&quot;335559740&quot;:259}\">\u00a0<\/span><\/p>\n<p><span data-contrast=\"auto\">Te puede interesar: <\/span><em><strong><a href=\"https:\/\/www.ethikos.es\/evita-la-rotacion-de-personal\/\">5 t\u00e1cticas para evitar la rotaci\u00f3n de personal<\/a>\u00a0<\/strong><\/em><\/p>\n<p><span data-ccp-props=\"{&quot;201341983&quot;:0,&quot;335551550&quot;:6,&quot;335551620&quot;:6,&quot;335559739&quot;:0,&quot;335559740&quot;:259}\">\u00a0<\/span><\/p>\n<h3><b><span data-contrast=\"auto\">Un vistazo a la realidad de la salud mental en Espa\u00f1a<\/span><\/b><span data-ccp-props=\"{&quot;201341983&quot;:0,&quot;335551550&quot;:6,&quot;335551620&quot;:6,&quot;335559739&quot;:0,&quot;335559740&quot;:259}\">\u00a0<\/span><\/h3>\n<p><span data-contrast=\"auto\">El mundo laboral no est\u00e1 exento de los desaf\u00edos mentales experimentados por Alcaraz. En Espa\u00f1a, la salud mental en el trabajo ha adquirido una relevancia cada vez mayor y actualmente <\/span><span data-contrast=\"none\">nos enfrentamos a una preocupante realidad: <\/span><strong><em><a href=\"https:\/\/www.elmundo.es\/ciencia-y-salud\/salud\/2023\/03\/15\/64116ee9fc6c83d9608b45c0.html\">somos l\u00edderes en el consumo de ansiol\u00edticos<\/a><\/em><\/strong><span data-contrast=\"none\">. De acuerdo con los datos de la Junta Internacional de Fiscalizaci\u00f3n de Estupefacientes, se consumieron casi 110 dosis diarias por cada 1.000 habitantes en 2020.<\/span><span data-ccp-props=\"{&quot;134233117&quot;:false,&quot;134233118&quot;:false,&quot;201341983&quot;:0,&quot;335551550&quot;:6,&quot;335551620&quot;:6,&quot;335559685&quot;:0,&quot;335559737&quot;:0,&quot;335559738&quot;:0,&quot;335559739&quot;:0,&quot;335559740&quot;:259}\">\u00a0<\/span><\/p>\n<p><span data-contrast=\"none\">Estos datos reflejan la alta prevalencia de problemas de salud mental en nuestra sociedad y su impacto en el entorno laboral, donde el estr\u00e9s y la presi\u00f3n en el \u00e1mbito laboral son factores que contribuyen significativamente a este fen\u00f3meno.<\/span><span data-ccp-props=\"{&quot;201341983&quot;:0,&quot;335551550&quot;:6,&quot;335551620&quot;:6,&quot;335559739&quot;:0,&quot;335559740&quot;:259}\">\u00a0<\/span><\/p>\n<p><span data-contrast=\"auto\">Estas cifras tienen un impacto significativo tanto en los empleados como en las organizaciones, debido a que los problemas de salud mental pueden ocasionar una disminuci\u00f3n en la productividad, un aumento en el ausentismo y un ambiente laboral negativo. Por tanto, es fundamental que las organizaciones implementen medidas para abordar esta situaci\u00f3n y fomentar un entorno de trabajo saludable.<\/span><span data-ccp-props=\"{&quot;201341983&quot;:0,&quot;335551550&quot;:6,&quot;335551620&quot;:6,&quot;335559739&quot;:0,&quot;335559740&quot;:259}\">\u00a0<\/span><\/p>\n<p><span data-ccp-props=\"{&quot;201341983&quot;:0,&quot;335551550&quot;:6,&quot;335551620&quot;:6,&quot;335559739&quot;:0,&quot;335559740&quot;:259}\">\u00a0<\/span><\/p>\n<h3><b><span data-contrast=\"auto\">Estrategias empresariales para nutrir la salud mental de los empleados<\/span><\/b><span data-ccp-props=\"{&quot;201341983&quot;:0,&quot;335551550&quot;:6,&quot;335551620&quot;:6,&quot;335559739&quot;:0,&quot;335559740&quot;:259}\">\u00a0<\/span><\/h3>\n<p><b><span data-contrast=\"auto\">1. Cultura de cuidado y apoyo:<\/span><\/b><span data-ccp-props=\"{&quot;201341983&quot;:0,&quot;335551550&quot;:6,&quot;335551620&quot;:6,&quot;335559739&quot;:0,&quot;335559740&quot;:259}\">\u00a0<\/span><\/p>\n<p><span data-contrast=\"auto\">Fomentar una cultura organizacional donde los empleados se sientan seguros para expresar sus problemas y buscar ayuda es fundamental. Construir un entorno emp\u00e1tico y solidario promueve un ambiente de apoyo mutuo.<\/span><span data-ccp-props=\"{&quot;201341983&quot;:0,&quot;335551550&quot;:6,&quot;335551620&quot;:6,&quot;335559685&quot;:720,&quot;335559739&quot;:0,&quot;335559740&quot;:259}\">\u00a0<\/span><\/p>\n<p><b><span data-contrast=\"auto\">2. Recursos y programas de bienestar:<\/span><\/b><span data-ccp-props=\"{&quot;201341983&quot;:0,&quot;335551550&quot;:6,&quot;335551620&quot;:6,&quot;335559739&quot;:0,&quot;335559740&quot;:259}\">\u00a0<\/span><\/p>\n<p><span data-contrast=\"auto\">Proporcionar recursos como sesiones de terapia, talleres de manejo del estr\u00e9s y programas de promoci\u00f3n de la salud mental ayuda a los empleados a mejorar su bienestar emocional y encontrar el equilibrio.<\/span><span data-ccp-props=\"{&quot;201341983&quot;:0,&quot;335551550&quot;:6,&quot;335551620&quot;:6,&quot;335559685&quot;:720,&quot;335559739&quot;:0,&quot;335559740&quot;:259}\">\u00a0<\/span><\/p>\n<p><b><span data-contrast=\"auto\">3. Formaci\u00f3n y conciencia:<\/span><\/b><span data-ccp-props=\"{&quot;201341983&quot;:0,&quot;335551550&quot;:6,&quot;335551620&quot;:6,&quot;335559739&quot;:0,&quot;335559740&quot;:259}\">\u00a0<\/span><\/p>\n<p><span data-contrast=\"auto\">Capacitar a los l\u00edderes y gerentes en salud mental les permite identificar y abordar posibles problemas entre los miembros del equipo. La educaci\u00f3n en esta \u00e1rea ayuda a desestigmatizar las dificultades emocionales y a comprender mejor las necesidades de los empleados.<\/span><span data-ccp-props=\"{&quot;201341983&quot;:0,&quot;335551550&quot;:6,&quot;335551620&quot;:6,&quot;335559685&quot;:720,&quot;335559739&quot;:0,&quot;335559740&quot;:259}\">\u00a0<\/span><\/p>\n<p><strong>\u00a04. Equilibrio entre trabajo y vida personal:\u00a0<\/strong><\/p>\n<p><span data-contrast=\"auto\">Fomentar la flexibilidad laboral, permitir horarios m\u00e1s adaptativos y evitar la sobrecarga de tareas ayuda a los empleados a encontrar un equilibrio saludable entre su vida profesional y personal.<\/span><span data-ccp-props=\"{&quot;201341983&quot;:0,&quot;335551550&quot;:6,&quot;335551620&quot;:6,&quot;335559685&quot;:720,&quot;335559739&quot;:0,&quot;335559740&quot;:259}\">\u00a0<\/span><\/p>\n<p><strong>\u00a05. Comunicaci\u00f3n abierta y transparente:\u00a0<\/strong><\/p>\n<p><span data-contrast=\"auto\">Establecer canales de comunicaci\u00f3n efectivos donde los empleados puedan expresar sus preocupaciones sin temor a represalias es crucial. Adem\u00e1s, implementar pol\u00edticas contra el acoso laboral contribuye a mantener un ambiente de trabajo saludable y respetuoso.<\/span><span data-ccp-props=\"{&quot;201341983&quot;:0,&quot;335551550&quot;:6,&quot;335551620&quot;:6,&quot;335559685&quot;:720,&quot;335559739&quot;:0,&quot;335559740&quot;:259}\">\u00a0<\/span><\/p>\n<p><strong>\u00a06. Liderazgo inspirador:\u00a0<\/strong><\/p>\n<p><span data-contrast=\"auto\">Los l\u00edderes de la organizaci\u00f3n deben ser modelos a seguir en la gesti\u00f3n del estr\u00e9s y el cuidado de la salud mental. Fomentar un estilo de liderazgo que promueva el equilibrio y la autorreflexi\u00f3n emocional crea un entorno positivo para el crecimiento y desarrollo personal.<\/span><span data-ccp-props=\"{&quot;201341983&quot;:0,&quot;335551550&quot;:6,&quot;335551620&quot;:6,&quot;335559685&quot;:720,&quot;335559739&quot;:0,&quot;335559740&quot;:259}\">\u00a0<\/span><\/p>\n<p><span data-ccp-props=\"{&quot;201341983&quot;:0,&quot;335551550&quot;:6,&quot;335551620&quot;:6,&quot;335559739&quot;:0,&quot;335559740&quot;:259}\">\u00a0<\/span><\/p>\n<p><span data-contrast=\"auto\">Tambi\u00e9n te recomendamos: <\/span><em><strong><a href=\"https:\/\/www.ethikos.es\/feedback-para-empleados\/\">Feedback: la pieza clave en el desempe\u00f1o de tu equipo<\/a>\u00a0<\/strong><\/em><\/p>\n<p><span data-ccp-props=\"{&quot;201341983&quot;:0,&quot;335551550&quot;:6,&quot;335551620&quot;:6,&quot;335559739&quot;:0,&quot;335559740&quot;:259}\">\u00a0<\/span><\/p>\n<h3><b><span data-contrast=\"auto\">Hacia un futuro de grandeza<\/span><\/b><\/h3>\n<p><span data-contrast=\"auto\">Carlos Alcaraz, a pesar de su juventud, ha demostrado un compromiso y una disciplina ejemplares en su carrera, lo que le ha permitido alcanzar un rendimiento sobresaliente en cada competici\u00f3n y posicionarse entre los mejores del mundo.<\/span><span data-ccp-props=\"{&quot;201341983&quot;:0,&quot;335551550&quot;:6,&quot;335551620&quot;:6,&quot;335559739&quot;:0,&quot;335559740&quot;:259}\">\u00a0<\/span><\/p>\n<p><span data-contrast=\"auto\">Si las organizaciones siguen estas t\u00e1cticas, brindando atenci\u00f3n adecuada a la salud mental de sus empleados, podr\u00e1n trazar un camino hacia un futuro pr\u00f3spero y convertirse en l\u00edderes en su industria. Al igual que Alcaraz, podr\u00e1n labrar un camino hacia la grandeza, nutriendo tanto el equilibrio emocional como el \u00e9xito profesional. La inversi\u00f3n en la salud mental de los empleados no solo beneficia a los individuos, sino tambi\u00e9n a la organizaci\u00f3n en su conjunto, generando un ambiente laboral sostenible y alcanzando nuevas alturas de excelencia.<\/span><span data-ccp-props=\"{&quot;201341983&quot;:0,&quot;335551550&quot;:6,&quot;335551620&quot;:6,&quot;335559739&quot;:0,&quot;335559740&quot;:259}\">\u00a0<\/span><\/p>\n<p><span data-ccp-props=\"{&quot;201341983&quot;:0,&quot;335551550&quot;:6,&quot;335551620&quot;:6,&quot;335559739&quot;:0,&quot;335559740&quot;:259}\">\u00a0<\/span><\/p>\n<p><span data-contrast=\"auto\">\u00bfTe gustar\u00eda aplicar criterios ESG para resaltar la importancia de la salud mental dentro de tu organizaci\u00f3n? \u00a1Te ayudamos! Dale clic para\u202f<\/span><a href=\"https:\/\/www.ethikos.es\/mensaje-de-contacto\/\"><b><i><span data-contrast=\"none\">s<\/span><\/i><\/b><em><strong>olicitar m\u00e1s informaci\u00f3n.<\/strong><\/em><\/a><em><strong>\u00a0<\/strong><\/em><\/p>\n<p><span data-contrast=\"auto\">Tambi\u00e9n puedes conocer todos nuestros Programas de Desarrollo, enfocados en mejorar los principios ESG adapt\u00e1ndolos a cada organizaci\u00f3n\u202f<\/span><em><strong><a href=\"https:\/\/www.ethikos.es\/programas-formativos\/\">aqu\u00ed.<\/a>\u00a0<\/strong><\/em><\/p>\n<p><span data-ccp-props=\"{&quot;201341983&quot;:0,&quot;335559739&quot;:0,&quot;335559740&quot;:276}\">\u00a0<\/span><\/p>\n<p><em><b>By: Alejandra Rodr\u00edguez Aguas \u2013 Content Creator<\/b>\u00a0<\/em><\/p>","protected":false},"excerpt":{"rendered":"<p>La historia de \u00e9xito de Carlos Alcaraz es un testimonio inspirador de c\u00f3mo el enfoque en la salud mental puede ser clave para alcanzar grandes logros. A medida que se codea con los mejores en el mundo del tenis, Alcaraz ha comprendido la importancia de cuidar su equilibrio emocional para potenciar su rendimiento. \u00a0 Esta [&hellip;]<\/p>\n","protected":false},"author":25,"featured_media":20329,"comment_status":"open","ping_status":"closed","sticky":false,"template":"","format":"standard","meta":{"_exactmetrics_skip_tracking":false,"_exactmetrics_sitenote_active":false,"_exactmetrics_sitenote_note":"","_exactmetrics_sitenote_category":0,"footnotes":""},"categories":[151,859,142,141,830,139,834,893,140],"tags":[900,643,904,897,899,860,874,198,750,641,638,690,905,906,640,902,733,445,903,197,639,886,866,873,89,629,896,895,894,145,901,908,907,631,898],"class_list":["post-20325","post","type-post","status-publish","format-standard","has-post-thumbnail","hentry","category-blog","category-criterios-esg","category-cultura-de-empresa","category-gestion-por-valores","category-procesos-de-seleccion","category-rrhh","category-rotacion-de-personal","category-salud-laboral","category-seleccion-por-valores","tag-alcaraz","tag-ambiente-de-trabajo","tag-ambiente-laboral-sostenible","tag-burnout","tag-carlos-alcaraz","tag-criterios-esg","tag-csdr","tag-cultura-corporativa","tag-cultura-organizacional","tag-dei","tag-diversidad","tag-diversidad-e-inclusion","tag-entorno-positivo","tag-entornos-positivos","tag-equidad","tag-equilibrio-emocional","tag-esg","tag-ethikos","tag-exito-profesional","tag-gestion-por-valores","tag-inclusion","tag-incorporacion","tag-ods","tag-politicas-dei","tag-recursos-humanos","tag-rrhh","tag-salud-en-el-trabajo","tag-salud-laboral","tag-salud-mental","tag-seleccion-por-valores","tag-tenis","tag-trabajo-respetuoso","tag-trabajo-saludable","tag-trabajo-toxico","tag-wimbledon"],"yoast_head":"<!-- This site is optimized with the Yoast SEO plugin v27.5 - https:\/\/yoast.com\/product\/yoast-seo-wordpress\/ -->\n<title>T\u00edtulo P\u00e1gina | Consultora de talento y selecci\u00f3n de personal | Ethikos &#8212; Ethikos<\/title>\n<meta name=\"description\" content=\"Descubre c\u00f3mo Carlos Alcaraz y el cuidado de la salud mental en el trabajo te guiar\u00e1n hacia el \u00e9xito y el bienestar emocional.\" \/>\n<meta name=\"robots\" content=\"index, follow, max-snippet:-1, max-image-preview:large, max-video-preview:-1\" \/>\n<link rel=\"canonical\" href=\"https:\/\/www.ethikos.es\/en\/alcaraz-y-la-salud-mental\/\" \/>\n<meta property=\"og:locale\" content=\"en_US\" \/>\n<meta property=\"og:type\" content=\"article\" \/>\n<meta property=\"og:title\" content=\"T\u00edtulo P\u00e1gina | Consultora de talento y selecci\u00f3n de personal | Ethikos &#8212; Ethikos\" \/>\n<meta property=\"og:description\" content=\"Descubre c\u00f3mo Carlos Alcaraz y el cuidado de la salud mental en el trabajo te guiar\u00e1n hacia el \u00e9xito y el bienestar emocional.\" \/>\n<meta property=\"og:url\" content=\"https:\/\/www.ethikos.es\/en\/alcaraz-y-la-salud-mental\/\" \/>\n<meta property=\"og:site_name\" content=\"Ethikos\" \/>\n<meta property=\"article:publisher\" content=\"http:\/\/www.facebook.com\/ethikos.es\/\" \/>\n<meta property=\"article:published_time\" content=\"2023-07-19T09:55:07+00:00\" \/>\n<meta property=\"article:modified_time\" content=\"2023-07-19T11:25:06+00:00\" \/>\n<meta property=\"og:image\" content=\"https:\/\/www.ethikos.es\/wp-content\/uploads\/2023\/07\/alcaraz-y-la-salud-mental-1030x580.png\" \/>\n\t<meta property=\"og:image:width\" content=\"1030\" \/>\n\t<meta property=\"og:image:height\" content=\"580\" \/>\n\t<meta property=\"og:image:type\" content=\"image\/png\" \/>\n<meta name=\"author\" content=\"Alejandra rodriguez\" \/>\n<meta name=\"twitter:card\" content=\"summary_large_image\" \/>\n<meta name=\"twitter:creator\" content=\"@Ethikos30\" \/>\n<meta name=\"twitter:site\" content=\"@Ethikos30\" \/>\n<meta name=\"twitter:label1\" content=\"Written by\" \/>\n\t<meta name=\"twitter:data1\" content=\"Alejandra rodriguez\" \/>\n\t<meta name=\"twitter:label2\" content=\"Est. reading time\" \/>\n\t<meta name=\"twitter:data2\" content=\"6 minutes\" \/>\n<script type=\"application\/ld+json\" class=\"yoast-schema-graph\">{\"@context\":\"https:\\\/\\\/schema.org\",\"@graph\":[{\"@type\":\"Article\",\"@id\":\"https:\\\/\\\/www.ethikos.es\\\/en\\\/alcaraz-y-la-salud-mental\\\/#article\",\"isPartOf\":{\"@id\":\"https:\\\/\\\/www.ethikos.es\\\/en\\\/alcaraz-y-la-salud-mental\\\/\"},\"author\":{\"name\":\"Alejandra rodriguez\",\"@id\":\"https:\\\/\\\/www.ethikos.es\\\/en\\\/#\\\/schema\\\/person\\\/38d1d104e838727040e3df30856ae4dd\"},\"headline\":\"Salud mental: la clave del \u00e9xito de Alcaraz\",\"datePublished\":\"2023-07-19T09:55:07+00:00\",\"dateModified\":\"2023-07-19T11:25:06+00:00\",\"mainEntityOfPage\":{\"@id\":\"https:\\\/\\\/www.ethikos.es\\\/en\\\/alcaraz-y-la-salud-mental\\\/\"},\"wordCount\":1259,\"commentCount\":3,\"publisher\":{\"@id\":\"https:\\\/\\\/www.ethikos.es\\\/en\\\/#organization\"},\"image\":{\"@id\":\"https:\\\/\\\/www.ethikos.es\\\/en\\\/alcaraz-y-la-salud-mental\\\/#primaryimage\"},\"thumbnailUrl\":\"https:\\\/\\\/www.ethikos.es\\\/wp-content\\\/uploads\\\/2023\\\/07\\\/alcaraz-y-la-salud-mental.png\",\"keywords\":[\"alcaraz\",\"ambiente de trabajo\",\"ambiente laboral sostenible\",\"burnout\",\"carlos alcaraz\",\"criterios ESG\",\"CSDR\",\"cultura corporativa\",\"cultura organizacional\",\"DEI\",\"diversidad\",\"diversidad e inclusi\u00f3n\",\"entorno positivo\",\"entornos positivos\",\"equidad\",\"equilibrio emocional\",\"esg\",\"ethikos\",\"\u00e9xito profesional\",\"gesti\u00f3n por valores\",\"inclusi\u00f3n\",\"incorporaci\u00f3n\",\"ods\",\"pol\u00edticas DEI\",\"recursos humanos\",\"RRHH\",\"salud en el trabajo\",\"salud laboral\",\"salud mental\",\"selecci\u00f3n por valores\",\"tenis\",\"trabajo respetuoso\",\"trabajo saludable\",\"Trabajo t\u00f3xico\",\"wimbledon\"],\"articleSection\":[\"Blog\",\"Criterios ESG\",\"Cultura de empresa\",\"Gesti\u00f3n por valores\",\"Procesos de selecci\u00f3n\",\"Recursos Humanos\",\"Rotaci\u00f3n de personal\",\"Salud Laboral\",\"Selecci\u00f3n por valores\"],\"inLanguage\":\"en-US\",\"potentialAction\":[{\"@type\":\"CommentAction\",\"name\":\"Comment\",\"target\":[\"https:\\\/\\\/www.ethikos.es\\\/en\\\/alcaraz-y-la-salud-mental\\\/#respond\"]}]},{\"@type\":\"WebPage\",\"@id\":\"https:\\\/\\\/www.ethikos.es\\\/en\\\/alcaraz-y-la-salud-mental\\\/\",\"url\":\"https:\\\/\\\/www.ethikos.es\\\/en\\\/alcaraz-y-la-salud-mental\\\/\",\"name\":\"T\u00edtulo P\u00e1gina | Consultora de talento y selecci\u00f3n de personal | Ethikos &#8212; Ethikos\",\"isPartOf\":{\"@id\":\"https:\\\/\\\/www.ethikos.es\\\/en\\\/#website\"},\"primaryImageOfPage\":{\"@id\":\"https:\\\/\\\/www.ethikos.es\\\/en\\\/alcaraz-y-la-salud-mental\\\/#primaryimage\"},\"image\":{\"@id\":\"https:\\\/\\\/www.ethikos.es\\\/en\\\/alcaraz-y-la-salud-mental\\\/#primaryimage\"},\"thumbnailUrl\":\"https:\\\/\\\/www.ethikos.es\\\/wp-content\\\/uploads\\\/2023\\\/07\\\/alcaraz-y-la-salud-mental.png\",\"datePublished\":\"2023-07-19T09:55:07+00:00\",\"dateModified\":\"2023-07-19T11:25:06+00:00\",\"description\":\"Descubre c\u00f3mo Carlos Alcaraz y el cuidado de la salud mental en el trabajo te guiar\u00e1n hacia el \u00e9xito y el bienestar emocional.\",\"breadcrumb\":{\"@id\":\"https:\\\/\\\/www.ethikos.es\\\/en\\\/alcaraz-y-la-salud-mental\\\/#breadcrumb\"},\"inLanguage\":\"en-US\",\"potentialAction\":[{\"@type\":\"ReadAction\",\"target\":[\"https:\\\/\\\/www.ethikos.es\\\/en\\\/alcaraz-y-la-salud-mental\\\/\"]}]},{\"@type\":\"ImageObject\",\"inLanguage\":\"en-US\",\"@id\":\"https:\\\/\\\/www.ethikos.es\\\/en\\\/alcaraz-y-la-salud-mental\\\/#primaryimage\",\"url\":\"https:\\\/\\\/www.ethikos.es\\\/wp-content\\\/uploads\\\/2023\\\/07\\\/alcaraz-y-la-salud-mental.png\",\"contentUrl\":\"https:\\\/\\\/www.ethikos.es\\\/wp-content\\\/uploads\\\/2023\\\/07\\\/alcaraz-y-la-salud-mental.png\",\"width\":1640,\"height\":924,\"caption\":\"Carlos Alcaraz, el joven campe\u00f3n del Abierto de Estados Unidos y del Campeonato de Wimbledon, es una revelaci\u00f3n en el mundo del tenis. Su nombre resuena entre los grandes, como el legendario Rafael Nadal, sin embargo, detr\u00e1s de sus logros se oculta una lucha interna, donde la clave para mejorar su juego radica en el enfoque mental.\"},{\"@type\":\"BreadcrumbList\",\"@id\":\"https:\\\/\\\/www.ethikos.es\\\/en\\\/alcaraz-y-la-salud-mental\\\/#breadcrumb\",\"itemListElement\":[{\"@type\":\"ListItem\",\"position\":1,\"name\":\"Portada\",\"item\":\"https:\\\/\\\/www.ethikos.es\\\/\"},{\"@type\":\"ListItem\",\"position\":2,\"name\":\"Salud mental: la clave del \u00e9xito de Alcaraz\"}]},{\"@type\":\"WebSite\",\"@id\":\"https:\\\/\\\/www.ethikos.es\\\/en\\\/#website\",\"url\":\"https:\\\/\\\/www.ethikos.es\\\/en\\\/\",\"name\":\"Ethikos 3.0\",\"description\":\"Ethikos es una consultora de transformaci\u00f3n organizacional especializada en cultura empresarial, liderazgo consciente y selecci\u00f3n por valores.\",\"publisher\":{\"@id\":\"https:\\\/\\\/www.ethikos.es\\\/en\\\/#organization\"},\"alternateName\":\"Ethikos Consultor\u00eda\",\"potentialAction\":[{\"@type\":\"SearchAction\",\"target\":{\"@type\":\"EntryPoint\",\"urlTemplate\":\"https:\\\/\\\/www.ethikos.es\\\/en\\\/?s={search_term_string}\"},\"query-input\":{\"@type\":\"PropertyValueSpecification\",\"valueRequired\":true,\"valueName\":\"search_term_string\"}}],\"inLanguage\":\"en-US\"},{\"@type\":\"Organization\",\"@id\":\"https:\\\/\\\/www.ethikos.es\\\/en\\\/#organization\",\"name\":\"Ethikos 3.0\",\"url\":\"https:\\\/\\\/www.ethikos.es\\\/en\\\/\",\"logo\":{\"@type\":\"ImageObject\",\"inLanguage\":\"en-US\",\"@id\":\"https:\\\/\\\/www.ethikos.es\\\/en\\\/#\\\/schema\\\/logo\\\/image\\\/\",\"url\":\"https:\\\/\\\/www.ethikos.es\\\/wp-content\\\/uploads\\\/2019\\\/01\\\/43606559961_5f343a820a_o.png\",\"contentUrl\":\"https:\\\/\\\/www.ethikos.es\\\/wp-content\\\/uploads\\\/2019\\\/01\\\/43606559961_5f343a820a_o.png\",\"width\":646,\"height\":218,\"caption\":\"Ethikos 3.0\"},\"image\":{\"@id\":\"https:\\\/\\\/www.ethikos.es\\\/en\\\/#\\\/schema\\\/logo\\\/image\\\/\"},\"sameAs\":[\"http:\\\/\\\/www.facebook.com\\\/ethikos.es\\\/\",\"https:\\\/\\\/x.com\\\/Ethikos30\",\"https:\\\/\\\/www.instagram.com\\\/ethikos_3.0\\\/\",\"https:\\\/\\\/www.linkedin.com\\\/company\\\/ethikos-3-0\\\/\"]},{\"@type\":\"Person\",\"@id\":\"https:\\\/\\\/www.ethikos.es\\\/en\\\/#\\\/schema\\\/person\\\/38d1d104e838727040e3df30856ae4dd\",\"name\":\"Alejandra rodriguez\",\"image\":{\"@type\":\"ImageObject\",\"inLanguage\":\"en-US\",\"@id\":\"https:\\\/\\\/secure.gravatar.com\\\/avatar\\\/b3ec99a542e73e094bd13bf9b8fe038b27fe1dbe92b83688ebec44c31eac8fae?s=96&d=mm&r=g\",\"url\":\"https:\\\/\\\/secure.gravatar.com\\\/avatar\\\/b3ec99a542e73e094bd13bf9b8fe038b27fe1dbe92b83688ebec44c31eac8fae?s=96&d=mm&r=g\",\"contentUrl\":\"https:\\\/\\\/secure.gravatar.com\\\/avatar\\\/b3ec99a542e73e094bd13bf9b8fe038b27fe1dbe92b83688ebec44c31eac8fae?s=96&d=mm&r=g\",\"caption\":\"Alejandra rodriguez\"}}]}<\/script>\n<!-- \/ Yoast SEO plugin. -->","yoast_head_json":{"title":"T\u00edtulo P\u00e1gina | Consultora de talento y selecci\u00f3n de personal | Ethikos &#8212; Ethikos","description":"Descubre c\u00f3mo Carlos Alcaraz y el cuidado de la salud mental en el trabajo te guiar\u00e1n hacia el \u00e9xito y el bienestar emocional.","robots":{"index":"index","follow":"follow","max-snippet":"max-snippet:-1","max-image-preview":"max-image-preview:large","max-video-preview":"max-video-preview:-1"},"canonical":"https:\/\/www.ethikos.es\/en\/alcaraz-y-la-salud-mental\/","og_locale":"en_US","og_type":"article","og_title":"T\u00edtulo P\u00e1gina | Consultora de talento y selecci\u00f3n de personal | Ethikos &#8212; Ethikos","og_description":"Descubre c\u00f3mo Carlos Alcaraz y el cuidado de la salud mental en el trabajo te guiar\u00e1n hacia el \u00e9xito y el bienestar emocional.","og_url":"https:\/\/www.ethikos.es\/en\/alcaraz-y-la-salud-mental\/","og_site_name":"Ethikos","article_publisher":"http:\/\/www.facebook.com\/ethikos.es\/","article_published_time":"2023-07-19T09:55:07+00:00","article_modified_time":"2023-07-19T11:25:06+00:00","og_image":[{"width":1030,"height":580,"url":"https:\/\/www.ethikos.es\/wp-content\/uploads\/2023\/07\/alcaraz-y-la-salud-mental-1030x580.png","type":"image\/png"}],"author":"Alejandra rodriguez","twitter_card":"summary_large_image","twitter_creator":"@Ethikos30","twitter_site":"@Ethikos30","twitter_misc":{"Written by":"Alejandra rodriguez","Est. reading time":"6 minutes"},"schema":{"@context":"https:\/\/schema.org","@graph":[{"@type":"Article","@id":"https:\/\/www.ethikos.es\/en\/alcaraz-y-la-salud-mental\/#article","isPartOf":{"@id":"https:\/\/www.ethikos.es\/en\/alcaraz-y-la-salud-mental\/"},"author":{"name":"Alejandra rodriguez","@id":"https:\/\/www.ethikos.es\/en\/#\/schema\/person\/38d1d104e838727040e3df30856ae4dd"},"headline":"Salud mental: la clave del \u00e9xito de Alcaraz","datePublished":"2023-07-19T09:55:07+00:00","dateModified":"2023-07-19T11:25:06+00:00","mainEntityOfPage":{"@id":"https:\/\/www.ethikos.es\/en\/alcaraz-y-la-salud-mental\/"},"wordCount":1259,"commentCount":3,"publisher":{"@id":"https:\/\/www.ethikos.es\/en\/#organization"},"image":{"@id":"https:\/\/www.ethikos.es\/en\/alcaraz-y-la-salud-mental\/#primaryimage"},"thumbnailUrl":"https:\/\/www.ethikos.es\/wp-content\/uploads\/2023\/07\/alcaraz-y-la-salud-mental.png","keywords":["alcaraz","ambiente de trabajo","ambiente laboral sostenible","burnout","carlos alcaraz","criterios ESG","CSDR","cultura corporativa","cultura organizacional","DEI","diversidad","diversidad e inclusi\u00f3n","entorno positivo","entornos positivos","equidad","equilibrio emocional","esg","ethikos","\u00e9xito profesional","gesti\u00f3n por valores","inclusi\u00f3n","incorporaci\u00f3n","ods","pol\u00edticas DEI","recursos humanos","RRHH","salud en el trabajo","salud laboral","salud mental","selecci\u00f3n por valores","tenis","trabajo respetuoso","trabajo saludable","Trabajo t\u00f3xico","wimbledon"],"articleSection":["Blog","Criterios ESG","Cultura de empresa","Gesti\u00f3n por valores","Procesos de selecci\u00f3n","Recursos Humanos","Rotaci\u00f3n de personal","Salud Laboral","Selecci\u00f3n por valores"],"inLanguage":"en-US","potentialAction":[{"@type":"CommentAction","name":"Comment","target":["https:\/\/www.ethikos.es\/en\/alcaraz-y-la-salud-mental\/#respond"]}]},{"@type":"WebPage","@id":"https:\/\/www.ethikos.es\/en\/alcaraz-y-la-salud-mental\/","url":"https:\/\/www.ethikos.es\/en\/alcaraz-y-la-salud-mental\/","name":"T\u00edtulo P\u00e1gina | Consultora de talento y selecci\u00f3n de personal | Ethikos &#8212; Ethikos","isPartOf":{"@id":"https:\/\/www.ethikos.es\/en\/#website"},"primaryImageOfPage":{"@id":"https:\/\/www.ethikos.es\/en\/alcaraz-y-la-salud-mental\/#primaryimage"},"image":{"@id":"https:\/\/www.ethikos.es\/en\/alcaraz-y-la-salud-mental\/#primaryimage"},"thumbnailUrl":"https:\/\/www.ethikos.es\/wp-content\/uploads\/2023\/07\/alcaraz-y-la-salud-mental.png","datePublished":"2023-07-19T09:55:07+00:00","dateModified":"2023-07-19T11:25:06+00:00","description":"Descubre c\u00f3mo Carlos Alcaraz y el cuidado de la salud mental en el trabajo te guiar\u00e1n hacia el \u00e9xito y el bienestar emocional.","breadcrumb":{"@id":"https:\/\/www.ethikos.es\/en\/alcaraz-y-la-salud-mental\/#breadcrumb"},"inLanguage":"en-US","potentialAction":[{"@type":"ReadAction","target":["https:\/\/www.ethikos.es\/en\/alcaraz-y-la-salud-mental\/"]}]},{"@type":"ImageObject","inLanguage":"en-US","@id":"https:\/\/www.ethikos.es\/en\/alcaraz-y-la-salud-mental\/#primaryimage","url":"https:\/\/www.ethikos.es\/wp-content\/uploads\/2023\/07\/alcaraz-y-la-salud-mental.png","contentUrl":"https:\/\/www.ethikos.es\/wp-content\/uploads\/2023\/07\/alcaraz-y-la-salud-mental.png","width":1640,"height":924,"caption":"Carlos Alcaraz, el joven campe\u00f3n del Abierto de Estados Unidos y del Campeonato de Wimbledon, es una revelaci\u00f3n en el mundo del tenis. Su nombre resuena entre los grandes, como el legendario Rafael Nadal, sin embargo, detr\u00e1s de sus logros se oculta una lucha interna, donde la clave para mejorar su juego radica en el enfoque mental."},{"@type":"BreadcrumbList","@id":"https:\/\/www.ethikos.es\/en\/alcaraz-y-la-salud-mental\/#breadcrumb","itemListElement":[{"@type":"ListItem","position":1,"name":"Portada","item":"https:\/\/www.ethikos.es\/"},{"@type":"ListItem","position":2,"name":"Salud mental: la clave del \u00e9xito de Alcaraz"}]},{"@type":"WebSite","@id":"https:\/\/www.ethikos.es\/en\/#website","url":"https:\/\/www.ethikos.es\/en\/","name":"Ethikos 3.0","description":"Ethikos es una consultora de transformaci\u00f3n organizacional especializada en cultura empresarial, liderazgo consciente y selecci\u00f3n por valores.","publisher":{"@id":"https:\/\/www.ethikos.es\/en\/#organization"},"alternateName":"Ethikos Consultor\u00eda","potentialAction":[{"@type":"SearchAction","target":{"@type":"EntryPoint","urlTemplate":"https:\/\/www.ethikos.es\/en\/?s={search_term_string}"},"query-input":{"@type":"PropertyValueSpecification","valueRequired":true,"valueName":"search_term_string"}}],"inLanguage":"en-US"},{"@type":"Organization","@id":"https:\/\/www.ethikos.es\/en\/#organization","name":"Ethikos 3.0","url":"https:\/\/www.ethikos.es\/en\/","logo":{"@type":"ImageObject","inLanguage":"en-US","@id":"https:\/\/www.ethikos.es\/en\/#\/schema\/logo\/image\/","url":"https:\/\/www.ethikos.es\/wp-content\/uploads\/2019\/01\/43606559961_5f343a820a_o.png","contentUrl":"https:\/\/www.ethikos.es\/wp-content\/uploads\/2019\/01\/43606559961_5f343a820a_o.png","width":646,"height":218,"caption":"Ethikos 3.0"},"image":{"@id":"https:\/\/www.ethikos.es\/en\/#\/schema\/logo\/image\/"},"sameAs":["http:\/\/www.facebook.com\/ethikos.es\/","https:\/\/x.com\/Ethikos30","https:\/\/www.instagram.com\/ethikos_3.0\/","https:\/\/www.linkedin.com\/company\/ethikos-3-0\/"]},{"@type":"Person","@id":"https:\/\/www.ethikos.es\/en\/#\/schema\/person\/38d1d104e838727040e3df30856ae4dd","name":"Alejandra rodriguez","image":{"@type":"ImageObject","inLanguage":"en-US","@id":"https:\/\/secure.gravatar.com\/avatar\/b3ec99a542e73e094bd13bf9b8fe038b27fe1dbe92b83688ebec44c31eac8fae?s=96&d=mm&r=g","url":"https:\/\/secure.gravatar.com\/avatar\/b3ec99a542e73e094bd13bf9b8fe038b27fe1dbe92b83688ebec44c31eac8fae?s=96&d=mm&r=g","contentUrl":"https:\/\/secure.gravatar.com\/avatar\/b3ec99a542e73e094bd13bf9b8fe038b27fe1dbe92b83688ebec44c31eac8fae?s=96&d=mm&r=g","caption":"Alejandra rodriguez"}}]}},"_links":{"self":[{"href":"https:\/\/www.ethikos.es\/en\/wp-json\/wp\/v2\/posts\/20325","targetHints":{"allow":["GET"]}}],"collection":[{"href":"https:\/\/www.ethikos.es\/en\/wp-json\/wp\/v2\/posts"}],"about":[{"href":"https:\/\/www.ethikos.es\/en\/wp-json\/wp\/v2\/types\/post"}],"author":[{"embeddable":true,"href":"https:\/\/www.ethikos.es\/en\/wp-json\/wp\/v2\/users\/25"}],"replies":[{"embeddable":true,"href":"https:\/\/www.ethikos.es\/en\/wp-json\/wp\/v2\/comments?post=20325"}],"version-history":[{"count":0,"href":"https:\/\/www.ethikos.es\/en\/wp-json\/wp\/v2\/posts\/20325\/revisions"}],"wp:featuredmedia":[{"embeddable":true,"href":"https:\/\/www.ethikos.es\/en\/wp-json\/wp\/v2\/media\/20329"}],"wp:attachment":[{"href":"https:\/\/www.ethikos.es\/en\/wp-json\/wp\/v2\/media?parent=20325"}],"wp:term":[{"taxonomy":"category","embeddable":true,"href":"https:\/\/www.ethikos.es\/en\/wp-json\/wp\/v2\/categories?post=20325"},{"taxonomy":"post_tag","embeddable":true,"href":"https:\/\/www.ethikos.es\/en\/wp-json\/wp\/v2\/tags?post=20325"}],"curies":[{"name":"wp","href":"https:\/\/api.w.org\/{rel}","templated":true}]}}