{"id":20379,"date":"2023-08-16T11:38:07","date_gmt":"2023-08-16T09:38:07","guid":{"rendered":"https:\/\/www.ethikos.es\/?p=20379"},"modified":"2023-08-16T11:38:07","modified_gmt":"2023-08-16T09:38:07","slug":"cambio-climatico-liderando-el-futuro-sostenible","status":"publish","type":"post","link":"https:\/\/www.ethikos.es\/en\/cambio-climatico-liderando-el-futuro-sostenible\/","title":{"rendered":"Cambio clim\u00e1tico: liderando el futuro sostenible"},"content":{"rendered":"<p>En la \u00faltima d\u00e9cada, el cambio clim\u00e1tico ha dejado de ser una preocupaci\u00f3n distante y te\u00f3rica para convertirse en una realidad tangible que afecta cada aspecto de nuestras vidas. Desde la Uni\u00f3n Europea hasta las comunidades locales en Espa\u00f1a, el impacto del cambio clim\u00e1tico es innegable.<\/p>\n<p>La importancia de abordar este desaf\u00edo de manera urgente y efectiva se ha vuelto crucial, no solo para salvaguardar nuestro planeta, sino tambi\u00e9n para forjar un futuro sostenible para las generaciones venideras.<\/p>\n<p>En este blog, exploraremos la intersecci\u00f3n entre el cambio clim\u00e1tico, la responsabilidad empresarial y la necesidad de alinear los valores personales con las pr\u00e1cticas corporativas. Bas\u00e1ndonos en el informe <strong><em><a href=\"https:\/\/europa.eu\/eurobarometer\/surveys\/detail\/2954\">\u201cSpecial Eurobarometer 538: Climate Change\u201d<\/a><\/em><\/strong>, consideraremos la preocupaci\u00f3n p\u00fablica por el cambio clim\u00e1tico, la respuesta de la Uni\u00f3n Europea y Espa\u00f1a, as\u00ed como la importancia de que las organizaciones adopten pr\u00e1cticas sostenibles y cumplan con los criterios ESG (ambientales, sociales y de gobernanza) en su misi\u00f3n de construir un mundo m\u00e1s verde y equitativo.<\/p>\n<p>&nbsp;<\/p>\n<h3><strong>El cambio clim\u00e1tico: un desaf\u00edo ineludible<\/strong><\/h3>\n<p>Es un hecho innegable que m\u00e1s del 77% de los ciudadanos de la Uni\u00f3n Europea considera el cambio clim\u00e1tico como un problema grav\u00edsimo en la actualidad. Esta cifra revela una conciencia p\u00fablica creciente sobre la gravedad de la situaci\u00f3n. Las temperaturas globales en aumento, los patrones clim\u00e1ticos err\u00e1ticos y los eventos clim\u00e1ticos extremos est\u00e1n presentes en nuestras vidas cotidianas, sirviendo como recordatorio constante de la urgencia de abordar el cambio clim\u00e1tico.<\/p>\n<p>La opini\u00f3n p\u00fablica tambi\u00e9n est\u00e1 clara sobre la responsabilidad compartida para enfrentar este desaf\u00edo. La Uni\u00f3n Europea, los gobiernos nacionales, la industria y las organizaciones son vistos como actores clave para abordar el cambio clim\u00e1tico. M\u00e1s de la mitad de los encuestados (56%) considera que la UE tiene un papel fundamental en este esfuerzo, mientras que un porcentaje similar (56%) espera que los gobiernos nacionales tambi\u00e9n tomen medidas. Sin embargo, es relevante notar que un 35% se considera a s\u00ed mismo personalmente responsable, lo que subraya la creciente conciencia sobre el papel individual en la lucha contra el cambio clim\u00e1tico.<\/p>\n<p>&nbsp;<\/p>\n<h3><strong>La respuesta de la Uni\u00f3n Europea: compromiso y acci\u00f3n<\/strong><\/h3>\n<p>La Uni\u00f3n Europea ha asumido un papel de liderazgo en la lucha contra el cambio clim\u00e1tico, con una serie de medidas ambiciosas para mitigar el calentamiento global. En un mundo donde la temperatura promedio ha aumentado de manera significativa desde la Revoluci\u00f3n Industrial, la UE trabaja incansablemente para mantener el aumento de la temperatura global por debajo de 2\u00b0C en comparaci\u00f3n con los niveles preindustriales. Estos esfuerzos son fundamentales, considerando que<strong><em><a href=\"https:\/\/www.eea.europa.eu\/data-and-maps\/indicators\/global-and-european-temperature-9\/assessment\"> los \u00faltimos diez a\u00f1os han sido la d\u00e9cada m\u00e1s c\u00e1lida jam\u00e1s registrada.<\/a><\/em><\/strong><\/p>\n<p>Las acciones de la UE tienen una base s\u00f3lida en la realidad. <strong><em><a href=\"https:\/\/climate.copernicus.eu\/extreme-heat-widespread-drought-typify-european-climate-2022\">En 2022, Europa experiment\u00f3 su segundo a\u00f1o m\u00e1s c\u00e1lido y su verano m\u00e1s caluroso registrado.<\/a><\/em><\/strong> Estos cambios se atribuyen en gran parte al aumento de las emisiones de gases de efecto invernadero producto de la actividad humana, ya que la temperatura global actualmente supera en 0.94\u00b0C &#8211; 1.03\u00b0C a los niveles de fines del siglo XIX. Los cient\u00edficos advierten que sobrepasar el umbral de 2\u00b0C tendr\u00eda <strong><em><a href=\"https:\/\/climate.ec.europa.eu\/climate-change\/causes-climate-change_es\">consecuencias catastr\u00f3ficas para el clima y el medio ambiente<\/a><\/em><\/strong>, lo que hace que la misi\u00f3n de la UE sea a\u00fan m\u00e1s cr\u00edtica.<\/p>\n<p>&nbsp;<\/p>\n<p>Te puede interesar: <strong><em><a href=\"https:\/\/www.ethikos.es\/directiva-sostenibilidad-empresarial-ue\/\">Directiva de Sostenibilidad Empresarial UE<\/a><\/em><\/strong><\/p>\n<p>&nbsp;<\/p>\n<h3><strong>El compromiso de Espa\u00f1a: enfrentando el cambio clim\u00e1tico en la Pen\u00ednsula Ib\u00e9rica<\/strong><\/h3>\n<p>Espa\u00f1a, como pa\u00eds miembro de la Uni\u00f3n Europea, ha asumido su compromiso en la lucha contra el cambio clim\u00e1tico. La naci\u00f3n ib\u00e9rica ha experimentado en carne propia los impactos del cambio clim\u00e1tico, desde el aumento de las temperaturas hasta la creciente amenaza de la desertificaci\u00f3n y los riesgos de inundaciones. Espa\u00f1a ha reconocido la necesidad de adoptar medidas proactivas y alineadas con los objetivos clim\u00e1ticos globales para salvaguardar su tierra y su gente.<\/p>\n<p>El compromiso de Espa\u00f1a se refleja en su participaci\u00f3n en las negociaciones internacionales sobre el cambio clim\u00e1tico y su adhesi\u00f3n al <strong><em><a href=\"https:\/\/www.miteco.gob.es\/es\/cambio-climatico\/temas\/el-proceso-internacional-de-lucha-contra-el-cambio-climatico\/naciones-unidas\/elmentos-acuerdo-paris.html\">Acuerdo de Par\u00eds<\/a><\/em><\/strong>. La naci\u00f3n ha implementado medidas para reducir las emisiones de gases de efecto invernadero, as\u00ed como promover el uso de energ\u00edas renovables y la eficiencia energ\u00e9tica. Desde la industria hasta la sociedad civil, Espa\u00f1a est\u00e1 tomando medidas para garantizar un futuro m\u00e1s sostenible.<\/p>\n<p>&nbsp;<\/p>\n<h3><strong>El rol de las organizaciones en la transformaci\u00f3n sostenible<\/strong><\/h3>\n<p>El sector empresarial juega un papel cr\u00edtico en la lucha contra el cambio clim\u00e1tico. M\u00e1s de la mitad de los ciudadanos europeos (53%) considera que las organizaciones tienen la responsabilidad de abordar este desaf\u00edo. Esta percepci\u00f3n no solo es una llamada a la acci\u00f3n, sino tambi\u00e9n una oportunidad para que las organizaciones adopten pr\u00e1cticas sostenibles y se conviertan en agentes de cambio.<\/p>\n<p>En este contexto, los criterios ESG han emergido como un marco integral para evaluar la responsabilidad empresarial. La consideraci\u00f3n de factores ambientales, sociales y de gobernanza en las operaciones y decisiones empresariales no solo contribuye a la lucha contra el cambio clim\u00e1tico, sino que tambi\u00e9n atrae y retiene a empleados comprometidos. Las personas buscan formar parte de organizaciones cuyos valores y prop\u00f3sito est\u00e9n alineados con la sostenibilidad.<\/p>\n<p><strong>\u00a0<\/strong><\/p>\n<h3><strong>La transformaci\u00f3n empresarial y el camino hacia la sostenibilidad<\/strong><\/h3>\n<p>La urgencia de actuar se hace a\u00fan m\u00e1s evidente al considerar el contexto actual. M\u00e1s del 58% de los ciudadanos europeos considera crucial acelerar la transici\u00f3n hacia una econom\u00eda verde. Esta necesidad se vuelve m\u00e1s apremiante considerando los aumentos en los precios de la energ\u00eda y las restricciones en el suministro de gas debido a factores externos. Las organizaciones est\u00e1n llamadas a liderar esta transformaci\u00f3n al adoptar energ\u00edas renovables, mejorar la eficiencia energ\u00e9tica y promover pr\u00e1cticas sostenibles en todos los niveles de su operaci\u00f3n.<\/p>\n<p>Los esfuerzos de la Uni\u00f3n Europea est\u00e1n dando frutos. Desde 2008, la UE se ha comprometido a reducir las emisiones de gases de efecto invernadero y ha logrado reducciones notables. <strong><em><a href=\"https:\/\/www.consilium.europa.eu\/es\/policies\/green-deal\/\">El Pacto Verde Europeo<\/a><\/em><\/strong> establece un ambicioso objetivo de alcanzar emisiones netas cero para 2050, lo que inspira a las organizaciones a reconsiderar sus procesos y modelos de negocio en l\u00ednea con la econom\u00eda circular, la reducci\u00f3n de residuos y la promoci\u00f3n de la biodiversidad.<\/p>\n<p>&nbsp;<\/p>\n<p>Tambi\u00e9n te recomendamos: <strong><em><a href=\"https:\/\/www.ethikos.es\/sostenibilidad-corporativa\/\">Sostenibilidad Corporativa: una obligaci\u00f3n para el 2024<\/a><\/em><\/strong><\/p>\n<p>&nbsp;<\/p>\n<h3><strong>Un futuro sostenible a nuestro alcance<\/strong><\/h3>\n<p>En este punto, es evidente que la acci\u00f3n es imperativa. Las organizaciones deben abrazar la transformaci\u00f3n hacia un futuro sostenible, no solo por responsabilidad, sino tambi\u00e9n por oportunidad. La adopci\u00f3n de pr\u00e1cticas empresariales sostenibles no solo contribuye a la lucha contra el cambio clim\u00e1tico, sino que tambi\u00e9n mejora la competitividad y el atractivo de las organizaciones. Las personas desean formar parte de organizaciones que lideren con valores y prop\u00f3sitos alineados con la sostenibilidad.<\/p>\n<p>En conclusi\u00f3n, el cambio clim\u00e1tico es un desaf\u00edo urgente y real que exige una respuesta a nivel individual y colectivo. Espa\u00f1a y la Uni\u00f3n Europea est\u00e1n tomando medidas concretas para abordar este problema, pero el sector empresarial tambi\u00e9n debe asumir su responsabilidad. Al cumplir con los criterios ESG y abrazar pr\u00e1cticas empresariales sostenibles, las organizaciones pueden ser impulsores del cambio en la lucha contra el cambio clim\u00e1tico. El momento de actuar es ahora, y las decisiones que se tomen en la actualidad tendr\u00e1n un impacto duradero en el futuro de Espa\u00f1a, la UE y el mundo entero.<\/p>\n<p>&nbsp;<\/p>\n<p>\u00bfTe gustar\u00eda aplicar los criterios ESG dentro de tu organizaci\u00f3n \u00a1Te ayudamos! Dale clic para\u00a0<a href=\"https:\/\/www.ethikos.es\/mensaje-de-contacto\/\"><strong><em>solicitar m\u00e1s informaci\u00f3n.<\/em><\/strong><\/a><\/p>\n<p>Tambi\u00e9n puedes conocer todos nuestros Programas de Desarrollo, enfocados en mejorar los principios ESG adapt\u00e1ndolos a cada organizaci\u00f3n\u00a0<a href=\"https:\/\/www.ethikos.es\/programas-formativos\/\"><strong><em>aqu\u00ed.<\/em><\/strong><\/a><\/p>\n<p>&nbsp;<\/p>\n<p><em><strong>By: Alejandra Rodr\u00edguez Aguas \u2013 Content Creator<\/strong><\/em><\/p>","protected":false},"excerpt":{"rendered":"<p>En la \u00faltima d\u00e9cada, el cambio clim\u00e1tico ha dejado de ser una preocupaci\u00f3n distante y te\u00f3rica para convertirse en una realidad tangible que afecta cada aspecto de nuestras vidas. Desde la Uni\u00f3n Europea hasta las comunidades locales en Espa\u00f1a, el impacto del cambio clim\u00e1tico es innegable. La importancia de abordar este desaf\u00edo de manera urgente [&hellip;]<\/p>\n","protected":false},"author":25,"featured_media":20381,"comment_status":"open","ping_status":"closed","sticky":false,"template":"","format":"standard","meta":{"_exactmetrics_skip_tracking":false,"_exactmetrics_sitenote_active":false,"_exactmetrics_sitenote_note":"","_exactmetrics_sitenote_category":0,"footnotes":""},"categories":[151,859,142,765,139,700],"tags":[948,943,945,946,944,860,875,874,198,750,787,950,949,848,733,73,445,877,197,639,866,952,947,951,619,89,629,145,54,865,846,867,876],"class_list":["post-20379","post","type-post","status-publish","format-standard","has-post-thumbnail","hentry","category-blog","category-criterios-esg","category-cultura-de-empresa","category-estrategia","category-rrhh","category-sostenibilidad","tag-acuerdo-de-paris","tag-cambio-climatico","tag-cambio-climatico-en-espana","tag-cambio-climatico-ue","tag-climate-change","tag-criterios-esg","tag-csddd","tag-csdr","tag-cultura-corporativa","tag-cultura-organizacional","tag-desarrollo-sostenible","tag-economia-verde","tag-eficiencia-energetica","tag-empresas-sostenibles","tag-esg","tag-espana","tag-ethikos","tag-eu","tag-gestion-por-valores","tag-inclusion","tag-ods","tag-organizaciones-sostenibles","tag-pacto-verde-europeo","tag-practicas-sostenibles","tag-proceso-de-seleccion","tag-recursos-humanos","tag-rrhh","tag-seleccion-por-valores","tag-sostenibilidad","tag-sostenibilidad-corporativa","tag-sostenibilidad-empresarial","tag-sostenibilidad-financiera","tag-ue"],"yoast_head":"<!-- This site is optimized with the Yoast SEO plugin v27.5 - https:\/\/yoast.com\/product\/yoast-seo-wordpress\/ -->\n<title>T\u00edtulo P\u00e1gina | Consultora de talento y selecci\u00f3n de personal | Ethikos &#8212; Ethikos<\/title>\n<meta name=\"description\" content=\"Descubre c\u00f3mo el cambio clim\u00e1tico impacta en la UE y c\u00f3mo las organizaciones pueden liderar la transformaci\u00f3n hacia la sostenibilidad.\" \/>\n<meta name=\"robots\" content=\"index, follow, max-snippet:-1, max-image-preview:large, max-video-preview:-1\" \/>\n<link rel=\"canonical\" href=\"https:\/\/www.ethikos.es\/en\/cambio-climatico-liderando-el-futuro-sostenible\/\" \/>\n<meta property=\"og:locale\" content=\"en_US\" \/>\n<meta property=\"og:type\" content=\"article\" \/>\n<meta property=\"og:title\" content=\"T\u00edtulo P\u00e1gina | Consultora de talento y selecci\u00f3n de personal | Ethikos &#8212; Ethikos\" \/>\n<meta property=\"og:description\" content=\"Descubre c\u00f3mo el cambio clim\u00e1tico impacta en la UE y c\u00f3mo las organizaciones pueden liderar la transformaci\u00f3n hacia la sostenibilidad.\" \/>\n<meta property=\"og:url\" content=\"https:\/\/www.ethikos.es\/en\/cambio-climatico-liderando-el-futuro-sostenible\/\" \/>\n<meta property=\"og:site_name\" content=\"Ethikos\" \/>\n<meta property=\"article:publisher\" content=\"http:\/\/www.facebook.com\/ethikos.es\/\" \/>\n<meta property=\"article:published_time\" content=\"2023-08-16T09:38:07+00:00\" \/>\n<meta property=\"og:image\" content=\"https:\/\/www.ethikos.es\/wp-content\/uploads\/2023\/08\/cambio-climatico-liderando-el-futuro-sostenible.png\" \/>\n\t<meta property=\"og:image:width\" content=\"1640\" \/>\n\t<meta property=\"og:image:height\" content=\"924\" \/>\n\t<meta property=\"og:image:type\" content=\"image\/png\" \/>\n<meta name=\"author\" content=\"Alejandra rodriguez\" \/>\n<meta name=\"twitter:card\" content=\"summary_large_image\" \/>\n<meta name=\"twitter:creator\" content=\"@Ethikos30\" \/>\n<meta name=\"twitter:site\" content=\"@Ethikos30\" \/>\n<meta name=\"twitter:label1\" content=\"Written by\" \/>\n\t<meta name=\"twitter:data1\" content=\"Alejandra rodriguez\" \/>\n\t<meta name=\"twitter:label2\" content=\"Est. reading time\" \/>\n\t<meta name=\"twitter:data2\" content=\"7 minutes\" \/>\n<script type=\"application\/ld+json\" class=\"yoast-schema-graph\">{\"@context\":\"https:\\\/\\\/schema.org\",\"@graph\":[{\"@type\":\"Article\",\"@id\":\"https:\\\/\\\/www.ethikos.es\\\/en\\\/cambio-climatico-liderando-el-futuro-sostenible\\\/#article\",\"isPartOf\":{\"@id\":\"https:\\\/\\\/www.ethikos.es\\\/en\\\/cambio-climatico-liderando-el-futuro-sostenible\\\/\"},\"author\":{\"name\":\"Alejandra rodriguez\",\"@id\":\"https:\\\/\\\/www.ethikos.es\\\/en\\\/#\\\/schema\\\/person\\\/38d1d104e838727040e3df30856ae4dd\"},\"headline\":\"Cambio clim\u00e1tico: liderando el futuro sostenible\",\"datePublished\":\"2023-08-16T09:38:07+00:00\",\"mainEntityOfPage\":{\"@id\":\"https:\\\/\\\/www.ethikos.es\\\/en\\\/cambio-climatico-liderando-el-futuro-sostenible\\\/\"},\"wordCount\":1383,\"commentCount\":0,\"publisher\":{\"@id\":\"https:\\\/\\\/www.ethikos.es\\\/en\\\/#organization\"},\"image\":{\"@id\":\"https:\\\/\\\/www.ethikos.es\\\/en\\\/cambio-climatico-liderando-el-futuro-sostenible\\\/#primaryimage\"},\"thumbnailUrl\":\"https:\\\/\\\/www.ethikos.es\\\/wp-content\\\/uploads\\\/2023\\\/08\\\/cambio-climatico-liderando-el-futuro-sostenible.png\",\"keywords\":[\"acuerdo de par\u00eds\",\"cambio clim\u00e1tico\",\"cambio clim\u00e1tico en espa\u00f1a\",\"cambio clim\u00e1tico UE\",\"climate change\",\"criterios ESG\",\"CSDDD\",\"CSDR\",\"cultura corporativa\",\"cultura organizacional\",\"desarrollo sostenible\",\"econom\u00eda verde\",\"eficiencia energ\u00e9tica\",\"empresas sostenibles\",\"esg\",\"Espa\u00f1a\",\"ethikos\",\"EU\",\"gesti\u00f3n por valores\",\"inclusi\u00f3n\",\"ods\",\"organizaciones sostenibles\",\"pacto verde europeo\",\"practicas sostenibles\",\"proceso de selecci\u00f3n\",\"recursos humanos\",\"RRHH\",\"selecci\u00f3n por valores\",\"sostenibilidad\",\"sostenibilidad corporativa\",\"sostenibilidad empresarial\",\"sostenibilidad financiera\",\"UE\"],\"articleSection\":[\"Blog\",\"Criterios ESG\",\"Cultura de empresa\",\"Estrategia\",\"Recursos Humanos\",\"Sostenibilidad\"],\"inLanguage\":\"en-US\",\"potentialAction\":[{\"@type\":\"CommentAction\",\"name\":\"Comment\",\"target\":[\"https:\\\/\\\/www.ethikos.es\\\/en\\\/cambio-climatico-liderando-el-futuro-sostenible\\\/#respond\"]}]},{\"@type\":\"WebPage\",\"@id\":\"https:\\\/\\\/www.ethikos.es\\\/en\\\/cambio-climatico-liderando-el-futuro-sostenible\\\/\",\"url\":\"https:\\\/\\\/www.ethikos.es\\\/en\\\/cambio-climatico-liderando-el-futuro-sostenible\\\/\",\"name\":\"T\u00edtulo P\u00e1gina | Consultora de talento y selecci\u00f3n de personal | Ethikos &#8212; Ethikos\",\"isPartOf\":{\"@id\":\"https:\\\/\\\/www.ethikos.es\\\/en\\\/#website\"},\"primaryImageOfPage\":{\"@id\":\"https:\\\/\\\/www.ethikos.es\\\/en\\\/cambio-climatico-liderando-el-futuro-sostenible\\\/#primaryimage\"},\"image\":{\"@id\":\"https:\\\/\\\/www.ethikos.es\\\/en\\\/cambio-climatico-liderando-el-futuro-sostenible\\\/#primaryimage\"},\"thumbnailUrl\":\"https:\\\/\\\/www.ethikos.es\\\/wp-content\\\/uploads\\\/2023\\\/08\\\/cambio-climatico-liderando-el-futuro-sostenible.png\",\"datePublished\":\"2023-08-16T09:38:07+00:00\",\"description\":\"Descubre c\u00f3mo el cambio clim\u00e1tico impacta en la UE y c\u00f3mo las organizaciones pueden liderar la transformaci\u00f3n hacia la sostenibilidad.\",\"breadcrumb\":{\"@id\":\"https:\\\/\\\/www.ethikos.es\\\/en\\\/cambio-climatico-liderando-el-futuro-sostenible\\\/#breadcrumb\"},\"inLanguage\":\"en-US\",\"potentialAction\":[{\"@type\":\"ReadAction\",\"target\":[\"https:\\\/\\\/www.ethikos.es\\\/en\\\/cambio-climatico-liderando-el-futuro-sostenible\\\/\"]}]},{\"@type\":\"ImageObject\",\"inLanguage\":\"en-US\",\"@id\":\"https:\\\/\\\/www.ethikos.es\\\/en\\\/cambio-climatico-liderando-el-futuro-sostenible\\\/#primaryimage\",\"url\":\"https:\\\/\\\/www.ethikos.es\\\/wp-content\\\/uploads\\\/2023\\\/08\\\/cambio-climatico-liderando-el-futuro-sostenible.png\",\"contentUrl\":\"https:\\\/\\\/www.ethikos.es\\\/wp-content\\\/uploads\\\/2023\\\/08\\\/cambio-climatico-liderando-el-futuro-sostenible.png\",\"width\":1640,\"height\":924,\"caption\":\"En la \u00faltima d\u00e9cada, el cambio clim\u00e1tico ha dejado de ser una preocupaci\u00f3n distante y te\u00f3rica para convertirse en una realidad tangible que afecta cada aspecto de nuestras vidas. Desde la Uni\u00f3n Europea hasta las comunidades locales en Espa\u00f1a, el impacto del cambio clim\u00e1tico es innegable.\"},{\"@type\":\"BreadcrumbList\",\"@id\":\"https:\\\/\\\/www.ethikos.es\\\/en\\\/cambio-climatico-liderando-el-futuro-sostenible\\\/#breadcrumb\",\"itemListElement\":[{\"@type\":\"ListItem\",\"position\":1,\"name\":\"Portada\",\"item\":\"https:\\\/\\\/www.ethikos.es\\\/\"},{\"@type\":\"ListItem\",\"position\":2,\"name\":\"Cambio clim\u00e1tico: liderando el futuro sostenible\"}]},{\"@type\":\"WebSite\",\"@id\":\"https:\\\/\\\/www.ethikos.es\\\/en\\\/#website\",\"url\":\"https:\\\/\\\/www.ethikos.es\\\/en\\\/\",\"name\":\"Ethikos 3.0\",\"description\":\"Ethikos es una consultora de transformaci\u00f3n organizacional especializada en cultura empresarial, liderazgo consciente y selecci\u00f3n por valores.\",\"publisher\":{\"@id\":\"https:\\\/\\\/www.ethikos.es\\\/en\\\/#organization\"},\"alternateName\":\"Ethikos Consultor\u00eda\",\"potentialAction\":[{\"@type\":\"SearchAction\",\"target\":{\"@type\":\"EntryPoint\",\"urlTemplate\":\"https:\\\/\\\/www.ethikos.es\\\/en\\\/?s={search_term_string}\"},\"query-input\":{\"@type\":\"PropertyValueSpecification\",\"valueRequired\":true,\"valueName\":\"search_term_string\"}}],\"inLanguage\":\"en-US\"},{\"@type\":\"Organization\",\"@id\":\"https:\\\/\\\/www.ethikos.es\\\/en\\\/#organization\",\"name\":\"Ethikos 3.0\",\"url\":\"https:\\\/\\\/www.ethikos.es\\\/en\\\/\",\"logo\":{\"@type\":\"ImageObject\",\"inLanguage\":\"en-US\",\"@id\":\"https:\\\/\\\/www.ethikos.es\\\/en\\\/#\\\/schema\\\/logo\\\/image\\\/\",\"url\":\"https:\\\/\\\/www.ethikos.es\\\/wp-content\\\/uploads\\\/2019\\\/01\\\/43606559961_5f343a820a_o.png\",\"contentUrl\":\"https:\\\/\\\/www.ethikos.es\\\/wp-content\\\/uploads\\\/2019\\\/01\\\/43606559961_5f343a820a_o.png\",\"width\":646,\"height\":218,\"caption\":\"Ethikos 3.0\"},\"image\":{\"@id\":\"https:\\\/\\\/www.ethikos.es\\\/en\\\/#\\\/schema\\\/logo\\\/image\\\/\"},\"sameAs\":[\"http:\\\/\\\/www.facebook.com\\\/ethikos.es\\\/\",\"https:\\\/\\\/x.com\\\/Ethikos30\",\"https:\\\/\\\/www.instagram.com\\\/ethikos_3.0\\\/\",\"https:\\\/\\\/www.linkedin.com\\\/company\\\/ethikos-3-0\\\/\"]},{\"@type\":\"Person\",\"@id\":\"https:\\\/\\\/www.ethikos.es\\\/en\\\/#\\\/schema\\\/person\\\/38d1d104e838727040e3df30856ae4dd\",\"name\":\"Alejandra rodriguez\",\"image\":{\"@type\":\"ImageObject\",\"inLanguage\":\"en-US\",\"@id\":\"https:\\\/\\\/secure.gravatar.com\\\/avatar\\\/b3ec99a542e73e094bd13bf9b8fe038b27fe1dbe92b83688ebec44c31eac8fae?s=96&d=mm&r=g\",\"url\":\"https:\\\/\\\/secure.gravatar.com\\\/avatar\\\/b3ec99a542e73e094bd13bf9b8fe038b27fe1dbe92b83688ebec44c31eac8fae?s=96&d=mm&r=g\",\"contentUrl\":\"https:\\\/\\\/secure.gravatar.com\\\/avatar\\\/b3ec99a542e73e094bd13bf9b8fe038b27fe1dbe92b83688ebec44c31eac8fae?s=96&d=mm&r=g\",\"caption\":\"Alejandra rodriguez\"}}]}<\/script>\n<!-- \/ Yoast SEO plugin. -->","yoast_head_json":{"title":"T\u00edtulo P\u00e1gina | Consultora de talento y selecci\u00f3n de personal | Ethikos &#8212; Ethikos","description":"Descubre c\u00f3mo el cambio clim\u00e1tico impacta en la UE y c\u00f3mo las organizaciones pueden liderar la transformaci\u00f3n hacia la sostenibilidad.","robots":{"index":"index","follow":"follow","max-snippet":"max-snippet:-1","max-image-preview":"max-image-preview:large","max-video-preview":"max-video-preview:-1"},"canonical":"https:\/\/www.ethikos.es\/en\/cambio-climatico-liderando-el-futuro-sostenible\/","og_locale":"en_US","og_type":"article","og_title":"T\u00edtulo P\u00e1gina | Consultora de talento y selecci\u00f3n de personal | Ethikos &#8212; Ethikos","og_description":"Descubre c\u00f3mo el cambio clim\u00e1tico impacta en la UE y c\u00f3mo las organizaciones pueden liderar la transformaci\u00f3n hacia la sostenibilidad.","og_url":"https:\/\/www.ethikos.es\/en\/cambio-climatico-liderando-el-futuro-sostenible\/","og_site_name":"Ethikos","article_publisher":"http:\/\/www.facebook.com\/ethikos.es\/","article_published_time":"2023-08-16T09:38:07+00:00","og_image":[{"width":1640,"height":924,"url":"https:\/\/www.ethikos.es\/wp-content\/uploads\/2023\/08\/cambio-climatico-liderando-el-futuro-sostenible.png","type":"image\/png"}],"author":"Alejandra rodriguez","twitter_card":"summary_large_image","twitter_creator":"@Ethikos30","twitter_site":"@Ethikos30","twitter_misc":{"Written by":"Alejandra rodriguez","Est. reading time":"7 minutes"},"schema":{"@context":"https:\/\/schema.org","@graph":[{"@type":"Article","@id":"https:\/\/www.ethikos.es\/en\/cambio-climatico-liderando-el-futuro-sostenible\/#article","isPartOf":{"@id":"https:\/\/www.ethikos.es\/en\/cambio-climatico-liderando-el-futuro-sostenible\/"},"author":{"name":"Alejandra rodriguez","@id":"https:\/\/www.ethikos.es\/en\/#\/schema\/person\/38d1d104e838727040e3df30856ae4dd"},"headline":"Cambio clim\u00e1tico: liderando el futuro sostenible","datePublished":"2023-08-16T09:38:07+00:00","mainEntityOfPage":{"@id":"https:\/\/www.ethikos.es\/en\/cambio-climatico-liderando-el-futuro-sostenible\/"},"wordCount":1383,"commentCount":0,"publisher":{"@id":"https:\/\/www.ethikos.es\/en\/#organization"},"image":{"@id":"https:\/\/www.ethikos.es\/en\/cambio-climatico-liderando-el-futuro-sostenible\/#primaryimage"},"thumbnailUrl":"https:\/\/www.ethikos.es\/wp-content\/uploads\/2023\/08\/cambio-climatico-liderando-el-futuro-sostenible.png","keywords":["acuerdo de par\u00eds","cambio clim\u00e1tico","cambio clim\u00e1tico en espa\u00f1a","cambio clim\u00e1tico UE","climate change","criterios ESG","CSDDD","CSDR","cultura corporativa","cultura organizacional","desarrollo sostenible","econom\u00eda verde","eficiencia energ\u00e9tica","empresas sostenibles","esg","Espa\u00f1a","ethikos","EU","gesti\u00f3n por valores","inclusi\u00f3n","ods","organizaciones sostenibles","pacto verde europeo","practicas sostenibles","proceso de selecci\u00f3n","recursos humanos","RRHH","selecci\u00f3n por valores","sostenibilidad","sostenibilidad corporativa","sostenibilidad empresarial","sostenibilidad financiera","UE"],"articleSection":["Blog","Criterios ESG","Cultura de empresa","Estrategia","Recursos Humanos","Sostenibilidad"],"inLanguage":"en-US","potentialAction":[{"@type":"CommentAction","name":"Comment","target":["https:\/\/www.ethikos.es\/en\/cambio-climatico-liderando-el-futuro-sostenible\/#respond"]}]},{"@type":"WebPage","@id":"https:\/\/www.ethikos.es\/en\/cambio-climatico-liderando-el-futuro-sostenible\/","url":"https:\/\/www.ethikos.es\/en\/cambio-climatico-liderando-el-futuro-sostenible\/","name":"T\u00edtulo P\u00e1gina | Consultora de talento y selecci\u00f3n de personal | Ethikos &#8212; Ethikos","isPartOf":{"@id":"https:\/\/www.ethikos.es\/en\/#website"},"primaryImageOfPage":{"@id":"https:\/\/www.ethikos.es\/en\/cambio-climatico-liderando-el-futuro-sostenible\/#primaryimage"},"image":{"@id":"https:\/\/www.ethikos.es\/en\/cambio-climatico-liderando-el-futuro-sostenible\/#primaryimage"},"thumbnailUrl":"https:\/\/www.ethikos.es\/wp-content\/uploads\/2023\/08\/cambio-climatico-liderando-el-futuro-sostenible.png","datePublished":"2023-08-16T09:38:07+00:00","description":"Descubre c\u00f3mo el cambio clim\u00e1tico impacta en la UE y c\u00f3mo las organizaciones pueden liderar la transformaci\u00f3n hacia la sostenibilidad.","breadcrumb":{"@id":"https:\/\/www.ethikos.es\/en\/cambio-climatico-liderando-el-futuro-sostenible\/#breadcrumb"},"inLanguage":"en-US","potentialAction":[{"@type":"ReadAction","target":["https:\/\/www.ethikos.es\/en\/cambio-climatico-liderando-el-futuro-sostenible\/"]}]},{"@type":"ImageObject","inLanguage":"en-US","@id":"https:\/\/www.ethikos.es\/en\/cambio-climatico-liderando-el-futuro-sostenible\/#primaryimage","url":"https:\/\/www.ethikos.es\/wp-content\/uploads\/2023\/08\/cambio-climatico-liderando-el-futuro-sostenible.png","contentUrl":"https:\/\/www.ethikos.es\/wp-content\/uploads\/2023\/08\/cambio-climatico-liderando-el-futuro-sostenible.png","width":1640,"height":924,"caption":"En la \u00faltima d\u00e9cada, el cambio clim\u00e1tico ha dejado de ser una preocupaci\u00f3n distante y te\u00f3rica para convertirse en una realidad tangible que afecta cada aspecto de nuestras vidas. Desde la Uni\u00f3n Europea hasta las comunidades locales en Espa\u00f1a, el impacto del cambio clim\u00e1tico es innegable."},{"@type":"BreadcrumbList","@id":"https:\/\/www.ethikos.es\/en\/cambio-climatico-liderando-el-futuro-sostenible\/#breadcrumb","itemListElement":[{"@type":"ListItem","position":1,"name":"Portada","item":"https:\/\/www.ethikos.es\/"},{"@type":"ListItem","position":2,"name":"Cambio clim\u00e1tico: liderando el futuro sostenible"}]},{"@type":"WebSite","@id":"https:\/\/www.ethikos.es\/en\/#website","url":"https:\/\/www.ethikos.es\/en\/","name":"Ethikos 3.0","description":"Ethikos es una consultora de transformaci\u00f3n organizacional especializada en cultura empresarial, liderazgo consciente y selecci\u00f3n por valores.","publisher":{"@id":"https:\/\/www.ethikos.es\/en\/#organization"},"alternateName":"Ethikos Consultor\u00eda","potentialAction":[{"@type":"SearchAction","target":{"@type":"EntryPoint","urlTemplate":"https:\/\/www.ethikos.es\/en\/?s={search_term_string}"},"query-input":{"@type":"PropertyValueSpecification","valueRequired":true,"valueName":"search_term_string"}}],"inLanguage":"en-US"},{"@type":"Organization","@id":"https:\/\/www.ethikos.es\/en\/#organization","name":"Ethikos 3.0","url":"https:\/\/www.ethikos.es\/en\/","logo":{"@type":"ImageObject","inLanguage":"en-US","@id":"https:\/\/www.ethikos.es\/en\/#\/schema\/logo\/image\/","url":"https:\/\/www.ethikos.es\/wp-content\/uploads\/2019\/01\/43606559961_5f343a820a_o.png","contentUrl":"https:\/\/www.ethikos.es\/wp-content\/uploads\/2019\/01\/43606559961_5f343a820a_o.png","width":646,"height":218,"caption":"Ethikos 3.0"},"image":{"@id":"https:\/\/www.ethikos.es\/en\/#\/schema\/logo\/image\/"},"sameAs":["http:\/\/www.facebook.com\/ethikos.es\/","https:\/\/x.com\/Ethikos30","https:\/\/www.instagram.com\/ethikos_3.0\/","https:\/\/www.linkedin.com\/company\/ethikos-3-0\/"]},{"@type":"Person","@id":"https:\/\/www.ethikos.es\/en\/#\/schema\/person\/38d1d104e838727040e3df30856ae4dd","name":"Alejandra rodriguez","image":{"@type":"ImageObject","inLanguage":"en-US","@id":"https:\/\/secure.gravatar.com\/avatar\/b3ec99a542e73e094bd13bf9b8fe038b27fe1dbe92b83688ebec44c31eac8fae?s=96&d=mm&r=g","url":"https:\/\/secure.gravatar.com\/avatar\/b3ec99a542e73e094bd13bf9b8fe038b27fe1dbe92b83688ebec44c31eac8fae?s=96&d=mm&r=g","contentUrl":"https:\/\/secure.gravatar.com\/avatar\/b3ec99a542e73e094bd13bf9b8fe038b27fe1dbe92b83688ebec44c31eac8fae?s=96&d=mm&r=g","caption":"Alejandra rodriguez"}}]}},"_links":{"self":[{"href":"https:\/\/www.ethikos.es\/en\/wp-json\/wp\/v2\/posts\/20379","targetHints":{"allow":["GET"]}}],"collection":[{"href":"https:\/\/www.ethikos.es\/en\/wp-json\/wp\/v2\/posts"}],"about":[{"href":"https:\/\/www.ethikos.es\/en\/wp-json\/wp\/v2\/types\/post"}],"author":[{"embeddable":true,"href":"https:\/\/www.ethikos.es\/en\/wp-json\/wp\/v2\/users\/25"}],"replies":[{"embeddable":true,"href":"https:\/\/www.ethikos.es\/en\/wp-json\/wp\/v2\/comments?post=20379"}],"version-history":[{"count":0,"href":"https:\/\/www.ethikos.es\/en\/wp-json\/wp\/v2\/posts\/20379\/revisions"}],"wp:featuredmedia":[{"embeddable":true,"href":"https:\/\/www.ethikos.es\/en\/wp-json\/wp\/v2\/media\/20381"}],"wp:attachment":[{"href":"https:\/\/www.ethikos.es\/en\/wp-json\/wp\/v2\/media?parent=20379"}],"wp:term":[{"taxonomy":"category","embeddable":true,"href":"https:\/\/www.ethikos.es\/en\/wp-json\/wp\/v2\/categories?post=20379"},{"taxonomy":"post_tag","embeddable":true,"href":"https:\/\/www.ethikos.es\/en\/wp-json\/wp\/v2\/tags?post=20379"}],"curies":[{"name":"wp","href":"https:\/\/api.w.org\/{rel}","templated":true}]}}