{"id":21619,"date":"2024-01-24T12:04:26","date_gmt":"2024-01-24T11:04:26","guid":{"rendered":"https:\/\/www.ethikos.es\/?p=21619"},"modified":"2024-01-24T12:04:26","modified_gmt":"2024-01-24T11:04:26","slug":"agenda-laboral-espana-2024","status":"publish","type":"post","link":"https:\/\/www.ethikos.es\/en\/agenda-laboral-espana-2024\/","title":{"rendered":"Agenda Laboral en Espa\u00f1a: Reflexiones en el Horizonte del 2024"},"content":{"rendered":"<p>Al adentrarnos en el a\u00f1o 2024, resulta imperativo analizar con perspectiva el cierre del 2023 y sus implicaciones en la realidad de la agenda laboral en Espa\u00f1a. Dos a\u00f1os despu\u00e9s de <strong><em><a href=\"https:\/\/thinkfide.com\/en\/agenda-laboral-2024-las-10-tendencias-de-relaciones-laborales-en-el-mercado-laboral-quo-vadis\/\">la \u00faltima reforma laboral pactada entre el Gobierno, la CEOE y los sindicatos,<\/a> <\/em><\/strong>sus efectos se revelan ante la coyuntura marcada por eventos internacionales, como la prolongaci\u00f3n del conflicto en Ucrania y la renovada tensi\u00f3n en Oriente Medio entre Israel y Palestina. Estos factores, junto con la moderaci\u00f3n del impacto energ\u00e9tico y la escasez de materias primas, han influido en la econom\u00eda, generando un panorama en el que la desaceleraci\u00f3n econ\u00f3mica proyecta su sombra sobre el nuevo a\u00f1o.<\/p>\n<p>&nbsp;<\/p>\n<h2><strong>Desentra\u00f1ando el Contexto Macroecon\u00f3mico en Espa\u00f1a para el 2024<\/strong><\/h2>\n<p>En sinton\u00eda con el panorama internacional, Espa\u00f1a se encuentra en una desaceleraci\u00f3n econ\u00f3mica gradual. Aunque el 2023 cerr\u00f3 con un incremento del PIB del 2,4%, las predicciones gubernamentales para el 2024 apuntan a una moderada reducci\u00f3n del 2%, siendo la Bank of Spain y la OECD m\u00e1s cautelosas con una limitaci\u00f3n al 1,6%. El d\u00e9ficit p\u00fablico persistir\u00e1 por encima del 3%, mientras que la deuda p\u00fablica superar\u00e1 el 100% del PIB, con riesgos de aumentos en los intereses de la deuda p\u00fablica.<\/p>\n<p>A nivel laboral, la atenci\u00f3n se centra en la extensi\u00f3n de los escudos anti-crisis, incluyendo los fondos Next Generation, con una asignaci\u00f3n impresionante de <a href=\"https:\/\/www.viaempresa.cat\/es\/economia\/viabilidad-economica-espana-fondos-next-generation-eu-xavier-roig_2187417_102.html\"><strong><em>164.000 millones de euros entre 2024 y 2026.<\/em><\/strong><\/a> Estos fondos respaldar\u00e1n la recuperaci\u00f3n estrat\u00e9gica de sectores como el turismo y los servicios, fundamentales para el tejido econ\u00f3mico espa\u00f1ol.<\/p>\n<p>&nbsp;<\/p>\n<h2><strong>Reflexiones sobre el Mercado Laboral en el 2024: Datos Actuales y Perspectivas<\/strong><\/h2>\n<p>El mercado laboral, tras un 2023 que vio un crecimiento destacado con 20,8 millones de empleados, se enfrenta a una desaceleraci\u00f3n. La p\u00e9rdida de dinamismo podr\u00eda impactar las tasas de afiliaci\u00f3n y la prevalencia de contratos indefinidos, contribuyendo a un aumento en la tasa de desempleo, proyectada en un <a href=\"https:\/\/economy-finance.ec.europa.eu\/system\/files\/2023-05\/SWD_2023_609_1_EN_autre_document_travail_service_part1_v4.pdf\"><strong><em>12,67% al cierre del 2023.<\/em><\/strong><\/a><\/p>\n<p>El crecimiento del empleo se encuentra limitado por el aumento de los costos empresariales, derivados tanto de las contribuciones sociales como de las cl\u00e1usulas de revalorizaci\u00f3n salarial para compensar la inflaci\u00f3n. Este escenario podr\u00eda generar tensiones sectoriales y reducir los m\u00e1rgenes comerciales, llevando a procesos graduales de terminaci\u00f3n laboral o expedientes de regulaci\u00f3n de empleo.<\/p>\n<p>&nbsp;<\/p>\n<p>Te puede interesar: <a href=\"https:\/\/www.ethikos.es\/tendencias-people-culture-en-2024\/\"><strong><em>Tendencias People &amp; Culture 2024<\/em><\/strong><\/a><\/p>\n<p><strong>\u00a0<\/strong><\/p>\n<h2><strong>Tendencias que Marcar\u00e1n la Agenda Laboral en Espa\u00f1a para el 2024<\/strong><\/h2>\n<p>Al cerrar diciembre de 2023, <a href=\"https:\/\/www.lexology.com\/library\/detail.aspx?g=4af3a518-583f-42ce-8932-e28fd0cad492\"><strong><em>varias novedades entraron en vigor,<\/em><\/strong><\/a> marcando pauta para este nuevo a\u00f1o. Ahora, mientras avanzamos en el 2024, identifiquemos las tendencias que definir\u00e1n la agenda laboral en Espa\u00f1a y la gesti\u00f3n de Recursos Humanos, o mejor dicho, la gesti\u00f3n de People &amp; Culture.<\/p>\n<ol>\n<li>\n<h3><strong> Cotizaci\u00f3n para Becarios:<\/strong><\/h3>\n<\/li>\n<\/ol>\n<p>Desde el 1 de enero de 2024, las contribuciones para los becarios ser\u00e1n obligatorias. Las organizaciones deber\u00e1n afrontar contribuciones por las pr\u00e1cticas realizadas por estudiantes en sus organizaciones, ya sean de formaci\u00f3n o acad\u00e9micas. La cantidad establecida para 2024 es de 2.54 euros para contingencias comunes y 0.31 euros para contingencias profesionales, siendo subsidiada al 95%.<\/p>\n<p>\u00bfC\u00f3mo impactar\u00e1 esta nueva obligaci\u00f3n en los programas de pasant\u00edas y en la capacidad de las organizaciones para ofrecer oportunidades de aprendizaje?<\/p>\n<ol start=\"2\">\n<li>\n<h3><strong> Extensi\u00f3n del SMI del 2023:<\/strong><\/h3>\n<\/li>\n<\/ol>\n<p>El Real Decreto-Ley 8\/2023 del 27 de diciembre estableci\u00f3 la extensi\u00f3n del Salario M\u00ednimo Interprofesional (SMI) del 2023 hasta que se apruebe el nuevo SMI para 2024. Se espera un aumento a 1,123 euros por mes, distribuidos en 14 pagos. Mantengamos un ojo atento a las actualizaciones en las bases de contribuci\u00f3n.<\/p>\n<p>\u00bfC\u00f3mo afectar\u00e1 este aumento propuesto del SMI a la estructura salarial y al presupuesto de las organizaciones?<\/p>\n<ol start=\"3\">\n<li>\n<h3><strong> Planes para la Promoci\u00f3n de la Igualdad LGTBI:<\/strong><\/h3>\n<\/li>\n<\/ol>\n<p>La Ley 4\/2023, del 28 de febrero, para la igualdad real y efectiva de las personas trans y la garant\u00eda de los derechos de las personas LGTBI, impone a las organizaciones con 50 o m\u00e1s empleados la obligaci\u00f3n de implementar un plan para la promoci\u00f3n de la igualdad LGTBI antes de marzo de 2024.<\/p>\n<p>\u00bfC\u00f3mo pueden las organizaciones asegurarse de que estos planes reflejen de manera efectiva la diversidad e inclusi\u00f3n en su cultura laboral?<\/p>\n<ol start=\"4\">\n<li>\n<h3><strong> Permiso de Lactancia sin Barreras:<\/strong><\/h3>\n<\/li>\n<\/ol>\n<p>El Real Decreto-Ley 7\/2023 modifica el art\u00edculo 37.4 del Estatuto de los Trabajadores, eliminando la referencia a condiciones de negociaci\u00f3n colectiva. Ahora, los empleados tienen el derecho de acumular horas de lactancia, independientemente de acuerdos colectivos o pactos con la organizaci\u00f3n.<\/p>\n<p>\u00bfC\u00f3mo pueden las organizaciones ajustar sus pol\u00edticas internas para adaptarse a este cambio y garantizar la equidad entre los empleados?<\/p>\n<ol start=\"5\">\n<li>\n<h3><strong> Prevalencia del Convenio Colectivo Regional:<\/strong><\/h3>\n<\/li>\n<\/ol>\n<p>El mencionado Real Decreto-Ley 7\/2023 establece la prevalencia del convenio colectivo regional sobre cualquier otro acuerdo sectorial o estatal (siempre que los acuerdos de las comunidades aut\u00f3nomas cuenten con el respaldo necesario).<\/p>\n<p>\u00bfC\u00f3mo pueden las organizaciones equilibrar la adaptaci\u00f3n a las regulaciones regionales con la necesidad de mantener cierta uniformidad en las pol\u00edticas laborales?<\/p>\n<ol start=\"6\">\n<li>\n<h3><strong> Inspecci\u00f3n de Empleo y Seguridad Social:<\/strong><\/h3>\n<\/li>\n<\/ol>\n<p>Durante el 2024, la Inspecci\u00f3n de Empleo y Seguridad Social (ITSS) continuar\u00e1 enfoc\u00e1ndose en evaluar las pol\u00edticas de igualdad de g\u00e9nero, equidad salarial y la implementaci\u00f3n de medidas que respalden la diversidad y la inclusi\u00f3n.<\/p>\n<p>\u00bfQu\u00e9 medidas espec\u00edficas pueden tomar las organizaciones para destacarse positivamente durante las evaluaciones del ITSS?<\/p>\n<ol start=\"7\">\n<li>\n<h3><strong> Eficiencia Digital y Procesal:<\/strong><\/h3>\n<\/li>\n<\/ol>\n<p>El Real Decreto-Ley 6\/2023 del 19 de diciembre de 2023 aprueba medidas urgentes para implementar el Plan de Recuperaci\u00f3n, Transformaci\u00f3n y Resiliencia, centr\u00e1ndose en la administraci\u00f3n de justicia, la funci\u00f3n p\u00fablica, el gobierno local y el patrocinio.<\/p>\n<p>\u00bfC\u00f3mo pueden las organizaciones prepararse para adoptar eficientemente las medidas digitales propuestas, y qu\u00e9 desaf\u00edos podr\u00edan surgir durante este proceso?<\/p>\n<ol start=\"8\">\n<li>\n<h3><strong> Retraso en la Edad de Jubilaci\u00f3n:<\/strong><\/h3>\n<\/li>\n<\/ol>\n<p>A partir de 2024, la edad ordinaria de jubilaci\u00f3n se pospondr\u00e1 para aquellos con menos de 38 a\u00f1os de cotizaci\u00f3n, quienes podr\u00e1n jubilarse a los 66 a\u00f1os y seis meses. La edad de jubilaci\u00f3n para aquellos con 38 a\u00f1os o m\u00e1s de cotizaci\u00f3n ser\u00e1 de 65 a\u00f1os.<\/p>\n<p>\u00bfC\u00f3mo afectar\u00e1 este cambio en la edad de jubilaci\u00f3n a la planificaci\u00f3n de la fuerza laboral y la retenci\u00f3n del talento en las organizaciones?<\/p>\n<p>&nbsp;<\/p>\n<p>Tambi\u00e9n te recomendamos: <a href=\"https:\/\/www.ethikos.es\/gestion-del-cambio-esg\/\"><strong><em>ESG change management<\/em><\/strong><\/a><\/p>\n<p>&nbsp;<\/p>\n<h2><strong>Elementos a mantener en el radar<\/strong><\/h2>\n<ol>\n<li>\n<h3><strong> Remuneraci\u00f3n por Permiso Parental:<\/strong><\/h3>\n<\/li>\n<\/ol>\n<p>El Real Decreto-Ley 5\/2023 del 28 de junio (conocido como Ley de Familia) introdujo un nuevo art\u00edculo 48 bis en el Estatuto de los Trabajadores, estableciendo el derecho al permiso parental no remunerado de hasta ocho semanas para cuidar a un hijo, hija o hijo adoptivo durante m\u00e1s de un a\u00f1o, hasta que el ni\u00f1o cumpla ocho a\u00f1os.<\/p>\n<p>\u00bfC\u00f3mo pueden las organizaciones prepararse para una potencial transici\u00f3n hacia un permiso parental remunerado y qu\u00e9 implicaciones financieras podr\u00eda tener?<\/p>\n<ol start=\"2\">\n<li>\n<h3><strong> Pagos por Despido: \u00bfAumento en los M\u00ednimos?:<\/strong><\/h3>\n<\/li>\n<\/ol>\n<p>El Comit\u00e9 Europeo de Derechos Sociales (CEDS) ha admitido dos quejas colectivas presentadas por CC.OO. y UGT (Comisiones Obreras y Sindicato Uni\u00f3n General de Trabajadores) en mayo y noviembre de 2022, respectivamente.<\/p>\n<p>\u00bfC\u00f3mo pueden las organizaciones anticipar y abordar posibles cambios en la estructura de compensaci\u00f3n por despido en funci\u00f3n de las decisiones del CEDS y las acciones del Ministerio de Trabajo?<\/p>\n<ol start=\"3\">\n<li>\n<h3><strong> Derecho a Presentar Alegaciones Antes de un Despido Disciplinario:<\/strong><\/h3>\n<\/li>\n<\/ol>\n<p>El art\u00edculo 7 del Convenio 158 de la OIT impone la obligaci\u00f3n de ofrecer a los trabajadores la oportunidad de defenderse contra las acusaciones presentadas en casos de despido relacionados con la conducta o el rendimiento del trabajador.<\/p>\n<p>\u00bfQu\u00e9 pasos pueden dar las organizaciones para garantizar un proceso disciplinario justo y transparente, alineado con las regulaciones internacionales?<\/p>\n<ol start=\"4\">\n<li>\n<h3><strong> Reducci\u00f3n de la jornada m\u00e1xima legal de trabajo:<\/strong><\/h3>\n<\/li>\n<\/ol>\n<p>La reducci\u00f3n de la semana laboral a 37.5 horas sin reducci\u00f3n salarial es una de las reformas que el Gobierno tiene la intenci\u00f3n de implementar de manera progresiva en los pr\u00f3ximos dos a\u00f1os.<\/p>\n<p>\u00bfC\u00f3mo pueden las organizaciones gestionar la transici\u00f3n hacia jornadas m\u00e1s cortas mientras mantienen la productividad y la satisfacci\u00f3n del empleado?<\/p>\n<ol start=\"5\">\n<li>\n<h3><strong> Ampliaci\u00f3n del permiso parental:<\/strong><\/h3>\n<\/li>\n<\/ol>\n<p>Otra de las medidas que el gobierno ha anunciado que tiene la intenci\u00f3n de implementar es el aumento del permiso por nacimiento de un hijo, adopci\u00f3n o acogida, de las actuales 16 semanas a 20 semanas.<\/p>\n<p>\u00bfC\u00f3mo pueden las organizaciones adaptarse a esta extensi\u00f3n del permiso parental y garantizar una transici\u00f3n suave para los empleados?<\/p>\n<ol start=\"6\">\n<li>\n<h3><strong> Condiciones Laborales Predecibles y Transparentes:<\/strong><\/h3>\n<\/li>\n<\/ol>\n<p>La Directiva 2019\/1152 sobre condiciones laborales predecibles y transparentes deber\u00eda haber sido transpuesta en Espa\u00f1a antes del 1 de agosto de 2022.<\/p>\n<p>\u00bfC\u00f3mo pueden las organizaciones aprovechar esta Directiva para fortalecer la comunicaci\u00f3n interna y mejorar la satisfacci\u00f3n de los empleados?<\/p>\n<p>&nbsp;<\/p>\n<p>La Agenda Laboral en Espa\u00f1a para este 2024 presenta desaf\u00edos significativos y refleja la creciente fricci\u00f3n entre las normativas laborales y la realidad empresarial. La implementaci\u00f3n efectiva de estructuras de cumplimiento regulatorio laboral se vuelve esencial, mientras que los agentes sociales deben trabajar para reducir las litigaciones judiciales y evitar una situaci\u00f3n cercana al colapso en los tribunales laborales.<\/p>\n<p>Queda pendiente la negociaci\u00f3n y aprobaci\u00f3n de un nuevo Estatuto de los Trabajadores para el siglo XXI, que deber\u00e1 integrar las tendencias laborales en la vida cotidiana de las organizaciones y lograr un equilibrio virtuoso entre los derechos de los trabajadores y las obligaciones de las organizaciones, adapt\u00e1ndose a la realidad jur\u00eddica de la Uni\u00f3n Europea.<\/p>\n<p>Este es solo el comienzo de nuestra exploraci\u00f3n sobre los cambios en la Agenda Laboral en Espa\u00f1a para el a\u00f1o 2024. Continuaremos compartiendo detalles cruciales y consejos pr\u00e1cticos en las pr\u00f3ximas ediciones. \u00a1Permanezcan atentos para m\u00e1s informaci\u00f3n relevante en el emocionante viaje del People &amp; Culture en este a\u00f1o de transformaci\u00f3n!<\/p>\n<p>&nbsp;<\/p>\n<p>\u00bfTe gustar\u00eda aplicar estas tendencias de manera artesanal y estrat\u00e9gica en tu organizaci\u00f3n? \u00a1Te ayudamos! Dale clic para\u00a0<a href=\"https:\/\/www.ethikos.es\/mensaje-de-contacto\/\"><strong><em>solicitar m\u00e1s informaci\u00f3n.<\/em><\/strong><\/a><\/p>\n<p>&nbsp;<\/p>\n<p><strong><em>By: Alejandra Rodr\u00edguez Aguas \u2013 Content Creator<\/em><\/strong><\/p>\n<p>&nbsp;<\/p>\n<p>&nbsp;<\/p>\n<p>&nbsp;<\/p>\n<p>&nbsp;<\/p>","protected":false},"excerpt":{"rendered":"<p>Al adentrarnos en el a\u00f1o 2024, resulta imperativo analizar con perspectiva el cierre del 2023 y sus implicaciones en la realidad de la agenda laboral en Espa\u00f1a. Dos a\u00f1os despu\u00e9s de la \u00faltima reforma laboral pactada entre el Gobierno, la CEOE y los sindicatos, sus efectos se revelan ante la coyuntura marcada por eventos internacionales, [&hellip;]<\/p>\n","protected":false},"author":25,"featured_media":21625,"comment_status":"open","ping_status":"closed","sticky":false,"template":"","format":"standard","meta":{"_exactmetrics_skip_tracking":false,"_exactmetrics_sitenote_active":false,"_exactmetrics_sitenote_note":"","_exactmetrics_sitenote_category":0,"footnotes":""},"categories":[151,859,142,765,850,139,705],"tags":[982,983,984,948,1053,1054,1055,1056,1011,1013,860,875,874,198,750,981,787,979,950,848,733,73,766,445,877,197,639,1016,980,866,989,990,625,988,952,987,947,951,619,89,629,865,846,867,1009,876,782],"class_list":["post-21619","post","type-post","status-publish","format-standard","has-post-thumbnail","hentry","category-blog","category-criterios-esg","category-cultura-de-empresa","category-estrategia","category-politicas-dei","category-rrhh","category-trabajo","tag-activismo","tag-activismo-corporativo","tag-activismo-empresarial","tag-acuerdo-de-paris","tag-agenda-laboral","tag-agenda-laboral-2024","tag-agenda-laboral-espana","tag-agenda-laboral-espana-2024","tag-capacitacion","tag-comunicacion-transparente","tag-criterios-esg","tag-csddd","tag-csdr","tag-cultura-corporativa","tag-cultura-organizacional","tag-declaracion-del-world-economic-forum","tag-desarrollo-sostenible","tag-diez-principios-del-pacto-mundial","tag-economia-verde","tag-empresas-sostenibles","tag-esg","tag-espana","tag-estrategia","tag-ethikos","tag-eu","tag-gestion-por-valores","tag-inclusion","tag-objetivos","tag-objetivos-de-desarrollo-sostenible","tag-ods","tag-ong","tag-ongs","tag-onu","tag-onu-espana","tag-organizaciones-sostenibles","tag-pacto-mundial","tag-pacto-verde-europeo","tag-practicas-sostenibles","tag-proceso-de-seleccion","tag-recursos-humanos","tag-rrhh","tag-sostenibilidad-corporativa","tag-sostenibilidad-empresarial","tag-sostenibilidad-financiera","tag-sroi","tag-ue","tag-world-economic-forum"],"yoast_head":"<!-- This site is optimized with the Yoast SEO plugin v27.5 - https:\/\/yoast.com\/product\/yoast-seo-wordpress\/ -->\n<title>T\u00edtulo P\u00e1gina | Consultora de talento y selecci\u00f3n de personal | Ethikos &#8212; Ethikos<\/title>\n<meta name=\"description\" content=\"An\u00e1lisis de la Agenda Laboral en Espa\u00f1a 2024: desaf\u00edos, oportunidades y cambios estrat\u00e9gicos para un futuro laboral s\u00f3lido y progresivo.\" \/>\n<meta name=\"robots\" content=\"index, follow, max-snippet:-1, max-image-preview:large, max-video-preview:-1\" \/>\n<link rel=\"canonical\" href=\"https:\/\/www.ethikos.es\/en\/agenda-laboral-espana-2024\/\" \/>\n<meta property=\"og:locale\" content=\"en_US\" \/>\n<meta property=\"og:type\" content=\"article\" \/>\n<meta property=\"og:title\" content=\"T\u00edtulo P\u00e1gina | Consultora de talento y selecci\u00f3n de personal | Ethikos &#8212; Ethikos\" \/>\n<meta property=\"og:description\" content=\"An\u00e1lisis de la Agenda Laboral en Espa\u00f1a 2024: desaf\u00edos, oportunidades y cambios estrat\u00e9gicos para un futuro laboral s\u00f3lido y progresivo.\" \/>\n<meta property=\"og:url\" content=\"https:\/\/www.ethikos.es\/en\/agenda-laboral-espana-2024\/\" \/>\n<meta property=\"og:site_name\" content=\"Ethikos\" \/>\n<meta property=\"article:publisher\" content=\"http:\/\/www.facebook.com\/ethikos.es\/\" \/>\n<meta property=\"article:published_time\" content=\"2024-01-24T11:04:26+00:00\" \/>\n<meta property=\"og:image\" content=\"https:\/\/www.ethikos.es\/wp-content\/uploads\/2024\/01\/agenda-laboral-espana-2024.png\" \/>\n\t<meta property=\"og:image:width\" content=\"1640\" \/>\n\t<meta property=\"og:image:height\" content=\"924\" \/>\n\t<meta property=\"og:image:type\" content=\"image\/png\" \/>\n<meta name=\"author\" content=\"Alejandra rodriguez\" \/>\n<meta name=\"twitter:card\" content=\"summary_large_image\" \/>\n<meta name=\"twitter:creator\" content=\"@Ethikos30\" \/>\n<meta name=\"twitter:site\" content=\"@Ethikos30\" \/>\n<meta name=\"twitter:label1\" content=\"Written by\" \/>\n\t<meta name=\"twitter:data1\" content=\"Alejandra rodriguez\" \/>\n\t<meta name=\"twitter:label2\" content=\"Est. reading time\" \/>\n\t<meta name=\"twitter:data2\" content=\"9 minutes\" \/>\n<script type=\"application\/ld+json\" class=\"yoast-schema-graph\">{\"@context\":\"https:\\\/\\\/schema.org\",\"@graph\":[{\"@type\":\"Article\",\"@id\":\"https:\\\/\\\/www.ethikos.es\\\/en\\\/agenda-laboral-espana-2024\\\/#article\",\"isPartOf\":{\"@id\":\"https:\\\/\\\/www.ethikos.es\\\/en\\\/agenda-laboral-espana-2024\\\/\"},\"author\":{\"name\":\"Alejandra rodriguez\",\"@id\":\"https:\\\/\\\/www.ethikos.es\\\/en\\\/#\\\/schema\\\/person\\\/38d1d104e838727040e3df30856ae4dd\"},\"headline\":\"Agenda Laboral en Espa\u00f1a: Reflexiones en el Horizonte del 2024\",\"datePublished\":\"2024-01-24T11:04:26+00:00\",\"mainEntityOfPage\":{\"@id\":\"https:\\\/\\\/www.ethikos.es\\\/en\\\/agenda-laboral-espana-2024\\\/\"},\"wordCount\":1722,\"commentCount\":0,\"publisher\":{\"@id\":\"https:\\\/\\\/www.ethikos.es\\\/en\\\/#organization\"},\"image\":{\"@id\":\"https:\\\/\\\/www.ethikos.es\\\/en\\\/agenda-laboral-espana-2024\\\/#primaryimage\"},\"thumbnailUrl\":\"https:\\\/\\\/www.ethikos.es\\\/wp-content\\\/uploads\\\/2024\\\/01\\\/agenda-laboral-espana-2024.png\",\"keywords\":[\"activismo\",\"activismo corporativo\",\"activismo empresarial\",\"acuerdo de par\u00eds\",\"agenda laboral\",\"agenda laboral 2024\",\"agenda laboral espa\u00f1a\",\"agenda laboral espa\u00f1a 2024\",\"capacitaci\u00f3n\",\"comunicaci\u00f3n transparente\",\"criterios ESG\",\"CSDDD\",\"CSDR\",\"cultura corporativa\",\"cultura organizacional\",\"Declaraci\u00f3n del World Economic Forum\",\"desarrollo sostenible\",\"Diez Principios del Pacto Mundial\",\"econom\u00eda verde\",\"empresas sostenibles\",\"esg\",\"Espa\u00f1a\",\"estrategia\",\"ethikos\",\"EU\",\"gesti\u00f3n por valores\",\"inclusi\u00f3n\",\"objetivos\",\"Objetivos de Desarrollo Sostenible\",\"ods\",\"ONG\",\"ONGs\",\"ONU\",\"ONU Espa\u00f1a\",\"organizaciones sostenibles\",\"Pacto Mundial\",\"pacto verde europeo\",\"practicas sostenibles\",\"proceso de selecci\u00f3n\",\"recursos humanos\",\"RRHH\",\"sostenibilidad corporativa\",\"sostenibilidad empresarial\",\"sostenibilidad financiera\",\"sroi\",\"UE\",\"World Economic Forum\"],\"articleSection\":[\"Blog\",\"Criterios ESG\",\"Cultura de empresa\",\"Estrategia\",\"Pol\u00edticas DEI\",\"Recursos Humanos\",\"Trabajo\"],\"inLanguage\":\"en-US\",\"potentialAction\":[{\"@type\":\"CommentAction\",\"name\":\"Comment\",\"target\":[\"https:\\\/\\\/www.ethikos.es\\\/en\\\/agenda-laboral-espana-2024\\\/#respond\"]}]},{\"@type\":\"WebPage\",\"@id\":\"https:\\\/\\\/www.ethikos.es\\\/en\\\/agenda-laboral-espana-2024\\\/\",\"url\":\"https:\\\/\\\/www.ethikos.es\\\/en\\\/agenda-laboral-espana-2024\\\/\",\"name\":\"T\u00edtulo P\u00e1gina | Consultora de talento y selecci\u00f3n de personal | Ethikos &#8212; Ethikos\",\"isPartOf\":{\"@id\":\"https:\\\/\\\/www.ethikos.es\\\/en\\\/#website\"},\"primaryImageOfPage\":{\"@id\":\"https:\\\/\\\/www.ethikos.es\\\/en\\\/agenda-laboral-espana-2024\\\/#primaryimage\"},\"image\":{\"@id\":\"https:\\\/\\\/www.ethikos.es\\\/en\\\/agenda-laboral-espana-2024\\\/#primaryimage\"},\"thumbnailUrl\":\"https:\\\/\\\/www.ethikos.es\\\/wp-content\\\/uploads\\\/2024\\\/01\\\/agenda-laboral-espana-2024.png\",\"datePublished\":\"2024-01-24T11:04:26+00:00\",\"description\":\"An\u00e1lisis de la Agenda Laboral en Espa\u00f1a 2024: desaf\u00edos, oportunidades y cambios estrat\u00e9gicos para un futuro laboral s\u00f3lido y progresivo.\",\"breadcrumb\":{\"@id\":\"https:\\\/\\\/www.ethikos.es\\\/en\\\/agenda-laboral-espana-2024\\\/#breadcrumb\"},\"inLanguage\":\"en-US\",\"potentialAction\":[{\"@type\":\"ReadAction\",\"target\":[\"https:\\\/\\\/www.ethikos.es\\\/en\\\/agenda-laboral-espana-2024\\\/\"]}]},{\"@type\":\"ImageObject\",\"inLanguage\":\"en-US\",\"@id\":\"https:\\\/\\\/www.ethikos.es\\\/en\\\/agenda-laboral-espana-2024\\\/#primaryimage\",\"url\":\"https:\\\/\\\/www.ethikos.es\\\/wp-content\\\/uploads\\\/2024\\\/01\\\/agenda-laboral-espana-2024.png\",\"contentUrl\":\"https:\\\/\\\/www.ethikos.es\\\/wp-content\\\/uploads\\\/2024\\\/01\\\/agenda-laboral-espana-2024.png\",\"width\":1640,\"height\":924},{\"@type\":\"BreadcrumbList\",\"@id\":\"https:\\\/\\\/www.ethikos.es\\\/en\\\/agenda-laboral-espana-2024\\\/#breadcrumb\",\"itemListElement\":[{\"@type\":\"ListItem\",\"position\":1,\"name\":\"Portada\",\"item\":\"https:\\\/\\\/www.ethikos.es\\\/\"},{\"@type\":\"ListItem\",\"position\":2,\"name\":\"Agenda Laboral en Espa\u00f1a: Reflexiones en el Horizonte del 2024\"}]},{\"@type\":\"WebSite\",\"@id\":\"https:\\\/\\\/www.ethikos.es\\\/en\\\/#website\",\"url\":\"https:\\\/\\\/www.ethikos.es\\\/en\\\/\",\"name\":\"Ethikos 3.0\",\"description\":\"Ethikos es una consultora de transformaci\u00f3n organizacional especializada en cultura empresarial, liderazgo consciente y selecci\u00f3n por valores.\",\"publisher\":{\"@id\":\"https:\\\/\\\/www.ethikos.es\\\/en\\\/#organization\"},\"alternateName\":\"Ethikos Consultor\u00eda\",\"potentialAction\":[{\"@type\":\"SearchAction\",\"target\":{\"@type\":\"EntryPoint\",\"urlTemplate\":\"https:\\\/\\\/www.ethikos.es\\\/en\\\/?s={search_term_string}\"},\"query-input\":{\"@type\":\"PropertyValueSpecification\",\"valueRequired\":true,\"valueName\":\"search_term_string\"}}],\"inLanguage\":\"en-US\"},{\"@type\":\"Organization\",\"@id\":\"https:\\\/\\\/www.ethikos.es\\\/en\\\/#organization\",\"name\":\"Ethikos 3.0\",\"url\":\"https:\\\/\\\/www.ethikos.es\\\/en\\\/\",\"logo\":{\"@type\":\"ImageObject\",\"inLanguage\":\"en-US\",\"@id\":\"https:\\\/\\\/www.ethikos.es\\\/en\\\/#\\\/schema\\\/logo\\\/image\\\/\",\"url\":\"https:\\\/\\\/www.ethikos.es\\\/wp-content\\\/uploads\\\/2019\\\/01\\\/43606559961_5f343a820a_o.png\",\"contentUrl\":\"https:\\\/\\\/www.ethikos.es\\\/wp-content\\\/uploads\\\/2019\\\/01\\\/43606559961_5f343a820a_o.png\",\"width\":646,\"height\":218,\"caption\":\"Ethikos 3.0\"},\"image\":{\"@id\":\"https:\\\/\\\/www.ethikos.es\\\/en\\\/#\\\/schema\\\/logo\\\/image\\\/\"},\"sameAs\":[\"http:\\\/\\\/www.facebook.com\\\/ethikos.es\\\/\",\"https:\\\/\\\/x.com\\\/Ethikos30\",\"https:\\\/\\\/www.instagram.com\\\/ethikos_3.0\\\/\",\"https:\\\/\\\/www.linkedin.com\\\/company\\\/ethikos-3-0\\\/\"]},{\"@type\":\"Person\",\"@id\":\"https:\\\/\\\/www.ethikos.es\\\/en\\\/#\\\/schema\\\/person\\\/38d1d104e838727040e3df30856ae4dd\",\"name\":\"Alejandra rodriguez\",\"image\":{\"@type\":\"ImageObject\",\"inLanguage\":\"en-US\",\"@id\":\"https:\\\/\\\/secure.gravatar.com\\\/avatar\\\/b3ec99a542e73e094bd13bf9b8fe038b27fe1dbe92b83688ebec44c31eac8fae?s=96&d=mm&r=g\",\"url\":\"https:\\\/\\\/secure.gravatar.com\\\/avatar\\\/b3ec99a542e73e094bd13bf9b8fe038b27fe1dbe92b83688ebec44c31eac8fae?s=96&d=mm&r=g\",\"contentUrl\":\"https:\\\/\\\/secure.gravatar.com\\\/avatar\\\/b3ec99a542e73e094bd13bf9b8fe038b27fe1dbe92b83688ebec44c31eac8fae?s=96&d=mm&r=g\",\"caption\":\"Alejandra rodriguez\"}}]}<\/script>\n<!-- \/ Yoast SEO plugin. -->","yoast_head_json":{"title":"T\u00edtulo P\u00e1gina | Consultora de talento y selecci\u00f3n de personal | Ethikos &#8212; Ethikos","description":"An\u00e1lisis de la Agenda Laboral en Espa\u00f1a 2024: desaf\u00edos, oportunidades y cambios estrat\u00e9gicos para un futuro laboral s\u00f3lido y progresivo.","robots":{"index":"index","follow":"follow","max-snippet":"max-snippet:-1","max-image-preview":"max-image-preview:large","max-video-preview":"max-video-preview:-1"},"canonical":"https:\/\/www.ethikos.es\/en\/agenda-laboral-espana-2024\/","og_locale":"en_US","og_type":"article","og_title":"T\u00edtulo P\u00e1gina | Consultora de talento y selecci\u00f3n de personal | Ethikos &#8212; Ethikos","og_description":"An\u00e1lisis de la Agenda Laboral en Espa\u00f1a 2024: desaf\u00edos, oportunidades y cambios estrat\u00e9gicos para un futuro laboral s\u00f3lido y progresivo.","og_url":"https:\/\/www.ethikos.es\/en\/agenda-laboral-espana-2024\/","og_site_name":"Ethikos","article_publisher":"http:\/\/www.facebook.com\/ethikos.es\/","article_published_time":"2024-01-24T11:04:26+00:00","og_image":[{"width":1640,"height":924,"url":"https:\/\/www.ethikos.es\/wp-content\/uploads\/2024\/01\/agenda-laboral-espana-2024.png","type":"image\/png"}],"author":"Alejandra rodriguez","twitter_card":"summary_large_image","twitter_creator":"@Ethikos30","twitter_site":"@Ethikos30","twitter_misc":{"Written by":"Alejandra rodriguez","Est. reading time":"9 minutes"},"schema":{"@context":"https:\/\/schema.org","@graph":[{"@type":"Article","@id":"https:\/\/www.ethikos.es\/en\/agenda-laboral-espana-2024\/#article","isPartOf":{"@id":"https:\/\/www.ethikos.es\/en\/agenda-laboral-espana-2024\/"},"author":{"name":"Alejandra rodriguez","@id":"https:\/\/www.ethikos.es\/en\/#\/schema\/person\/38d1d104e838727040e3df30856ae4dd"},"headline":"Agenda Laboral en Espa\u00f1a: Reflexiones en el Horizonte del 2024","datePublished":"2024-01-24T11:04:26+00:00","mainEntityOfPage":{"@id":"https:\/\/www.ethikos.es\/en\/agenda-laboral-espana-2024\/"},"wordCount":1722,"commentCount":0,"publisher":{"@id":"https:\/\/www.ethikos.es\/en\/#organization"},"image":{"@id":"https:\/\/www.ethikos.es\/en\/agenda-laboral-espana-2024\/#primaryimage"},"thumbnailUrl":"https:\/\/www.ethikos.es\/wp-content\/uploads\/2024\/01\/agenda-laboral-espana-2024.png","keywords":["activismo","activismo corporativo","activismo empresarial","acuerdo de par\u00eds","agenda laboral","agenda laboral 2024","agenda laboral espa\u00f1a","agenda laboral espa\u00f1a 2024","capacitaci\u00f3n","comunicaci\u00f3n transparente","criterios ESG","CSDDD","CSDR","cultura corporativa","cultura organizacional","Declaraci\u00f3n del World Economic Forum","desarrollo sostenible","Diez Principios del Pacto Mundial","econom\u00eda verde","empresas sostenibles","esg","Espa\u00f1a","estrategia","ethikos","EU","gesti\u00f3n por valores","inclusi\u00f3n","objetivos","Objetivos de Desarrollo Sostenible","ods","ONG","ONGs","ONU","ONU Espa\u00f1a","organizaciones sostenibles","Pacto Mundial","pacto verde europeo","practicas sostenibles","proceso de selecci\u00f3n","recursos humanos","RRHH","sostenibilidad corporativa","sostenibilidad empresarial","sostenibilidad financiera","sroi","UE","World Economic Forum"],"articleSection":["Blog","Criterios ESG","Cultura de empresa","Estrategia","Pol\u00edticas DEI","Recursos Humanos","Trabajo"],"inLanguage":"en-US","potentialAction":[{"@type":"CommentAction","name":"Comment","target":["https:\/\/www.ethikos.es\/en\/agenda-laboral-espana-2024\/#respond"]}]},{"@type":"WebPage","@id":"https:\/\/www.ethikos.es\/en\/agenda-laboral-espana-2024\/","url":"https:\/\/www.ethikos.es\/en\/agenda-laboral-espana-2024\/","name":"T\u00edtulo P\u00e1gina | Consultora de talento y selecci\u00f3n de personal | Ethikos &#8212; Ethikos","isPartOf":{"@id":"https:\/\/www.ethikos.es\/en\/#website"},"primaryImageOfPage":{"@id":"https:\/\/www.ethikos.es\/en\/agenda-laboral-espana-2024\/#primaryimage"},"image":{"@id":"https:\/\/www.ethikos.es\/en\/agenda-laboral-espana-2024\/#primaryimage"},"thumbnailUrl":"https:\/\/www.ethikos.es\/wp-content\/uploads\/2024\/01\/agenda-laboral-espana-2024.png","datePublished":"2024-01-24T11:04:26+00:00","description":"An\u00e1lisis de la Agenda Laboral en Espa\u00f1a 2024: desaf\u00edos, oportunidades y cambios estrat\u00e9gicos para un futuro laboral s\u00f3lido y progresivo.","breadcrumb":{"@id":"https:\/\/www.ethikos.es\/en\/agenda-laboral-espana-2024\/#breadcrumb"},"inLanguage":"en-US","potentialAction":[{"@type":"ReadAction","target":["https:\/\/www.ethikos.es\/en\/agenda-laboral-espana-2024\/"]}]},{"@type":"ImageObject","inLanguage":"en-US","@id":"https:\/\/www.ethikos.es\/en\/agenda-laboral-espana-2024\/#primaryimage","url":"https:\/\/www.ethikos.es\/wp-content\/uploads\/2024\/01\/agenda-laboral-espana-2024.png","contentUrl":"https:\/\/www.ethikos.es\/wp-content\/uploads\/2024\/01\/agenda-laboral-espana-2024.png","width":1640,"height":924},{"@type":"BreadcrumbList","@id":"https:\/\/www.ethikos.es\/en\/agenda-laboral-espana-2024\/#breadcrumb","itemListElement":[{"@type":"ListItem","position":1,"name":"Portada","item":"https:\/\/www.ethikos.es\/"},{"@type":"ListItem","position":2,"name":"Agenda Laboral en Espa\u00f1a: Reflexiones en el Horizonte del 2024"}]},{"@type":"WebSite","@id":"https:\/\/www.ethikos.es\/en\/#website","url":"https:\/\/www.ethikos.es\/en\/","name":"Ethikos 3.0","description":"Ethikos es una consultora de transformaci\u00f3n organizacional especializada en cultura empresarial, liderazgo consciente y selecci\u00f3n por valores.","publisher":{"@id":"https:\/\/www.ethikos.es\/en\/#organization"},"alternateName":"Ethikos Consultor\u00eda","potentialAction":[{"@type":"SearchAction","target":{"@type":"EntryPoint","urlTemplate":"https:\/\/www.ethikos.es\/en\/?s={search_term_string}"},"query-input":{"@type":"PropertyValueSpecification","valueRequired":true,"valueName":"search_term_string"}}],"inLanguage":"en-US"},{"@type":"Organization","@id":"https:\/\/www.ethikos.es\/en\/#organization","name":"Ethikos 3.0","url":"https:\/\/www.ethikos.es\/en\/","logo":{"@type":"ImageObject","inLanguage":"en-US","@id":"https:\/\/www.ethikos.es\/en\/#\/schema\/logo\/image\/","url":"https:\/\/www.ethikos.es\/wp-content\/uploads\/2019\/01\/43606559961_5f343a820a_o.png","contentUrl":"https:\/\/www.ethikos.es\/wp-content\/uploads\/2019\/01\/43606559961_5f343a820a_o.png","width":646,"height":218,"caption":"Ethikos 3.0"},"image":{"@id":"https:\/\/www.ethikos.es\/en\/#\/schema\/logo\/image\/"},"sameAs":["http:\/\/www.facebook.com\/ethikos.es\/","https:\/\/x.com\/Ethikos30","https:\/\/www.instagram.com\/ethikos_3.0\/","https:\/\/www.linkedin.com\/company\/ethikos-3-0\/"]},{"@type":"Person","@id":"https:\/\/www.ethikos.es\/en\/#\/schema\/person\/38d1d104e838727040e3df30856ae4dd","name":"Alejandra rodriguez","image":{"@type":"ImageObject","inLanguage":"en-US","@id":"https:\/\/secure.gravatar.com\/avatar\/b3ec99a542e73e094bd13bf9b8fe038b27fe1dbe92b83688ebec44c31eac8fae?s=96&d=mm&r=g","url":"https:\/\/secure.gravatar.com\/avatar\/b3ec99a542e73e094bd13bf9b8fe038b27fe1dbe92b83688ebec44c31eac8fae?s=96&d=mm&r=g","contentUrl":"https:\/\/secure.gravatar.com\/avatar\/b3ec99a542e73e094bd13bf9b8fe038b27fe1dbe92b83688ebec44c31eac8fae?s=96&d=mm&r=g","caption":"Alejandra rodriguez"}}]}},"_links":{"self":[{"href":"https:\/\/www.ethikos.es\/en\/wp-json\/wp\/v2\/posts\/21619","targetHints":{"allow":["GET"]}}],"collection":[{"href":"https:\/\/www.ethikos.es\/en\/wp-json\/wp\/v2\/posts"}],"about":[{"href":"https:\/\/www.ethikos.es\/en\/wp-json\/wp\/v2\/types\/post"}],"author":[{"embeddable":true,"href":"https:\/\/www.ethikos.es\/en\/wp-json\/wp\/v2\/users\/25"}],"replies":[{"embeddable":true,"href":"https:\/\/www.ethikos.es\/en\/wp-json\/wp\/v2\/comments?post=21619"}],"version-history":[{"count":0,"href":"https:\/\/www.ethikos.es\/en\/wp-json\/wp\/v2\/posts\/21619\/revisions"}],"wp:featuredmedia":[{"embeddable":true,"href":"https:\/\/www.ethikos.es\/en\/wp-json\/wp\/v2\/media\/21625"}],"wp:attachment":[{"href":"https:\/\/www.ethikos.es\/en\/wp-json\/wp\/v2\/media?parent=21619"}],"wp:term":[{"taxonomy":"category","embeddable":true,"href":"https:\/\/www.ethikos.es\/en\/wp-json\/wp\/v2\/categories?post=21619"},{"taxonomy":"post_tag","embeddable":true,"href":"https:\/\/www.ethikos.es\/en\/wp-json\/wp\/v2\/tags?post=21619"}],"curies":[{"name":"wp","href":"https:\/\/api.w.org\/{rel}","templated":true}]}}