{"id":22150,"date":"2025-07-21T18:17:28","date_gmt":"2025-07-21T16:17:28","guid":{"rendered":"https:\/\/www.ethikos.es\/?p=22150"},"modified":"2025-07-21T18:17:28","modified_gmt":"2025-07-21T16:17:28","slug":"y-si-la-conciencia-humana-fuera-el-factor-mas-estrategico-que-estamos-ignorando-en-las-organizaciones","status":"publish","type":"post","link":"https:\/\/www.ethikos.es\/en\/y-si-la-conciencia-humana-fuera-el-factor-mas-estrategico-que-estamos-ignorando-en-las-organizaciones\/","title":{"rendered":"\u00bfY si la conciencia humana fuera el factor m\u00e1s estrat\u00e9gico que estamos ignorando en las organizaciones?"},"content":{"rendered":"<p id=\"ember63\" class=\"ember-view reader-text-block__paragraph\">Durante las \u00faltimas d\u00e9cadas, las empresas han enfocado su energ\u00eda \u2014y millones de euros\u2014 en transformar procesos, implementar tecnolog\u00eda, automatizar tareas y medir resultados. En el mejor de los casos, han incorporado iniciativas de bienestar o liderazgo positivo. Pero en esta carrera por la innovaci\u00f3n y la eficiencia, <strong>hemos olvidado lo esencial<\/strong>: trabajar la <strong>conciencia humana<\/strong> como motor real de transformaci\u00f3n.<\/p>\n<p id=\"ember64\" class=\"ember-view reader-text-block__paragraph\">S\u00ed, hablamos de conciencia. De esa capacidad profunda que tienen las personas de <strong>observarse, reflexionar, conectar con un prop\u00f3sito, discernir desde la integridad y transformar sus patrones m\u00e1s autom\u00e1ticos<\/strong>. Esa capacidad \u2014invisibilizada, muchas veces despreciada\u2014 es <strong>la ra\u00edz de todos los cambios aut\u00e9nticos y sostenibles<\/strong>.<\/p>\n<h3 id=\"ember65\" class=\"ember-view reader-text-block__heading-3\"> Un s\u00edntoma global: productividad creciente, sentido decreciente<\/h3>\n<p id=\"ember66\" class=\"ember-view reader-text-block__paragraph\">Las cifras de burnout, desmotivaci\u00f3n y rotaci\u00f3n hablan por s\u00ed solas. En un mundo hiperconectado y saturado de est\u00edmulos, la mayor\u00eda de las personas trabaja en <strong>modo supervivencia emocional<\/strong>. Lo urgente ha desplazado a lo importante. Lo cuantificable ha anulado lo significativo. Y la productividad sin alma est\u00e1 dejando un coste humano invisible pero brutal.<\/p>\n<p id=\"ember67\" class=\"ember-view reader-text-block__paragraph\">En este contexto, las empresas que <strong>no miren hacia dentro<\/strong>, hacia la dimensi\u00f3n m\u00e1s profunda de sus personas, est\u00e1n destinadas a perder conexi\u00f3n, creatividad y compromiso real.<\/p>\n<hr class=\"reader-divider-block__horizontal-rule\" \/>\n<h3 id=\"ember68\" class=\"ember-view reader-text-block__heading-3\"> Lo que dice la ciencia sobre conciencia, liderazgo y bienestar<\/h3>\n<p id=\"ember69\" class=\"ember-view reader-text-block__paragraph\">La conciencia no es un concepto filos\u00f3fico abstracto. Hoy la ciencia puede medir sus efectos:<\/p>\n<ul>\n<li><strong>Neurociencia y liderazgo<\/strong>: Investigadores como Richard Davidson, Antonio Damasio o Daniel Siegel demuestran c\u00f3mo la pr\u00e1ctica de la atenci\u00f3n plena, el autoconocimiento y la conexi\u00f3n con el prop\u00f3sito impactan directamente en la toma de decisiones, la empat\u00eda y la autorregulaci\u00f3n emocional.<\/li>\n<li><strong>F\u00edsica cu\u00e1ntica<\/strong>: En este campo, pioneros como Amit Goswami o Nassim Haramein sostienen que el observador influye sobre lo observado. En otras palabras: el estado interno de un l\u00edder afecta la realidad que crea a su alrededor. No se trata de m\u00edstica, sino de energ\u00eda y coherencia vibracional.<\/li>\n<li><strong>Instituto HeartMath<\/strong>: Sus estudios revelan que los estados de coherencia card\u00edaca (alineaci\u00f3n entre coraz\u00f3n, mente y emoci\u00f3n) permiten mayor claridad mental, resiliencia y conexi\u00f3n interpersonal. En contextos empresariales, esto se traduce en culturas m\u00e1s colaborativas, sostenibles y creativas.<\/li>\n<li><strong>Psicolog\u00eda transpersonal<\/strong>: Modelos como los de Ken Wilber o Stanislav Grof integran la dimensi\u00f3n espiritual como una necesidad evolutiva del ser humano. Ignorarla en las organizaciones es como construir sobre un suelo fragmentado.<\/li>\n<\/ul>\n<hr class=\"reader-divider-block__horizontal-rule\" \/>\n<h3 id=\"ember71\" class=\"ember-view reader-text-block__heading-3\"> Hacia una nueva estrategia: liderazgo espiritual y culturas conscientes<\/h3>\n<p id=\"ember72\" class=\"ember-view reader-text-block__paragraph\">\u00bfQu\u00e9 pasar\u00eda si el pr\u00f3ximo paso en la evoluci\u00f3n organizacional no fuera tecnol\u00f3gico, sino <strong>espiritual<\/strong>?<\/p>\n<p id=\"ember73\" class=\"ember-view reader-text-block__paragraph\">No hablamos de religi\u00f3n. Hablamos de <strong>volver al centro<\/strong>, de rescatar la dimensi\u00f3n humana profunda. De l\u00edderes que se atrevan a mirar su sombra. De culturas donde haya espacio para el silencio, la introspecci\u00f3n y el prop\u00f3sito. De organizaciones que midan no solo resultados, sino <strong>nivel de conciencia colectiva<\/strong>.<\/p>\n<p id=\"ember74\" class=\"ember-view reader-text-block__paragraph\">Las empresas que sobrevivan en los pr\u00f3ximos a\u00f1os no ser\u00e1n las m\u00e1s digitalizadas, sino las m\u00e1s <strong>alineadas internamente<\/strong>, las m\u00e1s <strong>coherentes emocional y \u00e9ticamente<\/strong>, las que logren combinar impacto econ\u00f3mico con impacto humano y planetario.<\/p>\n<p id=\"ember75\" class=\"ember-view reader-text-block__paragraph\">En <strong>Ethikos<\/strong> llevamos a\u00f1os explorando esta visi\u00f3n. Y creemos que <strong>el momento ha llegado<\/strong>. Por eso lanzamos algo que hasta ahora nadie hab\u00eda hecho:<\/p>\n<hr class=\"reader-divider-block__horizontal-rule\" \/>\n<h3 id=\"ember76\" class=\"ember-view reader-text-block__heading-3\"> Primer Estudio sobre Espiritualidad y Conciencia en las Organizaciones<\/h3>\n<p id=\"ember77\" class=\"ember-view reader-text-block__paragraph\">Estamos impulsando una investigaci\u00f3n pionera que busca:<\/p>\n<p id=\"ember78\" class=\"ember-view reader-text-block__paragraph\"> Comprender c\u00f3mo viven las personas su espiritualidad (o su desconexi\u00f3n) dentro de las organizaciones.<\/p>\n<p id=\"ember79\" class=\"ember-view reader-text-block__paragraph\"> Recoger testimonios reales sobre pr\u00e1cticas conscientes en entornos laborales: desde meditaci\u00f3n hasta decisiones alineadas con valores.<\/p>\n<p id=\"ember80\" class=\"ember-view reader-text-block__paragraph\"> Analizar c\u00f3mo la conciencia individual y colectiva influye en los equipos, la cultura, el liderazgo y el bienestar organizacional.<\/p>\n<p id=\"ember81\" class=\"ember-view reader-text-block__paragraph\"> Crear un informe abierto y transformador que sirva de base para una nueva forma de hacer empresa: <strong>m\u00e1s humana, m\u00e1s consciente, m\u00e1s viva.<\/strong><\/p>\n<hr class=\"reader-divider-block__horizontal-rule\" \/>\n<h3 id=\"ember82\" class=\"ember-view reader-text-block__heading-3\"> \u00bfQuieres ser parte de esta transformaci\u00f3n?<\/h3>\n<p id=\"ember83\" class=\"ember-view reader-text-block__paragraph\">Si sientes que <strong>la conciencia y la espiritualidad tambi\u00e9n tienen un lugar en tu experiencia profesional<\/strong>, este estudio es para ti.<\/p>\n<p id=\"ember84\" class=\"ember-view reader-text-block__paragraph\">\u2705 Puedes participar de dos formas:<\/p>\n<ol>\n<li><strong>Compartiendo tu experiencia personal<\/strong> a trav\u00e9s de una breve entrevista o testimonio.<\/li>\n<li><strong>Recomendando a personas o empresas<\/strong> que est\u00e9n aplicando pr\u00e1cticas conscientes y quieran visibilizar su impacto.<\/li>\n<\/ol>\n<p id=\"ember86\" class=\"ember-view reader-text-block__paragraph\"> Escr\u00edbenos a <a class=\"LmfeiLKoocWbXCNApouwKExPrfRknwNE\" tabindex=\"0\" href=\"mailto:info@ethikos.es\" target=\"_self\" data-test-app-aware-link=\"\"><strong>info@ethikos.es<\/strong><\/a> con el asunto \u00ab<strong>PARTICIPA ESTUDIO<\/strong>\u00ab. Tambi\u00e9n puedes <strong>comentar en LinkedIn con la palabra \u201cPARTICIPA\u201d<\/strong> y te contactaremos.<\/p>\n<p id=\"ember87\" class=\"ember-view reader-text-block__paragraph\">Es momento de despertar. No para competir m\u00e1s, sino para <strong>construir mejor<\/strong>. Desde el alma. Desde la conciencia. Desde lo que somos.<\/p>\n<p id=\"ember88\" class=\"ember-view reader-text-block__paragraph\">Gracias por caminar este camino con nosotras\/os. \u2014Equipo Ethikos <\/p>","protected":false},"excerpt":{"rendered":"<p>Durante las \u00faltimas d\u00e9cadas, las empresas han enfocado su energ\u00eda \u2014y millones de euros\u2014 en transformar procesos, implementar tecnolog\u00eda, automatizar tareas y medir resultados. En el mejor de los casos, han incorporado iniciativas de bienestar o liderazgo positivo. Pero en esta carrera por la innovaci\u00f3n y la eficiencia, hemos olvidado lo esencial: trabajar la conciencia [&hellip;]<\/p>\n","protected":false},"author":2,"featured_media":22151,"comment_status":"open","ping_status":"closed","sticky":false,"template":"","format":"standard","meta":{"_exactmetrics_skip_tracking":false,"_exactmetrics_sitenote_active":false,"_exactmetrics_sitenote_note":"","_exactmetrics_sitenote_category":0,"footnotes":""},"categories":[31],"tags":[],"class_list":["post-22150","post","type-post","status-publish","format-standard","has-post-thumbnail","hentry","category-sin-categorizar"],"yoast_head":"<!-- This site is optimized with the Yoast SEO plugin v27.5 - https:\/\/yoast.com\/product\/yoast-seo-wordpress\/ -->\n<title>T\u00edtulo P\u00e1gina | Consultora de talento y selecci\u00f3n de personal | Ethikos &#8212; Ethikos<\/title>\n<meta name=\"description\" content=\"Descubre c\u00f3mo la espiritualidad en el trabajo potencia el impacto de la justicia organizacional en la satisfacci\u00f3n laboral. Datos, ciencia y claves pr\u00e1cticas.\" \/>\n<meta name=\"robots\" content=\"index, follow, max-snippet:-1, max-image-preview:large, max-video-preview:-1\" \/>\n<link rel=\"canonical\" href=\"https:\/\/www.ethikos.es\/en\/y-si-la-conciencia-humana-fuera-el-factor-mas-estrategico-que-estamos-ignorando-en-las-organizaciones\/\" \/>\n<meta property=\"og:locale\" content=\"en_US\" \/>\n<meta property=\"og:type\" content=\"article\" \/>\n<meta property=\"og:title\" content=\"T\u00edtulo P\u00e1gina | Consultora de talento y selecci\u00f3n de personal | Ethikos &#8212; Ethikos\" \/>\n<meta property=\"og:description\" content=\"Descubre c\u00f3mo la espiritualidad en el trabajo potencia el impacto de la justicia organizacional en la satisfacci\u00f3n laboral. Datos, ciencia y claves pr\u00e1cticas.\" \/>\n<meta property=\"og:url\" content=\"https:\/\/www.ethikos.es\/en\/y-si-la-conciencia-humana-fuera-el-factor-mas-estrategico-que-estamos-ignorando-en-las-organizaciones\/\" \/>\n<meta property=\"og:site_name\" content=\"Ethikos\" \/>\n<meta property=\"article:publisher\" content=\"http:\/\/www.facebook.com\/ethikos.es\/\" \/>\n<meta property=\"article:published_time\" content=\"2025-07-21T16:17:28+00:00\" \/>\n<meta property=\"og:image\" content=\"https:\/\/www.ethikos.es\/wp-content\/uploads\/2025\/07\/IMG_5819-scaled.jpeg\" \/>\n\t<meta property=\"og:image:width\" content=\"1920\" \/>\n\t<meta property=\"og:image:height\" content=\"2560\" \/>\n\t<meta property=\"og:image:type\" content=\"image\/jpeg\" \/>\n<meta name=\"author\" content=\"Ethikos 3.0\" \/>\n<meta name=\"twitter:card\" content=\"summary_large_image\" \/>\n<meta name=\"twitter:creator\" content=\"@Ethikos30\" \/>\n<meta name=\"twitter:site\" content=\"@Ethikos30\" \/>\n<meta name=\"twitter:label1\" content=\"Written by\" \/>\n\t<meta name=\"twitter:data1\" content=\"Ethikos 3.0\" \/>\n\t<meta name=\"twitter:label2\" content=\"Est. reading time\" \/>\n\t<meta name=\"twitter:data2\" content=\"4 minutes\" \/>\n<script type=\"application\/ld+json\" class=\"yoast-schema-graph\">{\"@context\":\"https:\\\/\\\/schema.org\",\"@graph\":[{\"@type\":\"Article\",\"@id\":\"https:\\\/\\\/www.ethikos.es\\\/en\\\/y-si-la-conciencia-humana-fuera-el-factor-mas-estrategico-que-estamos-ignorando-en-las-organizaciones\\\/#article\",\"isPartOf\":{\"@id\":\"https:\\\/\\\/www.ethikos.es\\\/en\\\/y-si-la-conciencia-humana-fuera-el-factor-mas-estrategico-que-estamos-ignorando-en-las-organizaciones\\\/\"},\"author\":{\"name\":\"Ethikos 3.0\",\"@id\":\"https:\\\/\\\/www.ethikos.es\\\/en\\\/#\\\/schema\\\/person\\\/feb4e53dbfa59ff15f5d83b30837ad77\"},\"headline\":\"\u00bfY si la conciencia humana fuera el factor m\u00e1s estrat\u00e9gico que estamos ignorando en las organizaciones?\",\"datePublished\":\"2025-07-21T16:17:28+00:00\",\"mainEntityOfPage\":{\"@id\":\"https:\\\/\\\/www.ethikos.es\\\/en\\\/y-si-la-conciencia-humana-fuera-el-factor-mas-estrategico-que-estamos-ignorando-en-las-organizaciones\\\/\"},\"wordCount\":807,\"commentCount\":7,\"publisher\":{\"@id\":\"https:\\\/\\\/www.ethikos.es\\\/en\\\/#organization\"},\"image\":{\"@id\":\"https:\\\/\\\/www.ethikos.es\\\/en\\\/y-si-la-conciencia-humana-fuera-el-factor-mas-estrategico-que-estamos-ignorando-en-las-organizaciones\\\/#primaryimage\"},\"thumbnailUrl\":\"https:\\\/\\\/www.ethikos.es\\\/wp-content\\\/uploads\\\/2025\\\/07\\\/IMG_5819-scaled.jpeg\",\"articleSection\":[\"Sin categorizar\"],\"inLanguage\":\"en-US\",\"potentialAction\":[{\"@type\":\"CommentAction\",\"name\":\"Comment\",\"target\":[\"https:\\\/\\\/www.ethikos.es\\\/en\\\/y-si-la-conciencia-humana-fuera-el-factor-mas-estrategico-que-estamos-ignorando-en-las-organizaciones\\\/#respond\"]}]},{\"@type\":\"WebPage\",\"@id\":\"https:\\\/\\\/www.ethikos.es\\\/en\\\/y-si-la-conciencia-humana-fuera-el-factor-mas-estrategico-que-estamos-ignorando-en-las-organizaciones\\\/\",\"url\":\"https:\\\/\\\/www.ethikos.es\\\/en\\\/y-si-la-conciencia-humana-fuera-el-factor-mas-estrategico-que-estamos-ignorando-en-las-organizaciones\\\/\",\"name\":\"T\u00edtulo P\u00e1gina | Consultora de talento y selecci\u00f3n de personal | Ethikos &#8212; Ethikos\",\"isPartOf\":{\"@id\":\"https:\\\/\\\/www.ethikos.es\\\/en\\\/#website\"},\"primaryImageOfPage\":{\"@id\":\"https:\\\/\\\/www.ethikos.es\\\/en\\\/y-si-la-conciencia-humana-fuera-el-factor-mas-estrategico-que-estamos-ignorando-en-las-organizaciones\\\/#primaryimage\"},\"image\":{\"@id\":\"https:\\\/\\\/www.ethikos.es\\\/en\\\/y-si-la-conciencia-humana-fuera-el-factor-mas-estrategico-que-estamos-ignorando-en-las-organizaciones\\\/#primaryimage\"},\"thumbnailUrl\":\"https:\\\/\\\/www.ethikos.es\\\/wp-content\\\/uploads\\\/2025\\\/07\\\/IMG_5819-scaled.jpeg\",\"datePublished\":\"2025-07-21T16:17:28+00:00\",\"description\":\"Descubre c\u00f3mo la espiritualidad en el trabajo potencia el impacto de la justicia organizacional en la satisfacci\u00f3n laboral. Datos, ciencia y claves pr\u00e1cticas.\",\"breadcrumb\":{\"@id\":\"https:\\\/\\\/www.ethikos.es\\\/en\\\/y-si-la-conciencia-humana-fuera-el-factor-mas-estrategico-que-estamos-ignorando-en-las-organizaciones\\\/#breadcrumb\"},\"inLanguage\":\"en-US\",\"potentialAction\":[{\"@type\":\"ReadAction\",\"target\":[\"https:\\\/\\\/www.ethikos.es\\\/en\\\/y-si-la-conciencia-humana-fuera-el-factor-mas-estrategico-que-estamos-ignorando-en-las-organizaciones\\\/\"]}]},{\"@type\":\"ImageObject\",\"inLanguage\":\"en-US\",\"@id\":\"https:\\\/\\\/www.ethikos.es\\\/en\\\/y-si-la-conciencia-humana-fuera-el-factor-mas-estrategico-que-estamos-ignorando-en-las-organizaciones\\\/#primaryimage\",\"url\":\"https:\\\/\\\/www.ethikos.es\\\/wp-content\\\/uploads\\\/2025\\\/07\\\/IMG_5819-scaled.jpeg\",\"contentUrl\":\"https:\\\/\\\/www.ethikos.es\\\/wp-content\\\/uploads\\\/2025\\\/07\\\/IMG_5819-scaled.jpeg\",\"width\":1920,\"height\":2560},{\"@type\":\"BreadcrumbList\",\"@id\":\"https:\\\/\\\/www.ethikos.es\\\/en\\\/y-si-la-conciencia-humana-fuera-el-factor-mas-estrategico-que-estamos-ignorando-en-las-organizaciones\\\/#breadcrumb\",\"itemListElement\":[{\"@type\":\"ListItem\",\"position\":1,\"name\":\"Portada\",\"item\":\"https:\\\/\\\/www.ethikos.es\\\/\"},{\"@type\":\"ListItem\",\"position\":2,\"name\":\"\u00bfY si la conciencia humana fuera el factor m\u00e1s estrat\u00e9gico que estamos ignorando en las organizaciones?\"}]},{\"@type\":\"WebSite\",\"@id\":\"https:\\\/\\\/www.ethikos.es\\\/en\\\/#website\",\"url\":\"https:\\\/\\\/www.ethikos.es\\\/en\\\/\",\"name\":\"Ethikos 3.0\",\"description\":\"Ethikos es una consultora de transformaci\u00f3n organizacional especializada en cultura empresarial, liderazgo consciente y selecci\u00f3n por valores.\",\"publisher\":{\"@id\":\"https:\\\/\\\/www.ethikos.es\\\/en\\\/#organization\"},\"alternateName\":\"Ethikos Consultor\u00eda\",\"potentialAction\":[{\"@type\":\"SearchAction\",\"target\":{\"@type\":\"EntryPoint\",\"urlTemplate\":\"https:\\\/\\\/www.ethikos.es\\\/en\\\/?s={search_term_string}\"},\"query-input\":{\"@type\":\"PropertyValueSpecification\",\"valueRequired\":true,\"valueName\":\"search_term_string\"}}],\"inLanguage\":\"en-US\"},{\"@type\":\"Organization\",\"@id\":\"https:\\\/\\\/www.ethikos.es\\\/en\\\/#organization\",\"name\":\"Ethikos 3.0\",\"url\":\"https:\\\/\\\/www.ethikos.es\\\/en\\\/\",\"logo\":{\"@type\":\"ImageObject\",\"inLanguage\":\"en-US\",\"@id\":\"https:\\\/\\\/www.ethikos.es\\\/en\\\/#\\\/schema\\\/logo\\\/image\\\/\",\"url\":\"https:\\\/\\\/www.ethikos.es\\\/wp-content\\\/uploads\\\/2019\\\/01\\\/43606559961_5f343a820a_o.png\",\"contentUrl\":\"https:\\\/\\\/www.ethikos.es\\\/wp-content\\\/uploads\\\/2019\\\/01\\\/43606559961_5f343a820a_o.png\",\"width\":646,\"height\":218,\"caption\":\"Ethikos 3.0\"},\"image\":{\"@id\":\"https:\\\/\\\/www.ethikos.es\\\/en\\\/#\\\/schema\\\/logo\\\/image\\\/\"},\"sameAs\":[\"http:\\\/\\\/www.facebook.com\\\/ethikos.es\\\/\",\"https:\\\/\\\/x.com\\\/Ethikos30\",\"https:\\\/\\\/www.instagram.com\\\/ethikos_3.0\\\/\",\"https:\\\/\\\/www.linkedin.com\\\/company\\\/ethikos-3-0\\\/\"]},{\"@type\":\"Person\",\"@id\":\"https:\\\/\\\/www.ethikos.es\\\/en\\\/#\\\/schema\\\/person\\\/feb4e53dbfa59ff15f5d83b30837ad77\",\"name\":\"Ethikos 3.0\",\"image\":{\"@type\":\"ImageObject\",\"inLanguage\":\"en-US\",\"@id\":\"https:\\\/\\\/secure.gravatar.com\\\/avatar\\\/58ab6299b7f56b8da0ecbedc6cdb31df9efa6f9f9535a4946956139339a38386?s=96&d=mm&r=g\",\"url\":\"https:\\\/\\\/secure.gravatar.com\\\/avatar\\\/58ab6299b7f56b8da0ecbedc6cdb31df9efa6f9f9535a4946956139339a38386?s=96&d=mm&r=g\",\"contentUrl\":\"https:\\\/\\\/secure.gravatar.com\\\/avatar\\\/58ab6299b7f56b8da0ecbedc6cdb31df9efa6f9f9535a4946956139339a38386?s=96&d=mm&r=g\",\"caption\":\"Ethikos 3.0\"}}]}<\/script>\n<!-- \/ Yoast SEO plugin. -->","yoast_head_json":{"title":"T\u00edtulo P\u00e1gina | Consultora de talento y selecci\u00f3n de personal | Ethikos &#8212; Ethikos","description":"Descubre c\u00f3mo la espiritualidad en el trabajo potencia el impacto de la justicia organizacional en la satisfacci\u00f3n laboral. Datos, ciencia y claves pr\u00e1cticas.","robots":{"index":"index","follow":"follow","max-snippet":"max-snippet:-1","max-image-preview":"max-image-preview:large","max-video-preview":"max-video-preview:-1"},"canonical":"https:\/\/www.ethikos.es\/en\/y-si-la-conciencia-humana-fuera-el-factor-mas-estrategico-que-estamos-ignorando-en-las-organizaciones\/","og_locale":"en_US","og_type":"article","og_title":"T\u00edtulo P\u00e1gina | Consultora de talento y selecci\u00f3n de personal | Ethikos &#8212; Ethikos","og_description":"Descubre c\u00f3mo la espiritualidad en el trabajo potencia el impacto de la justicia organizacional en la satisfacci\u00f3n laboral. Datos, ciencia y claves pr\u00e1cticas.","og_url":"https:\/\/www.ethikos.es\/en\/y-si-la-conciencia-humana-fuera-el-factor-mas-estrategico-que-estamos-ignorando-en-las-organizaciones\/","og_site_name":"Ethikos","article_publisher":"http:\/\/www.facebook.com\/ethikos.es\/","article_published_time":"2025-07-21T16:17:28+00:00","og_image":[{"width":1920,"height":2560,"url":"https:\/\/www.ethikos.es\/wp-content\/uploads\/2025\/07\/IMG_5819-scaled.jpeg","type":"image\/jpeg"}],"author":"Ethikos 3.0","twitter_card":"summary_large_image","twitter_creator":"@Ethikos30","twitter_site":"@Ethikos30","twitter_misc":{"Written by":"Ethikos 3.0","Est. reading time":"4 minutes"},"schema":{"@context":"https:\/\/schema.org","@graph":[{"@type":"Article","@id":"https:\/\/www.ethikos.es\/en\/y-si-la-conciencia-humana-fuera-el-factor-mas-estrategico-que-estamos-ignorando-en-las-organizaciones\/#article","isPartOf":{"@id":"https:\/\/www.ethikos.es\/en\/y-si-la-conciencia-humana-fuera-el-factor-mas-estrategico-que-estamos-ignorando-en-las-organizaciones\/"},"author":{"name":"Ethikos 3.0","@id":"https:\/\/www.ethikos.es\/en\/#\/schema\/person\/feb4e53dbfa59ff15f5d83b30837ad77"},"headline":"\u00bfY si la conciencia humana fuera el factor m\u00e1s estrat\u00e9gico que estamos ignorando en las organizaciones?","datePublished":"2025-07-21T16:17:28+00:00","mainEntityOfPage":{"@id":"https:\/\/www.ethikos.es\/en\/y-si-la-conciencia-humana-fuera-el-factor-mas-estrategico-que-estamos-ignorando-en-las-organizaciones\/"},"wordCount":807,"commentCount":7,"publisher":{"@id":"https:\/\/www.ethikos.es\/en\/#organization"},"image":{"@id":"https:\/\/www.ethikos.es\/en\/y-si-la-conciencia-humana-fuera-el-factor-mas-estrategico-que-estamos-ignorando-en-las-organizaciones\/#primaryimage"},"thumbnailUrl":"https:\/\/www.ethikos.es\/wp-content\/uploads\/2025\/07\/IMG_5819-scaled.jpeg","articleSection":["Sin categorizar"],"inLanguage":"en-US","potentialAction":[{"@type":"CommentAction","name":"Comment","target":["https:\/\/www.ethikos.es\/en\/y-si-la-conciencia-humana-fuera-el-factor-mas-estrategico-que-estamos-ignorando-en-las-organizaciones\/#respond"]}]},{"@type":"WebPage","@id":"https:\/\/www.ethikos.es\/en\/y-si-la-conciencia-humana-fuera-el-factor-mas-estrategico-que-estamos-ignorando-en-las-organizaciones\/","url":"https:\/\/www.ethikos.es\/en\/y-si-la-conciencia-humana-fuera-el-factor-mas-estrategico-que-estamos-ignorando-en-las-organizaciones\/","name":"T\u00edtulo P\u00e1gina | Consultora de talento y selecci\u00f3n de personal | Ethikos &#8212; Ethikos","isPartOf":{"@id":"https:\/\/www.ethikos.es\/en\/#website"},"primaryImageOfPage":{"@id":"https:\/\/www.ethikos.es\/en\/y-si-la-conciencia-humana-fuera-el-factor-mas-estrategico-que-estamos-ignorando-en-las-organizaciones\/#primaryimage"},"image":{"@id":"https:\/\/www.ethikos.es\/en\/y-si-la-conciencia-humana-fuera-el-factor-mas-estrategico-que-estamos-ignorando-en-las-organizaciones\/#primaryimage"},"thumbnailUrl":"https:\/\/www.ethikos.es\/wp-content\/uploads\/2025\/07\/IMG_5819-scaled.jpeg","datePublished":"2025-07-21T16:17:28+00:00","description":"Descubre c\u00f3mo la espiritualidad en el trabajo potencia el impacto de la justicia organizacional en la satisfacci\u00f3n laboral. Datos, ciencia y claves pr\u00e1cticas.","breadcrumb":{"@id":"https:\/\/www.ethikos.es\/en\/y-si-la-conciencia-humana-fuera-el-factor-mas-estrategico-que-estamos-ignorando-en-las-organizaciones\/#breadcrumb"},"inLanguage":"en-US","potentialAction":[{"@type":"ReadAction","target":["https:\/\/www.ethikos.es\/en\/y-si-la-conciencia-humana-fuera-el-factor-mas-estrategico-que-estamos-ignorando-en-las-organizaciones\/"]}]},{"@type":"ImageObject","inLanguage":"en-US","@id":"https:\/\/www.ethikos.es\/en\/y-si-la-conciencia-humana-fuera-el-factor-mas-estrategico-que-estamos-ignorando-en-las-organizaciones\/#primaryimage","url":"https:\/\/www.ethikos.es\/wp-content\/uploads\/2025\/07\/IMG_5819-scaled.jpeg","contentUrl":"https:\/\/www.ethikos.es\/wp-content\/uploads\/2025\/07\/IMG_5819-scaled.jpeg","width":1920,"height":2560},{"@type":"BreadcrumbList","@id":"https:\/\/www.ethikos.es\/en\/y-si-la-conciencia-humana-fuera-el-factor-mas-estrategico-que-estamos-ignorando-en-las-organizaciones\/#breadcrumb","itemListElement":[{"@type":"ListItem","position":1,"name":"Portada","item":"https:\/\/www.ethikos.es\/"},{"@type":"ListItem","position":2,"name":"\u00bfY si la conciencia humana fuera el factor m\u00e1s estrat\u00e9gico que estamos ignorando en las organizaciones?"}]},{"@type":"WebSite","@id":"https:\/\/www.ethikos.es\/en\/#website","url":"https:\/\/www.ethikos.es\/en\/","name":"Ethikos 3.0","description":"Ethikos es una consultora de transformaci\u00f3n organizacional especializada en cultura empresarial, liderazgo consciente y selecci\u00f3n por valores.","publisher":{"@id":"https:\/\/www.ethikos.es\/en\/#organization"},"alternateName":"Ethikos Consultor\u00eda","potentialAction":[{"@type":"SearchAction","target":{"@type":"EntryPoint","urlTemplate":"https:\/\/www.ethikos.es\/en\/?s={search_term_string}"},"query-input":{"@type":"PropertyValueSpecification","valueRequired":true,"valueName":"search_term_string"}}],"inLanguage":"en-US"},{"@type":"Organization","@id":"https:\/\/www.ethikos.es\/en\/#organization","name":"Ethikos 3.0","url":"https:\/\/www.ethikos.es\/en\/","logo":{"@type":"ImageObject","inLanguage":"en-US","@id":"https:\/\/www.ethikos.es\/en\/#\/schema\/logo\/image\/","url":"https:\/\/www.ethikos.es\/wp-content\/uploads\/2019\/01\/43606559961_5f343a820a_o.png","contentUrl":"https:\/\/www.ethikos.es\/wp-content\/uploads\/2019\/01\/43606559961_5f343a820a_o.png","width":646,"height":218,"caption":"Ethikos 3.0"},"image":{"@id":"https:\/\/www.ethikos.es\/en\/#\/schema\/logo\/image\/"},"sameAs":["http:\/\/www.facebook.com\/ethikos.es\/","https:\/\/x.com\/Ethikos30","https:\/\/www.instagram.com\/ethikos_3.0\/","https:\/\/www.linkedin.com\/company\/ethikos-3-0\/"]},{"@type":"Person","@id":"https:\/\/www.ethikos.es\/en\/#\/schema\/person\/feb4e53dbfa59ff15f5d83b30837ad77","name":"Ethikos 3.0","image":{"@type":"ImageObject","inLanguage":"en-US","@id":"https:\/\/secure.gravatar.com\/avatar\/58ab6299b7f56b8da0ecbedc6cdb31df9efa6f9f9535a4946956139339a38386?s=96&d=mm&r=g","url":"https:\/\/secure.gravatar.com\/avatar\/58ab6299b7f56b8da0ecbedc6cdb31df9efa6f9f9535a4946956139339a38386?s=96&d=mm&r=g","contentUrl":"https:\/\/secure.gravatar.com\/avatar\/58ab6299b7f56b8da0ecbedc6cdb31df9efa6f9f9535a4946956139339a38386?s=96&d=mm&r=g","caption":"Ethikos 3.0"}}]}},"_links":{"self":[{"href":"https:\/\/www.ethikos.es\/en\/wp-json\/wp\/v2\/posts\/22150","targetHints":{"allow":["GET"]}}],"collection":[{"href":"https:\/\/www.ethikos.es\/en\/wp-json\/wp\/v2\/posts"}],"about":[{"href":"https:\/\/www.ethikos.es\/en\/wp-json\/wp\/v2\/types\/post"}],"author":[{"embeddable":true,"href":"https:\/\/www.ethikos.es\/en\/wp-json\/wp\/v2\/users\/2"}],"replies":[{"embeddable":true,"href":"https:\/\/www.ethikos.es\/en\/wp-json\/wp\/v2\/comments?post=22150"}],"version-history":[{"count":0,"href":"https:\/\/www.ethikos.es\/en\/wp-json\/wp\/v2\/posts\/22150\/revisions"}],"wp:featuredmedia":[{"embeddable":true,"href":"https:\/\/www.ethikos.es\/en\/wp-json\/wp\/v2\/media\/22151"}],"wp:attachment":[{"href":"https:\/\/www.ethikos.es\/en\/wp-json\/wp\/v2\/media?parent=22150"}],"wp:term":[{"taxonomy":"category","embeddable":true,"href":"https:\/\/www.ethikos.es\/en\/wp-json\/wp\/v2\/categories?post=22150"},{"taxonomy":"post_tag","embeddable":true,"href":"https:\/\/www.ethikos.es\/en\/wp-json\/wp\/v2\/tags?post=22150"}],"curies":[{"name":"wp","href":"https:\/\/api.w.org\/{rel}","templated":true}]}}