{"id":2218,"date":"2017-01-13T12:33:13","date_gmt":"2017-01-13T11:33:13","guid":{"rendered":"https:\/\/www.ethikos.es\/?p=2218"},"modified":"2018-10-29T09:53:18","modified_gmt":"2018-10-29T08:53:18","slug":"curriculum-vitae-anonimo-un-paso-mas-hacia-la-igualdad-laboral","status":"publish","type":"post","link":"https:\/\/www.ethikos.es\/en\/curriculum-vitae-anonimo-un-paso-mas-hacia-la-igualdad-laboral\/","title":{"rendered":"Curr\u00edculum Vitae an\u00f3nimo, un paso m\u00e1s hacia la igualdad laboral"},"content":{"rendered":"<p>Mucho se lleva hablando del <strong>Curr\u00edculum Vitae an\u00f3nimo<\/strong>. En 2006, Francia aprob\u00f3 esta medida como forma de acabar con la discriminaci\u00f3n hacia los inmigrantes. Un Curr\u00edculum sin nombre, sin foto, sin edad, sin g\u00e9nero, ni direcci\u00f3n perec\u00eda la \u00fanica soluci\u00f3n, pero su aplicaci\u00f3n qued\u00f3 aparcada y no se lleg\u00f3 a utilizar.<\/p>\n<p>Diez a\u00f1os m\u00e1s tarde, en 2016, la iniciativa ha vuelto a la carga, ahora en nuestras fronteras, donde la ministra de Sanidad, Servicios Sociales e Igualdad, <strong>Dolors Montserrat<\/strong>, anunci\u00f3 esta medida como forma de luchar, no contra la discriminaci\u00f3n entre nacionalidades, sino <strong>por la igualdad entre g\u00e9neros y edades<\/strong>.<\/p>\n<p><strong>Esta medida se est\u00e1 imponiendo en toda Europa<\/strong>, muchos pa\u00edses de la uni\u00f3n est\u00e1n estudiando la aplicaci\u00f3n de este Curr\u00edculum Vitae an\u00f3nimo y, aunque en el viejo continente parece muy innovadora, en estados unidos hace a\u00f1os que se utiliza.<\/p>\n<p>Aunque no existen datos reales sobre si es o no un buen m\u00e9todo algunos estudios resaltan que <strong>existen m\u00e1s prejuicios a la hora de seleccionar los CV que en las entrevistas<\/strong>.<\/p>\n<h3 style=\"text-align: center;\">\u00bfEs realmente an\u00f3nimo el Curr\u00edculum Vitae an\u00f3nimo?<\/h3>\n<p>Los CV, aunque sean an\u00f3nimos, <strong>ofrecen mucha informaci\u00f3n sobre nosotros<\/strong>. Los a\u00f1os en los que hemos estudiado o una experiencia laboral, m\u00e1s o menos amplia, pueden indicar nuestra edad, a su vez, los sitios d\u00f3nde hemos trabajado, estudiado o los idiomas que hablamos pueden indicar de donde venimos y nuestra nacionalidad. De la misma forma, este Curr\u00edculum Vitae an\u00f3nimo, <strong>puede perjudicar a colectivos en riesgo de exclusi\u00f3n social<\/strong> al esconder informaci\u00f3n que les proporciona ventaja competitiva sobre el resto.<\/p>\n<p>En definitiva, vemos como este m\u00e9todo de CV es una buena forma para la lucha por la igualdad pero tienen que ser revisados los puntos d\u00e9biles que aporta y, sobretodo, se tiene que investigar m\u00e1s sobre \u00e9l antes de aplicarlo.<\/p>\n<p>Desde <a href=\"https:\/\/www.ethikos.es\/empresas\/ethikos\/\">Ethikos 3.0<\/a> queremos recordarte que <a href=\"https:\/\/www.ethikos.es\/contact\/\">contactes con nosotros<\/a> para resolver cualquier duda que tengas y te animamos a que revises nuestro art\u00edculo sobre <a href=\"https:\/\/www.ethikos.es\/como-redactar-tu-cv\/\">c\u00f3mo redactar tu CV<\/a><\/p>","protected":false},"excerpt":{"rendered":"<p>Mucho se lleva hablando del Curr\u00edculum Vitae an\u00f3nimo. En 2006, Francia aprob\u00f3 esta medida como forma de acabar con la discriminaci\u00f3n hacia los inmigrantes. Un Curr\u00edculum sin nombre, sin foto, sin edad, sin g\u00e9nero, ni direcci\u00f3n perec\u00eda la \u00fanica soluci\u00f3n, pero su aplicaci\u00f3n qued\u00f3 aparcada y no se lleg\u00f3 a utilizar. Diez a\u00f1os m\u00e1s tarde, [&hellip;]<\/p>\n","protected":false},"author":2,"featured_media":2219,"comment_status":"closed","ping_status":"closed","sticky":false,"template":"","format":"standard","meta":{"_exactmetrics_skip_tracking":false,"_exactmetrics_sitenote_active":false,"_exactmetrics_sitenote_note":"","_exactmetrics_sitenote_category":0,"footnotes":""},"categories":[151,31],"tags":[72,73,71],"class_list":["post-2218","post","type-post","status-publish","format-standard","has-post-thumbnail","hentry","category-blog","category-sin-categorizar","tag-curriculum-vitae-anonimo","tag-espana","tag-igualdad-laboral"],"yoast_head":"<!-- This site is optimized with the Yoast SEO plugin v27.5 - https:\/\/yoast.com\/product\/yoast-seo-wordpress\/ -->\n<title>Curr\u00edculum Vitae an\u00f3nimo, un paso m\u00e1s hacia la igualdad laboral<\/title>\n<meta name=\"description\" content=\"Curr\u00edculum Vitae an\u00f3nimo, sin nombre, ni foto, ni datos personales es la forma con la que Espa\u00f1a quiere acabar con la discriminaci\u00f3n laboral.\" \/>\n<meta name=\"robots\" content=\"index, follow, max-snippet:-1, max-image-preview:large, max-video-preview:-1\" \/>\n<link rel=\"canonical\" href=\"https:\/\/www.ethikos.es\/en\/curriculum-vitae-anonimo-un-paso-mas-hacia-la-igualdad-laboral\/\" \/>\n<meta property=\"og:locale\" content=\"en_US\" \/>\n<meta property=\"og:type\" content=\"article\" \/>\n<meta property=\"og:title\" content=\"Curr\u00edculum Vitae an\u00f3nimo, un paso m\u00e1s hacia la igualdad laboral\" \/>\n<meta property=\"og:description\" content=\"Curr\u00edculum Vitae an\u00f3nimo, sin nombre, ni foto, ni datos personales es la forma con la que Espa\u00f1a quiere acabar con la discriminaci\u00f3n laboral.\" \/>\n<meta property=\"og:url\" content=\"https:\/\/www.ethikos.es\/en\/curriculum-vitae-anonimo-un-paso-mas-hacia-la-igualdad-laboral\/\" \/>\n<meta property=\"og:site_name\" content=\"Ethikos\" \/>\n<meta property=\"article:publisher\" content=\"http:\/\/www.facebook.com\/ethikos.es\/\" \/>\n<meta property=\"article:published_time\" content=\"2017-01-13T11:33:13+00:00\" \/>\n<meta property=\"article:modified_time\" content=\"2018-10-29T08:53:18+00:00\" \/>\n<meta property=\"og:image\" content=\"https:\/\/www.ethikos.es\/wp-content\/uploads\/2017\/01\/curriculum-vitae.jpg\" \/>\n\t<meta property=\"og:image:width\" content=\"1200\" \/>\n\t<meta property=\"og:image:height\" content=\"800\" \/>\n\t<meta property=\"og:image:type\" content=\"image\/jpeg\" \/>\n<meta name=\"author\" content=\"Ethikos 3.0\" \/>\n<meta name=\"twitter:card\" content=\"summary_large_image\" \/>\n<meta name=\"twitter:creator\" content=\"@Ethikos30\" \/>\n<meta name=\"twitter:site\" content=\"@Ethikos30\" \/>\n<meta name=\"twitter:label1\" content=\"Written by\" \/>\n\t<meta name=\"twitter:data1\" content=\"Ethikos 3.0\" \/>\n\t<meta name=\"twitter:label2\" content=\"Est. reading time\" \/>\n\t<meta name=\"twitter:data2\" content=\"2 minutes\" \/>\n<script type=\"application\/ld+json\" class=\"yoast-schema-graph\">{\"@context\":\"https:\\\/\\\/schema.org\",\"@graph\":[{\"@type\":\"Article\",\"@id\":\"https:\\\/\\\/www.ethikos.es\\\/en\\\/curriculum-vitae-anonimo-un-paso-mas-hacia-la-igualdad-laboral\\\/#article\",\"isPartOf\":{\"@id\":\"https:\\\/\\\/www.ethikos.es\\\/en\\\/curriculum-vitae-anonimo-un-paso-mas-hacia-la-igualdad-laboral\\\/\"},\"author\":{\"name\":\"Ethikos 3.0\",\"@id\":\"https:\\\/\\\/www.ethikos.es\\\/en\\\/#\\\/schema\\\/person\\\/feb4e53dbfa59ff15f5d83b30837ad77\"},\"headline\":\"Curr\u00edculum Vitae an\u00f3nimo, un paso m\u00e1s hacia la igualdad laboral\",\"datePublished\":\"2017-01-13T11:33:13+00:00\",\"dateModified\":\"2018-10-29T08:53:18+00:00\",\"mainEntityOfPage\":{\"@id\":\"https:\\\/\\\/www.ethikos.es\\\/en\\\/curriculum-vitae-anonimo-un-paso-mas-hacia-la-igualdad-laboral\\\/\"},\"wordCount\":373,\"publisher\":{\"@id\":\"https:\\\/\\\/www.ethikos.es\\\/en\\\/#organization\"},\"image\":{\"@id\":\"https:\\\/\\\/www.ethikos.es\\\/en\\\/curriculum-vitae-anonimo-un-paso-mas-hacia-la-igualdad-laboral\\\/#primaryimage\"},\"thumbnailUrl\":\"https:\\\/\\\/www.ethikos.es\\\/wp-content\\\/uploads\\\/2017\\\/01\\\/curriculum-vitae.jpg\",\"keywords\":[\"Curr\u00edculum Vitae an\u00f3nimo\",\"Espa\u00f1a\",\"Igualdad laboral\"],\"articleSection\":[\"Blog\",\"Sin categorizar\"],\"inLanguage\":\"en-US\"},{\"@type\":\"WebPage\",\"@id\":\"https:\\\/\\\/www.ethikos.es\\\/en\\\/curriculum-vitae-anonimo-un-paso-mas-hacia-la-igualdad-laboral\\\/\",\"url\":\"https:\\\/\\\/www.ethikos.es\\\/en\\\/curriculum-vitae-anonimo-un-paso-mas-hacia-la-igualdad-laboral\\\/\",\"name\":\"Curr\u00edculum Vitae an\u00f3nimo, un paso m\u00e1s hacia la igualdad laboral\",\"isPartOf\":{\"@id\":\"https:\\\/\\\/www.ethikos.es\\\/en\\\/#website\"},\"primaryImageOfPage\":{\"@id\":\"https:\\\/\\\/www.ethikos.es\\\/en\\\/curriculum-vitae-anonimo-un-paso-mas-hacia-la-igualdad-laboral\\\/#primaryimage\"},\"image\":{\"@id\":\"https:\\\/\\\/www.ethikos.es\\\/en\\\/curriculum-vitae-anonimo-un-paso-mas-hacia-la-igualdad-laboral\\\/#primaryimage\"},\"thumbnailUrl\":\"https:\\\/\\\/www.ethikos.es\\\/wp-content\\\/uploads\\\/2017\\\/01\\\/curriculum-vitae.jpg\",\"datePublished\":\"2017-01-13T11:33:13+00:00\",\"dateModified\":\"2018-10-29T08:53:18+00:00\",\"description\":\"Curr\u00edculum Vitae an\u00f3nimo, sin nombre, ni foto, ni datos personales es la forma con la que Espa\u00f1a quiere acabar con la discriminaci\u00f3n laboral.\",\"breadcrumb\":{\"@id\":\"https:\\\/\\\/www.ethikos.es\\\/en\\\/curriculum-vitae-anonimo-un-paso-mas-hacia-la-igualdad-laboral\\\/#breadcrumb\"},\"inLanguage\":\"en-US\",\"potentialAction\":[{\"@type\":\"ReadAction\",\"target\":[\"https:\\\/\\\/www.ethikos.es\\\/en\\\/curriculum-vitae-anonimo-un-paso-mas-hacia-la-igualdad-laboral\\\/\"]}]},{\"@type\":\"ImageObject\",\"inLanguage\":\"en-US\",\"@id\":\"https:\\\/\\\/www.ethikos.es\\\/en\\\/curriculum-vitae-anonimo-un-paso-mas-hacia-la-igualdad-laboral\\\/#primaryimage\",\"url\":\"https:\\\/\\\/www.ethikos.es\\\/wp-content\\\/uploads\\\/2017\\\/01\\\/curriculum-vitae.jpg\",\"contentUrl\":\"https:\\\/\\\/www.ethikos.es\\\/wp-content\\\/uploads\\\/2017\\\/01\\\/curriculum-vitae.jpg\",\"width\":1200,\"height\":800,\"caption\":\"Curr\u00edculum Vitae an\u00f3nimo\"},{\"@type\":\"BreadcrumbList\",\"@id\":\"https:\\\/\\\/www.ethikos.es\\\/en\\\/curriculum-vitae-anonimo-un-paso-mas-hacia-la-igualdad-laboral\\\/#breadcrumb\",\"itemListElement\":[{\"@type\":\"ListItem\",\"position\":1,\"name\":\"Portada\",\"item\":\"https:\\\/\\\/www.ethikos.es\\\/\"},{\"@type\":\"ListItem\",\"position\":2,\"name\":\"Curr\u00edculum Vitae an\u00f3nimo, un paso m\u00e1s hacia la igualdad laboral\"}]},{\"@type\":\"WebSite\",\"@id\":\"https:\\\/\\\/www.ethikos.es\\\/en\\\/#website\",\"url\":\"https:\\\/\\\/www.ethikos.es\\\/en\\\/\",\"name\":\"Ethikos 3.0\",\"description\":\"Ethikos es una consultora de transformaci\u00f3n organizacional especializada en cultura empresarial, liderazgo consciente y selecci\u00f3n por valores.\",\"publisher\":{\"@id\":\"https:\\\/\\\/www.ethikos.es\\\/en\\\/#organization\"},\"alternateName\":\"Ethikos Consultor\u00eda\",\"potentialAction\":[{\"@type\":\"SearchAction\",\"target\":{\"@type\":\"EntryPoint\",\"urlTemplate\":\"https:\\\/\\\/www.ethikos.es\\\/en\\\/?s={search_term_string}\"},\"query-input\":{\"@type\":\"PropertyValueSpecification\",\"valueRequired\":true,\"valueName\":\"search_term_string\"}}],\"inLanguage\":\"en-US\"},{\"@type\":\"Organization\",\"@id\":\"https:\\\/\\\/www.ethikos.es\\\/en\\\/#organization\",\"name\":\"Ethikos 3.0\",\"url\":\"https:\\\/\\\/www.ethikos.es\\\/en\\\/\",\"logo\":{\"@type\":\"ImageObject\",\"inLanguage\":\"en-US\",\"@id\":\"https:\\\/\\\/www.ethikos.es\\\/en\\\/#\\\/schema\\\/logo\\\/image\\\/\",\"url\":\"https:\\\/\\\/www.ethikos.es\\\/wp-content\\\/uploads\\\/2019\\\/01\\\/43606559961_5f343a820a_o.png\",\"contentUrl\":\"https:\\\/\\\/www.ethikos.es\\\/wp-content\\\/uploads\\\/2019\\\/01\\\/43606559961_5f343a820a_o.png\",\"width\":646,\"height\":218,\"caption\":\"Ethikos 3.0\"},\"image\":{\"@id\":\"https:\\\/\\\/www.ethikos.es\\\/en\\\/#\\\/schema\\\/logo\\\/image\\\/\"},\"sameAs\":[\"http:\\\/\\\/www.facebook.com\\\/ethikos.es\\\/\",\"https:\\\/\\\/x.com\\\/Ethikos30\",\"https:\\\/\\\/www.instagram.com\\\/ethikos_3.0\\\/\",\"https:\\\/\\\/www.linkedin.com\\\/company\\\/ethikos-3-0\\\/\"]},{\"@type\":\"Person\",\"@id\":\"https:\\\/\\\/www.ethikos.es\\\/en\\\/#\\\/schema\\\/person\\\/feb4e53dbfa59ff15f5d83b30837ad77\",\"name\":\"Ethikos 3.0\",\"image\":{\"@type\":\"ImageObject\",\"inLanguage\":\"en-US\",\"@id\":\"https:\\\/\\\/secure.gravatar.com\\\/avatar\\\/58ab6299b7f56b8da0ecbedc6cdb31df9efa6f9f9535a4946956139339a38386?s=96&d=mm&r=g\",\"url\":\"https:\\\/\\\/secure.gravatar.com\\\/avatar\\\/58ab6299b7f56b8da0ecbedc6cdb31df9efa6f9f9535a4946956139339a38386?s=96&d=mm&r=g\",\"contentUrl\":\"https:\\\/\\\/secure.gravatar.com\\\/avatar\\\/58ab6299b7f56b8da0ecbedc6cdb31df9efa6f9f9535a4946956139339a38386?s=96&d=mm&r=g\",\"caption\":\"Ethikos 3.0\"}}]}<\/script>\n<!-- \/ Yoast SEO plugin. -->","yoast_head_json":{"title":"Curr\u00edculum Vitae an\u00f3nimo, un paso m\u00e1s hacia la igualdad laboral","description":"Curr\u00edculum Vitae an\u00f3nimo, sin nombre, ni foto, ni datos personales es la forma con la que Espa\u00f1a quiere acabar con la discriminaci\u00f3n laboral.","robots":{"index":"index","follow":"follow","max-snippet":"max-snippet:-1","max-image-preview":"max-image-preview:large","max-video-preview":"max-video-preview:-1"},"canonical":"https:\/\/www.ethikos.es\/en\/curriculum-vitae-anonimo-un-paso-mas-hacia-la-igualdad-laboral\/","og_locale":"en_US","og_type":"article","og_title":"Curr\u00edculum Vitae an\u00f3nimo, un paso m\u00e1s hacia la igualdad laboral","og_description":"Curr\u00edculum Vitae an\u00f3nimo, sin nombre, ni foto, ni datos personales es la forma con la que Espa\u00f1a quiere acabar con la discriminaci\u00f3n laboral.","og_url":"https:\/\/www.ethikos.es\/en\/curriculum-vitae-anonimo-un-paso-mas-hacia-la-igualdad-laboral\/","og_site_name":"Ethikos","article_publisher":"http:\/\/www.facebook.com\/ethikos.es\/","article_published_time":"2017-01-13T11:33:13+00:00","article_modified_time":"2018-10-29T08:53:18+00:00","og_image":[{"width":1200,"height":800,"url":"https:\/\/www.ethikos.es\/wp-content\/uploads\/2017\/01\/curriculum-vitae.jpg","type":"image\/jpeg"}],"author":"Ethikos 3.0","twitter_card":"summary_large_image","twitter_creator":"@Ethikos30","twitter_site":"@Ethikos30","twitter_misc":{"Written by":"Ethikos 3.0","Est. reading time":"2 minutes"},"schema":{"@context":"https:\/\/schema.org","@graph":[{"@type":"Article","@id":"https:\/\/www.ethikos.es\/en\/curriculum-vitae-anonimo-un-paso-mas-hacia-la-igualdad-laboral\/#article","isPartOf":{"@id":"https:\/\/www.ethikos.es\/en\/curriculum-vitae-anonimo-un-paso-mas-hacia-la-igualdad-laboral\/"},"author":{"name":"Ethikos 3.0","@id":"https:\/\/www.ethikos.es\/en\/#\/schema\/person\/feb4e53dbfa59ff15f5d83b30837ad77"},"headline":"Curr\u00edculum Vitae an\u00f3nimo, un paso m\u00e1s hacia la igualdad laboral","datePublished":"2017-01-13T11:33:13+00:00","dateModified":"2018-10-29T08:53:18+00:00","mainEntityOfPage":{"@id":"https:\/\/www.ethikos.es\/en\/curriculum-vitae-anonimo-un-paso-mas-hacia-la-igualdad-laboral\/"},"wordCount":373,"publisher":{"@id":"https:\/\/www.ethikos.es\/en\/#organization"},"image":{"@id":"https:\/\/www.ethikos.es\/en\/curriculum-vitae-anonimo-un-paso-mas-hacia-la-igualdad-laboral\/#primaryimage"},"thumbnailUrl":"https:\/\/www.ethikos.es\/wp-content\/uploads\/2017\/01\/curriculum-vitae.jpg","keywords":["Curr\u00edculum Vitae an\u00f3nimo","Espa\u00f1a","Igualdad laboral"],"articleSection":["Blog","Sin categorizar"],"inLanguage":"en-US"},{"@type":"WebPage","@id":"https:\/\/www.ethikos.es\/en\/curriculum-vitae-anonimo-un-paso-mas-hacia-la-igualdad-laboral\/","url":"https:\/\/www.ethikos.es\/en\/curriculum-vitae-anonimo-un-paso-mas-hacia-la-igualdad-laboral\/","name":"Curr\u00edculum Vitae an\u00f3nimo, un paso m\u00e1s hacia la igualdad laboral","isPartOf":{"@id":"https:\/\/www.ethikos.es\/en\/#website"},"primaryImageOfPage":{"@id":"https:\/\/www.ethikos.es\/en\/curriculum-vitae-anonimo-un-paso-mas-hacia-la-igualdad-laboral\/#primaryimage"},"image":{"@id":"https:\/\/www.ethikos.es\/en\/curriculum-vitae-anonimo-un-paso-mas-hacia-la-igualdad-laboral\/#primaryimage"},"thumbnailUrl":"https:\/\/www.ethikos.es\/wp-content\/uploads\/2017\/01\/curriculum-vitae.jpg","datePublished":"2017-01-13T11:33:13+00:00","dateModified":"2018-10-29T08:53:18+00:00","description":"Curr\u00edculum Vitae an\u00f3nimo, sin nombre, ni foto, ni datos personales es la forma con la que Espa\u00f1a quiere acabar con la discriminaci\u00f3n laboral.","breadcrumb":{"@id":"https:\/\/www.ethikos.es\/en\/curriculum-vitae-anonimo-un-paso-mas-hacia-la-igualdad-laboral\/#breadcrumb"},"inLanguage":"en-US","potentialAction":[{"@type":"ReadAction","target":["https:\/\/www.ethikos.es\/en\/curriculum-vitae-anonimo-un-paso-mas-hacia-la-igualdad-laboral\/"]}]},{"@type":"ImageObject","inLanguage":"en-US","@id":"https:\/\/www.ethikos.es\/en\/curriculum-vitae-anonimo-un-paso-mas-hacia-la-igualdad-laboral\/#primaryimage","url":"https:\/\/www.ethikos.es\/wp-content\/uploads\/2017\/01\/curriculum-vitae.jpg","contentUrl":"https:\/\/www.ethikos.es\/wp-content\/uploads\/2017\/01\/curriculum-vitae.jpg","width":1200,"height":800,"caption":"Curr\u00edculum Vitae an\u00f3nimo"},{"@type":"BreadcrumbList","@id":"https:\/\/www.ethikos.es\/en\/curriculum-vitae-anonimo-un-paso-mas-hacia-la-igualdad-laboral\/#breadcrumb","itemListElement":[{"@type":"ListItem","position":1,"name":"Portada","item":"https:\/\/www.ethikos.es\/"},{"@type":"ListItem","position":2,"name":"Curr\u00edculum Vitae an\u00f3nimo, un paso m\u00e1s hacia la igualdad laboral"}]},{"@type":"WebSite","@id":"https:\/\/www.ethikos.es\/en\/#website","url":"https:\/\/www.ethikos.es\/en\/","name":"Ethikos 3.0","description":"Ethikos es una consultora de transformaci\u00f3n organizacional especializada en cultura empresarial, liderazgo consciente y selecci\u00f3n por valores.","publisher":{"@id":"https:\/\/www.ethikos.es\/en\/#organization"},"alternateName":"Ethikos Consultor\u00eda","potentialAction":[{"@type":"SearchAction","target":{"@type":"EntryPoint","urlTemplate":"https:\/\/www.ethikos.es\/en\/?s={search_term_string}"},"query-input":{"@type":"PropertyValueSpecification","valueRequired":true,"valueName":"search_term_string"}}],"inLanguage":"en-US"},{"@type":"Organization","@id":"https:\/\/www.ethikos.es\/en\/#organization","name":"Ethikos 3.0","url":"https:\/\/www.ethikos.es\/en\/","logo":{"@type":"ImageObject","inLanguage":"en-US","@id":"https:\/\/www.ethikos.es\/en\/#\/schema\/logo\/image\/","url":"https:\/\/www.ethikos.es\/wp-content\/uploads\/2019\/01\/43606559961_5f343a820a_o.png","contentUrl":"https:\/\/www.ethikos.es\/wp-content\/uploads\/2019\/01\/43606559961_5f343a820a_o.png","width":646,"height":218,"caption":"Ethikos 3.0"},"image":{"@id":"https:\/\/www.ethikos.es\/en\/#\/schema\/logo\/image\/"},"sameAs":["http:\/\/www.facebook.com\/ethikos.es\/","https:\/\/x.com\/Ethikos30","https:\/\/www.instagram.com\/ethikos_3.0\/","https:\/\/www.linkedin.com\/company\/ethikos-3-0\/"]},{"@type":"Person","@id":"https:\/\/www.ethikos.es\/en\/#\/schema\/person\/feb4e53dbfa59ff15f5d83b30837ad77","name":"Ethikos 3.0","image":{"@type":"ImageObject","inLanguage":"en-US","@id":"https:\/\/secure.gravatar.com\/avatar\/58ab6299b7f56b8da0ecbedc6cdb31df9efa6f9f9535a4946956139339a38386?s=96&d=mm&r=g","url":"https:\/\/secure.gravatar.com\/avatar\/58ab6299b7f56b8da0ecbedc6cdb31df9efa6f9f9535a4946956139339a38386?s=96&d=mm&r=g","contentUrl":"https:\/\/secure.gravatar.com\/avatar\/58ab6299b7f56b8da0ecbedc6cdb31df9efa6f9f9535a4946956139339a38386?s=96&d=mm&r=g","caption":"Ethikos 3.0"}}]}},"_links":{"self":[{"href":"https:\/\/www.ethikos.es\/en\/wp-json\/wp\/v2\/posts\/2218","targetHints":{"allow":["GET"]}}],"collection":[{"href":"https:\/\/www.ethikos.es\/en\/wp-json\/wp\/v2\/posts"}],"about":[{"href":"https:\/\/www.ethikos.es\/en\/wp-json\/wp\/v2\/types\/post"}],"author":[{"embeddable":true,"href":"https:\/\/www.ethikos.es\/en\/wp-json\/wp\/v2\/users\/2"}],"replies":[{"embeddable":true,"href":"https:\/\/www.ethikos.es\/en\/wp-json\/wp\/v2\/comments?post=2218"}],"version-history":[{"count":0,"href":"https:\/\/www.ethikos.es\/en\/wp-json\/wp\/v2\/posts\/2218\/revisions"}],"wp:featuredmedia":[{"embeddable":true,"href":"https:\/\/www.ethikos.es\/en\/wp-json\/wp\/v2\/media\/2219"}],"wp:attachment":[{"href":"https:\/\/www.ethikos.es\/en\/wp-json\/wp\/v2\/media?parent=2218"}],"wp:term":[{"taxonomy":"category","embeddable":true,"href":"https:\/\/www.ethikos.es\/en\/wp-json\/wp\/v2\/categories?post=2218"},{"taxonomy":"post_tag","embeddable":true,"href":"https:\/\/www.ethikos.es\/en\/wp-json\/wp\/v2\/tags?post=2218"}],"curies":[{"name":"wp","href":"https:\/\/api.w.org\/{rel}","templated":true}]}}