{"id":4558,"date":"2018-05-14T10:11:58","date_gmt":"2018-05-14T08:11:58","guid":{"rendered":"https:\/\/www.ethikos.es\/?p=4558"},"modified":"2019-10-23T13:10:35","modified_gmt":"2019-10-23T11:10:35","slug":"activista-de-talento","status":"publish","type":"post","link":"https:\/\/www.ethikos.es\/en\/activista-de-talento\/","title":{"rendered":"Activista de talento"},"content":{"rendered":"<p>Hace bastante tiempo que no escribo; no s\u00e9 si es buena se\u00f1al &#8211; Ethikos est\u00e1 creciendo espectacularmente &#8211; o si es que prefiero escribir s\u00f3lo cuando encuentro algo que decir.<!--more--><\/p>\n<p>Hace tiempo que luchamos por <strong>cambiar el mundo a trav\u00e9s de nuestra humilde organizaci\u00f3n<\/strong>: formamos parte del movimiento B Corporation como primera empresa de gesti\u00f3n de personas en Espa\u00f1a, medimos nuestro impacto y siempre, y digo siempre, nos vamos a la cama pensando: \u201cesto no es suficiente si queremos conseguir nuestro prop\u00f3sito, debemos hacer m\u00e1s\u2026\u201d.<\/p>\n<p>Hace poco estuve en un evento en Londres sobre talento. Lo t\u00edpico. Todas las empresas quieren cambiar el mundo, todas las compa\u00f1\u00edas impactan positivamente en la sociedad y est\u00e1n inmersas en un cambio para ser una de las empresas m\u00e1s competitivas <strong>del<\/strong> mundo. Quiz\u00e1s el error sea la visi\u00f3n, quiz\u00e1s las empresas deban ser las mejores empresas <strong>PARA<\/strong> el mundo en el que vivimos.<\/p>\n<p>Pero empecemos por el principio. Pensad en cualquier tipo de organizaci\u00f3n: inicialmente surge una idea que alguien o un grupo de personas quieren poner en marcha, se busca financiaci\u00f3n y \u00a1all\u00e1 vamos! Tras esta fase empezamos a incorporar personas, \u00bfbajo qu\u00e9 criterios? Casi siempre econ\u00f3micos, competenciales, etc\u2026<\/p>\n<p>Nuestra experiencia nos demuestra que lo primero y esencial es centrarse en los <strong>valores compartidos<\/strong> con las personas que van a formar parte de la organizaci\u00f3n. Ese es el paso uno. Sin ese punto, es muy complejo que exista una correcta alineaci\u00f3n del prop\u00f3sito personal y organizacional y seguramente ese ruido interno genere muchas pero muchas situaciones de desmotivaci\u00f3n mutua.<\/p>\n<h3><span style=\"color: #719430;\">Los valores son nuestra br\u00fajula interior<\/span><\/h3>\n<p>\u00bfOs imagin\u00e1is la fuerza si ambas br\u00fajulas, la personal y la de nuestra empresa, se\u00f1alaran hacia la misma direcci\u00f3n?<\/p>\n<p>Y sino es as\u00ed, me gustar\u00eda que te contestaras tu mism@ las siguientes preguntas:<\/p>\n<p>* \u00bfCu\u00e1les son tus valores principales a la hora de tomar una decisi\u00f3n? Con 5 valores nos vale\u2026<\/p>\n<p>* \u00bfCu\u00e1les son los valores de tu organizaci\u00f3n? (Los reales, que ves en tu d\u00eda d\u00eda, no aquellos que colgamos en la pared)<\/p>\n<p>* \u00bfCu\u00e1les compartes? \u00bfCu\u00e1les no?<\/p>\n<p>* \u00bfPorque no trabajas en alg\u00fan proyecto que vaya alineado con \u00e9stos?<\/p>\n<p>La \u00faltima pregunta me da pie a explicarte qu\u00e9 es un <span style=\"color: #000000;\"><strong>activista de talento<\/strong><\/span>: un activista de talento es aquel que invierte su talento en alguna organizaci\u00f3n con un prop\u00f3sito superior al beneficio econ\u00f3mico, es aquel que quiere cambiar el mundo a trav\u00e9s de su esfuerzo y trabajo.<\/p>\n<p>Yo soy culpable. \u00bfY t\u00fa? \u00bfTe consideras activista de talento?<\/p>\n<p>&nbsp;<\/p>\n<p>Germ\u00e1n Cuenca<\/p>\n<p>People Director &amp; Co Founder Ethikos 3.0<\/p>","protected":false},"excerpt":{"rendered":"<p>Hace bastante tiempo que no escribo; no s\u00e9 si es buena se\u00f1al &#8211; Ethikos est\u00e1 creciendo espectacularmente &#8211; o si es que prefiero escribir s\u00f3lo cuando encuentro algo que decir.<\/p>","protected":false},"author":2,"featured_media":4559,"comment_status":"open","ping_status":"closed","sticky":false,"template":"","format":"standard","meta":{"_exactmetrics_skip_tracking":false,"_exactmetrics_sitenote_active":false,"_exactmetrics_sitenote_note":"","_exactmetrics_sitenote_category":0,"footnotes":""},"categories":[151,142,141,140],"tags":[46,51,144,89,145,47],"class_list":["post-4558","post","type-post","status-publish","format-standard","has-post-thumbnail","hentry","category-blog","category-cultura-de-empresa","category-gestion-por-valores","category-seleccion-por-valores","tag-cultura-organizativa","tag-ethikos-3-0","tag-reclutamiento","tag-recursos-humanos","tag-seleccion-por-valores","tag-valores"],"yoast_head":"<!-- This site is optimized with the Yoast SEO plugin v27.4 - https:\/\/yoast.com\/product\/yoast-seo-wordpress\/ -->\n<title>T\u00edtulo P\u00e1gina | Consultora de talento y selecci\u00f3n de personal | Ethikos &#8212; Ethikos<\/title>\n<meta name=\"description\" content=\"Los valores son una br\u00fajula interior. \u00bfOs imagin\u00e1is la fuerza si ambas br\u00fajulas, la personal y la de nuestra empresa, se\u00f1alaran hacia la misma direcci\u00f3n?\" \/>\n<meta name=\"robots\" content=\"index, follow, max-snippet:-1, max-image-preview:large, max-video-preview:-1\" \/>\n<link rel=\"canonical\" href=\"https:\/\/www.ethikos.es\/en\/activista-de-talento\/\" \/>\n<meta property=\"og:locale\" content=\"en_US\" \/>\n<meta property=\"og:type\" content=\"article\" \/>\n<meta property=\"og:title\" content=\"T\u00edtulo P\u00e1gina | Consultora de talento y selecci\u00f3n de personal | Ethikos &#8212; Ethikos\" \/>\n<meta property=\"og:description\" content=\"Los valores son una br\u00fajula interior. \u00bfOs imagin\u00e1is la fuerza si ambas br\u00fajulas, la personal y la de nuestra empresa, se\u00f1alaran hacia la misma direcci\u00f3n?\" \/>\n<meta property=\"og:url\" content=\"https:\/\/www.ethikos.es\/en\/activista-de-talento\/\" \/>\n<meta property=\"og:site_name\" content=\"Ethikos\" \/>\n<meta property=\"article:publisher\" content=\"http:\/\/www.facebook.com\/ethikos.es\/\" \/>\n<meta property=\"article:published_time\" content=\"2018-05-14T08:11:58+00:00\" \/>\n<meta property=\"article:modified_time\" content=\"2019-10-23T11:10:35+00:00\" \/>\n<meta property=\"og:image\" content=\"https:\/\/www.ethikos.es\/wp-content\/uploads\/2018\/05\/Activista-de-talento-1030x687.jpg\" \/>\n\t<meta property=\"og:image:width\" content=\"1030\" \/>\n\t<meta property=\"og:image:height\" content=\"687\" \/>\n\t<meta property=\"og:image:type\" content=\"image\/jpeg\" \/>\n<meta name=\"author\" content=\"Ethikos 3.0\" \/>\n<meta name=\"twitter:card\" content=\"summary_large_image\" \/>\n<meta name=\"twitter:creator\" content=\"@Ethikos30\" \/>\n<meta name=\"twitter:site\" content=\"@Ethikos30\" \/>\n<meta name=\"twitter:label1\" content=\"Written by\" \/>\n\t<meta name=\"twitter:data1\" content=\"Ethikos 3.0\" \/>\n\t<meta name=\"twitter:label2\" content=\"Est. reading time\" \/>\n\t<meta name=\"twitter:data2\" content=\"2 minutes\" \/>\n<script type=\"application\/ld+json\" class=\"yoast-schema-graph\">{\"@context\":\"https:\\\/\\\/schema.org\",\"@graph\":[{\"@type\":\"Article\",\"@id\":\"https:\\\/\\\/www.ethikos.es\\\/en\\\/activista-de-talento\\\/#article\",\"isPartOf\":{\"@id\":\"https:\\\/\\\/www.ethikos.es\\\/en\\\/activista-de-talento\\\/\"},\"author\":{\"name\":\"Ethikos 3.0\",\"@id\":\"https:\\\/\\\/www.ethikos.es\\\/en\\\/#\\\/schema\\\/person\\\/feb4e53dbfa59ff15f5d83b30837ad77\"},\"headline\":\"Activista de talento\",\"datePublished\":\"2018-05-14T08:11:58+00:00\",\"dateModified\":\"2019-10-23T11:10:35+00:00\",\"mainEntityOfPage\":{\"@id\":\"https:\\\/\\\/www.ethikos.es\\\/en\\\/activista-de-talento\\\/\"},\"wordCount\":460,\"commentCount\":1,\"publisher\":{\"@id\":\"https:\\\/\\\/www.ethikos.es\\\/en\\\/#organization\"},\"image\":{\"@id\":\"https:\\\/\\\/www.ethikos.es\\\/en\\\/activista-de-talento\\\/#primaryimage\"},\"thumbnailUrl\":\"https:\\\/\\\/www.ethikos.es\\\/wp-content\\\/uploads\\\/2018\\\/05\\\/Activista-de-talento.jpg\",\"keywords\":[\"Cultura organizativa\",\"Ethikos 3.0\",\"reclutamiento\",\"recursos humanos\",\"selecci\u00f3n por valores\",\"Valores\"],\"articleSection\":[\"Blog\",\"Cultura de empresa\",\"Gesti\u00f3n por valores\",\"Selecci\u00f3n por valores\"],\"inLanguage\":\"en-US\",\"potentialAction\":[{\"@type\":\"CommentAction\",\"name\":\"Comment\",\"target\":[\"https:\\\/\\\/www.ethikos.es\\\/en\\\/activista-de-talento\\\/#respond\"]}]},{\"@type\":\"WebPage\",\"@id\":\"https:\\\/\\\/www.ethikos.es\\\/en\\\/activista-de-talento\\\/\",\"url\":\"https:\\\/\\\/www.ethikos.es\\\/en\\\/activista-de-talento\\\/\",\"name\":\"T\u00edtulo P\u00e1gina | Consultora de talento y selecci\u00f3n de personal | Ethikos &#8212; Ethikos\",\"isPartOf\":{\"@id\":\"https:\\\/\\\/www.ethikos.es\\\/en\\\/#website\"},\"primaryImageOfPage\":{\"@id\":\"https:\\\/\\\/www.ethikos.es\\\/en\\\/activista-de-talento\\\/#primaryimage\"},\"image\":{\"@id\":\"https:\\\/\\\/www.ethikos.es\\\/en\\\/activista-de-talento\\\/#primaryimage\"},\"thumbnailUrl\":\"https:\\\/\\\/www.ethikos.es\\\/wp-content\\\/uploads\\\/2018\\\/05\\\/Activista-de-talento.jpg\",\"datePublished\":\"2018-05-14T08:11:58+00:00\",\"dateModified\":\"2019-10-23T11:10:35+00:00\",\"description\":\"Los valores son una br\u00fajula interior. \u00bfOs imagin\u00e1is la fuerza si ambas br\u00fajulas, la personal y la de nuestra empresa, se\u00f1alaran hacia la misma direcci\u00f3n?\",\"breadcrumb\":{\"@id\":\"https:\\\/\\\/www.ethikos.es\\\/en\\\/activista-de-talento\\\/#breadcrumb\"},\"inLanguage\":\"en-US\",\"potentialAction\":[{\"@type\":\"ReadAction\",\"target\":[\"https:\\\/\\\/www.ethikos.es\\\/en\\\/activista-de-talento\\\/\"]}]},{\"@type\":\"ImageObject\",\"inLanguage\":\"en-US\",\"@id\":\"https:\\\/\\\/www.ethikos.es\\\/en\\\/activista-de-talento\\\/#primaryimage\",\"url\":\"https:\\\/\\\/www.ethikos.es\\\/wp-content\\\/uploads\\\/2018\\\/05\\\/Activista-de-talento.jpg\",\"contentUrl\":\"https:\\\/\\\/www.ethikos.es\\\/wp-content\\\/uploads\\\/2018\\\/05\\\/Activista-de-talento.jpg\",\"width\":3499,\"height\":2333,\"caption\":\"Imagen activista de talento\"},{\"@type\":\"BreadcrumbList\",\"@id\":\"https:\\\/\\\/www.ethikos.es\\\/en\\\/activista-de-talento\\\/#breadcrumb\",\"itemListElement\":[{\"@type\":\"ListItem\",\"position\":1,\"name\":\"Portada\",\"item\":\"https:\\\/\\\/www.ethikos.es\\\/\"},{\"@type\":\"ListItem\",\"position\":2,\"name\":\"Activista de talento\"}]},{\"@type\":\"WebSite\",\"@id\":\"https:\\\/\\\/www.ethikos.es\\\/en\\\/#website\",\"url\":\"https:\\\/\\\/www.ethikos.es\\\/en\\\/\",\"name\":\"Ethikos 3.0\",\"description\":\"Ethikos es una consultora de transformaci\u00f3n organizacional especializada en cultura empresarial, liderazgo consciente y selecci\u00f3n por valores.\",\"publisher\":{\"@id\":\"https:\\\/\\\/www.ethikos.es\\\/en\\\/#organization\"},\"alternateName\":\"Ethikos Consultor\u00eda\",\"potentialAction\":[{\"@type\":\"SearchAction\",\"target\":{\"@type\":\"EntryPoint\",\"urlTemplate\":\"https:\\\/\\\/www.ethikos.es\\\/en\\\/?s={search_term_string}\"},\"query-input\":{\"@type\":\"PropertyValueSpecification\",\"valueRequired\":true,\"valueName\":\"search_term_string\"}}],\"inLanguage\":\"en-US\"},{\"@type\":\"Organization\",\"@id\":\"https:\\\/\\\/www.ethikos.es\\\/en\\\/#organization\",\"name\":\"Ethikos 3.0\",\"url\":\"https:\\\/\\\/www.ethikos.es\\\/en\\\/\",\"logo\":{\"@type\":\"ImageObject\",\"inLanguage\":\"en-US\",\"@id\":\"https:\\\/\\\/www.ethikos.es\\\/en\\\/#\\\/schema\\\/logo\\\/image\\\/\",\"url\":\"https:\\\/\\\/www.ethikos.es\\\/wp-content\\\/uploads\\\/2019\\\/01\\\/43606559961_5f343a820a_o.png\",\"contentUrl\":\"https:\\\/\\\/www.ethikos.es\\\/wp-content\\\/uploads\\\/2019\\\/01\\\/43606559961_5f343a820a_o.png\",\"width\":646,\"height\":218,\"caption\":\"Ethikos 3.0\"},\"image\":{\"@id\":\"https:\\\/\\\/www.ethikos.es\\\/en\\\/#\\\/schema\\\/logo\\\/image\\\/\"},\"sameAs\":[\"http:\\\/\\\/www.facebook.com\\\/ethikos.es\\\/\",\"https:\\\/\\\/x.com\\\/Ethikos30\",\"https:\\\/\\\/www.instagram.com\\\/ethikos_3.0\\\/\",\"https:\\\/\\\/www.linkedin.com\\\/company\\\/ethikos-3-0\\\/\"]},{\"@type\":\"Person\",\"@id\":\"https:\\\/\\\/www.ethikos.es\\\/en\\\/#\\\/schema\\\/person\\\/feb4e53dbfa59ff15f5d83b30837ad77\",\"name\":\"Ethikos 3.0\",\"image\":{\"@type\":\"ImageObject\",\"inLanguage\":\"en-US\",\"@id\":\"https:\\\/\\\/secure.gravatar.com\\\/avatar\\\/58ab6299b7f56b8da0ecbedc6cdb31df9efa6f9f9535a4946956139339a38386?s=96&d=mm&r=g\",\"url\":\"https:\\\/\\\/secure.gravatar.com\\\/avatar\\\/58ab6299b7f56b8da0ecbedc6cdb31df9efa6f9f9535a4946956139339a38386?s=96&d=mm&r=g\",\"contentUrl\":\"https:\\\/\\\/secure.gravatar.com\\\/avatar\\\/58ab6299b7f56b8da0ecbedc6cdb31df9efa6f9f9535a4946956139339a38386?s=96&d=mm&r=g\",\"caption\":\"Ethikos 3.0\"}}]}<\/script>\n<!-- \/ Yoast SEO plugin. -->","yoast_head_json":{"title":"T\u00edtulo P\u00e1gina | Consultora de talento y selecci\u00f3n de personal | Ethikos &#8212; Ethikos","description":"Los valores son una br\u00fajula interior. \u00bfOs imagin\u00e1is la fuerza si ambas br\u00fajulas, la personal y la de nuestra empresa, se\u00f1alaran hacia la misma direcci\u00f3n?","robots":{"index":"index","follow":"follow","max-snippet":"max-snippet:-1","max-image-preview":"max-image-preview:large","max-video-preview":"max-video-preview:-1"},"canonical":"https:\/\/www.ethikos.es\/en\/activista-de-talento\/","og_locale":"en_US","og_type":"article","og_title":"T\u00edtulo P\u00e1gina | Consultora de talento y selecci\u00f3n de personal | Ethikos &#8212; Ethikos","og_description":"Los valores son una br\u00fajula interior. \u00bfOs imagin\u00e1is la fuerza si ambas br\u00fajulas, la personal y la de nuestra empresa, se\u00f1alaran hacia la misma direcci\u00f3n?","og_url":"https:\/\/www.ethikos.es\/en\/activista-de-talento\/","og_site_name":"Ethikos","article_publisher":"http:\/\/www.facebook.com\/ethikos.es\/","article_published_time":"2018-05-14T08:11:58+00:00","article_modified_time":"2019-10-23T11:10:35+00:00","og_image":[{"width":1030,"height":687,"url":"https:\/\/www.ethikos.es\/wp-content\/uploads\/2018\/05\/Activista-de-talento-1030x687.jpg","type":"image\/jpeg"}],"author":"Ethikos 3.0","twitter_card":"summary_large_image","twitter_creator":"@Ethikos30","twitter_site":"@Ethikos30","twitter_misc":{"Written by":"Ethikos 3.0","Est. reading time":"2 minutes"},"schema":{"@context":"https:\/\/schema.org","@graph":[{"@type":"Article","@id":"https:\/\/www.ethikos.es\/en\/activista-de-talento\/#article","isPartOf":{"@id":"https:\/\/www.ethikos.es\/en\/activista-de-talento\/"},"author":{"name":"Ethikos 3.0","@id":"https:\/\/www.ethikos.es\/en\/#\/schema\/person\/feb4e53dbfa59ff15f5d83b30837ad77"},"headline":"Activista de talento","datePublished":"2018-05-14T08:11:58+00:00","dateModified":"2019-10-23T11:10:35+00:00","mainEntityOfPage":{"@id":"https:\/\/www.ethikos.es\/en\/activista-de-talento\/"},"wordCount":460,"commentCount":1,"publisher":{"@id":"https:\/\/www.ethikos.es\/en\/#organization"},"image":{"@id":"https:\/\/www.ethikos.es\/en\/activista-de-talento\/#primaryimage"},"thumbnailUrl":"https:\/\/www.ethikos.es\/wp-content\/uploads\/2018\/05\/Activista-de-talento.jpg","keywords":["Cultura organizativa","Ethikos 3.0","reclutamiento","recursos humanos","selecci\u00f3n por valores","Valores"],"articleSection":["Blog","Cultura de empresa","Gesti\u00f3n por valores","Selecci\u00f3n por valores"],"inLanguage":"en-US","potentialAction":[{"@type":"CommentAction","name":"Comment","target":["https:\/\/www.ethikos.es\/en\/activista-de-talento\/#respond"]}]},{"@type":"WebPage","@id":"https:\/\/www.ethikos.es\/en\/activista-de-talento\/","url":"https:\/\/www.ethikos.es\/en\/activista-de-talento\/","name":"T\u00edtulo P\u00e1gina | Consultora de talento y selecci\u00f3n de personal | Ethikos &#8212; Ethikos","isPartOf":{"@id":"https:\/\/www.ethikos.es\/en\/#website"},"primaryImageOfPage":{"@id":"https:\/\/www.ethikos.es\/en\/activista-de-talento\/#primaryimage"},"image":{"@id":"https:\/\/www.ethikos.es\/en\/activista-de-talento\/#primaryimage"},"thumbnailUrl":"https:\/\/www.ethikos.es\/wp-content\/uploads\/2018\/05\/Activista-de-talento.jpg","datePublished":"2018-05-14T08:11:58+00:00","dateModified":"2019-10-23T11:10:35+00:00","description":"Los valores son una br\u00fajula interior. \u00bfOs imagin\u00e1is la fuerza si ambas br\u00fajulas, la personal y la de nuestra empresa, se\u00f1alaran hacia la misma direcci\u00f3n?","breadcrumb":{"@id":"https:\/\/www.ethikos.es\/en\/activista-de-talento\/#breadcrumb"},"inLanguage":"en-US","potentialAction":[{"@type":"ReadAction","target":["https:\/\/www.ethikos.es\/en\/activista-de-talento\/"]}]},{"@type":"ImageObject","inLanguage":"en-US","@id":"https:\/\/www.ethikos.es\/en\/activista-de-talento\/#primaryimage","url":"https:\/\/www.ethikos.es\/wp-content\/uploads\/2018\/05\/Activista-de-talento.jpg","contentUrl":"https:\/\/www.ethikos.es\/wp-content\/uploads\/2018\/05\/Activista-de-talento.jpg","width":3499,"height":2333,"caption":"Imagen activista de talento"},{"@type":"BreadcrumbList","@id":"https:\/\/www.ethikos.es\/en\/activista-de-talento\/#breadcrumb","itemListElement":[{"@type":"ListItem","position":1,"name":"Portada","item":"https:\/\/www.ethikos.es\/"},{"@type":"ListItem","position":2,"name":"Activista de talento"}]},{"@type":"WebSite","@id":"https:\/\/www.ethikos.es\/en\/#website","url":"https:\/\/www.ethikos.es\/en\/","name":"Ethikos 3.0","description":"Ethikos es una consultora de transformaci\u00f3n organizacional especializada en cultura empresarial, liderazgo consciente y selecci\u00f3n por valores.","publisher":{"@id":"https:\/\/www.ethikos.es\/en\/#organization"},"alternateName":"Ethikos Consultor\u00eda","potentialAction":[{"@type":"SearchAction","target":{"@type":"EntryPoint","urlTemplate":"https:\/\/www.ethikos.es\/en\/?s={search_term_string}"},"query-input":{"@type":"PropertyValueSpecification","valueRequired":true,"valueName":"search_term_string"}}],"inLanguage":"en-US"},{"@type":"Organization","@id":"https:\/\/www.ethikos.es\/en\/#organization","name":"Ethikos 3.0","url":"https:\/\/www.ethikos.es\/en\/","logo":{"@type":"ImageObject","inLanguage":"en-US","@id":"https:\/\/www.ethikos.es\/en\/#\/schema\/logo\/image\/","url":"https:\/\/www.ethikos.es\/wp-content\/uploads\/2019\/01\/43606559961_5f343a820a_o.png","contentUrl":"https:\/\/www.ethikos.es\/wp-content\/uploads\/2019\/01\/43606559961_5f343a820a_o.png","width":646,"height":218,"caption":"Ethikos 3.0"},"image":{"@id":"https:\/\/www.ethikos.es\/en\/#\/schema\/logo\/image\/"},"sameAs":["http:\/\/www.facebook.com\/ethikos.es\/","https:\/\/x.com\/Ethikos30","https:\/\/www.instagram.com\/ethikos_3.0\/","https:\/\/www.linkedin.com\/company\/ethikos-3-0\/"]},{"@type":"Person","@id":"https:\/\/www.ethikos.es\/en\/#\/schema\/person\/feb4e53dbfa59ff15f5d83b30837ad77","name":"Ethikos 3.0","image":{"@type":"ImageObject","inLanguage":"en-US","@id":"https:\/\/secure.gravatar.com\/avatar\/58ab6299b7f56b8da0ecbedc6cdb31df9efa6f9f9535a4946956139339a38386?s=96&d=mm&r=g","url":"https:\/\/secure.gravatar.com\/avatar\/58ab6299b7f56b8da0ecbedc6cdb31df9efa6f9f9535a4946956139339a38386?s=96&d=mm&r=g","contentUrl":"https:\/\/secure.gravatar.com\/avatar\/58ab6299b7f56b8da0ecbedc6cdb31df9efa6f9f9535a4946956139339a38386?s=96&d=mm&r=g","caption":"Ethikos 3.0"}}]}},"_links":{"self":[{"href":"https:\/\/www.ethikos.es\/en\/wp-json\/wp\/v2\/posts\/4558","targetHints":{"allow":["GET"]}}],"collection":[{"href":"https:\/\/www.ethikos.es\/en\/wp-json\/wp\/v2\/posts"}],"about":[{"href":"https:\/\/www.ethikos.es\/en\/wp-json\/wp\/v2\/types\/post"}],"author":[{"embeddable":true,"href":"https:\/\/www.ethikos.es\/en\/wp-json\/wp\/v2\/users\/2"}],"replies":[{"embeddable":true,"href":"https:\/\/www.ethikos.es\/en\/wp-json\/wp\/v2\/comments?post=4558"}],"version-history":[{"count":0,"href":"https:\/\/www.ethikos.es\/en\/wp-json\/wp\/v2\/posts\/4558\/revisions"}],"wp:featuredmedia":[{"embeddable":true,"href":"https:\/\/www.ethikos.es\/en\/wp-json\/wp\/v2\/media\/4559"}],"wp:attachment":[{"href":"https:\/\/www.ethikos.es\/en\/wp-json\/wp\/v2\/media?parent=4558"}],"wp:term":[{"taxonomy":"category","embeddable":true,"href":"https:\/\/www.ethikos.es\/en\/wp-json\/wp\/v2\/categories?post=4558"},{"taxonomy":"post_tag","embeddable":true,"href":"https:\/\/www.ethikos.es\/en\/wp-json\/wp\/v2\/tags?post=4558"}],"curies":[{"name":"wp","href":"https:\/\/api.w.org\/{rel}","templated":true}]}}