{"id":6842,"date":"2019-03-01T12:17:35","date_gmt":"2019-03-01T11:17:35","guid":{"rendered":"https:\/\/www.ethikos.es\/?p=6842"},"modified":"2019-03-01T12:29:18","modified_gmt":"2019-03-01T11:29:18","slug":"talentoporimpacto-una-iniciativa-con-miras-al-presente-y-futuro","status":"publish","type":"post","link":"https:\/\/www.ethikos.es\/en\/talentoporimpacto-una-iniciativa-con-miras-al-presente-y-futuro\/","title":{"rendered":"#talentoporimpacto, una iniciativa con miras al presente y futuro"},"content":{"rendered":"<figure id=\"attachment_6848\" aria-describedby=\"caption-attachment-6848\" style=\"width: 300px\" class=\"wp-caption aligncenter\"><img fetchpriority=\"high\" decoding=\"async\" class=\"size-medium wp-image-6848\" src=\"https:\/\/www.ethikos.es\/wp-content\/uploads\/2019\/03\/IMG_20190228_101038-300x225.jpg\" alt=\"talentoporimpacto\" width=\"300\" height=\"225\" srcset=\"https:\/\/www.ethikos.es\/wp-content\/uploads\/2019\/03\/IMG_20190228_101038-300x225.jpg 300w, https:\/\/www.ethikos.es\/wp-content\/uploads\/2019\/03\/IMG_20190228_101038-768x576.jpg 768w, https:\/\/www.ethikos.es\/wp-content\/uploads\/2019\/03\/IMG_20190228_101038-1030x773.jpg 1030w, https:\/\/www.ethikos.es\/wp-content\/uploads\/2019\/03\/IMG_20190228_101038-1500x1125.jpg 1500w, https:\/\/www.ethikos.es\/wp-content\/uploads\/2019\/03\/IMG_20190228_101038-705x529.jpg 705w, https:\/\/www.ethikos.es\/wp-content\/uploads\/2019\/03\/IMG_20190228_101038-450x338.jpg 450w\" sizes=\"(max-width: 300px) 100vw, 300px\" \/><figcaption id=\"caption-attachment-6848\" class=\"wp-caption-text\">Formaci\u00f3n #talentoporimpacto<\/figcaption><\/figure>\n<ul>\n<li>Comenz\u00f3 en el d\u00eda de ayer la formaci\u00f3n brindada por Ethikos 3.0, con colaboraci\u00f3n del Ayuntamiento del Masnou, para personas en situaci\u00f3n de desempleo que deseen encontrar el empleo deseado.<\/li>\n<\/ul>\n<p>En el d\u00eda de ayer tuvo lugar el <strong>primer encuentro de #talentoporimpacto. <\/strong>Se trata de una\u00a0iniciativa que llevan adelante <a href=\"https:\/\/www.ethikos.es\/sobre-nosotros\/\"><strong>Ethikos 3.0<\/strong><\/a> y el <a href=\"http:\/\/www.elmasnou.cat\/\"><strong>Ayuntamiento de Masnou<\/strong><\/a> para personas en situaci\u00f3n de <strong>desempleo<\/strong>. El objetivo se encuentra en <strong>colaborar con personas<\/strong> en situaci\u00f3n de desempleo a potenciar <strong>sus valores y herramientas<\/strong> a la hora de buscar el trabajo que desean. En el primer encuentro m\u00e1s de 20 asistentes compartieron sus experiencias y compartieron sobre lo <strong>que buscan las empresas<\/strong> y que les pueden <strong>ofrecer como candidatos<\/strong>.<\/p>\n<p><!--more--><\/p>\n<p>La <strong>formaci\u00f3n gratuita<\/strong>, forma parte de la campa\u00f1a cuatrimestral de impacto social positivo de Ethikos 3.0, primera consultora de gesti\u00f3n de personas certificada como <a href=\"https:\/\/www.bcorpspain.es\/\"><strong>BCorp<\/strong><\/a> en Espa\u00f1a y tendr\u00e1 una duraci\u00f3n de 4 encuentros. Como novedad, surge la forma de \u201cpago\u201d que deber\u00e1n llevar adelante los participantes: participar de campa\u00f1as de <strong>concienciaci\u00f3n de cuidado y respeto al medio ambiente<\/strong>, contribuyendo as\u00ed al c\u00edrculo de <strong>triple impacto<\/strong> de las BCorps (impacto social, impacto mediambiental y r\u00e9dito econ\u00f3mico).<\/p>\n<p>Los restantes encuentros, que tienen lugar en <strong>Centro de Empresas <a href=\"http:\/\/casadelmarques.cat\/\">Casa del Marqu\u00e9s<\/a><\/strong> (Passeig Joan Carlos I 12, El Masnou), se extender\u00e1n durante marzo y abril, tratando temas como: el <strong>desarrollo de potencial individual<\/strong> y la inserci\u00f3n en el <strong>mercado laboral<\/strong>, herramientas para enfrentar mejor un <strong>proceso de selecci\u00f3n<\/strong>, y pr\u00e1cticas de <strong>entrevistas reales<\/strong> con el equipo de profesionales de Ethikos 3.0.<\/p>","protected":false},"excerpt":{"rendered":"<p>Comenz\u00f3 en el d\u00eda de ayer la formaci\u00f3n brindada por Ethikos 3.0, con colaboraci\u00f3n del Ayuntamiento del Masnou, para personas en situaci\u00f3n de desempleo que deseen encontrar el empleo deseado. En el d\u00eda de ayer tuvo lugar el primer encuentro de #talentoporimpacto. Se trata de una\u00a0iniciativa que llevan adelante Ethikos 3.0 y el Ayuntamiento de [&hellip;]<\/p>\n","protected":false},"author":2,"featured_media":6848,"comment_status":"open","ping_status":"closed","sticky":false,"template":"","format":"standard","meta":{"_exactmetrics_skip_tracking":false,"_exactmetrics_sitenote_active":false,"_exactmetrics_sitenote_note":"","_exactmetrics_sitenote_category":0,"footnotes":""},"categories":[151],"tags":[],"class_list":["post-6842","post","type-post","status-publish","format-standard","has-post-thumbnail","hentry","category-blog"],"yoast_head":"<!-- This site is optimized with the Yoast SEO plugin v27.5 - https:\/\/yoast.com\/product\/yoast-seo-wordpress\/ -->\n<title>T\u00edtulo P\u00e1gina | Consultora de talento y selecci\u00f3n de personal | Ethikos &#8212; Ethikos<\/title>\n<meta name=\"description\" content=\"Art\u00edculos sobre selecci\u00f3n de personal, consultor\u00eda de talento, headhunting y liderazgo consciente. Insights y herramientas de Ethikos para atraer y seleccionar talento alineado con los valores de la empresa.\" \/>\n<meta name=\"robots\" content=\"index, follow, max-snippet:-1, max-image-preview:large, max-video-preview:-1\" \/>\n<link rel=\"canonical\" href=\"https:\/\/www.ethikos.es\/en\/talentoporimpacto-una-iniciativa-con-miras-al-presente-y-futuro\/\" \/>\n<meta property=\"og:locale\" content=\"en_US\" \/>\n<meta property=\"og:type\" content=\"article\" \/>\n<meta property=\"og:title\" content=\"T\u00edtulo P\u00e1gina | Consultora de talento y selecci\u00f3n de personal | Ethikos &#8212; Ethikos\" \/>\n<meta property=\"og:description\" content=\"Art\u00edculos sobre selecci\u00f3n de personal, consultor\u00eda de talento, headhunting y liderazgo consciente. Insights y herramientas de Ethikos para atraer y seleccionar talento alineado con los valores de la empresa.\" \/>\n<meta property=\"og:url\" content=\"https:\/\/www.ethikos.es\/en\/talentoporimpacto-una-iniciativa-con-miras-al-presente-y-futuro\/\" \/>\n<meta property=\"og:site_name\" content=\"Ethikos\" \/>\n<meta property=\"article:publisher\" content=\"http:\/\/www.facebook.com\/ethikos.es\/\" \/>\n<meta property=\"article:published_time\" content=\"2019-03-01T11:17:35+00:00\" \/>\n<meta property=\"article:modified_time\" content=\"2019-03-01T11:29:18+00:00\" \/>\n<meta property=\"og:image\" content=\"https:\/\/www.ethikos.es\/wp-content\/uploads\/2019\/03\/IMG_20190228_101038.jpg\" \/>\n\t<meta property=\"og:image:width\" content=\"4618\" \/>\n\t<meta property=\"og:image:height\" content=\"3464\" \/>\n\t<meta property=\"og:image:type\" content=\"image\/jpeg\" \/>\n<meta name=\"author\" content=\"Ethikos 3.0\" \/>\n<meta name=\"twitter:card\" content=\"summary_large_image\" \/>\n<meta name=\"twitter:creator\" content=\"@Ethikos30\" \/>\n<meta name=\"twitter:site\" content=\"@Ethikos30\" \/>\n<meta name=\"twitter:label1\" content=\"Written by\" \/>\n\t<meta name=\"twitter:data1\" content=\"Ethikos 3.0\" \/>\n\t<meta name=\"twitter:label2\" content=\"Est. reading time\" \/>\n\t<meta name=\"twitter:data2\" content=\"1 minute\" \/>\n<script type=\"application\/ld+json\" class=\"yoast-schema-graph\">{\"@context\":\"https:\\\/\\\/schema.org\",\"@graph\":[{\"@type\":\"Article\",\"@id\":\"https:\\\/\\\/www.ethikos.es\\\/en\\\/talentoporimpacto-una-iniciativa-con-miras-al-presente-y-futuro\\\/#article\",\"isPartOf\":{\"@id\":\"https:\\\/\\\/www.ethikos.es\\\/en\\\/talentoporimpacto-una-iniciativa-con-miras-al-presente-y-futuro\\\/\"},\"author\":{\"name\":\"Ethikos 3.0\",\"@id\":\"https:\\\/\\\/www.ethikos.es\\\/en\\\/#\\\/schema\\\/person\\\/feb4e53dbfa59ff15f5d83b30837ad77\"},\"headline\":\"#talentoporimpacto, una iniciativa con miras al presente y futuro\",\"datePublished\":\"2019-03-01T11:17:35+00:00\",\"dateModified\":\"2019-03-01T11:29:18+00:00\",\"mainEntityOfPage\":{\"@id\":\"https:\\\/\\\/www.ethikos.es\\\/en\\\/talentoporimpacto-una-iniciativa-con-miras-al-presente-y-futuro\\\/\"},\"wordCount\":290,\"commentCount\":0,\"publisher\":{\"@id\":\"https:\\\/\\\/www.ethikos.es\\\/en\\\/#organization\"},\"image\":{\"@id\":\"https:\\\/\\\/www.ethikos.es\\\/en\\\/talentoporimpacto-una-iniciativa-con-miras-al-presente-y-futuro\\\/#primaryimage\"},\"thumbnailUrl\":\"https:\\\/\\\/www.ethikos.es\\\/wp-content\\\/uploads\\\/2019\\\/03\\\/IMG_20190228_101038.jpg\",\"articleSection\":[\"Blog\"],\"inLanguage\":\"en-US\",\"potentialAction\":[{\"@type\":\"CommentAction\",\"name\":\"Comment\",\"target\":[\"https:\\\/\\\/www.ethikos.es\\\/en\\\/talentoporimpacto-una-iniciativa-con-miras-al-presente-y-futuro\\\/#respond\"]}]},{\"@type\":\"WebPage\",\"@id\":\"https:\\\/\\\/www.ethikos.es\\\/en\\\/talentoporimpacto-una-iniciativa-con-miras-al-presente-y-futuro\\\/\",\"url\":\"https:\\\/\\\/www.ethikos.es\\\/en\\\/talentoporimpacto-una-iniciativa-con-miras-al-presente-y-futuro\\\/\",\"name\":\"T\u00edtulo P\u00e1gina | Consultora de talento y selecci\u00f3n de personal | Ethikos &#8212; Ethikos\",\"isPartOf\":{\"@id\":\"https:\\\/\\\/www.ethikos.es\\\/en\\\/#website\"},\"primaryImageOfPage\":{\"@id\":\"https:\\\/\\\/www.ethikos.es\\\/en\\\/talentoporimpacto-una-iniciativa-con-miras-al-presente-y-futuro\\\/#primaryimage\"},\"image\":{\"@id\":\"https:\\\/\\\/www.ethikos.es\\\/en\\\/talentoporimpacto-una-iniciativa-con-miras-al-presente-y-futuro\\\/#primaryimage\"},\"thumbnailUrl\":\"https:\\\/\\\/www.ethikos.es\\\/wp-content\\\/uploads\\\/2019\\\/03\\\/IMG_20190228_101038.jpg\",\"datePublished\":\"2019-03-01T11:17:35+00:00\",\"dateModified\":\"2019-03-01T11:29:18+00:00\",\"description\":\"Art\u00edculos sobre selecci\u00f3n de personal, consultor\u00eda de talento, headhunting y liderazgo consciente. Insights y herramientas de Ethikos para atraer y seleccionar talento alineado con los valores de la empresa.\",\"breadcrumb\":{\"@id\":\"https:\\\/\\\/www.ethikos.es\\\/en\\\/talentoporimpacto-una-iniciativa-con-miras-al-presente-y-futuro\\\/#breadcrumb\"},\"inLanguage\":\"en-US\",\"potentialAction\":[{\"@type\":\"ReadAction\",\"target\":[\"https:\\\/\\\/www.ethikos.es\\\/en\\\/talentoporimpacto-una-iniciativa-con-miras-al-presente-y-futuro\\\/\"]}]},{\"@type\":\"ImageObject\",\"inLanguage\":\"en-US\",\"@id\":\"https:\\\/\\\/www.ethikos.es\\\/en\\\/talentoporimpacto-una-iniciativa-con-miras-al-presente-y-futuro\\\/#primaryimage\",\"url\":\"https:\\\/\\\/www.ethikos.es\\\/wp-content\\\/uploads\\\/2019\\\/03\\\/IMG_20190228_101038.jpg\",\"contentUrl\":\"https:\\\/\\\/www.ethikos.es\\\/wp-content\\\/uploads\\\/2019\\\/03\\\/IMG_20190228_101038.jpg\",\"width\":4618,\"height\":3464,\"caption\":\"Formaci\u00f3n #talentoporimpacto\"},{\"@type\":\"BreadcrumbList\",\"@id\":\"https:\\\/\\\/www.ethikos.es\\\/en\\\/talentoporimpacto-una-iniciativa-con-miras-al-presente-y-futuro\\\/#breadcrumb\",\"itemListElement\":[{\"@type\":\"ListItem\",\"position\":1,\"name\":\"Portada\",\"item\":\"https:\\\/\\\/www.ethikos.es\\\/\"},{\"@type\":\"ListItem\",\"position\":2,\"name\":\"#talentoporimpacto, una iniciativa con miras al presente y futuro\"}]},{\"@type\":\"WebSite\",\"@id\":\"https:\\\/\\\/www.ethikos.es\\\/en\\\/#website\",\"url\":\"https:\\\/\\\/www.ethikos.es\\\/en\\\/\",\"name\":\"Ethikos 3.0\",\"description\":\"Ethikos es una consultora de transformaci\u00f3n organizacional especializada en cultura empresarial, liderazgo consciente y selecci\u00f3n por valores.\",\"publisher\":{\"@id\":\"https:\\\/\\\/www.ethikos.es\\\/en\\\/#organization\"},\"alternateName\":\"Ethikos Consultor\u00eda\",\"potentialAction\":[{\"@type\":\"SearchAction\",\"target\":{\"@type\":\"EntryPoint\",\"urlTemplate\":\"https:\\\/\\\/www.ethikos.es\\\/en\\\/?s={search_term_string}\"},\"query-input\":{\"@type\":\"PropertyValueSpecification\",\"valueRequired\":true,\"valueName\":\"search_term_string\"}}],\"inLanguage\":\"en-US\"},{\"@type\":\"Organization\",\"@id\":\"https:\\\/\\\/www.ethikos.es\\\/en\\\/#organization\",\"name\":\"Ethikos 3.0\",\"url\":\"https:\\\/\\\/www.ethikos.es\\\/en\\\/\",\"logo\":{\"@type\":\"ImageObject\",\"inLanguage\":\"en-US\",\"@id\":\"https:\\\/\\\/www.ethikos.es\\\/en\\\/#\\\/schema\\\/logo\\\/image\\\/\",\"url\":\"https:\\\/\\\/www.ethikos.es\\\/wp-content\\\/uploads\\\/2019\\\/01\\\/43606559961_5f343a820a_o.png\",\"contentUrl\":\"https:\\\/\\\/www.ethikos.es\\\/wp-content\\\/uploads\\\/2019\\\/01\\\/43606559961_5f343a820a_o.png\",\"width\":646,\"height\":218,\"caption\":\"Ethikos 3.0\"},\"image\":{\"@id\":\"https:\\\/\\\/www.ethikos.es\\\/en\\\/#\\\/schema\\\/logo\\\/image\\\/\"},\"sameAs\":[\"http:\\\/\\\/www.facebook.com\\\/ethikos.es\\\/\",\"https:\\\/\\\/x.com\\\/Ethikos30\",\"https:\\\/\\\/www.instagram.com\\\/ethikos_3.0\\\/\",\"https:\\\/\\\/www.linkedin.com\\\/company\\\/ethikos-3-0\\\/\"]},{\"@type\":\"Person\",\"@id\":\"https:\\\/\\\/www.ethikos.es\\\/en\\\/#\\\/schema\\\/person\\\/feb4e53dbfa59ff15f5d83b30837ad77\",\"name\":\"Ethikos 3.0\",\"image\":{\"@type\":\"ImageObject\",\"inLanguage\":\"en-US\",\"@id\":\"https:\\\/\\\/secure.gravatar.com\\\/avatar\\\/58ab6299b7f56b8da0ecbedc6cdb31df9efa6f9f9535a4946956139339a38386?s=96&d=mm&r=g\",\"url\":\"https:\\\/\\\/secure.gravatar.com\\\/avatar\\\/58ab6299b7f56b8da0ecbedc6cdb31df9efa6f9f9535a4946956139339a38386?s=96&d=mm&r=g\",\"contentUrl\":\"https:\\\/\\\/secure.gravatar.com\\\/avatar\\\/58ab6299b7f56b8da0ecbedc6cdb31df9efa6f9f9535a4946956139339a38386?s=96&d=mm&r=g\",\"caption\":\"Ethikos 3.0\"}}]}<\/script>\n<!-- \/ Yoast SEO plugin. -->","yoast_head_json":{"title":"T\u00edtulo P\u00e1gina | Consultora de talento y selecci\u00f3n de personal | Ethikos &#8212; Ethikos","description":"Art\u00edculos sobre selecci\u00f3n de personal, consultor\u00eda de talento, headhunting y liderazgo consciente. Insights y herramientas de Ethikos para atraer y seleccionar talento alineado con los valores de la empresa.","robots":{"index":"index","follow":"follow","max-snippet":"max-snippet:-1","max-image-preview":"max-image-preview:large","max-video-preview":"max-video-preview:-1"},"canonical":"https:\/\/www.ethikos.es\/en\/talentoporimpacto-una-iniciativa-con-miras-al-presente-y-futuro\/","og_locale":"en_US","og_type":"article","og_title":"T\u00edtulo P\u00e1gina | Consultora de talento y selecci\u00f3n de personal | Ethikos &#8212; Ethikos","og_description":"Art\u00edculos sobre selecci\u00f3n de personal, consultor\u00eda de talento, headhunting y liderazgo consciente. Insights y herramientas de Ethikos para atraer y seleccionar talento alineado con los valores de la empresa.","og_url":"https:\/\/www.ethikos.es\/en\/talentoporimpacto-una-iniciativa-con-miras-al-presente-y-futuro\/","og_site_name":"Ethikos","article_publisher":"http:\/\/www.facebook.com\/ethikos.es\/","article_published_time":"2019-03-01T11:17:35+00:00","article_modified_time":"2019-03-01T11:29:18+00:00","og_image":[{"width":4618,"height":3464,"url":"https:\/\/www.ethikos.es\/wp-content\/uploads\/2019\/03\/IMG_20190228_101038.jpg","type":"image\/jpeg"}],"author":"Ethikos 3.0","twitter_card":"summary_large_image","twitter_creator":"@Ethikos30","twitter_site":"@Ethikos30","twitter_misc":{"Written by":"Ethikos 3.0","Est. reading time":"1 minute"},"schema":{"@context":"https:\/\/schema.org","@graph":[{"@type":"Article","@id":"https:\/\/www.ethikos.es\/en\/talentoporimpacto-una-iniciativa-con-miras-al-presente-y-futuro\/#article","isPartOf":{"@id":"https:\/\/www.ethikos.es\/en\/talentoporimpacto-una-iniciativa-con-miras-al-presente-y-futuro\/"},"author":{"name":"Ethikos 3.0","@id":"https:\/\/www.ethikos.es\/en\/#\/schema\/person\/feb4e53dbfa59ff15f5d83b30837ad77"},"headline":"#talentoporimpacto, una iniciativa con miras al presente y futuro","datePublished":"2019-03-01T11:17:35+00:00","dateModified":"2019-03-01T11:29:18+00:00","mainEntityOfPage":{"@id":"https:\/\/www.ethikos.es\/en\/talentoporimpacto-una-iniciativa-con-miras-al-presente-y-futuro\/"},"wordCount":290,"commentCount":0,"publisher":{"@id":"https:\/\/www.ethikos.es\/en\/#organization"},"image":{"@id":"https:\/\/www.ethikos.es\/en\/talentoporimpacto-una-iniciativa-con-miras-al-presente-y-futuro\/#primaryimage"},"thumbnailUrl":"https:\/\/www.ethikos.es\/wp-content\/uploads\/2019\/03\/IMG_20190228_101038.jpg","articleSection":["Blog"],"inLanguage":"en-US","potentialAction":[{"@type":"CommentAction","name":"Comment","target":["https:\/\/www.ethikos.es\/en\/talentoporimpacto-una-iniciativa-con-miras-al-presente-y-futuro\/#respond"]}]},{"@type":"WebPage","@id":"https:\/\/www.ethikos.es\/en\/talentoporimpacto-una-iniciativa-con-miras-al-presente-y-futuro\/","url":"https:\/\/www.ethikos.es\/en\/talentoporimpacto-una-iniciativa-con-miras-al-presente-y-futuro\/","name":"T\u00edtulo P\u00e1gina | Consultora de talento y selecci\u00f3n de personal | Ethikos &#8212; Ethikos","isPartOf":{"@id":"https:\/\/www.ethikos.es\/en\/#website"},"primaryImageOfPage":{"@id":"https:\/\/www.ethikos.es\/en\/talentoporimpacto-una-iniciativa-con-miras-al-presente-y-futuro\/#primaryimage"},"image":{"@id":"https:\/\/www.ethikos.es\/en\/talentoporimpacto-una-iniciativa-con-miras-al-presente-y-futuro\/#primaryimage"},"thumbnailUrl":"https:\/\/www.ethikos.es\/wp-content\/uploads\/2019\/03\/IMG_20190228_101038.jpg","datePublished":"2019-03-01T11:17:35+00:00","dateModified":"2019-03-01T11:29:18+00:00","description":"Art\u00edculos sobre selecci\u00f3n de personal, consultor\u00eda de talento, headhunting y liderazgo consciente. Insights y herramientas de Ethikos para atraer y seleccionar talento alineado con los valores de la empresa.","breadcrumb":{"@id":"https:\/\/www.ethikos.es\/en\/talentoporimpacto-una-iniciativa-con-miras-al-presente-y-futuro\/#breadcrumb"},"inLanguage":"en-US","potentialAction":[{"@type":"ReadAction","target":["https:\/\/www.ethikos.es\/en\/talentoporimpacto-una-iniciativa-con-miras-al-presente-y-futuro\/"]}]},{"@type":"ImageObject","inLanguage":"en-US","@id":"https:\/\/www.ethikos.es\/en\/talentoporimpacto-una-iniciativa-con-miras-al-presente-y-futuro\/#primaryimage","url":"https:\/\/www.ethikos.es\/wp-content\/uploads\/2019\/03\/IMG_20190228_101038.jpg","contentUrl":"https:\/\/www.ethikos.es\/wp-content\/uploads\/2019\/03\/IMG_20190228_101038.jpg","width":4618,"height":3464,"caption":"Formaci\u00f3n #talentoporimpacto"},{"@type":"BreadcrumbList","@id":"https:\/\/www.ethikos.es\/en\/talentoporimpacto-una-iniciativa-con-miras-al-presente-y-futuro\/#breadcrumb","itemListElement":[{"@type":"ListItem","position":1,"name":"Portada","item":"https:\/\/www.ethikos.es\/"},{"@type":"ListItem","position":2,"name":"#talentoporimpacto, una iniciativa con miras al presente y futuro"}]},{"@type":"WebSite","@id":"https:\/\/www.ethikos.es\/en\/#website","url":"https:\/\/www.ethikos.es\/en\/","name":"Ethikos 3.0","description":"Ethikos es una consultora de transformaci\u00f3n organizacional especializada en cultura empresarial, liderazgo consciente y selecci\u00f3n por valores.","publisher":{"@id":"https:\/\/www.ethikos.es\/en\/#organization"},"alternateName":"Ethikos Consultor\u00eda","potentialAction":[{"@type":"SearchAction","target":{"@type":"EntryPoint","urlTemplate":"https:\/\/www.ethikos.es\/en\/?s={search_term_string}"},"query-input":{"@type":"PropertyValueSpecification","valueRequired":true,"valueName":"search_term_string"}}],"inLanguage":"en-US"},{"@type":"Organization","@id":"https:\/\/www.ethikos.es\/en\/#organization","name":"Ethikos 3.0","url":"https:\/\/www.ethikos.es\/en\/","logo":{"@type":"ImageObject","inLanguage":"en-US","@id":"https:\/\/www.ethikos.es\/en\/#\/schema\/logo\/image\/","url":"https:\/\/www.ethikos.es\/wp-content\/uploads\/2019\/01\/43606559961_5f343a820a_o.png","contentUrl":"https:\/\/www.ethikos.es\/wp-content\/uploads\/2019\/01\/43606559961_5f343a820a_o.png","width":646,"height":218,"caption":"Ethikos 3.0"},"image":{"@id":"https:\/\/www.ethikos.es\/en\/#\/schema\/logo\/image\/"},"sameAs":["http:\/\/www.facebook.com\/ethikos.es\/","https:\/\/x.com\/Ethikos30","https:\/\/www.instagram.com\/ethikos_3.0\/","https:\/\/www.linkedin.com\/company\/ethikos-3-0\/"]},{"@type":"Person","@id":"https:\/\/www.ethikos.es\/en\/#\/schema\/person\/feb4e53dbfa59ff15f5d83b30837ad77","name":"Ethikos 3.0","image":{"@type":"ImageObject","inLanguage":"en-US","@id":"https:\/\/secure.gravatar.com\/avatar\/58ab6299b7f56b8da0ecbedc6cdb31df9efa6f9f9535a4946956139339a38386?s=96&d=mm&r=g","url":"https:\/\/secure.gravatar.com\/avatar\/58ab6299b7f56b8da0ecbedc6cdb31df9efa6f9f9535a4946956139339a38386?s=96&d=mm&r=g","contentUrl":"https:\/\/secure.gravatar.com\/avatar\/58ab6299b7f56b8da0ecbedc6cdb31df9efa6f9f9535a4946956139339a38386?s=96&d=mm&r=g","caption":"Ethikos 3.0"}}]}},"_links":{"self":[{"href":"https:\/\/www.ethikos.es\/en\/wp-json\/wp\/v2\/posts\/6842","targetHints":{"allow":["GET"]}}],"collection":[{"href":"https:\/\/www.ethikos.es\/en\/wp-json\/wp\/v2\/posts"}],"about":[{"href":"https:\/\/www.ethikos.es\/en\/wp-json\/wp\/v2\/types\/post"}],"author":[{"embeddable":true,"href":"https:\/\/www.ethikos.es\/en\/wp-json\/wp\/v2\/users\/2"}],"replies":[{"embeddable":true,"href":"https:\/\/www.ethikos.es\/en\/wp-json\/wp\/v2\/comments?post=6842"}],"version-history":[{"count":0,"href":"https:\/\/www.ethikos.es\/en\/wp-json\/wp\/v2\/posts\/6842\/revisions"}],"wp:featuredmedia":[{"embeddable":true,"href":"https:\/\/www.ethikos.es\/en\/wp-json\/wp\/v2\/media\/6848"}],"wp:attachment":[{"href":"https:\/\/www.ethikos.es\/en\/wp-json\/wp\/v2\/media?parent=6842"}],"wp:term":[{"taxonomy":"category","embeddable":true,"href":"https:\/\/www.ethikos.es\/en\/wp-json\/wp\/v2\/categories?post=6842"},{"taxonomy":"post_tag","embeddable":true,"href":"https:\/\/www.ethikos.es\/en\/wp-json\/wp\/v2\/tags?post=6842"}],"curies":[{"name":"wp","href":"https:\/\/api.w.org\/{rel}","templated":true}]}}